{"id":208031,"date":"2023-01-23T09:42:00","date_gmt":"2023-01-23T12:42:00","guid":{"rendered":"https:\/\/www.manaus.am.gov.br\/semcom\/2023\/01\/23\/prefeitura-de-manaus-lanca-faixa-liberada-na-avenida-das-torres\/"},"modified":"2023-01-25T12:56:09","modified_gmt":"2023-01-25T15:56:09","slug":"prefeitura-de-manaus-lanca-faixa-liberada-na-avenida-das-torres","status":"publish","type":"post","link":"https:\/\/www.manaus.am.gov.br\/semcom\/prefeitura-de-manaus-lanca-faixa-liberada-na-avenida-das-torres\/","title":{"rendered":"Prefeitura de Manaus lan\u00e7a \u2018Faixa Liberada\u2019 na avenida das Torres"},"content":{"rendered":"\n<p>A Prefeitura de Manaus, por meio da Funda\u00e7\u00e3o Manaus Esporte (FME), inaugurou, na noite desta segunda-feira, 23\/1, a \u201cFaixa Liberada\u201d da avenida das Torres. O tradicional projeto, que j\u00e1 acontece \u00e0s quartas-feiras e domingos no complexo tur\u00edstico Ponta Negra, zona Oeste, e \u00e0s ter\u00e7as-feiras no conjunto Viver Melhor, no bairro Santa Etelvina, zona Norte, leva diversas atividades f\u00edsicas \u00e0 popula\u00e7\u00e3o manauara.<\/p>\n\n\n\n<p>De acordo com o diretor-presidente da FME, Aurilex Moreira, os estudos para a implanta\u00e7\u00e3o da a\u00e7\u00e3o no local iniciaram ainda em 2022.<\/p>\n\n\n\n<p>\u201cUma das fun\u00e7\u00f5es da Prefeitura de Manaus \u00e9 levar esporte para todas as zonas da cidade. A avenida das Torres \u00e9 uma \u00e1rea onde j\u00e1 acontece atividade f\u00edsica, mas agora temos um espa\u00e7o reservado e controlado onde vamos poder atender os moradores de toda a regi\u00e3o. J\u00e1 no ano passado, come\u00e7amos a fazer o estudo da \u00e1rea junto ao IMMU (Institucional Municipal de Mobilidade Urbana). Nossa equipe esteve in loco e comprovou ser um espa\u00e7o bem vi\u00e1vel para a instala\u00e7\u00e3o. Tenho certeza que essa faixa vai bombar\u201d, explicou Moreira.<\/p>\n\n\n\n<p>O diretor de esportes da FME, Jo\u00e3o Paulo Janj\u00e3o, destacou que expandir as a\u00e7\u00f5es esportivas pela cidade \u00e9 uma determina\u00e7\u00e3o do prefeito de Manaus, David Almeida, e que at\u00e9 julho, uma Faixa Liberada ser\u00e1 inaugurada na zona Leste.<\/p>\n\n\n\n<p>\u201cMais uma \u00e1rea liberada, mais uma conquista para todos os desportistas da cidade de Manaus. Eu, como apaixonado por esportes, estou feliz por fazer parte de uma gest\u00e3o como esta do prefeito David Almeida que visa o esporte e pensa nas pessoas. Estamos com a Faixa Liberada na Ponta Negra, no Viver Melhor e agora na avenida das Torres. At\u00e9 o meio do ano, vamos para a zona Leste\u201d, afirmou Janj\u00e3o.<\/p>\n\n\n\n<p>Moradora do conjunto Boas Novas, a graduanda de educa\u00e7\u00e3o f\u00edsica, Kamila Monteiro, 30 anos, comemorou a abertura da nova Faixa. \u201cEu achei maravilhoso, porque antes t\u00ednhamos a da Ponta Negra e fica longe da Cidade Nova e dos outros bairros da redondeza. Eu acho importante essa oportunidade para as pessoas realizarem atividades f\u00edsicas. Aqui j\u00e1 temos uma via para correr e com a faixa fechada, fica muito mais seguro\u201d, concluiu.<\/p>\n\n\n\n<p>\u2014 \u2014 \u2014<\/p>\n\n\n\n<p><strong>Texto \u2013<\/strong>&nbsp;Thiago Fernando \/ Semcom<\/p>\n\n\n\n<p><strong>Fotos \u2013<\/strong>&nbsp;Ant\u00f4nio Silva \/ Semcom<\/p>\n\n\n\n<p><strong>Dispon\u00edveis em \u2013<\/strong>&nbsp;<a href=\"https:\/\/flic.kr\/s\/aHBqjApkue\">https:\/\/flic.kr\/s\/aHBqjApkue<\/a><\/p>\n","protected":false},"excerpt":{"rendered":"","protected":false},"author":27,"featured_media":208032,"comment_status":"closed","ping_status":"closed","sticky":false,"template":"","format":"standard","meta":{"footnotes":""},"categories":[58,14],"tags":[],"acf":[],"yoast_head":"<!-- This site is optimized with the Yoast SEO plugin v23.0 - https:\/\/yoast.com\/wordpress\/plugins\/seo\/ -->\n<title>Prefeitura de Manaus lan\u00e7a \u2018Faixa Liberada\u2019 na avenida das Torres - SEMCOM<\/title>\n<meta name=\"robots\" content=\"index, follow, max-snippet:-1, max-image-preview:large, max-video-preview:-1\" \/>\n<link rel=\"canonical\" href=\"https:\/\/www.manaus.am.gov.br\/semcom\/prefeitura-de-manaus-lanca-faixa-liberada-na-avenida-das-torres\/\" \/>\n<meta property=\"og:locale\" content=\"pt_BR\" \/>\n<meta property=\"og:type\" content=\"article\" \/>\n<meta property=\"og:title\" content=\"Prefeitura de Manaus lan\u00e7a \u2018Faixa Liberada\u2019 na avenida das Torres - SEMCOM\" \/>\n<meta property=\"og:url\" content=\"https:\/\/www.manaus.am.gov.br\/semcom\/prefeitura-de-manaus-lanca-faixa-liberada-na-avenida-das-torres\/\" \/>\n<meta property=\"og:site_name\" content=\"SEMCOM\" \/>\n<meta property=\"article:published_time\" content=\"2023-01-23T12:42:00+00:00\" \/>\n<meta property=\"article:modified_time\" content=\"2023-01-25T15:56:09+00:00\" \/>\n<meta property=\"og:image\" content=\"https:\/\/www.manaus.am.gov.br\/semcom\/wp-content\/uploads\/sites\/5\/2023\/01\/WhatsApp-Image-2023-01-23-at-22.18.46-720x407-1.jpeg\" \/>\n\t<meta property=\"og:image:width\" content=\"720\" \/>\n\t<meta property=\"og:image:height\" content=\"407\" \/>\n\t<meta property=\"og:image:type\" content=\"image\/jpeg\" \/>\n<meta name=\"author\" content=\"Imarketing Digital\" \/>\n<meta name=\"twitter:card\" content=\"summary_large_image\" \/>\n<meta name=\"twitter:label1\" content=\"Written by\" \/>\n\t<meta name=\"twitter:data1\" content=\"Imarketing Digital\" \/>\n\t<meta name=\"twitter:label2\" content=\"Est. reading time\" \/>\n\t<meta name=\"twitter:data2\" content=\"3 minutos\" \/>\n<script type=\"application\/ld+json\" class=\"yoast-schema-graph\">{\"@context\":\"https:\/\/schema.org\",\"@graph\":[{\"@type\":\"WebPage\",\"@id\":\"https:\/\/www.manaus.am.gov.br\/semcom\/prefeitura-de-manaus-lanca-faixa-liberada-na-avenida-das-torres\/\",\"url\":\"https:\/\/www.manaus.am.gov.br\/semcom\/prefeitura-de-manaus-lanca-faixa-liberada-na-avenida-das-torres\/\",\"name\":\"Prefeitura de Manaus lan\u00e7a \u2018Faixa Liberada\u2019 na avenida das Torres - SEMCOM\",\"isPartOf\":{\"@id\":\"https:\/\/www.manaus.am.gov.br\/semcom\/#website\"},\"primaryImageOfPage\":{\"@id\":\"https:\/\/www.manaus.am.gov.br\/semcom\/prefeitura-de-manaus-lanca-faixa-liberada-na-avenida-das-torres\/#primaryimage\"},\"image\":{\"@id\":\"https:\/\/www.manaus.am.gov.br\/semcom\/prefeitura-de-manaus-lanca-faixa-liberada-na-avenida-das-torres\/#primaryimage\"},\"thumbnailUrl\":\"https:\/\/www.manaus.am.gov.br\/semcom\/wp-content\/uploads\/sites\/5\/2023\/01\/WhatsApp-Image-2023-01-23-at-22.18.46-720x407-1.jpeg\",\"datePublished\":\"2023-01-23T12:42:00+00:00\",\"dateModified\":\"2023-01-25T15:56:09+00:00\",\"author\":{\"@id\":\"https:\/\/www.manaus.am.gov.br\/semcom\/#\/schema\/person\/79525a47ac5902f50493820d995728ee\"},\"inLanguage\":\"pt-BR\",\"potentialAction\":[{\"@type\":\"ReadAction\",\"target\":[\"https:\/\/www.manaus.am.gov.br\/semcom\/prefeitura-de-manaus-lanca-faixa-liberada-na-avenida-das-torres\/\"]}]},{\"@type\":\"ImageObject\",\"inLanguage\":\"pt-BR\",\"@id\":\"https:\/\/www.manaus.am.gov.br\/semcom\/prefeitura-de-manaus-lanca-faixa-liberada-na-avenida-das-torres\/#primaryimage\",\"url\":\"https:\/\/www.manaus.am.gov.br\/semcom\/wp-content\/uploads\/sites\/5\/2023\/01\/WhatsApp-Image-2023-01-23-at-22.18.46-720x407-1.jpeg\",\"contentUrl\":\"https:\/\/www.manaus.am.gov.br\/semcom\/wp-content\/uploads\/sites\/5\/2023\/01\/WhatsApp-Image-2023-01-23-at-22.18.46-720x407-1.jpeg\",\"width\":720,\"height\":407},{\"@type\":\"WebSite\",\"@id\":\"https:\/\/www.manaus.am.gov.br\/semcom\/#website\",\"url\":\"https:\/\/www.manaus.am.gov.br\/semcom\/\",\"name\":\"SEMCOM\",\"description\":\"Secretaria Municipal de Comunica\u00e7\u00e3o\",\"potentialAction\":[{\"@type\":\"SearchAction\",\"target\":{\"@type\":\"EntryPoint\",\"urlTemplate\":\"https:\/\/www.manaus.am.gov.br\/semcom\/?s={search_term_string}\"},\"query-input\":\"required name=search_term_string\"}],\"inLanguage\":\"pt-BR\"},{\"@type\":\"Person\",\"@id\":\"https:\/\/www.manaus.am.gov.br\/semcom\/#\/schema\/person\/79525a47ac5902f50493820d995728ee\",\"name\":\"Imarketing Digital\",\"image\":{\"@type\":\"ImageObject\",\"inLanguage\":\"pt-BR\",\"@id\":\"https:\/\/www.manaus.am.gov.br\/semcom\/#\/schema\/person\/image\/\",\"url\":\"https:\/\/secure.gravatar.com\/avatar\/03432d3c57b756ed9760f7019c815a3a?s=96&d=mm&r=g\",\"contentUrl\":\"https:\/\/secure.gravatar.com\/avatar\/03432d3c57b756ed9760f7019c815a3a?s=96&d=mm&r=g\",\"caption\":\"Imarketing Digital\"}}]}<\/script>\n<!-- \/ Yoast SEO plugin. -->","yoast_head_json":{"title":"Prefeitura de Manaus lan\u00e7a \u2018Faixa Liberada\u2019 na avenida das Torres - SEMCOM","robots":{"index":"index","follow":"follow","max-snippet":"max-snippet:-1","max-image-preview":"max-image-preview:large","max-video-preview":"max-video-preview:-1"},"canonical":"https:\/\/www.manaus.am.gov.br\/semcom\/prefeitura-de-manaus-lanca-faixa-liberada-na-avenida-das-torres\/","og_locale":"pt_BR","og_type":"article","og_title":"Prefeitura de Manaus lan\u00e7a \u2018Faixa Liberada\u2019 na avenida das Torres - SEMCOM","og_url":"https:\/\/www.manaus.am.gov.br\/semcom\/prefeitura-de-manaus-lanca-faixa-liberada-na-avenida-das-torres\/","og_site_name":"SEMCOM","article_published_time":"2023-01-23T12:42:00+00:00","article_modified_time":"2023-01-25T15:56:09+00:00","og_image":[{"width":720,"height":407,"url":"https:\/\/www.manaus.am.gov.br\/semcom\/wp-content\/uploads\/sites\/5\/2023\/01\/WhatsApp-Image-2023-01-23-at-22.18.46-720x407-1.jpeg","type":"image\/jpeg"}],"author":"Imarketing Digital","twitter_card":"summary_large_image","twitter_misc":{"Written by":"Imarketing Digital","Est. reading time":"3 minutos"},"schema":{"@context":"https:\/\/schema.org","@graph":[{"@type":"WebPage","@id":"https:\/\/www.manaus.am.gov.br\/semcom\/prefeitura-de-manaus-lanca-faixa-liberada-na-avenida-das-torres\/","url":"https:\/\/www.manaus.am.gov.br\/semcom\/prefeitura-de-manaus-lanca-faixa-liberada-na-avenida-das-torres\/","name":"Prefeitura de Manaus lan\u00e7a \u2018Faixa Liberada\u2019 na avenida das Torres - SEMCOM","isPartOf":{"@id":"https:\/\/www.manaus.am.gov.br\/semcom\/#website"},"primaryImageOfPage":{"@id":"https:\/\/www.manaus.am.gov.br\/semcom\/prefeitura-de-manaus-lanca-faixa-liberada-na-avenida-das-torres\/#primaryimage"},"image":{"@id":"https:\/\/www.manaus.am.gov.br\/semcom\/prefeitura-de-manaus-lanca-faixa-liberada-na-avenida-das-torres\/#primaryimage"},"thumbnailUrl":"https:\/\/www.manaus.am.gov.br\/semcom\/wp-content\/uploads\/sites\/5\/2023\/01\/WhatsApp-Image-2023-01-23-at-22.18.46-720x407-1.jpeg","datePublished":"2023-01-23T12:42:00+00:00","dateModified":"2023-01-25T15:56:09+00:00","author":{"@id":"https:\/\/www.manaus.am.gov.br\/semcom\/#\/schema\/person\/79525a47ac5902f50493820d995728ee"},"inLanguage":"pt-BR","potentialAction":[{"@type":"ReadAction","target":["https:\/\/www.manaus.am.gov.br\/semcom\/prefeitura-de-manaus-lanca-faixa-liberada-na-avenida-das-torres\/"]}]},{"@type":"ImageObject","inLanguage":"pt-BR","@id":"https:\/\/www.manaus.am.gov.br\/semcom\/prefeitura-de-manaus-lanca-faixa-liberada-na-avenida-das-torres\/#primaryimage","url":"https:\/\/www.manaus.am.gov.br\/semcom\/wp-content\/uploads\/sites\/5\/2023\/01\/WhatsApp-Image-2023-01-23-at-22.18.46-720x407-1.jpeg","contentUrl":"https:\/\/www.manaus.am.gov.br\/semcom\/wp-content\/uploads\/sites\/5\/2023\/01\/WhatsApp-Image-2023-01-23-at-22.18.46-720x407-1.jpeg","width":720,"height":407},{"@type":"WebSite","@id":"https:\/\/www.manaus.am.gov.br\/semcom\/#website","url":"https:\/\/www.manaus.am.gov.br\/semcom\/","name":"SEMCOM","description":"Secretaria Municipal de Comunica\u00e7\u00e3o","potentialAction":[{"@type":"SearchAction","target":{"@type":"EntryPoint","urlTemplate":"https:\/\/www.manaus.am.gov.br\/semcom\/?s={search_term_string}"},"query-input":"required name=search_term_string"}],"inLanguage":"pt-BR"},{"@type":"Person","@id":"https:\/\/www.manaus.am.gov.br\/semcom\/#\/schema\/person\/79525a47ac5902f50493820d995728ee","name":"Imarketing Digital","image":{"@type":"ImageObject","inLanguage":"pt-BR","@id":"https:\/\/www.manaus.am.gov.br\/semcom\/#\/schema\/person\/image\/","url":"https:\/\/secure.gravatar.com\/avatar\/03432d3c57b756ed9760f7019c815a3a?s=96&d=mm&r=g","contentUrl":"https:\/\/secure.gravatar.com\/avatar\/03432d3c57b756ed9760f7019c815a3a?s=96&d=mm&r=g","caption":"Imarketing Digital"}}]}},"_links":{"self":[{"href":"https:\/\/www.manaus.am.gov.br\/semcom\/wp-json\/wp\/v2\/posts\/208031"}],"collection":[{"href":"https:\/\/www.manaus.am.gov.br\/semcom\/wp-json\/wp\/v2\/posts"}],"about":[{"href":"https:\/\/www.manaus.am.gov.br\/semcom\/wp-json\/wp\/v2\/types\/post"}],"author":[{"embeddable":true,"href":"https:\/\/www.manaus.am.gov.br\/semcom\/wp-json\/wp\/v2\/users\/27"}],"replies":[{"embeddable":true,"href":"https:\/\/www.manaus.am.gov.br\/semcom\/wp-json\/wp\/v2\/comments?post=208031"}],"version-history":[{"count":0,"href":"https:\/\/www.manaus.am.gov.br\/semcom\/wp-json\/wp\/v2\/posts\/208031\/revisions"}],"wp:featuredmedia":[{"embeddable":true,"href":"https:\/\/www.manaus.am.gov.br\/semcom\/wp-json\/wp\/v2\/media\/208032"}],"wp:attachment":[{"href":"https:\/\/www.manaus.am.gov.br\/semcom\/wp-json\/wp\/v2\/media?parent=208031"}],"wp:term":[{"taxonomy":"category","embeddable":true,"href":"https:\/\/www.manaus.am.gov.br\/semcom\/wp-json\/wp\/v2\/categories?post=208031"},{"taxonomy":"post_tag","embeddable":true,"href":"https:\/\/www.manaus.am.gov.br\/semcom\/wp-json\/wp\/v2\/tags?post=208031"}],"curies":[{"name":"wp","href":"https:\/\/api.w.org\/{rel}","templated":true}]}}