{"id":208012,"date":"2023-01-20T11:49:00","date_gmt":"2023-01-20T14:49:00","guid":{"rendered":"https:\/\/www.manaus.am.gov.br\/semcom\/2023\/01\/20\/prefeitura-alerta-que-bandas-de-carnaval-devem-solicitar-regularizacao-ambiental-junto-a-semmas\/"},"modified":"2023-07-17T16:23:25","modified_gmt":"2023-07-17T19:23:25","slug":"prefeitura-alerta-que-bandas-de-carnaval-devem-solicitar-regularizacao-ambiental-junto-a-semmas","status":"publish","type":"post","link":"https:\/\/www.manaus.am.gov.br\/semcom\/prefeitura-alerta-que-bandas-de-carnaval-devem-solicitar-regularizacao-ambiental-junto-a-semmas\/","title":{"rendered":"Prefeitura alerta que bandas de Carnaval devem solicitar regulariza\u00e7\u00e3o ambiental junto \u00e0 Semmas"},"content":{"rendered":"\n<p>Foi dada a largada para o Carnaval de Manaus 2023. Nesta \u00e9poca do ano, muitas bandas e blocos carnavalescos come\u00e7am a ser realizados pela cidade, por isso, a Prefeitura de Manaus alerta para a necessidade de regulariza\u00e7\u00e3o de bandas e eventos carnavalescos em ruas, pra\u00e7as e clubes junto \u00e0 Secretaria Municipal de Meio Ambiente e Sustentabilidade (Semmas).<\/p>\n\n\n\n<p>At\u00e9 o in\u00edcio desta semana, apenas nove bandas haviam sido autorizadas pelo \u00f3rg\u00e3o municipal de meio ambiente. No site da secretaria (<a href=\"http:\/\/www.semmas.am.gov.br\/\">www.semmas.am.gov.br<\/a>) est\u00e3o as orienta\u00e7\u00f5es necess\u00e1rias para a autoriza\u00e7\u00e3o dos eventos. Al\u00e9m das orienta\u00e7\u00f5es, no site do \u00f3rg\u00e3o os interessados encontrar\u00e3o, no bot\u00e3o \u201cServi\u00e7os e Formul\u00e1rios\u201d, o requerimento padr\u00e3o da Semmas, que deve ser preenchido e entregue na sede da secretaria.<\/p>\n\n\n\n<p>\u201cExiste a necessidade de regulariza\u00e7\u00e3o desses eventos e grande parte dos realizadores sabe disso, mas \u00e9 sempre bom alert\u00e1-la, principalmente por conta do tempo de deferimento dos pedidos de autoriza\u00e7\u00f5es. Orientamos que os organizadores deem entrada na autoriza\u00e7\u00e3o, ao menos 10 dias antes do evento\u201d, orientou o titular da Semmas, Antonio Ademir Stroski.<\/p>\n\n\n\n<p>Os organizadores devem procurar a sede da Semmas, localizada na rua Rub\u00eddio, n\u00ba 288, bairro Vila da Prata, zona Oeste de Manaus, levando o requerimento padr\u00e3o preenchido, anexado ao comprovante de pagamento da taxa de servi\u00e7o, croqui de localiza\u00e7\u00e3o do evento, abaixo-assinado com nome, endere\u00e7o, n\u00famero do documento de identidade e assinatura dos moradores do entorno, al\u00e9m da especifica\u00e7\u00e3o sonora, com os equipamentos a serem utilizados no evento.<\/p>\n\n\n\n<p>A obrigatoriedade da licen\u00e7a \u00e9 prevista na Lei 1.817, de 23 de dezembro de 2013, que instituiu o \u201clicenciamento ambiental dos empreendimentos ou atividades, efetiva ou potencialmente poluidores ou capazes, sob qualquer forma, de causar degrada\u00e7\u00e3o ambiental de \u00e2mbito local\u201d. Para eventos de 1 a 3 dias de dura\u00e7\u00e3o, a lei prev\u00ea ainda o pagamento de 2 UFMs (Unidade Fiscal do Munic\u00edpio), o equivalente a R$ 269,54. As taxas de licenciamento ambiental s\u00e3o recolhidas ao Fundo Municipal para o Desenvolvimento do Meio Ambiente (FMDMA).<\/p>\n\n\n\n<p><strong>Outros \u00f3rg\u00e3os<\/strong><\/p>\n\n\n\n<p>Al\u00e9m da Semmas, os organizadores devem se regularizar antecipadamente junto ao Instituto Municipal de Mobilidade Urbana (IMMU), Pol\u00edcia Militar, Corpo de Bombeiros, Visa Manaus e Amazonas Energia.<\/p>\n\n\n\n<p>\u2014 \u2014 \u2014<\/p>\n\n\n\n<p><strong>Texto \u2013<\/strong>&nbsp;Keynes Breves \/ Semmas<\/p>\n\n\n\n<p><strong>Foto \u2013<\/strong>&nbsp;Altemar Alc\u00e2ntara \/ Arquivo Semcom<\/p>\n","protected":false},"excerpt":{"rendered":"","protected":false},"author":27,"featured_media":208013,"comment_status":"closed","ping_status":"closed","sticky":false,"template":"","format":"standard","meta":{"footnotes":""},"categories":[52,14],"tags":[],"acf":[],"yoast_head":"<!-- This site is optimized with the Yoast SEO plugin v23.0 - https:\/\/yoast.com\/wordpress\/plugins\/seo\/ -->\n<title>Prefeitura alerta que bandas de Carnaval devem solicitar regulariza\u00e7\u00e3o ambiental junto \u00e0 Semmas - SEMCOM<\/title>\n<meta name=\"robots\" content=\"index, follow, max-snippet:-1, max-image-preview:large, max-video-preview:-1\" \/>\n<link rel=\"canonical\" href=\"https:\/\/www.manaus.am.gov.br\/semcom\/prefeitura-alerta-que-bandas-de-carnaval-devem-solicitar-regularizacao-ambiental-junto-a-semmas\/\" \/>\n<meta property=\"og:locale\" content=\"pt_BR\" \/>\n<meta property=\"og:type\" content=\"article\" \/>\n<meta property=\"og:title\" content=\"Prefeitura alerta que bandas de Carnaval devem solicitar regulariza\u00e7\u00e3o ambiental junto \u00e0 Semmas - SEMCOM\" \/>\n<meta property=\"og:url\" content=\"https:\/\/www.manaus.am.gov.br\/semcom\/prefeitura-alerta-que-bandas-de-carnaval-devem-solicitar-regularizacao-ambiental-junto-a-semmas\/\" \/>\n<meta property=\"og:site_name\" content=\"SEMCOM\" \/>\n<meta property=\"article:published_time\" content=\"2023-01-20T14:49:00+00:00\" \/>\n<meta property=\"article:modified_time\" content=\"2023-07-17T19:23:25+00:00\" \/>\n<meta property=\"og:image\" content=\"https:\/\/www.manaus.am.gov.br\/semcom\/wp-content\/uploads\/sites\/5\/2023\/01\/Banda-de-Carnaval-720x407-1.jpg\" \/>\n\t<meta property=\"og:image:width\" content=\"720\" \/>\n\t<meta property=\"og:image:height\" content=\"407\" \/>\n\t<meta property=\"og:image:type\" content=\"image\/jpeg\" \/>\n<meta name=\"author\" content=\"Imarketing Digital\" \/>\n<meta name=\"twitter:card\" content=\"summary_large_image\" \/>\n<meta name=\"twitter:label1\" content=\"Written by\" \/>\n\t<meta name=\"twitter:data1\" content=\"Imarketing Digital\" \/>\n\t<meta name=\"twitter:label2\" content=\"Est. reading time\" \/>\n\t<meta name=\"twitter:data2\" content=\"3 minutos\" \/>\n<script type=\"application\/ld+json\" class=\"yoast-schema-graph\">{\"@context\":\"https:\/\/schema.org\",\"@graph\":[{\"@type\":\"WebPage\",\"@id\":\"https:\/\/www.manaus.am.gov.br\/semcom\/prefeitura-alerta-que-bandas-de-carnaval-devem-solicitar-regularizacao-ambiental-junto-a-semmas\/\",\"url\":\"https:\/\/www.manaus.am.gov.br\/semcom\/prefeitura-alerta-que-bandas-de-carnaval-devem-solicitar-regularizacao-ambiental-junto-a-semmas\/\",\"name\":\"Prefeitura alerta que bandas de Carnaval devem solicitar regulariza\u00e7\u00e3o ambiental junto \u00e0 Semmas - SEMCOM\",\"isPartOf\":{\"@id\":\"https:\/\/www.manaus.am.gov.br\/semcom\/#website\"},\"primaryImageOfPage\":{\"@id\":\"https:\/\/www.manaus.am.gov.br\/semcom\/prefeitura-alerta-que-bandas-de-carnaval-devem-solicitar-regularizacao-ambiental-junto-a-semmas\/#primaryimage\"},\"image\":{\"@id\":\"https:\/\/www.manaus.am.gov.br\/semcom\/prefeitura-alerta-que-bandas-de-carnaval-devem-solicitar-regularizacao-ambiental-junto-a-semmas\/#primaryimage\"},\"thumbnailUrl\":\"https:\/\/www.manaus.am.gov.br\/semcom\/wp-content\/uploads\/sites\/5\/2023\/01\/Banda-de-Carnaval-720x407-1.jpg\",\"datePublished\":\"2023-01-20T14:49:00+00:00\",\"dateModified\":\"2023-07-17T19:23:25+00:00\",\"author\":{\"@id\":\"https:\/\/www.manaus.am.gov.br\/semcom\/#\/schema\/person\/79525a47ac5902f50493820d995728ee\"},\"inLanguage\":\"pt-BR\",\"potentialAction\":[{\"@type\":\"ReadAction\",\"target\":[\"https:\/\/www.manaus.am.gov.br\/semcom\/prefeitura-alerta-que-bandas-de-carnaval-devem-solicitar-regularizacao-ambiental-junto-a-semmas\/\"]}]},{\"@type\":\"ImageObject\",\"inLanguage\":\"pt-BR\",\"@id\":\"https:\/\/www.manaus.am.gov.br\/semcom\/prefeitura-alerta-que-bandas-de-carnaval-devem-solicitar-regularizacao-ambiental-junto-a-semmas\/#primaryimage\",\"url\":\"https:\/\/www.manaus.am.gov.br\/semcom\/wp-content\/uploads\/sites\/5\/2023\/01\/Banda-de-Carnaval-720x407-1.jpg\",\"contentUrl\":\"https:\/\/www.manaus.am.gov.br\/semcom\/wp-content\/uploads\/sites\/5\/2023\/01\/Banda-de-Carnaval-720x407-1.jpg\",\"width\":720,\"height\":407},{\"@type\":\"WebSite\",\"@id\":\"https:\/\/www.manaus.am.gov.br\/semcom\/#website\",\"url\":\"https:\/\/www.manaus.am.gov.br\/semcom\/\",\"name\":\"SEMCOM\",\"description\":\"Secretaria Municipal de Comunica\u00e7\u00e3o\",\"potentialAction\":[{\"@type\":\"SearchAction\",\"target\":{\"@type\":\"EntryPoint\",\"urlTemplate\":\"https:\/\/www.manaus.am.gov.br\/semcom\/?s={search_term_string}\"},\"query-input\":\"required name=search_term_string\"}],\"inLanguage\":\"pt-BR\"},{\"@type\":\"Person\",\"@id\":\"https:\/\/www.manaus.am.gov.br\/semcom\/#\/schema\/person\/79525a47ac5902f50493820d995728ee\",\"name\":\"Imarketing Digital\",\"image\":{\"@type\":\"ImageObject\",\"inLanguage\":\"pt-BR\",\"@id\":\"https:\/\/www.manaus.am.gov.br\/semcom\/#\/schema\/person\/image\/\",\"url\":\"https:\/\/secure.gravatar.com\/avatar\/03432d3c57b756ed9760f7019c815a3a?s=96&d=mm&r=g\",\"contentUrl\":\"https:\/\/secure.gravatar.com\/avatar\/03432d3c57b756ed9760f7019c815a3a?s=96&d=mm&r=g\",\"caption\":\"Imarketing Digital\"}}]}<\/script>\n<!-- \/ Yoast SEO plugin. -->","yoast_head_json":{"title":"Prefeitura alerta que bandas de Carnaval devem solicitar regulariza\u00e7\u00e3o ambiental junto \u00e0 Semmas - SEMCOM","robots":{"index":"index","follow":"follow","max-snippet":"max-snippet:-1","max-image-preview":"max-image-preview:large","max-video-preview":"max-video-preview:-1"},"canonical":"https:\/\/www.manaus.am.gov.br\/semcom\/prefeitura-alerta-que-bandas-de-carnaval-devem-solicitar-regularizacao-ambiental-junto-a-semmas\/","og_locale":"pt_BR","og_type":"article","og_title":"Prefeitura alerta que bandas de Carnaval devem solicitar regulariza\u00e7\u00e3o ambiental junto \u00e0 Semmas - SEMCOM","og_url":"https:\/\/www.manaus.am.gov.br\/semcom\/prefeitura-alerta-que-bandas-de-carnaval-devem-solicitar-regularizacao-ambiental-junto-a-semmas\/","og_site_name":"SEMCOM","article_published_time":"2023-01-20T14:49:00+00:00","article_modified_time":"2023-07-17T19:23:25+00:00","og_image":[{"width":720,"height":407,"url":"https:\/\/www.manaus.am.gov.br\/semcom\/wp-content\/uploads\/sites\/5\/2023\/01\/Banda-de-Carnaval-720x407-1.jpg","type":"image\/jpeg"}],"author":"Imarketing Digital","twitter_card":"summary_large_image","twitter_misc":{"Written by":"Imarketing Digital","Est. reading time":"3 minutos"},"schema":{"@context":"https:\/\/schema.org","@graph":[{"@type":"WebPage","@id":"https:\/\/www.manaus.am.gov.br\/semcom\/prefeitura-alerta-que-bandas-de-carnaval-devem-solicitar-regularizacao-ambiental-junto-a-semmas\/","url":"https:\/\/www.manaus.am.gov.br\/semcom\/prefeitura-alerta-que-bandas-de-carnaval-devem-solicitar-regularizacao-ambiental-junto-a-semmas\/","name":"Prefeitura alerta que bandas de Carnaval devem solicitar regulariza\u00e7\u00e3o ambiental junto \u00e0 Semmas - SEMCOM","isPartOf":{"@id":"https:\/\/www.manaus.am.gov.br\/semcom\/#website"},"primaryImageOfPage":{"@id":"https:\/\/www.manaus.am.gov.br\/semcom\/prefeitura-alerta-que-bandas-de-carnaval-devem-solicitar-regularizacao-ambiental-junto-a-semmas\/#primaryimage"},"image":{"@id":"https:\/\/www.manaus.am.gov.br\/semcom\/prefeitura-alerta-que-bandas-de-carnaval-devem-solicitar-regularizacao-ambiental-junto-a-semmas\/#primaryimage"},"thumbnailUrl":"https:\/\/www.manaus.am.gov.br\/semcom\/wp-content\/uploads\/sites\/5\/2023\/01\/Banda-de-Carnaval-720x407-1.jpg","datePublished":"2023-01-20T14:49:00+00:00","dateModified":"2023-07-17T19:23:25+00:00","author":{"@id":"https:\/\/www.manaus.am.gov.br\/semcom\/#\/schema\/person\/79525a47ac5902f50493820d995728ee"},"inLanguage":"pt-BR","potentialAction":[{"@type":"ReadAction","target":["https:\/\/www.manaus.am.gov.br\/semcom\/prefeitura-alerta-que-bandas-de-carnaval-devem-solicitar-regularizacao-ambiental-junto-a-semmas\/"]}]},{"@type":"ImageObject","inLanguage":"pt-BR","@id":"https:\/\/www.manaus.am.gov.br\/semcom\/prefeitura-alerta-que-bandas-de-carnaval-devem-solicitar-regularizacao-ambiental-junto-a-semmas\/#primaryimage","url":"https:\/\/www.manaus.am.gov.br\/semcom\/wp-content\/uploads\/sites\/5\/2023\/01\/Banda-de-Carnaval-720x407-1.jpg","contentUrl":"https:\/\/www.manaus.am.gov.br\/semcom\/wp-content\/uploads\/sites\/5\/2023\/01\/Banda-de-Carnaval-720x407-1.jpg","width":720,"height":407},{"@type":"WebSite","@id":"https:\/\/www.manaus.am.gov.br\/semcom\/#website","url":"https:\/\/www.manaus.am.gov.br\/semcom\/","name":"SEMCOM","description":"Secretaria Municipal de Comunica\u00e7\u00e3o","potentialAction":[{"@type":"SearchAction","target":{"@type":"EntryPoint","urlTemplate":"https:\/\/www.manaus.am.gov.br\/semcom\/?s={search_term_string}"},"query-input":"required name=search_term_string"}],"inLanguage":"pt-BR"},{"@type":"Person","@id":"https:\/\/www.manaus.am.gov.br\/semcom\/#\/schema\/person\/79525a47ac5902f50493820d995728ee","name":"Imarketing Digital","image":{"@type":"ImageObject","inLanguage":"pt-BR","@id":"https:\/\/www.manaus.am.gov.br\/semcom\/#\/schema\/person\/image\/","url":"https:\/\/secure.gravatar.com\/avatar\/03432d3c57b756ed9760f7019c815a3a?s=96&d=mm&r=g","contentUrl":"https:\/\/secure.gravatar.com\/avatar\/03432d3c57b756ed9760f7019c815a3a?s=96&d=mm&r=g","caption":"Imarketing Digital"}}]}},"_links":{"self":[{"href":"https:\/\/www.manaus.am.gov.br\/semcom\/wp-json\/wp\/v2\/posts\/208012"}],"collection":[{"href":"https:\/\/www.manaus.am.gov.br\/semcom\/wp-json\/wp\/v2\/posts"}],"about":[{"href":"https:\/\/www.manaus.am.gov.br\/semcom\/wp-json\/wp\/v2\/types\/post"}],"author":[{"embeddable":true,"href":"https:\/\/www.manaus.am.gov.br\/semcom\/wp-json\/wp\/v2\/users\/27"}],"replies":[{"embeddable":true,"href":"https:\/\/www.manaus.am.gov.br\/semcom\/wp-json\/wp\/v2\/comments?post=208012"}],"version-history":[{"count":1,"href":"https:\/\/www.manaus.am.gov.br\/semcom\/wp-json\/wp\/v2\/posts\/208012\/revisions"}],"predecessor-version":[{"id":216302,"href":"https:\/\/www.manaus.am.gov.br\/semcom\/wp-json\/wp\/v2\/posts\/208012\/revisions\/216302"}],"wp:featuredmedia":[{"embeddable":true,"href":"https:\/\/www.manaus.am.gov.br\/semcom\/wp-json\/wp\/v2\/media\/208013"}],"wp:attachment":[{"href":"https:\/\/www.manaus.am.gov.br\/semcom\/wp-json\/wp\/v2\/media?parent=208012"}],"wp:term":[{"taxonomy":"category","embeddable":true,"href":"https:\/\/www.manaus.am.gov.br\/semcom\/wp-json\/wp\/v2\/categories?post=208012"},{"taxonomy":"post_tag","embeddable":true,"href":"https:\/\/www.manaus.am.gov.br\/semcom\/wp-json\/wp\/v2\/tags?post=208012"}],"curies":[{"name":"wp","href":"https:\/\/api.w.org\/{rel}","templated":true}]}}