{"id":207999,"date":"2023-01-23T15:56:00","date_gmt":"2023-01-23T18:56:00","guid":{"rendered":"https:\/\/www.manaus.am.gov.br\/semcom\/2023\/01\/23\/prefeitura-de-manaus-atua-em-servicos-de-contencao-de-rip-rap-e-recuperacao-de-calcada-na-avenida-mario-ypiranga-monteiro\/"},"modified":"2023-01-25T09:21:43","modified_gmt":"2023-01-25T12:21:43","slug":"prefeitura-de-manaus-atua-em-servicos-de-contencao-de-rip-rap-e-recuperacao-de-calcada-na-avenida-mario-ypiranga-monteiro","status":"publish","type":"post","link":"https:\/\/www.manaus.am.gov.br\/semcom\/prefeitura-de-manaus-atua-em-servicos-de-contencao-de-rip-rap-e-recuperacao-de-calcada-na-avenida-mario-ypiranga-monteiro\/","title":{"rendered":"Prefeitura de Manaus atua em servi\u00e7os de conten\u00e7\u00e3o de rip-rap e recupera\u00e7\u00e3o de cal\u00e7ada na avenida M\u00e1rio Ypiranga Monteiro"},"content":{"rendered":"\n<p>A Prefeitura de Manaus, por meio da Secretaria Municipal de Infraestrutura (Seminf), atua de forma emergencial, nesta segunda-feira, 23\/1, em servi\u00e7os de conten\u00e7\u00e3o de rip-rap na avenida M\u00e1rio Ypiranga Monteiro, zona Centro- Sul da capital, onde um muro estava em risco de desabamento devido \u00e0s fortes chuvas.<\/p>\n\n\n\n<p>Dez servidores da Seminf, com o aux\u00edlio de uma escavadeira hidr\u00e1ulica, realizam os trabalhos de conten\u00e7\u00e3o, com um servi\u00e7o de rip-rap, t\u00e9cnica aplicada na estabiliza\u00e7\u00e3o de talude, equilibrando o solo. Esse trabalho consiste na coloca\u00e7\u00e3o de sacas contendo cimento e areia que, depois de molhadas, formam um pared\u00e3o em concreto, protegendo os taludes e evitando novas eros\u00f5es e deslizamentos de terra.<\/p>\n\n\n\n<p>O chefe de drenagem e dragagem da Seminf, Ednaldo Ramos, afirma que a obra \u00e9 realizada de forma emergencial.<\/p>\n\n\n\n<p>\u201cFomos acionados e imediatamente entramos com as m\u00e1quinas no local para fazer a conten\u00e7\u00e3o do rip-rap, evitando assim o desabamento do muro. Seguimos a determina\u00e7\u00e3o do prefeito David Almeida e do secret\u00e1rio de Obras, Renato J\u00fanior, para atuarmos de forma c\u00e9lere, evitando transtornos e garantindo infraestrutura de qualidade em todas as zonas da cidade\u201d, destacou Ramos.<\/p>\n\n\n\n<p>No local tamb\u00e9m ser\u00e1 refeita toda a estrutura da cal\u00e7ada, que foi danificada em um total de 20 metros de extens\u00e3o. A obra ser\u00e1 entregue ainda esta semana.<\/p>\n\n\n\n<p>\u2014 \u2014 \u2014<\/p>\n\n\n\n<p><strong>Texto \u2013&nbsp;<\/strong>Mariana Rocha \/ Seminf<\/p>\n\n\n\n<p><strong>Fotos \u2013&nbsp;<\/strong>M\u00e1rcio Melo \/ Seminf<\/p>\n\n\n\n<p><strong>Dispon\u00edveis em \u2013<\/strong>&nbsp;<a href=\"https:\/\/flic.kr\/s\/aHBqjApnhL\">https:\/\/flic.kr\/s\/aHBqjApnhL<\/a><\/p>\n","protected":false},"excerpt":{"rendered":"","protected":false},"author":27,"featured_media":208000,"comment_status":"closed","ping_status":"closed","sticky":false,"template":"","format":"standard","meta":{"footnotes":""},"categories":[46,14],"tags":[],"acf":[],"yoast_head":"<!-- This site is optimized with the Yoast SEO plugin v23.0 - https:\/\/yoast.com\/wordpress\/plugins\/seo\/ -->\n<title>Prefeitura de Manaus atua em servi\u00e7os de conten\u00e7\u00e3o de rip-rap e recupera\u00e7\u00e3o de cal\u00e7ada na avenida M\u00e1rio Ypiranga Monteiro - SEMCOM<\/title>\n<meta name=\"robots\" content=\"index, follow, max-snippet:-1, max-image-preview:large, max-video-preview:-1\" \/>\n<link rel=\"canonical\" href=\"https:\/\/www.manaus.am.gov.br\/semcom\/prefeitura-de-manaus-atua-em-servicos-de-contencao-de-rip-rap-e-recuperacao-de-calcada-na-avenida-mario-ypiranga-monteiro\/\" \/>\n<meta property=\"og:locale\" content=\"pt_BR\" \/>\n<meta property=\"og:type\" content=\"article\" \/>\n<meta property=\"og:title\" content=\"Prefeitura de Manaus atua em servi\u00e7os de conten\u00e7\u00e3o de rip-rap e recupera\u00e7\u00e3o de cal\u00e7ada na avenida M\u00e1rio Ypiranga Monteiro - SEMCOM\" \/>\n<meta property=\"og:url\" content=\"https:\/\/www.manaus.am.gov.br\/semcom\/prefeitura-de-manaus-atua-em-servicos-de-contencao-de-rip-rap-e-recuperacao-de-calcada-na-avenida-mario-ypiranga-monteiro\/\" \/>\n<meta property=\"og:site_name\" content=\"SEMCOM\" \/>\n<meta property=\"article:published_time\" content=\"2023-01-23T18:56:00+00:00\" \/>\n<meta property=\"article:modified_time\" content=\"2023-01-25T12:21:43+00:00\" \/>\n<meta property=\"og:image\" content=\"https:\/\/www.manaus.am.gov.br\/semcom\/wp-content\/uploads\/sites\/5\/2023\/01\/52644775526_e4b037ab39_o-720x407-1.jpg\" \/>\n\t<meta property=\"og:image:width\" content=\"720\" \/>\n\t<meta property=\"og:image:height\" content=\"407\" \/>\n\t<meta property=\"og:image:type\" content=\"image\/jpeg\" \/>\n<meta name=\"author\" content=\"Imarketing Digital\" \/>\n<meta name=\"twitter:card\" content=\"summary_large_image\" \/>\n<meta name=\"twitter:label1\" content=\"Written by\" \/>\n\t<meta name=\"twitter:data1\" content=\"Imarketing Digital\" \/>\n\t<meta name=\"twitter:label2\" content=\"Est. reading time\" \/>\n\t<meta name=\"twitter:data2\" content=\"2 minutos\" \/>\n<script type=\"application\/ld+json\" class=\"yoast-schema-graph\">{\"@context\":\"https:\/\/schema.org\",\"@graph\":[{\"@type\":\"WebPage\",\"@id\":\"https:\/\/www.manaus.am.gov.br\/semcom\/prefeitura-de-manaus-atua-em-servicos-de-contencao-de-rip-rap-e-recuperacao-de-calcada-na-avenida-mario-ypiranga-monteiro\/\",\"url\":\"https:\/\/www.manaus.am.gov.br\/semcom\/prefeitura-de-manaus-atua-em-servicos-de-contencao-de-rip-rap-e-recuperacao-de-calcada-na-avenida-mario-ypiranga-monteiro\/\",\"name\":\"Prefeitura de Manaus atua em servi\u00e7os de conten\u00e7\u00e3o de rip-rap e recupera\u00e7\u00e3o de cal\u00e7ada na avenida M\u00e1rio Ypiranga Monteiro - SEMCOM\",\"isPartOf\":{\"@id\":\"https:\/\/www.manaus.am.gov.br\/semcom\/#website\"},\"primaryImageOfPage\":{\"@id\":\"https:\/\/www.manaus.am.gov.br\/semcom\/prefeitura-de-manaus-atua-em-servicos-de-contencao-de-rip-rap-e-recuperacao-de-calcada-na-avenida-mario-ypiranga-monteiro\/#primaryimage\"},\"image\":{\"@id\":\"https:\/\/www.manaus.am.gov.br\/semcom\/prefeitura-de-manaus-atua-em-servicos-de-contencao-de-rip-rap-e-recuperacao-de-calcada-na-avenida-mario-ypiranga-monteiro\/#primaryimage\"},\"thumbnailUrl\":\"https:\/\/www.manaus.am.gov.br\/semcom\/wp-content\/uploads\/sites\/5\/2023\/01\/52644775526_e4b037ab39_o-720x407-1.jpg\",\"datePublished\":\"2023-01-23T18:56:00+00:00\",\"dateModified\":\"2023-01-25T12:21:43+00:00\",\"author\":{\"@id\":\"https:\/\/www.manaus.am.gov.br\/semcom\/#\/schema\/person\/79525a47ac5902f50493820d995728ee\"},\"inLanguage\":\"pt-BR\",\"potentialAction\":[{\"@type\":\"ReadAction\",\"target\":[\"https:\/\/www.manaus.am.gov.br\/semcom\/prefeitura-de-manaus-atua-em-servicos-de-contencao-de-rip-rap-e-recuperacao-de-calcada-na-avenida-mario-ypiranga-monteiro\/\"]}]},{\"@type\":\"ImageObject\",\"inLanguage\":\"pt-BR\",\"@id\":\"https:\/\/www.manaus.am.gov.br\/semcom\/prefeitura-de-manaus-atua-em-servicos-de-contencao-de-rip-rap-e-recuperacao-de-calcada-na-avenida-mario-ypiranga-monteiro\/#primaryimage\",\"url\":\"https:\/\/www.manaus.am.gov.br\/semcom\/wp-content\/uploads\/sites\/5\/2023\/01\/52644775526_e4b037ab39_o-720x407-1.jpg\",\"contentUrl\":\"https:\/\/www.manaus.am.gov.br\/semcom\/wp-content\/uploads\/sites\/5\/2023\/01\/52644775526_e4b037ab39_o-720x407-1.jpg\",\"width\":720,\"height\":407},{\"@type\":\"WebSite\",\"@id\":\"https:\/\/www.manaus.am.gov.br\/semcom\/#website\",\"url\":\"https:\/\/www.manaus.am.gov.br\/semcom\/\",\"name\":\"SEMCOM\",\"description\":\"Secretaria Municipal de Comunica\u00e7\u00e3o\",\"potentialAction\":[{\"@type\":\"SearchAction\",\"target\":{\"@type\":\"EntryPoint\",\"urlTemplate\":\"https:\/\/www.manaus.am.gov.br\/semcom\/?s={search_term_string}\"},\"query-input\":\"required name=search_term_string\"}],\"inLanguage\":\"pt-BR\"},{\"@type\":\"Person\",\"@id\":\"https:\/\/www.manaus.am.gov.br\/semcom\/#\/schema\/person\/79525a47ac5902f50493820d995728ee\",\"name\":\"Imarketing Digital\",\"image\":{\"@type\":\"ImageObject\",\"inLanguage\":\"pt-BR\",\"@id\":\"https:\/\/www.manaus.am.gov.br\/semcom\/#\/schema\/person\/image\/\",\"url\":\"https:\/\/secure.gravatar.com\/avatar\/03432d3c57b756ed9760f7019c815a3a?s=96&d=mm&r=g\",\"contentUrl\":\"https:\/\/secure.gravatar.com\/avatar\/03432d3c57b756ed9760f7019c815a3a?s=96&d=mm&r=g\",\"caption\":\"Imarketing Digital\"}}]}<\/script>\n<!-- \/ Yoast SEO plugin. -->","yoast_head_json":{"title":"Prefeitura de Manaus atua em servi\u00e7os de conten\u00e7\u00e3o de rip-rap e recupera\u00e7\u00e3o de cal\u00e7ada na avenida M\u00e1rio Ypiranga Monteiro - SEMCOM","robots":{"index":"index","follow":"follow","max-snippet":"max-snippet:-1","max-image-preview":"max-image-preview:large","max-video-preview":"max-video-preview:-1"},"canonical":"https:\/\/www.manaus.am.gov.br\/semcom\/prefeitura-de-manaus-atua-em-servicos-de-contencao-de-rip-rap-e-recuperacao-de-calcada-na-avenida-mario-ypiranga-monteiro\/","og_locale":"pt_BR","og_type":"article","og_title":"Prefeitura de Manaus atua em servi\u00e7os de conten\u00e7\u00e3o de rip-rap e recupera\u00e7\u00e3o de cal\u00e7ada na avenida M\u00e1rio Ypiranga Monteiro - SEMCOM","og_url":"https:\/\/www.manaus.am.gov.br\/semcom\/prefeitura-de-manaus-atua-em-servicos-de-contencao-de-rip-rap-e-recuperacao-de-calcada-na-avenida-mario-ypiranga-monteiro\/","og_site_name":"SEMCOM","article_published_time":"2023-01-23T18:56:00+00:00","article_modified_time":"2023-01-25T12:21:43+00:00","og_image":[{"width":720,"height":407,"url":"https:\/\/www.manaus.am.gov.br\/semcom\/wp-content\/uploads\/sites\/5\/2023\/01\/52644775526_e4b037ab39_o-720x407-1.jpg","type":"image\/jpeg"}],"author":"Imarketing Digital","twitter_card":"summary_large_image","twitter_misc":{"Written by":"Imarketing Digital","Est. reading time":"2 minutos"},"schema":{"@context":"https:\/\/schema.org","@graph":[{"@type":"WebPage","@id":"https:\/\/www.manaus.am.gov.br\/semcom\/prefeitura-de-manaus-atua-em-servicos-de-contencao-de-rip-rap-e-recuperacao-de-calcada-na-avenida-mario-ypiranga-monteiro\/","url":"https:\/\/www.manaus.am.gov.br\/semcom\/prefeitura-de-manaus-atua-em-servicos-de-contencao-de-rip-rap-e-recuperacao-de-calcada-na-avenida-mario-ypiranga-monteiro\/","name":"Prefeitura de Manaus atua em servi\u00e7os de conten\u00e7\u00e3o de rip-rap e recupera\u00e7\u00e3o de cal\u00e7ada na avenida M\u00e1rio Ypiranga Monteiro - SEMCOM","isPartOf":{"@id":"https:\/\/www.manaus.am.gov.br\/semcom\/#website"},"primaryImageOfPage":{"@id":"https:\/\/www.manaus.am.gov.br\/semcom\/prefeitura-de-manaus-atua-em-servicos-de-contencao-de-rip-rap-e-recuperacao-de-calcada-na-avenida-mario-ypiranga-monteiro\/#primaryimage"},"image":{"@id":"https:\/\/www.manaus.am.gov.br\/semcom\/prefeitura-de-manaus-atua-em-servicos-de-contencao-de-rip-rap-e-recuperacao-de-calcada-na-avenida-mario-ypiranga-monteiro\/#primaryimage"},"thumbnailUrl":"https:\/\/www.manaus.am.gov.br\/semcom\/wp-content\/uploads\/sites\/5\/2023\/01\/52644775526_e4b037ab39_o-720x407-1.jpg","datePublished":"2023-01-23T18:56:00+00:00","dateModified":"2023-01-25T12:21:43+00:00","author":{"@id":"https:\/\/www.manaus.am.gov.br\/semcom\/#\/schema\/person\/79525a47ac5902f50493820d995728ee"},"inLanguage":"pt-BR","potentialAction":[{"@type":"ReadAction","target":["https:\/\/www.manaus.am.gov.br\/semcom\/prefeitura-de-manaus-atua-em-servicos-de-contencao-de-rip-rap-e-recuperacao-de-calcada-na-avenida-mario-ypiranga-monteiro\/"]}]},{"@type":"ImageObject","inLanguage":"pt-BR","@id":"https:\/\/www.manaus.am.gov.br\/semcom\/prefeitura-de-manaus-atua-em-servicos-de-contencao-de-rip-rap-e-recuperacao-de-calcada-na-avenida-mario-ypiranga-monteiro\/#primaryimage","url":"https:\/\/www.manaus.am.gov.br\/semcom\/wp-content\/uploads\/sites\/5\/2023\/01\/52644775526_e4b037ab39_o-720x407-1.jpg","contentUrl":"https:\/\/www.manaus.am.gov.br\/semcom\/wp-content\/uploads\/sites\/5\/2023\/01\/52644775526_e4b037ab39_o-720x407-1.jpg","width":720,"height":407},{"@type":"WebSite","@id":"https:\/\/www.manaus.am.gov.br\/semcom\/#website","url":"https:\/\/www.manaus.am.gov.br\/semcom\/","name":"SEMCOM","description":"Secretaria Municipal de Comunica\u00e7\u00e3o","potentialAction":[{"@type":"SearchAction","target":{"@type":"EntryPoint","urlTemplate":"https:\/\/www.manaus.am.gov.br\/semcom\/?s={search_term_string}"},"query-input":"required name=search_term_string"}],"inLanguage":"pt-BR"},{"@type":"Person","@id":"https:\/\/www.manaus.am.gov.br\/semcom\/#\/schema\/person\/79525a47ac5902f50493820d995728ee","name":"Imarketing Digital","image":{"@type":"ImageObject","inLanguage":"pt-BR","@id":"https:\/\/www.manaus.am.gov.br\/semcom\/#\/schema\/person\/image\/","url":"https:\/\/secure.gravatar.com\/avatar\/03432d3c57b756ed9760f7019c815a3a?s=96&d=mm&r=g","contentUrl":"https:\/\/secure.gravatar.com\/avatar\/03432d3c57b756ed9760f7019c815a3a?s=96&d=mm&r=g","caption":"Imarketing Digital"}}]}},"_links":{"self":[{"href":"https:\/\/www.manaus.am.gov.br\/semcom\/wp-json\/wp\/v2\/posts\/207999"}],"collection":[{"href":"https:\/\/www.manaus.am.gov.br\/semcom\/wp-json\/wp\/v2\/posts"}],"about":[{"href":"https:\/\/www.manaus.am.gov.br\/semcom\/wp-json\/wp\/v2\/types\/post"}],"author":[{"embeddable":true,"href":"https:\/\/www.manaus.am.gov.br\/semcom\/wp-json\/wp\/v2\/users\/27"}],"replies":[{"embeddable":true,"href":"https:\/\/www.manaus.am.gov.br\/semcom\/wp-json\/wp\/v2\/comments?post=207999"}],"version-history":[{"count":0,"href":"https:\/\/www.manaus.am.gov.br\/semcom\/wp-json\/wp\/v2\/posts\/207999\/revisions"}],"wp:featuredmedia":[{"embeddable":true,"href":"https:\/\/www.manaus.am.gov.br\/semcom\/wp-json\/wp\/v2\/media\/208000"}],"wp:attachment":[{"href":"https:\/\/www.manaus.am.gov.br\/semcom\/wp-json\/wp\/v2\/media?parent=207999"}],"wp:term":[{"taxonomy":"category","embeddable":true,"href":"https:\/\/www.manaus.am.gov.br\/semcom\/wp-json\/wp\/v2\/categories?post=207999"},{"taxonomy":"post_tag","embeddable":true,"href":"https:\/\/www.manaus.am.gov.br\/semcom\/wp-json\/wp\/v2\/tags?post=207999"}],"curies":[{"name":"wp","href":"https:\/\/api.w.org\/{rel}","templated":true}]}}