{"id":207997,"date":"2023-01-23T16:13:00","date_gmt":"2023-01-23T19:13:00","guid":{"rendered":"https:\/\/www.manaus.am.gov.br\/semcom\/2023\/01\/23\/prefeitura-de-manaus-constroi-ponte-de-ferro-no-canteiro-central-da-avenida-das-torres\/"},"modified":"2023-01-25T09:21:30","modified_gmt":"2023-01-25T12:21:30","slug":"prefeitura-de-manaus-constroi-ponte-de-ferro-no-canteiro-central-da-avenida-das-torres","status":"publish","type":"post","link":"https:\/\/www.manaus.am.gov.br\/semcom\/prefeitura-de-manaus-constroi-ponte-de-ferro-no-canteiro-central-da-avenida-das-torres\/","title":{"rendered":"Prefeitura de Manaus constr\u00f3i ponte de ferro no canteiro central da avenida das Torres"},"content":{"rendered":"\n<p>A Prefeitura de Manaus, por meio da Secretaria Municipal de Limpeza Urbana (Semulsp), est\u00e1, nesta sexta-feira, 20\/1, com trabalhadores no canteiro central da avenida das Torres,&nbsp;zona Centro-Sul da cidade, construindo uma ponte de ferro de 9 metros de comprimento, por 2 de largura, para oferecer mais seguran\u00e7a \u00e0s pessoas que usam a estrutura. A que est\u00e1 no local n\u00e3o oferece mais seguran\u00e7a, j\u00e1 que as colunas de ferro e assoalho de madeira est\u00e3o totalmente comprometidas.<\/p>\n\n\n\n<p>\u201cAs pessoas ent\u00e3o com dificuldades de acesso neste espa\u00e7o, por conta dessa ponte n\u00e3o oferecer seguran\u00e7a. Por isso, estamos providenciando uma ponte nova\u201d, disse o titular da Semulsp, Sab\u00e1 Reis.<\/p>\n\n\n\n<p>Segundo Sab\u00e1, o setor de engenharia desenvolveu todo o projeto, depois serralheiros e marceneiros deram in\u00edcio ao servi\u00e7o. Todo processo de constru\u00e7\u00e3o da estrutura foi realizado na pr\u00f3pria secretaria, s\u00f3 ent\u00e3o as pe\u00e7as foram levadas para o local, onde ser\u00e1 fixada a base com concreto.<\/p>\n\n\n\n<p>O material usado na constru\u00e7\u00e3o da nova ponte foi de material reutilizado, ferro de outras estruturas e madeira apreendida pela Pol\u00edcia Federal, o que garantiu uma obra sem custo algum para a Semulsp.<\/p>\n\n\n\n<p>\u201cDentro de poucos dias, a popula\u00e7\u00e3o vai ter uma estrutura moderna e segura, podendo fazer valer seu direito de ir e vir, com mais comodidade, como nos determina o prefeito David Almeida\u201d, assegurou Sab\u00e1 Reis.<\/p>\n\n\n\n<p>\u2014 \u2014 \u2014<\/p>\n\n\n\n<p><strong>Texto \u2013<\/strong>&nbsp;Alex Melo \/ Semulsp<\/p>\n\n\n\n<p><strong>Fotos \u2013&nbsp;<\/strong>Divulga\u00e7\u00e3o \/ Semulsp<\/p>\n","protected":false},"excerpt":{"rendered":"","protected":false},"author":27,"featured_media":207998,"comment_status":"closed","ping_status":"closed","sticky":false,"template":"","format":"standard","meta":{"footnotes":""},"categories":[45,14],"tags":[],"acf":[],"yoast_head":"<!-- This site is optimized with the Yoast SEO plugin v23.0 - https:\/\/yoast.com\/wordpress\/plugins\/seo\/ -->\n<title>Prefeitura de Manaus constr\u00f3i ponte de ferro no canteiro central da avenida das Torres - SEMCOM<\/title>\n<meta name=\"robots\" content=\"index, follow, max-snippet:-1, max-image-preview:large, max-video-preview:-1\" \/>\n<link rel=\"canonical\" href=\"https:\/\/www.manaus.am.gov.br\/semcom\/prefeitura-de-manaus-constroi-ponte-de-ferro-no-canteiro-central-da-avenida-das-torres\/\" \/>\n<meta property=\"og:locale\" content=\"pt_BR\" \/>\n<meta property=\"og:type\" content=\"article\" \/>\n<meta property=\"og:title\" content=\"Prefeitura de Manaus constr\u00f3i ponte de ferro no canteiro central da avenida das Torres - SEMCOM\" \/>\n<meta property=\"og:url\" content=\"https:\/\/www.manaus.am.gov.br\/semcom\/prefeitura-de-manaus-constroi-ponte-de-ferro-no-canteiro-central-da-avenida-das-torres\/\" \/>\n<meta property=\"og:site_name\" content=\"SEMCOM\" \/>\n<meta property=\"article:published_time\" content=\"2023-01-23T19:13:00+00:00\" \/>\n<meta property=\"article:modified_time\" content=\"2023-01-25T12:21:30+00:00\" \/>\n<meta property=\"og:image\" content=\"https:\/\/www.manaus.am.gov.br\/semcom\/wp-content\/uploads\/sites\/5\/2023\/01\/Ponte-de-ferro-2-720x407-1.jpeg\" \/>\n\t<meta property=\"og:image:width\" content=\"720\" \/>\n\t<meta property=\"og:image:height\" content=\"407\" \/>\n\t<meta property=\"og:image:type\" content=\"image\/jpeg\" \/>\n<meta name=\"author\" content=\"Imarketing Digital\" \/>\n<meta name=\"twitter:card\" content=\"summary_large_image\" \/>\n<meta name=\"twitter:label1\" content=\"Written by\" \/>\n\t<meta name=\"twitter:data1\" content=\"Imarketing Digital\" \/>\n\t<meta name=\"twitter:label2\" content=\"Est. reading time\" \/>\n\t<meta name=\"twitter:data2\" content=\"2 minutos\" \/>\n<script type=\"application\/ld+json\" class=\"yoast-schema-graph\">{\"@context\":\"https:\/\/schema.org\",\"@graph\":[{\"@type\":\"WebPage\",\"@id\":\"https:\/\/www.manaus.am.gov.br\/semcom\/prefeitura-de-manaus-constroi-ponte-de-ferro-no-canteiro-central-da-avenida-das-torres\/\",\"url\":\"https:\/\/www.manaus.am.gov.br\/semcom\/prefeitura-de-manaus-constroi-ponte-de-ferro-no-canteiro-central-da-avenida-das-torres\/\",\"name\":\"Prefeitura de Manaus constr\u00f3i ponte de ferro no canteiro central da avenida das Torres - SEMCOM\",\"isPartOf\":{\"@id\":\"https:\/\/www.manaus.am.gov.br\/semcom\/#website\"},\"primaryImageOfPage\":{\"@id\":\"https:\/\/www.manaus.am.gov.br\/semcom\/prefeitura-de-manaus-constroi-ponte-de-ferro-no-canteiro-central-da-avenida-das-torres\/#primaryimage\"},\"image\":{\"@id\":\"https:\/\/www.manaus.am.gov.br\/semcom\/prefeitura-de-manaus-constroi-ponte-de-ferro-no-canteiro-central-da-avenida-das-torres\/#primaryimage\"},\"thumbnailUrl\":\"https:\/\/www.manaus.am.gov.br\/semcom\/wp-content\/uploads\/sites\/5\/2023\/01\/Ponte-de-ferro-2-720x407-1.jpeg\",\"datePublished\":\"2023-01-23T19:13:00+00:00\",\"dateModified\":\"2023-01-25T12:21:30+00:00\",\"author\":{\"@id\":\"https:\/\/www.manaus.am.gov.br\/semcom\/#\/schema\/person\/79525a47ac5902f50493820d995728ee\"},\"inLanguage\":\"pt-BR\",\"potentialAction\":[{\"@type\":\"ReadAction\",\"target\":[\"https:\/\/www.manaus.am.gov.br\/semcom\/prefeitura-de-manaus-constroi-ponte-de-ferro-no-canteiro-central-da-avenida-das-torres\/\"]}]},{\"@type\":\"ImageObject\",\"inLanguage\":\"pt-BR\",\"@id\":\"https:\/\/www.manaus.am.gov.br\/semcom\/prefeitura-de-manaus-constroi-ponte-de-ferro-no-canteiro-central-da-avenida-das-torres\/#primaryimage\",\"url\":\"https:\/\/www.manaus.am.gov.br\/semcom\/wp-content\/uploads\/sites\/5\/2023\/01\/Ponte-de-ferro-2-720x407-1.jpeg\",\"contentUrl\":\"https:\/\/www.manaus.am.gov.br\/semcom\/wp-content\/uploads\/sites\/5\/2023\/01\/Ponte-de-ferro-2-720x407-1.jpeg\",\"width\":720,\"height\":407},{\"@type\":\"WebSite\",\"@id\":\"https:\/\/www.manaus.am.gov.br\/semcom\/#website\",\"url\":\"https:\/\/www.manaus.am.gov.br\/semcom\/\",\"name\":\"SEMCOM\",\"description\":\"Secretaria Municipal de Comunica\u00e7\u00e3o\",\"potentialAction\":[{\"@type\":\"SearchAction\",\"target\":{\"@type\":\"EntryPoint\",\"urlTemplate\":\"https:\/\/www.manaus.am.gov.br\/semcom\/?s={search_term_string}\"},\"query-input\":\"required name=search_term_string\"}],\"inLanguage\":\"pt-BR\"},{\"@type\":\"Person\",\"@id\":\"https:\/\/www.manaus.am.gov.br\/semcom\/#\/schema\/person\/79525a47ac5902f50493820d995728ee\",\"name\":\"Imarketing Digital\",\"image\":{\"@type\":\"ImageObject\",\"inLanguage\":\"pt-BR\",\"@id\":\"https:\/\/www.manaus.am.gov.br\/semcom\/#\/schema\/person\/image\/\",\"url\":\"https:\/\/secure.gravatar.com\/avatar\/03432d3c57b756ed9760f7019c815a3a?s=96&d=mm&r=g\",\"contentUrl\":\"https:\/\/secure.gravatar.com\/avatar\/03432d3c57b756ed9760f7019c815a3a?s=96&d=mm&r=g\",\"caption\":\"Imarketing Digital\"}}]}<\/script>\n<!-- \/ Yoast SEO plugin. -->","yoast_head_json":{"title":"Prefeitura de Manaus constr\u00f3i ponte de ferro no canteiro central da avenida das Torres - SEMCOM","robots":{"index":"index","follow":"follow","max-snippet":"max-snippet:-1","max-image-preview":"max-image-preview:large","max-video-preview":"max-video-preview:-1"},"canonical":"https:\/\/www.manaus.am.gov.br\/semcom\/prefeitura-de-manaus-constroi-ponte-de-ferro-no-canteiro-central-da-avenida-das-torres\/","og_locale":"pt_BR","og_type":"article","og_title":"Prefeitura de Manaus constr\u00f3i ponte de ferro no canteiro central da avenida das Torres - SEMCOM","og_url":"https:\/\/www.manaus.am.gov.br\/semcom\/prefeitura-de-manaus-constroi-ponte-de-ferro-no-canteiro-central-da-avenida-das-torres\/","og_site_name":"SEMCOM","article_published_time":"2023-01-23T19:13:00+00:00","article_modified_time":"2023-01-25T12:21:30+00:00","og_image":[{"width":720,"height":407,"url":"https:\/\/www.manaus.am.gov.br\/semcom\/wp-content\/uploads\/sites\/5\/2023\/01\/Ponte-de-ferro-2-720x407-1.jpeg","type":"image\/jpeg"}],"author":"Imarketing Digital","twitter_card":"summary_large_image","twitter_misc":{"Written by":"Imarketing Digital","Est. reading time":"2 minutos"},"schema":{"@context":"https:\/\/schema.org","@graph":[{"@type":"WebPage","@id":"https:\/\/www.manaus.am.gov.br\/semcom\/prefeitura-de-manaus-constroi-ponte-de-ferro-no-canteiro-central-da-avenida-das-torres\/","url":"https:\/\/www.manaus.am.gov.br\/semcom\/prefeitura-de-manaus-constroi-ponte-de-ferro-no-canteiro-central-da-avenida-das-torres\/","name":"Prefeitura de Manaus constr\u00f3i ponte de ferro no canteiro central da avenida das Torres - SEMCOM","isPartOf":{"@id":"https:\/\/www.manaus.am.gov.br\/semcom\/#website"},"primaryImageOfPage":{"@id":"https:\/\/www.manaus.am.gov.br\/semcom\/prefeitura-de-manaus-constroi-ponte-de-ferro-no-canteiro-central-da-avenida-das-torres\/#primaryimage"},"image":{"@id":"https:\/\/www.manaus.am.gov.br\/semcom\/prefeitura-de-manaus-constroi-ponte-de-ferro-no-canteiro-central-da-avenida-das-torres\/#primaryimage"},"thumbnailUrl":"https:\/\/www.manaus.am.gov.br\/semcom\/wp-content\/uploads\/sites\/5\/2023\/01\/Ponte-de-ferro-2-720x407-1.jpeg","datePublished":"2023-01-23T19:13:00+00:00","dateModified":"2023-01-25T12:21:30+00:00","author":{"@id":"https:\/\/www.manaus.am.gov.br\/semcom\/#\/schema\/person\/79525a47ac5902f50493820d995728ee"},"inLanguage":"pt-BR","potentialAction":[{"@type":"ReadAction","target":["https:\/\/www.manaus.am.gov.br\/semcom\/prefeitura-de-manaus-constroi-ponte-de-ferro-no-canteiro-central-da-avenida-das-torres\/"]}]},{"@type":"ImageObject","inLanguage":"pt-BR","@id":"https:\/\/www.manaus.am.gov.br\/semcom\/prefeitura-de-manaus-constroi-ponte-de-ferro-no-canteiro-central-da-avenida-das-torres\/#primaryimage","url":"https:\/\/www.manaus.am.gov.br\/semcom\/wp-content\/uploads\/sites\/5\/2023\/01\/Ponte-de-ferro-2-720x407-1.jpeg","contentUrl":"https:\/\/www.manaus.am.gov.br\/semcom\/wp-content\/uploads\/sites\/5\/2023\/01\/Ponte-de-ferro-2-720x407-1.jpeg","width":720,"height":407},{"@type":"WebSite","@id":"https:\/\/www.manaus.am.gov.br\/semcom\/#website","url":"https:\/\/www.manaus.am.gov.br\/semcom\/","name":"SEMCOM","description":"Secretaria Municipal de Comunica\u00e7\u00e3o","potentialAction":[{"@type":"SearchAction","target":{"@type":"EntryPoint","urlTemplate":"https:\/\/www.manaus.am.gov.br\/semcom\/?s={search_term_string}"},"query-input":"required name=search_term_string"}],"inLanguage":"pt-BR"},{"@type":"Person","@id":"https:\/\/www.manaus.am.gov.br\/semcom\/#\/schema\/person\/79525a47ac5902f50493820d995728ee","name":"Imarketing Digital","image":{"@type":"ImageObject","inLanguage":"pt-BR","@id":"https:\/\/www.manaus.am.gov.br\/semcom\/#\/schema\/person\/image\/","url":"https:\/\/secure.gravatar.com\/avatar\/03432d3c57b756ed9760f7019c815a3a?s=96&d=mm&r=g","contentUrl":"https:\/\/secure.gravatar.com\/avatar\/03432d3c57b756ed9760f7019c815a3a?s=96&d=mm&r=g","caption":"Imarketing Digital"}}]}},"_links":{"self":[{"href":"https:\/\/www.manaus.am.gov.br\/semcom\/wp-json\/wp\/v2\/posts\/207997"}],"collection":[{"href":"https:\/\/www.manaus.am.gov.br\/semcom\/wp-json\/wp\/v2\/posts"}],"about":[{"href":"https:\/\/www.manaus.am.gov.br\/semcom\/wp-json\/wp\/v2\/types\/post"}],"author":[{"embeddable":true,"href":"https:\/\/www.manaus.am.gov.br\/semcom\/wp-json\/wp\/v2\/users\/27"}],"replies":[{"embeddable":true,"href":"https:\/\/www.manaus.am.gov.br\/semcom\/wp-json\/wp\/v2\/comments?post=207997"}],"version-history":[{"count":0,"href":"https:\/\/www.manaus.am.gov.br\/semcom\/wp-json\/wp\/v2\/posts\/207997\/revisions"}],"wp:featuredmedia":[{"embeddable":true,"href":"https:\/\/www.manaus.am.gov.br\/semcom\/wp-json\/wp\/v2\/media\/207998"}],"wp:attachment":[{"href":"https:\/\/www.manaus.am.gov.br\/semcom\/wp-json\/wp\/v2\/media?parent=207997"}],"wp:term":[{"taxonomy":"category","embeddable":true,"href":"https:\/\/www.manaus.am.gov.br\/semcom\/wp-json\/wp\/v2\/categories?post=207997"},{"taxonomy":"post_tag","embeddable":true,"href":"https:\/\/www.manaus.am.gov.br\/semcom\/wp-json\/wp\/v2\/tags?post=207997"}],"curies":[{"name":"wp","href":"https:\/\/api.w.org\/{rel}","templated":true}]}}