{"id":207993,"date":"2023-01-23T17:42:00","date_gmt":"2023-01-23T20:42:00","guid":{"rendered":"https:\/\/www.manaus.am.gov.br\/semcom\/2023\/01\/23\/sine-manaus-oferta-216-vagas-de-emprego-nesta-terca-feira-24-1\/"},"modified":"2023-01-25T09:21:00","modified_gmt":"2023-01-25T12:21:00","slug":"sine-manaus-oferta-216-vagas-de-emprego-nesta-terca-feira-24-1","status":"publish","type":"post","link":"https:\/\/www.manaus.am.gov.br\/semcom\/sine-manaus-oferta-216-vagas-de-emprego-nesta-terca-feira-24-1\/","title":{"rendered":"Sine Manaus oferta 216 vagas de emprego nesta ter\u00e7a-feira, 24\/1"},"content":{"rendered":"\n<p>A Prefeitura de Manaus, por meio do Sine Manaus, oferta 216 vagas de emprego em v\u00e1rias \u00e1reas de atua\u00e7\u00e3o, nesta ter\u00e7a-feira, 24\/1, de 8h \u00e0s 16h. O candidato precisa validar a Carteira Digital e Previd\u00eancia Social (CTPS) no aplicativo \u201cCarteira de Trabalho Digital\u201d ou acessar o site&nbsp;<a href=\"http:\/\/gov.br\/trabalho\">http:\/\/gov.br\/trabalho<\/a>&nbsp;e para concorrer \u00e0s vagas, deve acessar o site&nbsp;<a href=\"http:\/\/empregabrasil.mte.gov.br\/\">http:\/\/empregabrasil.mte.gov.br<\/a>&nbsp;para fazer a solicita\u00e7\u00e3o de cadastro.<\/p>\n\n\n\n<p>Para participar da pr\u00e9-sele\u00e7\u00e3o e concorrer a uma das vagas dispon\u00edveis, ou receber orienta\u00e7\u00e3o de cadastro, Carteira de Trabalho Digital e seguro-desemprego, os candidatos devem comparecer a um dos postos do Sine Manaus: na avenida Constantino Nery, n\u00ba 1.272, bairro S\u00e3o Geraldo, zona Centro-Sul; ou no shopping Phelippe Daou, na avenida Camapu\u00e3, n\u00ba 2.939, bairro Cidade de Deus, zona Norte.<\/p>\n\n\n\n<p>A Semtepi informa que o atendimento no posto do shopping Phelippe Daou foi reduzido em virtude de reforma no espa\u00e7o, e orienta os cidad\u00e3os a comparecerem, preferencialmente, ao posto da avenida Constantino Nery.<\/p>\n\n\n\n<p>Os interessados devem estar munidos do comprovante de vacina\u00e7\u00e3o (Covid-19), curr\u00edculo e documentos pessoais (RG, CPF, PIS, CTPS, comprovante de escolaridade e resid\u00eancia). N\u00e3o \u00e9 necess\u00e1rio apresentar c\u00f3pias, somente os documentos originais.<\/p>\n\n\n\n<p><strong>Vagas Novas \u2013 63<\/strong><\/p>\n\n\n\n<p><strong>40 vagas \u2013 Operador de Produ\u00e7\u00e3o<\/strong><\/p>\n\n\n\n<p>Escolaridade \u2013 ensino m\u00e9dio completo;<\/p>\n\n\n\n<p>Experi\u00eancia \u2013 seis meses na Carteira de Trabalho ou primeiro emprego (Carteira Branca);<\/p>\n\n\n\n<p>Requisitos obrigat\u00f3rios \u2013 ter cursos de inform\u00e1tica b\u00e1sica e TBO; ter m\u00ednimo 2 doses da vacina contra Covid-19; primeiro emprego ou experi\u00eancia no segmento eletr\u00f4nico; residir nos bairros da zona Leste de Manaus, com exce\u00e7\u00e3o dos bairros Mauazinho, Col\u00f4nia Ant\u00f4nio Aleixo e Puraquequara; vaga exclusiva para o posto Constantino Nery;<\/p>\n\n\n\n<p>Atividades \u2013 atuar no setor de produ\u00e7\u00e3o da empresa do segmento eletroeletr\u00f4nico. Montagem de placas, embalagem em processos de linha de produ\u00e7\u00e3o e controle de qualidade.<\/p>\n\n\n\n<p>Dispon\u00edvel at\u00e9 27\/01\/2023 ou encerramento da vaga.<\/p>\n\n\n\n<p><strong>1 vaga \u2013 Analista Cont\u00e1bil<\/strong><\/p>\n\n\n\n<p>Escolaridade \u2013 ensino superior cursando ou completo em ci\u00eancias cont\u00e1beis;<\/p>\n\n\n\n<p>Experi\u00eancia \u2013 registrada na Carteira de Trabalho;<\/p>\n\n\n\n<p>Requisitos obrigat\u00f3rios \u2013 ter experi\u00eancia no sistema Sankhya;<\/p>\n\n\n\n<p>Atividades \u2013 organizar documentos e efetuar sua classifica\u00e7\u00e3o cont\u00e1bil; gerar lan\u00e7amentos cont\u00e1beis, auxiliar na apura\u00e7\u00e3o dos impostos, conciliar contas e preenchimento de guias de recolhimento e solicita\u00e7\u00f5es.<\/p>\n\n\n\n<p>Dispon\u00edvel at\u00e9 27\/01\/2023 ou encerramento da vaga.<\/p>\n\n\n\n<p><strong>5 vagas \u2013 Auxiliar de Carga e Descarga<\/strong><\/p>\n\n\n\n<p>Escolaridade \u2013 ensino m\u00e9dio completo;<\/p>\n\n\n\n<p>Experi\u00eancia \u2013 primeiro emprego ou seis meses na Carteira de Trabalho;<\/p>\n\n\n\n<p>Requisitos obrigat\u00f3rios \u2013 residir nos bairros Jorge Teixeira, Grande Circular, Tarum\u00e3, Santa Etelvina, Nova Cidade ou Parque S\u00e3o Pedro;<\/p>\n\n\n\n<p>Atividades \u2013 preparar cargas e descargas de mercadorias, coletar e entregar mercadorias, embarque e despacho.<\/p>\n\n\n\n<p>Dispon\u00edvel at\u00e9 24\/01\/2023 ou encerramento da vaga.<\/p>\n\n\n\n<p><strong>1 vaga \u2013 Art\u00edfice de Manuten\u00e7\u00e3o<\/strong><\/p>\n\n\n\n<p>Escolaridade \u2013 ensino m\u00e9dio completo;<\/p>\n\n\n\n<p>Experi\u00eancia \u2013 seis meses na Carteira de Trabalho;<\/p>\n\n\n\n<p>Atividades \u2013 respons\u00e1vel por executar servi\u00e7os de manuten\u00e7\u00e3o e instala\u00e7\u00f5es el\u00e9trica e hidr\u00e1ulica, preparar infraestrutura para m\u00e1quinas e equipamentos, e realizar testes para identificar e localizar defeitos na instala\u00e7\u00e3o e no funcionamento dos equipamentos.<\/p>\n\n\n\n<p>Dispon\u00edvel at\u00e9 24\/01\/2023 ou encerramento da vaga.<\/p>\n\n\n\n<p><strong>1 vaga \u2013 Auxiliar de Cozinha<\/strong><\/p>\n\n\n\n<p>Escolaridade \u2013 ensino m\u00e9dio completo;<\/p>\n\n\n\n<p>Experi\u00eancia \u2013 seis meses na Carteira de Trabalho;<\/p>\n\n\n\n<p>Atividades \u2013 auxiliar no servi\u00e7o de alimenta\u00e7\u00e3o, na \u00e1rea do pr\u00e9-preparo, processamento de alimentos e montagem de pratos. Trabalhar em conformidade com normas e procedimentos t\u00e9cnicos, de qualidade, seguran\u00e7a, higiene e sa\u00fade.<\/p>\n\n\n\n<p>Dispon\u00edvel at\u00e9 25\/01\/2023 ou encerramento da vaga.<\/p>\n\n\n\n<p><strong>1 vaga \u2013 Operador de Empilhadeira<\/strong><\/p>\n\n\n\n<p>Escolaridade \u2013 ensino m\u00e9dio completo;<\/p>\n\n\n\n<p>Experi\u00eancia \u2013 seis meses na Carteira de Trabalho;<\/p>\n\n\n\n<p>Requisitos obrigat\u00f3rios \u2013 ter certifica\u00e7\u00e3o v\u00e1lida para operar empilhadeiras e Carteira Nacional de Habilita\u00e7\u00e3o categoria \u201cD\u201d;<\/p>\n\n\n\n<p>Atividades \u2013 respons\u00e1vel por manusear, transportar, movimentar e armazenar cargas, materiais e produtos preestabelecidos pela empresa, por meio da condu\u00e7\u00e3o de empilhadeira. Zelar pelas boas condi\u00e7\u00f5es do transporte, garantindo seu uso com seguran\u00e7a.<\/p>\n\n\n\n<p>Dispon\u00edvel at\u00e9 02\/02\/2023 ou encerramento da vaga.<\/p>\n\n\n\n<p><strong>1 vaga \u2013 T\u00e9cnico Eletr\u00f4nico<\/strong><\/p>\n\n\n\n<p>Escolaridade \u2013 ensino t\u00e9cnico em eletr\u00f4nica ou cursando o \u00faltimo semestre;<\/p>\n\n\n\n<p>Experi\u00eancia \u2013 n\u00e3o \u00e9 necess\u00e1rio;<\/p>\n\n\n\n<p>Atividades \u2013 executar tarefas, manuten\u00e7\u00e3o, instala\u00e7\u00e3o e repara\u00e7\u00e3o de sistemas eletroeletr\u00f4nicos convencionais e automatizados, bem como as de coordena\u00e7\u00e3o e desenvolvimento de equipes de trabalho no planejamento, desenvolvimento, avalia\u00e7\u00e3o de projetos e aplica\u00e7\u00e3o de normas t\u00e9cnicas.<\/p>\n\n\n\n<p>Dispon\u00edvel at\u00e9 25\/01\/2023 ou encerramento da vaga.<\/p>\n\n\n\n<p><strong>1 vaga \u2013 Frentista \u2013 vaga exclusiva para Pessoa com Defici\u00eancia (PcD)<\/strong><\/p>\n\n\n\n<p>Escolaridade \u2013 ensino m\u00e9dio completo;<\/p>\n\n\n\n<p>Experi\u00eancia \u2013 n\u00e3o \u00e9 necess\u00e1rio;<\/p>\n\n\n\n<p>Atividades \u2013 exercer diversas fun\u00e7\u00f5es, como abastecimento, limpeza e manuten\u00e7\u00e3o dos ve\u00edculos; abastecer diversas categorias de ve\u00edculos, como carros, motos, \u00f4nibus e caminh\u00f5es; limpar os para-brisas dos ve\u00edculos.<\/p>\n\n\n\n<p>Dispon\u00edvel at\u00e9 25\/01\/2023 ou encerramento da vaga.<\/p>\n\n\n\n<p><strong>2 vagas \u2013 Mec\u00e2nico de Ve\u00edculos<\/strong><\/p>\n\n\n\n<p>Escolaridade \u2013 ensino m\u00e9dio completo;<\/p>\n\n\n\n<p>Experi\u00eancia \u2013 registrada na Carteira de Trabalho;<\/p>\n\n\n\n<p>Requisitos obrigat\u00f3rios \u2013 ter cursos na \u00e1rea e disponibilidade para viagens;<\/p>\n\n\n\n<p>Atividades \u2013 realizar manuten\u00e7\u00e3o mec\u00e2nica preventiva e corretiva de ve\u00edculos (\u00f4nibus e micro-\u00f4nibus), montar e trocar pe\u00e7as, lubrificar motor, regular mecanismos e alinhar dire\u00e7\u00e3o.<\/p>\n\n\n\n<p>Dispon\u00edvel at\u00e9 24\/01\/2023 ou encerramento da vaga.<\/p>\n\n\n\n<p><strong>1 vaga \u2013 Mec\u00e2nico Eletricista<\/strong><\/p>\n\n\n\n<p>Escolaridade \u2013 ensino m\u00e9dio completo;<\/p>\n\n\n\n<p>Experi\u00eancia \u2013 registrada na Carteira de Trabalho;<\/p>\n\n\n\n<p>Requisitos obrigat\u00f3rios \u2013 ter curso de NR-35 e disponibilidade para viagens;<\/p>\n\n\n\n<p>Atividades \u2013 realizar instala\u00e7\u00e3o e manuten\u00e7\u00e3o el\u00e9trica preventiva e corretiva em ve\u00edculos, analisar as necessidades de troca e regulagem, montar sistemas e aplicar testes de funcionamento.<\/p>\n\n\n\n<p>Dispon\u00edvel at\u00e9 24\/01\/2023 ou encerramento da vaga.<\/p>\n\n\n\n<p><strong>1 vaga \u2013 Caseiro<\/strong><\/p>\n\n\n\n<p>Escolaridade \u2013 ensino fundamental completo;<\/p>\n\n\n\n<p>Experi\u00eancia \u2013 seis meses na Carteira de Trabalho;<\/p>\n\n\n\n<p>Requisitos obrigat\u00f3rios \u2013 ter curso de NR-35 e disponibilidade para viagens;<\/p>\n\n\n\n<p>Atividades \u2013 respons\u00e1vel pela conserva\u00e7\u00e3o, manuten\u00e7\u00e3o e funcionamento da propriedade, mantendo os ambientes limpos e organizados, realizando reparos quando necess\u00e1rio; manter gramado, jardim ou horta podados e irrigados, al\u00e9m de conservar a piscina e cuidar de animais.<\/p>\n\n\n\n<p>Dispon\u00edvel at\u00e9 25\/01\/2023 ou encerramento da vaga.<\/p>\n\n\n\n<p><strong>1 vaga \u2013 Motorista de Carro de Passeio<\/strong><\/p>\n\n\n\n<p>Escolaridade \u2013 ensino m\u00e9dio completo;<\/p>\n\n\n\n<p>Experi\u00eancia \u2013 seis meses na Carteira de Trabalho;<\/p>\n\n\n\n<p>Atividades \u2013 dirigir ve\u00edculo leve de passeio em \u00e1rea urbana ou em estradas intermunicipais para efetuar pequenas compras, entregas, pagamentos, remessa de correspond\u00eancia ou malotes, observando os procedimentos internos de condu\u00e7\u00e3o e seguran\u00e7a do ve\u00edculo.<\/p>\n\n\n\n<p>Dispon\u00edvel at\u00e9 25\/02\/2023 ou encerramento da vaga.<\/p>\n\n\n\n<p><strong>2 vagas \u2013 Jovem Aprendiz<\/strong><\/p>\n\n\n\n<p>Escolaridade \u2013 ensino m\u00e9dio completo ou cursando;<\/p>\n\n\n\n<p>Experi\u00eancia \u2013 primeiro emprego;<\/p>\n\n\n\n<p>Atividades \u2013&nbsp;executar atividades na empresa para adquirir experi\u00eancias corporativas e aprimoramento dos conhecimentos para o mercado de trabalho.<\/p>\n\n\n\n<p>Dispon\u00edvel at\u00e9 25\/02\/2023 ou encerramento da vaga.<\/p>\n\n\n\n<p><strong>5 vagas \u2013 Gerente Operacional<\/strong><\/p>\n\n\n\n<p>Escolaridade \u2013 ensino m\u00e9dio completo;<\/p>\n\n\n\n<p>Experi\u00eancia \u2013 seis meses na Carteira de Trabalho;<\/p>\n\n\n\n<p>Requisitos obrigat\u00f3rios \u2013 ter experi\u00eancia com gest\u00e3o de restaurante ou supermercados, gerenciamento de equipes, atendimento presencial e delivery;<\/p>\n\n\n\n<p>Atividades \u2013 ser um profissional proativo, comunicativo, com alta capacidade de gerenciamento, lideran\u00e7a e resolu\u00e7\u00e3o de conflitos, interesse em trabalhar com p\u00fablico e em equipe. Suas principais atividades ser\u00e3o a gest\u00e3o operacional do restaurante (fast food), com o objetivo de manter a loja dentro dos padr\u00f5es exigidos pela vigil\u00e2ncia sanit\u00e1ria, aux\u00edlio no controle financeiro e na gest\u00e3o do restaurante em todas as \u00e1reas.<\/p>\n\n\n\n<p>Dispon\u00edvel at\u00e9 25\/02\/2023 ou encerramento da vaga.<\/p>\n\n\n\n<p><strong>Vagas no Com\u00e9rcio \u2013 80<\/strong><\/p>\n\n\n\n<p><strong>2 vagas \u2013 Assistente de Departamento Pessoal<\/strong><\/p>\n\n\n\n<p>Escolaridade \u2013 ensino m\u00e9dio completo;<\/p>\n\n\n\n<p>Experi\u00eancia \u2013 seis na Carteira de Trabalho;<\/p>\n\n\n\n<p>Requisitos obrigat\u00f3rios \u2013 prefer\u00eancia por candidatos que residam no bairro Compensa;<\/p>\n\n\n\n<p>Atividades \u2013 rotinas de departamento pessoal e recrutamento e sele\u00e7\u00e3o (programa\u00e7\u00e3o de f\u00e9rias, escala de revezamento e banco de horas);<\/p>\n\n\n\n<p>Dispon\u00edvel at\u00e9 24\/01\/2023 ou encerramento da vaga.<\/p>\n\n\n\n<p><strong>3 vagas \u2013 A\u00e7ougueiro<\/strong><\/p>\n\n\n\n<p>Escolaridade \u2013 ensino m\u00e9dio completo;<\/p>\n\n\n\n<p>Experi\u00eancia \u2013 seis meses na Carteira de Trabalho;<\/p>\n\n\n\n<p>Requisitos obrigat\u00f3rios \u2013 residir nas proximidades dos bairros Cidade Nova, Zumbi e L\u00edrio do Vale;<\/p>\n\n\n\n<p>Atividades \u2013 atendimento, cortes normais e especiais e a limpeza do setor;<\/p>\n\n\n\n<p>Dispon\u00edvel at\u00e9 24\/01\/2023 ou at\u00e9 encerramento da vaga.<\/p>\n\n\n\n<p><strong>2 vagas \u2013 Auxiliar de Manuten\u00e7\u00e3o Predial<\/strong><\/p>\n\n\n\n<p>Escolaridade \u2013 ensino m\u00e9dio completo;<\/p>\n\n\n\n<p>Experi\u00eancia \u2013 tr\u00eas meses na Carteira de Trabalho;<\/p>\n\n\n\n<p>Requisitos obrigat\u00f3rios \u2013 ter cursos de NR-10, NR-13 e NR-35;<\/p>\n\n\n\n<p>Atividades \u2013 realizar atividades de pintura, alvenaria, locomo\u00e7\u00e3o de m\u00f3veis e acompanhar prestadores de servi\u00e7o de manuten\u00e7\u00e3o.<\/p>\n\n\n\n<p>Dispon\u00edvel at\u00e9 24\/01\/2023 ou encerramento da vaga.<\/p>\n\n\n\n<p><strong>2 vagas \u2013 Auxiliar de Limpeza \u2013 vagas exclusivas para Pessoas com Defici\u00eancia (PcD)<\/strong><\/p>\n\n\n\n<p>Escolaridade \u2013 ensino fundamental completo;<\/p>\n\n\n\n<p>Experi\u00eancia \u2013 tr\u00eas meses na Carteira de Trabalho;<\/p>\n\n\n\n<p>Atividades \u2013 executar servi\u00e7os de limpeza e conserva\u00e7\u00e3o em geral e rotinas previamente estabelecidas.<\/p>\n\n\n\n<p>Dispon\u00edvel at\u00e9 24\/01\/2023 ou encerramento da vaga.<\/p>\n\n\n\n<p><strong>2 vagas \u2013 Cozinheiro<\/strong><\/p>\n\n\n\n<p>Escolaridade \u2013 ensino fundamental completo;<\/p>\n\n\n\n<p>Experi\u00eancia \u2013 seis meses na Carteira de Trabalho;<\/p>\n\n\n\n<p>Atividades \u2013 realizar o pr\u00e9-preparo do processamento dos alimentos, montagem de pratos, caf\u00e9 da manh\u00e3 e desjejum e saladas.<\/p>\n\n\n\n<p>Dispon\u00edvel at\u00e9 24\/01\/2023 ou encerramento da vaga.<\/p>\n\n\n\n<p><strong>7 vagas \u2013 Repositor de Mercadorias \u2013 vagas exclusivas para Pessoas com Defici\u00eancia (PcD)<\/strong><\/p>\n\n\n\n<p>Escolaridade \u2013 ensino m\u00e9dio completo;<\/p>\n\n\n\n<p>Experi\u00eancia \u2013 n\u00e3o \u00e9 necess\u00e1rio;<\/p>\n\n\n\n<p>Requisitos obrigat\u00f3rios \u2013 ter Carteira Nacional de Habilita\u00e7\u00e3o categoria \u201cD\u201d atualizada, curso de MOPP e residir nas proximidades da zona Leste;<\/p>\n\n\n\n<p>Atividades \u2013 organizar, repor, conservar e precificar os produtos do estabelecimento. Controlar os n\u00edveis de estoque, solicitando a compra dos materiais necess\u00e1rios.<\/p>\n\n\n\n<p>Dispon\u00edvel at\u00e9 24\/01\/2023 ou encerramento da vaga.<\/p>\n\n\n\n<p><strong>2 vagas \u2013 Auxiliar de Manuten\u00e7\u00e3o Predial \u2013 vagas exclusivas para Pessoas com Defici\u00eancia (PcD)&nbsp;<\/strong><\/p>\n\n\n\n<p>Escolaridade \u2013 ensino m\u00e9dio completo;<\/p>\n\n\n\n<p>Experi\u00eancia \u2013 tr\u00eas meses na Carteira de Trabalho;<\/p>\n\n\n\n<p>Atividades \u2013 realizar atividades de pintura, alvenaria, locomo\u00e7\u00e3o de m\u00f3veis e acompanhar prestadores de servi\u00e7o de manuten\u00e7\u00e3o.<\/p>\n\n\n\n<p>Dispon\u00edvel at\u00e9 24\/01\/2023 ou encerramento da vaga.<\/p>\n\n\n\n<p><strong>1 vaga \u2013 Supervisor de Vendas<\/strong><\/p>\n\n\n\n<p>Escolaridade \u2013 ensino superior completo em administra\u00e7\u00e3o, contabilidade, gest\u00e3o comercial ou \u00e1reas afins;<\/p>\n\n\n\n<p>Experi\u00eancia \u2013 seis meses na Carteira de Trabalho;<\/p>\n\n\n\n<p>Requisitos obrigat\u00f3rios \u2013 ter condu\u00e7\u00e3o pr\u00f3pria (carro);<\/p>\n\n\n\n<p>Atividades \u2013 supervisionar a rotina da equipe, criar o planejamento de vendas, avaliar os profissionais de vendas de produtos e servi\u00e7os e apresentar resultados.<\/p>\n\n\n\n<p>Dispon\u00edvel at\u00e9 24\/01\/2023 ou encerramento da vaga.<\/p>\n\n\n\n<p><strong>1 vaga \u2013 Vendedor Externo<\/strong><\/p>\n\n\n\n<p>Escolaridade \u2013 ensino m\u00e9dio completo;<\/p>\n\n\n\n<p>Experi\u00eancia \u2013 seis meses na Carteira de Trabalho;<\/p>\n\n\n\n<p>Requisitos obrigat\u00f3rios \u2013 ter condu\u00e7\u00e3o pr\u00f3pria (moto).<\/p>\n\n\n\n<p>Atividades \u2013 realizar atendimento direto ao consumidor, negociar pre\u00e7os das mercadorias, prazo, condi\u00e7\u00f5es de pagamento e descontos, entre outras atividades correlatas.<\/p>\n\n\n\n<p>Dispon\u00edvel at\u00e9 24\/01\/2023 ou encerramento da vaga.<\/p>\n\n\n\n<p><strong>10 vagas \u2013 Coordenador de Loja (Restaurante)<\/strong><\/p>\n\n\n\n<p>Escolaridade \u2013 ensino m\u00e9dio completo;<\/p>\n\n\n\n<p>Experi\u00eancia \u2013 seis meses na Carteira de Trabalho;<\/p>\n\n\n\n<p>Requisitos obrigat\u00f3rios \u2013 ter experi\u00eancia no ramo de fast-food ser\u00e1 um diferencial;<\/p>\n\n\n\n<p>Atividades \u2013 gest\u00e3o operacional do restaurante, CMV e manter a loja dentro dos padr\u00f5es exigidos pela Vigil\u00e2ncia Sanit\u00e1ria. Ajudar na gest\u00e3o do restaurante em todas as \u00e1reas: atendimento, gest\u00e3o de pessoas, limpezas, vendas, entre outras.<\/p>\n\n\n\n<p>Dispon\u00edvel at\u00e9 24\/01\/2023 ou encerramento da vaga.<\/p>\n\n\n\n<p><strong>2 vagas \u2013 Sub-gerente<\/strong><\/p>\n\n\n\n<p>Escolaridade \u2013 ensino m\u00e9dio completo;<\/p>\n\n\n\n<p>Experi\u00eancia \u2013 seis meses na Carteira de Trabalho;<\/p>\n\n\n\n<p>Requisitos obrigat\u00f3rios \u2013 ter experi\u00eancia no ramo de posto de combust\u00edvel;<\/p>\n\n\n\n<p>Atividades \u2013 gest\u00e3o operacional do posto, lideran\u00e7a dentro dos padr\u00f5es exigidos: atendimento, gest\u00e3o de pessoas, limpeza, vendas e entre outras;<\/p>\n\n\n\n<p>Dispon\u00edvel at\u00e9 24\/01\/2023 ou encerramento da vaga.<\/p>\n\n\n\n<p><strong>7 vagas \u2013 Vendedor Porta a Porta<\/strong><\/p>\n\n\n\n<p>Escolaridade \u2013 ensino m\u00e9dio completo;<\/p>\n\n\n\n<p>Experi\u00eancia \u2013 n\u00e3o \u00e9 necess\u00e1rio;<\/p>\n\n\n\n<p>Requisitos obrigat\u00f3rios \u2013 ser din\u00e2mico, comunicativo, saber trabalhar em equipe e com metas, resiliente, disposi\u00e7\u00e3o para caminhar no sol e deslocar-se pela cidade;<\/p>\n\n\n\n<p>Atividades \u2013 realizar a prospec\u00e7\u00e3o de novos clientes para a empresa, priorizando a identifica\u00e7\u00e3o das necessidades desses potenciais clientes e oferecendo as melhores solu\u00e7\u00f5es de acordo com as demandas e o fit deles em rela\u00e7\u00e3o \u00e0 sua oferta.<\/p>\n\n\n\n<p>Dispon\u00edvel at\u00e9 24\/01\/2023 ou encerramento da vaga.<\/p>\n\n\n\n<p><strong>1 vaga \u2013 Operador de M\u00e1quinas Pesadas<\/strong><\/p>\n\n\n\n<p>Escolaridade \u2013 ensino m\u00e9dio completo;<\/p>\n\n\n\n<p>Experi\u00eancia \u2013 registrada na Carteira de Trabalho;<\/p>\n\n\n\n<p>Requisitos obrigat\u00f3rios \u2013 ter disponibilidade para viagem;<\/p>\n\n\n\n<p>Atividades \u2013 operar m\u00e1quina escavadeira em obras, realizar demoli\u00e7\u00f5es, escava\u00e7\u00f5es, carregamento de ca\u00e7ambas e terraplenagem em solos. Verificar condi\u00e7\u00f5es dos acess\u00f3rios e funcionamento do sistema hidr\u00e1ulico e el\u00e9trico.<\/p>\n\n\n\n<p>Dispon\u00edvel at\u00e9 30\/01\/2023 ou encerramento da vaga.<\/p>\n\n\n\n<p><strong>8 vagas \u2013 Atendente de Lanchonete<\/strong><\/p>\n\n\n\n<p>Escolaridade \u2013 ensino m\u00e9dio incompleto;<\/p>\n\n\n\n<p>Experi\u00eancia \u2013 primeiro emprego;<\/p>\n\n\n\n<p>Requisitos obrigat\u00f3rios \u2013 residir nos seguintes bairros: Reden\u00e7\u00e3o, Nova Esperan\u00e7a I e II, Santo Agostinho, Compensa I, II e III, Vila da Prata, S\u00e3o Jorge, Bairro da Uni\u00e3o, Man\u00f4a e Monte das Oliveiras. \u00c9 necess\u00e1rio ter as 4 doses da vacina contra Covid-19;<\/p>\n\n\n\n<p>Atividades \u2013 realizar atendimento ao p\u00fablico no balc\u00e3o e nas mesas, anotando pedidos, solicitando o preparo dos alimentos junto \u00e0 cozinha, acertando comandas, efetuando o recebimento de valores, organizando o estoque e repondo produtos em prateleiras. Higieniza\u00e7\u00e3o de utens\u00edlios.<\/p>\n\n\n\n<p>Dispon\u00edvel at\u00e9 24\/01\/2023 ou encerramento da vaga.<\/p>\n\n\n\n<p><strong>3 vagas \u2013 Auxiliar de Limpeza \u2013 vagas exclusivas para Pessoas com Defici\u00eancia (PcD)<\/strong><\/p>\n\n\n\n<p>Escolaridade \u2013 ensino fundamental completo;<\/p>\n\n\n\n<p>Experi\u00eancia \u2013 seis meses na carteira de trabalho;<\/p>\n\n\n\n<p>Atividades \u2013 atuar na limpeza e organiza\u00e7\u00e3o.<\/p>\n\n\n\n<p>Dispon\u00edvel at\u00e9 24\/01\/2023 ou encerramento da vaga.<\/p>\n\n\n\n<p><strong>4 vagas \u2013 Repositor de Mercadorias \u2013 vagas exclusivas para Pessoas com Defici\u00eancia (PcD)<\/strong><\/p>\n\n\n\n<p>Escolaridade \u2013 ensino m\u00e9dio completo;<\/p>\n\n\n\n<p>Experi\u00eancia \u2013 n\u00e3o \u00e9 necess\u00e1rio;<\/p>\n\n\n\n<p>Atividades \u2013 organizar, repor, conservar e precificar os produtos do estabelecimento, controlar os n\u00edveis de estoque, solicitando a compra dos materiais necess\u00e1rios.<\/p>\n\n\n\n<p>Dispon\u00edvel at\u00e9 24\/01\/2023 ou encerramento da vaga.<\/p>\n\n\n\n<p><strong>2 vagas \u2013 Cozinheiro<\/strong><\/p>\n\n\n\n<p>Escolaridade \u2013 ensino m\u00e9dio completo;<\/p>\n\n\n\n<p>Experi\u00eancia \u2013 seis meses na&nbsp;Carteira de Trabalho;<\/p>\n\n\n\n<p>Atividades \u2013 preparar alimentos sob supervis\u00e3o de nutricionista, de modo que assegure a qualidade, higiene, sabor, aroma e apresenta\u00e7\u00e3o da refei\u00e7\u00e3o a ser servida. Inspecionar a higieniza\u00e7\u00e3o de equipamentos e utens\u00edlios.<\/p>\n\n\n\n<p>Dispon\u00edvel at\u00e9 24\/01\/2023 ou encerramento da vaga.<\/p>\n\n\n\n<p><strong>4 vagas \u2013 Vendedor Interno<\/strong><\/p>\n\n\n\n<p>Escolaridade \u2013 ensino fundamental completo;<\/p>\n\n\n\n<p>Experi\u00eancia \u2013 seis meses na Carteira de Trabalho ou declara\u00e7\u00e3o;<\/p>\n\n\n\n<p>Atividades \u2013 atua nas depend\u00eancias da empresa e realiza as suas vendas por meio de diversos canais de comunica\u00e7\u00e3o, como telefone, videochamada, mensagens, redes sociais, e-mails e demais recursos que permitam realizar o processo de negocia\u00e7\u00e3o com os clientes.<\/p>\n\n\n\n<p>Dispon\u00edvel at\u00e9 24\/01\/2023 ou encerramento da vaga.<\/p>\n\n\n\n<p><strong>2 vagas \u2013 Vendedor Interno<\/strong><\/p>\n\n\n\n<p>Escolaridade \u2013 ensino m\u00e9dio completo;<\/p>\n\n\n\n<p>Experi\u00eancia \u2013 n\u00e3o \u00e9 necess\u00e1rio;<\/p>\n\n\n\n<p>Requisitos obrigat\u00f3rios \u2013 residir na zona Centro-Sul de Manaus;<\/p>\n\n\n\n<p>Atividades \u2013 atuar nas depend\u00eancias da empresa e realizar vendas por meio de diversos canais de comunica\u00e7\u00e3o, tais como telefone, videochamada, mensagens, redes sociais, e-mails e demais recursos que permitam realizar o processo de negocia\u00e7\u00e3o com os clientes.<\/p>\n\n\n\n<p>Dispon\u00edvel at\u00e9 25\/01\/2023 ou encerramento da vaga.<\/p>\n\n\n\n<p><strong>3 vagas \u2013 Vendedor Interno<\/strong><\/p>\n\n\n\n<p>Escolaridade \u2013 ensino m\u00e9dio completo;<\/p>\n\n\n\n<p>Experi\u00eancia \u2013 n\u00e3o \u00e9 necess\u00e1rio;<\/p>\n\n\n\n<p>Requisitos obrigat\u00f3rios \u2013 ter disponibilidade de hor\u00e1rio; experi\u00eancia na \u00e1rea de vendas&nbsp;e atendimento ao p\u00fablico; conhecimento no sistema fotovoltaico (conhecimento em montagem de sistema de energia solar) e na \u00e1rea de inform\u00e1tica (Word e Excel).<\/p>\n\n\n\n<p>Dispon\u00edvel at\u00e9 25\/01\/2023 ou encerramento da vaga.<\/p>\n\n\n\n<p><strong>1 vaga \u2013 Auxiliar de Escrit\u00f3rio \u2013 vaga exclusiva para Pessoa com Defici\u00eancia (PcD)<\/strong><\/p>\n\n\n\n<p>Escolaridade \u2013 ensino m\u00e9dio completo;<\/p>\n\n\n\n<p>Experi\u00eancia \u2013 seis meses na Carteira de Trabalho;<\/p>\n\n\n\n<p>Requisitos obrigat\u00f3rios \u2013 ter curso de inform\u00e1tica b\u00e1sica;<\/p>\n\n\n\n<p>Atividades \u2013 executar servi\u00e7os de apoio nas \u00e1reas de recursos humanos, administra\u00e7\u00e3o, finan\u00e7as e log\u00edstica. Atender fornecedores e clientes, fornecer e receber informa\u00e7\u00f5es sobre produtos, servi\u00e7os e documentos variados. Atuar na concess\u00e3o de microcr\u00e9dito a microempres\u00e1rios, atendendo clientes em campo e nas ag\u00eancias, prospectando clientes, entre outras atividades correlatas.<\/p>\n\n\n\n<p>Dispon\u00edvel at\u00e9 24\/01\/2023 ou encerramento da vaga.<\/p>\n\n\n\n<p><strong>2 vagas \u2013 Cozinheiro L\u00edder<\/strong><\/p>\n\n\n\n<p>Escolaridade \u2013 ensino m\u00e9dio completo;<\/p>\n\n\n\n<p>Experi\u00eancia \u2013 seis meses na Carteira de Trabalho;<\/p>\n\n\n\n<p>Requisitos obrigat\u00f3rios \u2013 ter experi\u00eancia comprovada em cozinha industrial com alta demanda;<\/p>\n\n\n\n<p>Atividades \u2013 supervisionar o preparo e montagem de pratos nos restaurantes, orientar e verificar a elabora\u00e7\u00e3o das receitas e controlar o estoque de alimentos, para assegurar a qualidade do servi\u00e7o prestado.<\/p>\n\n\n\n<p>Dispon\u00edvel at\u00e9 24\/01\/2023 ou encerramento da vaga.<\/p>\n\n\n\n<p><strong>1 vaga \u2013 Ajudante de Cozinha<\/strong><\/p>\n\n\n\n<p>Escolaridade \u2013 ensino fundamental completo;<\/p>\n\n\n\n<p>Experi\u00eancia \u2013 seis meses na Carteira de Trabalho;<\/p>\n\n\n\n<p>Requisitos obrigat\u00f3rios \u2013 ter experi\u00eancia comprovada em cozinha industrial com alta demanda e conhecimento em cozinha quente;<\/p>\n\n\n\n<p>Atividades \u2013 supervisionar o preparo e montagem de pratos nos restaurantes, orientar e verificar a elabora\u00e7\u00e3o das receitas e controlar o estoque de alimentos, para assegurar a qualidade do servi\u00e7o prestado.<\/p>\n\n\n\n<p>Dispon\u00edvel at\u00e9 24\/01\/2023 ou encerramento da vaga.<\/p>\n\n\n\n<p><strong>1 vaga \u2013 Chapeiro<\/strong><\/p>\n\n\n\n<p>Escolaridade \u2013 ensino fundamental completo;<\/p>\n\n\n\n<p>Experi\u00eancia \u2013 seis meses na Carteira de Trabalho;<\/p>\n\n\n\n<p>Atividades \u2013 atuar no preparo e montagem de lanches quentes, pratos r\u00e1pidos e por\u00e7\u00f5es em geral. Organizar o local de trabalho, utens\u00edlios e geladeiras.<\/p>\n\n\n\n<p>Dispon\u00edvel at\u00e9 24\/01\/2023 ou encerramento da vaga.<\/p>\n\n\n\n<p><strong>1 vaga \u2013 Auxiliar de Mesa em Restaurante<\/strong><\/p>\n\n\n\n<p>Escolaridade \u2013 ensino m\u00e9dio completo;<\/p>\n\n\n\n<p>Experi\u00eancia \u2013 seis meses na Carteira de Trabalho;<\/p>\n\n\n\n<p>Atividades \u2013 auxiliar nas diversas tarefas do restaurante, como prepara\u00e7\u00e3o de alimentos, limpeza e conserva\u00e7\u00e3o das depend\u00eancias do restaurante, lanchonete e equipamentos existentes. Auxiliar no preparo das refei\u00e7\u00f5es, sobremesas e lanches.<\/p>\n\n\n\n<p>Dispon\u00edvel at\u00e9 24\/01\/2023 ou encerramento da vaga.<\/p>\n\n\n\n<p><strong>1 vaga \u2013 Gerente de Showroom<\/strong><\/p>\n\n\n\n<p>Escolaridade \u2013 ensino m\u00e9dio completo;<\/p>\n\n\n\n<p>Experi\u00eancia \u2013 seis meses na Carteira de Trabalho;<\/p>\n\n\n\n<p>Atividades \u2013 supervisionar a \u00e1rea de vendas de uma opera\u00e7\u00e3o de varejo, geralmente uma que envolve ve\u00edculos ou outros produtos de alto valor; liderar e supervisionar uma equipe de especialistas de vendas e pessoal de apoio.<\/p>\n\n\n\n<p>Dispon\u00edvel at\u00e9 24\/01\/2023 ou encerramento da vaga.<\/p>\n\n\n\n<p><strong>1 vaga \u2013 Operador de Loja \u2013 vaga exclusiva para Pessoa com Defici\u00eancia (PcD)<\/strong><\/p>\n\n\n\n<p>Escolaridade \u2013 ensino m\u00e9dio completo;<\/p>\n\n\n\n<p>Experi\u00eancia \u2013 n\u00e3o \u00e9 necess\u00e1rio;<\/p>\n\n\n\n<p>Atividades \u2013 fazer a organiza\u00e7\u00e3o, conserva\u00e7\u00e3o e precifica\u00e7\u00e3o dos produtos, registro de entrada e sa\u00edda de mercadorias e controle dos n\u00edveis de estoque, solicitando a compra dos materiais necess\u00e1rios para reposi\u00e7\u00e3o. Realizar o atendimento e acompanhamento do cliente pela loja, apresentando os produtos.<\/p>\n\n\n\n<p>Dispon\u00edvel at\u00e9 24\/01\/2023 ou encerramento da vaga.<\/p>\n\n\n\n<p><strong>4 vagas \u2013 Repositor de Mercadorias<\/strong><\/p>\n\n\n\n<p>Escolaridade \u2013 ensino m\u00e9dio completo;<\/p>\n\n\n\n<p>Experi\u00eancia \u2013 tr\u00eas meses na Carteira de Trabalho;<\/p>\n\n\n\n<p>Requisitos obrigat\u00f3rios \u2013 ter curso de inform\u00e1tica b\u00e1sica, disponibilidade para trabalhar no per\u00edodo noturno e residir pr\u00f3ximo ao bairro Japiim;<\/p>\n\n\n\n<p>Atividades \u2013 organizar, repor, conservar e precificar os produtos do estabelecimento; controlar os n\u00edveis de estoque, solicitando a compra dos materiais necess\u00e1rios.<\/p>\n\n\n\n<p>Dispon\u00edvel at\u00e9 24\/01\/2023 ou encerramento da vaga.<\/p>\n\n\n\n<p><strong>Vagas na Ind\u00fastria \u2013 24<\/strong><\/p>\n\n\n\n<p><strong>1 vaga \u2013 Mec\u00e2nico de Manuten\u00e7\u00e3o<\/strong><\/p>\n\n\n\n<p>Escolaridade \u2013 ensino t\u00e9cnico em el\u00e9trica, eletrot\u00e9cnica, eletr\u00f4nica, automa\u00e7\u00e3o industrial ou mec\u00e2nica completo;<\/p>\n\n\n\n<p>Experi\u00eancia \u2013 registrada na Carteira de Trabalho;<\/p>\n\n\n\n<p>Requisitos obrigat\u00f3rios \u2013 morar preferencialmente nas proximidades da zona Sul de Manaus;<\/p>\n\n\n\n<p>Atividades \u2013 atuar nas atividades de manuten\u00e7\u00e3o mec\u00e2nica, montando e desmontando m\u00e1quinas, equipamentos, tubula\u00e7\u00f5es e dispositivos, controlando, reparando e substituindo pe\u00e7as e dispositivos, visando o perfeito funcionamento dos equipamentos e sistemas. Realizar manuten\u00e7\u00f5es preventivas, realizar an\u00e1lise, inspe\u00e7\u00f5es, medi\u00e7\u00f5es e lubrifica\u00e7\u00e3o peri\u00f3dica, visando garantir o funcionamento adequado dos equipamentos, instala\u00e7\u00f5es e estruturas.<\/p>\n\n\n\n<p>Dispon\u00edvel at\u00e9 24\/01\/2023 ou encerramento da vaga.<\/p>\n\n\n\n<p><strong>5 vagas \u2013 Assistente Administrativo \u2013 vagas exclusivas para Pessoas com Defici\u00eancia (PcD)&nbsp;<\/strong><\/p>\n\n\n\n<p>Escolaridade \u2013 ensino m\u00e9dio completo;<\/p>\n\n\n\n<p>Experi\u00eancia \u2013 seis meses na Carteira de Trabalho;<\/p>\n\n\n\n<p>Atividades \u2013 atendimento telef\u00f4nico, suporte administrativo e organiza\u00e7\u00e3o de arquivos.<\/p>\n\n\n\n<p>Dispon\u00edvel at\u00e9 24\/01\/2023 ou encerramento da vaga.<\/p>\n\n\n\n<p><strong>2 vagas \u2013 Auxiliar de Limpeza \u2013 vagas exclusivas para Pessoas com Defici\u00eancia (PcD)<\/strong><\/p>\n\n\n\n<p>Escolaridade \u2013 ensino fundamental completo;<\/p>\n\n\n\n<p>Experi\u00eancia \u2013 seis meses na Carteira de Trabalho;<\/p>\n\n\n\n<p>Requisitos obrigat\u00f3rios \u2013 residir em bairros pr\u00f3ximos \u00e0 empresa;<\/p>\n\n\n\n<p>Atividades \u2013 realizar limpeza em geral, \u00e1reas internas e externas.<\/p>\n\n\n\n<p>Dispon\u00edvel at\u00e9 24\/01\/2023 ou encerramento da vaga.<\/p>\n\n\n\n<p><strong>1 vaga \u2013 Limpador de Piscina<\/strong><\/p>\n\n\n\n<p>Escolaridade \u2013 ensino fundamental completo;<\/p>\n\n\n\n<p>Experi\u00eancia \u2013 seis meses na Carteira de Trabalho;<\/p>\n\n\n\n<p>Atividades \u2013 executar servi\u00e7os de manuten\u00e7\u00e3o el\u00e9trica, mec\u00e2nica, hidr\u00e1ulica, carpintaria e alvenaria, substituindo, trocando, limpando, reparando e instalando pe\u00e7as, componentes e equipamentos. Conservar vidros e fachadas, limpar recintos e acess\u00f3rios e tratar piscinas. Trabalhar seguindo normas de seguran\u00e7a, higiene, qualidade e prote\u00e7\u00e3o ao meio ambiente.<\/p>\n\n\n\n<p>Dispon\u00edvel at\u00e9 24\/01\/2023 ou encerramento da vaga.<\/p>\n\n\n\n<p><strong>1 vaga \u2013 Assistente de Engenharia<\/strong><\/p>\n\n\n\n<p>Escolaridade \u2013 ensino superior em engenharia el\u00e9trica ou mec\u00e2nica cursando ou completo<\/p>\n\n\n\n<p>Experi\u00eancia \u2013 seis meses na Carteira de Trabalho;<\/p>\n\n\n\n<p>Requisitos obrigat\u00f3rios \u2013 ter experi\u00eancia com rotinas de manuten\u00e7\u00e3o predial e facilities, desej\u00e1vel conhecer fiscaliza\u00e7\u00e3o de servi\u00e7os de manuten\u00e7\u00e3o predial e projetos\/memorial descritivo, organiza\u00e7\u00e3o do software de gest\u00e3o de manuten\u00e7\u00e3o, controle de cumprimento de prazos, controle e gest\u00e3o dos contratos terceiros e controle das atividades de manuten\u00e7\u00e3o predial;<\/p>\n\n\n\n<p>Atividades \u2013 auxiliar na realiza\u00e7\u00e3o de levantamentos, desenvolvimento e legaliza\u00e7\u00e3o de projetos de edifica\u00e7\u00f5es sob supervis\u00e3o. Planejar a execu\u00e7\u00e3o, or\u00e7ar e providenciar suprimentos e supervisionar a execu\u00e7\u00e3o de obras e servi\u00e7os, realizando levantamentos. Desenvolver e legalizar projetos de edifica\u00e7\u00f5es sob supervis\u00e3o de um engenheiro civil, planejar a execu\u00e7\u00e3o, or\u00e7ar e providenciar suprimentos e supervisionar a execu\u00e7\u00e3o de obras e servi\u00e7os. Treinar m\u00e3o-de-obra e realizar o controle tecnol\u00f3gico de materiais e do solo.<\/p>\n\n\n\n<p>Dispon\u00edvel at\u00e9 24\/01\/2023 ou encerramento da vaga.<\/p>\n\n\n\n<p><strong>2 vagas \u2013 Operador de Extrusora<\/strong><\/p>\n\n\n\n<p>Escolaridade \u2013 ensino m\u00e9dio completo;<\/p>\n\n\n\n<p>Experi\u00eancia \u2013 seis meses na Carteira de Trabalho;<\/p>\n\n\n\n<p>Requisitos obrigat\u00f3rios&nbsp;\u2013 ter experi\u00eancia com extrusora de chapa PP ou PS;<\/p>\n\n\n\n<p>Atividades \u2013 manusear m\u00e1quina extrusora, controlar a temperatura e registrar as n\u00e3o-conformidades. Conhecer montagem e desmontagem da m\u00e1quina, al\u00e9m de realizar a manuten\u00e7\u00e3o preventiva e corretiva da mesma.<\/p>\n\n\n\n<p>Dispon\u00edvel at\u00e9 24\/01\/2023 ou encerramento da vaga.<\/p>\n\n\n\n<p><strong>2 vagas \u2013 T\u00e9cnico de Panifica\u00e7\u00e3o<\/strong><\/p>\n\n\n\n<p>Escolaridade \u2013 ensino m\u00e9dio completo;<\/p>\n\n\n\n<p>Experi\u00eancia \u2013 seis meses na carteira de trabalho;<\/p>\n\n\n\n<p>Atividades \u2013 realizar a produ\u00e7\u00e3o de p\u00e3es, massas, pizzas e salgados de maneira artesanal e industrializada. Organizar a \u00e1rea de trabalho e mat\u00e9ria-prima nas produ\u00e7\u00f5es e executar pr\u00e1ticas de manipula\u00e7\u00e3o de alimentos.<\/p>\n\n\n\n<p>Dispon\u00edvel at\u00e9 24\/01\/2023 ou encerramento da vaga.<\/p>\n\n\n\n<p><strong>2 vagas \u2013 Auxiliar de Limpeza \u2013 vagas exclusivas para Pessoas com Defici\u00eancia (PcD)<\/strong><\/p>\n\n\n\n<p>Escolaridade \u2013 ensino m\u00e9dio completo;<\/p>\n\n\n\n<p>Experi\u00eancia \u2013 seis meses na Carteira de Trabalho;<\/p>\n\n\n\n<p>Requisitos obrigat\u00f3rios \u2013 residir em bairros pr\u00f3ximos \u00e0 empresa;<\/p>\n\n\n\n<p>Atividades \u2013 realizar limpeza e manuten\u00e7\u00e3o das \u00e1reas internas e externas.<\/p>\n\n\n\n<p>Dispon\u00edvel at\u00e9 24\/01\/2023 ou encerramento da vaga.<\/p>\n\n\n\n<p><strong>8 vagas \u2013 Auxiliar de Produ\u00e7\u00e3o<\/strong><\/p>\n\n\n\n<p>Escolaridade \u2013 ensino m\u00e9dio completo;<\/p>\n\n\n\n<p>Experi\u00eancia \u2013 seis meses na Carteira de Trabalho;<\/p>\n\n\n\n<p>Requisitos obrigat\u00f3rios \u2013 ter cursos de metrologia e TBO e residir nos seguintes bairros: Tancredo Neves, Zumbi, S\u00e3o Jos\u00e9, Novo Aleixo, Mauazinho, Distrito Industrial, Braga Mendes e Morro da Liberdade;<\/p>\n\n\n\n<p>Atividades \u2013 trabalhar na linha de produ\u00e7\u00e3o, em atividades operacionais na linha de ferro e metais.<\/p>\n\n\n\n<p>Dispon\u00edvel at\u00e9 24\/01\/2023 ou encerramento da vaga.<\/p>\n\n\n\n<p><strong>Vagas em Servi\u00e7os \u2013 49<\/strong><\/p>\n\n\n\n<p><strong>1 vaga \u2013 Professor de L\u00edngua Inglesa<\/strong><\/p>\n\n\n\n<p>Escolaridade \u2013 ensino superior em l\u00edngua inglesa completo;<\/p>\n\n\n\n<p>Experi\u00eancia \u2013 registrada na Carteira de Trabalho;<\/p>\n\n\n\n<p>Atividades \u2013 estimular o estudante para que aprenda de forma ativa, ou seja, com verdadeiro interesse pelo aprendizado; incentivar essa dedica\u00e7\u00e3o para que o aluno se exponha de maneira natural ao idioma.<\/p>\n\n\n\n<p>Dispon\u00edvel at\u00e9 24\/01\/2023 ou encerramento da vaga.<\/p>\n\n\n\n<p><strong>2 vagas \u2013 Auxiliar de Limpeza \u2013 vaga exclusivas para Pessoas com Defici\u00eancia (PcD)&nbsp;<\/strong><\/p>\n\n\n\n<p>Escolaridade \u2013 ensino fundamental completo;<\/p>\n\n\n\n<p>Experi\u00eancia \u2013 seis meses na Carteira de Trabalho;<\/p>\n\n\n\n<p>Atividades \u2013 realizar limpeza em geral, \u00e1reas internas e externas.<\/p>\n\n\n\n<p>Dispon\u00edvel at\u00e9 24\/01\/2023 ou encerramento da vaga.<\/p>\n\n\n\n<p><strong>2 vagas \u2013 Mec\u00e2nico de Autom\u00f3vel de Linha Pesada<\/strong><\/p>\n\n\n\n<p>Escolaridade \u2013 ensino fundamental completo;<\/p>\n\n\n\n<p>Experi\u00eancia \u2013 seis meses na Carteira de Trabalho;<\/p>\n\n\n\n<p>Atividades \u2013 realizar manuten\u00e7\u00e3o mec\u00e2nica preventiva e corretiva de ve\u00edculos, montar e trocar pe\u00e7as, lubrificar motor, regular mecanismos e alinha dire\u00e7\u00e3o. Auxiliar o cliente quanto \u00e0 substitui\u00e7\u00e3o e aproveitamento de componentes.<\/p>\n\n\n\n<p>Dispon\u00edvel at\u00e9 24\/01\/2023 ou encerramento da vaga.<\/p>\n\n\n\n<p><strong>3 vagas \u2013 Montador de ACM<\/strong><\/p>\n\n\n\n<p>Escolaridade \u2013 ensino m\u00e9dio completo;<\/p>\n\n\n\n<p>Experi\u00eancia \u2013 seis meses na Carteira de Trabalho;<\/p>\n\n\n\n<p>Requisitos obrigat\u00f3rios \u2013 ter disponibilidade para viajar;<\/p>\n\n\n\n<p>Atividades \u2013 realizar a montagem e desmontagem de estrutura met\u00e1lica.<\/p>\n\n\n\n<p>Dispon\u00edvel at\u00e9 24\/01\/2023 ou encerramento da vaga.<\/p>\n\n\n\n<p><strong>3 vagas \u2013 Encarregado de Terraplanagem<\/strong><\/p>\n\n\n\n<p>Escolaridade \u2013 ensino m\u00e9dio completo;<\/p>\n\n\n\n<p>Experi\u00eancia \u2013 seis meses na Carteira de Trabalho;<\/p>\n\n\n\n<p>Requisitos obrigat\u00f3rios \u2013 ter disponibilidade para viajar;<\/p>\n\n\n\n<p>Atividades \u2013 supervisionar colaboradores, acompanhar cronograma e fazer medi\u00e7\u00e3o da obra.<\/p>\n\n\n\n<p>Dispon\u00edvel at\u00e9 24\/01\/2023 ou encerramento da vaga.<\/p>\n\n\n\n<p><strong>1 vaga \u2013 Montador de Esquadria<\/strong><\/p>\n\n\n\n<p>Escolaridade \u2013 ensino m\u00e9dio completo;<\/p>\n\n\n\n<p>Experi\u00eancia \u2013 seis meses na Carteira de Trabalho;<\/p>\n\n\n\n<p>Atividades \u2013 realizar montagem, instala\u00e7\u00e3o, manuten\u00e7\u00e3o e acabamento de esquadrias de alum\u00ednio, madeiras, entre outros materiais.<\/p>\n\n\n\n<p>Dispon\u00edvel at\u00e9 24\/01\/2023 ou encerramento da vaga.<\/p>\n\n\n\n<p><strong>5 vagas \u2013 Auxiliar de Cozinha<\/strong><\/p>\n\n\n\n<p>Escolaridade \u2013 ensino m\u00e9dio completo;<\/p>\n\n\n\n<p>Experi\u00eancia \u2013 seis meses na carteira de trabalho;<\/p>\n\n\n\n<p>Atividades \u2013 prepara\u00e7\u00e3o de alimentos, limpeza e conserva\u00e7\u00e3o das depend\u00eancias do restaurante, lanchonete e equipamentos existentes.<\/p>\n\n\n\n<p>Dispon\u00edvel at\u00e9 24\/01\/2023 ou encerramento da vaga.<\/p>\n\n\n\n<p><strong>2 vagas \u2013 Recepcionista<\/strong><\/p>\n\n\n\n<p>Escolaridade \u2013 ensino m\u00e9dio completo;<\/p>\n\n\n\n<p>Experi\u00eancia \u2013 seis meses na carteira de trabalho ou declara\u00e7\u00e3o;<\/p>\n\n\n\n<p>Requisitos obrigat\u00f3rios \u2013 disponibilidade para dormir no local de trabalho (hotel de selva) e ter Ingl\u00eas fluente;<\/p>\n\n\n\n<p>Atividades \u2013 atender os clientes, recepcionando-os e fazendo check-in.<\/p>\n\n\n\n<p>Dispon\u00edvel at\u00e9 24\/01\/2023 ou encerramento da vaga.<\/p>\n\n\n\n<p><strong>1 vaga \u2013 Forneiro de Panificadora<\/strong><\/p>\n\n\n\n<p>Escolaridade \u2013 ensino fundamental completo;<\/p>\n\n\n\n<p>Experi\u00eancia \u2013 seis meses na carteira de trabalho;<\/p>\n\n\n\n<p>Requisitos obrigat\u00f3rios \u2013 profissional respons\u00e1vel, pontual, habilidoso e experiente;<\/p>\n\n\n\n<p>Atividades \u2013 operar forno de panificadora com zelo, pontualidade, cuidados e responsabilidade; assar p\u00e3es, biscoitos, p\u00e3es de queijo, salgados e bolos; pincelar e organizar os produtos para assar; fazer as pestanas nos p\u00e3es para assar, manusear os carrinhos de p\u00e3es e fazer as prepara\u00e7\u00f5es para assar; transportar os produtos para a loja e abastecer com produtos rec\u00e9m-assados.<\/p>\n\n\n\n<p>Dispon\u00edvel at\u00e9 24\/01\/2023 ou encerramento da vaga.<\/p>\n\n\n\n<p><strong>2 vagas \u2013 Bombeiro Hidr\u00e1ulico<\/strong><\/p>\n\n\n\n<p>Escolaridade \u2013 ensino m\u00e9dio completo;<\/p>\n\n\n\n<p>Experi\u00eancia \u2013 seis meses na Carteira de Trabalho;<\/p>\n\n\n\n<p>Requisitos obrigat\u00f3rios \u2013 ter curso de agente de portaria atualizado;<\/p>\n\n\n\n<p>Atividades \u2013 operacionalizar projetos de instala\u00e7\u00f5es de tubula\u00e7\u00f5es, definir tra\u00e7ados e dimensionar tubula\u00e7\u00f5es, especificar, quantificar e inspecionar materiais, preparar locais para instala\u00e7\u00f5es, realizar pr\u00e9-montagem e instalar tubula\u00e7\u00f5es, realizar testes operacionais de press\u00e3o de fluidos e testes de estanqueidade.<\/p>\n\n\n\n<p>Dispon\u00edvel at\u00e9 24\/01\/2023 ou encerramento da vaga.<\/p>\n\n\n\n<p><strong>1 vaga \u2013 T\u00e9cnico de Cabeamento<\/strong><\/p>\n\n\n\n<p>Escolaridade \u2013 ensino m\u00e9dio completo;<\/p>\n\n\n\n<p>Experi\u00eancia \u2013 tr\u00eas meses na Carteira de Trabalho;<\/p>\n\n\n\n<p>Requisitos obrigat\u00f3rios \u2013 diferencial ter cursos voltados para a \u00e1rea de redes, e seguran\u00e7a eletr\u00f4nica (cftv, alarme, infra e cabeamento estruturado);<\/p>\n\n\n\n<p>Atividades \u2013 realizar configura\u00e7\u00f5es de equipamentos de seguran\u00e7a eletr\u00f4nica, atendimento de redes, help desk, cabeamento estruturado, cftv, alarme e redes.<\/p>\n\n\n\n<p>Dispon\u00edvel at\u00e9 24\/01\/2023 ou encerramento da vaga.<\/p>\n\n\n\n<p><strong>1 vaga \u2013 T\u00e9cnico de Seguran\u00e7a Eletr\u00f4nica<\/strong><\/p>\n\n\n\n<p>Escolaridade \u2013 ensino m\u00e9dio completo;<\/p>\n\n\n\n<p>Experi\u00eancia \u2013 tr\u00eas meses na Carteira de Trabalho;<\/p>\n\n\n\n<p>Requisitos obrigat\u00f3rios \u2013 diferencial ter cursos voltados para a \u00e1rea de redes, e seguran\u00e7a eletr\u00f4nica (cftv, alarme, infra e cabeamento estruturado);<\/p>\n\n\n\n<p>Atividades \u2013 realizar configura\u00e7\u00f5es de equipamentos de seguran\u00e7a eletr\u00f4nica, atendimento de redes, help desk, cabeamento estruturado, cftv, alarme e redes.<\/p>\n\n\n\n<p>Dispon\u00edvel at\u00e9 24\/01\/2023 ou encerramento da vaga.<\/p>\n\n\n\n<p><strong>1 vaga \u2013 Auxiliar de T\u00e9cnico de Seguran\u00e7a Eletr\u00f4nica<\/strong><\/p>\n\n\n\n<p>Escolaridade \u2013 ensino m\u00e9dio completo;<\/p>\n\n\n\n<p>Experi\u00eancia \u2013 tr\u00eas meses na Carteira de Trabalho;<\/p>\n\n\n\n<p>Requisitos obrigat\u00f3rios \u2013 diferencial ter cursos voltados para a \u00e1rea de redes, e seguran\u00e7a eletr\u00f4nica (cftv, alarme, infra e cabeamento estruturado);<\/p>\n\n\n\n<p>Atividades \u2013 realizar configura\u00e7\u00f5es de equipamentos de seguran\u00e7a eletr\u00f4nica, atendimento de redes, help desk, cabeamento estruturado, cftv, alarme e redes.<\/p>\n\n\n\n<p>Dispon\u00edvel at\u00e9 24\/01\/2023 ou encerramento da vaga.<\/p>\n\n\n\n<p><strong>1 vaga \u2013 Auxiliar de Cobran\u00e7a<\/strong><\/p>\n\n\n\n<p>Escolaridade \u2013 ensino m\u00e9dio completo;<\/p>\n\n\n\n<p>Experi\u00eancia \u2013 registrada na Carteira de Trabalho;<\/p>\n\n\n\n<p>Requisitos obrigat\u00f3rios \u2013 ter curso de excel avan\u00e7ado e experi\u00eancia na \u00e1rea de medicamentos;<\/p>\n\n\n\n<p>Atividades \u2013 realizar cobran\u00e7a e concilia\u00e7\u00e3o banc\u00e1ria, an\u00e1lise de cr\u00e9ditos, negocia\u00e7\u00e3o de d\u00e9bitos, libera\u00e7\u00e3o de pedidos, gerar relat\u00f3rios, entre outras atividades correlatas.<\/p>\n\n\n\n<p>Dispon\u00edvel at\u00e9 24\/01\/2023 ou encerramento da vaga.<\/p>\n\n\n\n<p><strong>2 vagas \u2013 Operador de M\u00e1quinas Pesadas<\/strong><\/p>\n\n\n\n<p>Escolaridade \u2013 ensino fundamental completo;<\/p>\n\n\n\n<p>Experi\u00eancia \u2013 seis meses na Carteira de Trabalho;<\/p>\n\n\n\n<p>Requisitos obrigat\u00f3rios \u2013 ter certificado de capacidade t\u00e9cnica como operador de escavadeira hidr\u00e1ulica, Carteira Nacional de Habilita\u00e7\u00e3o categoria \u201cD\u201d dentro do prazo de validade, as 4 doses da vacina contra Covid-19, Sarampo, T\u00e9tano, Febre Amarela e H1N1;<\/p>\n\n\n\n<p>Atividades \u2013 operar m\u00e1quinas em obras, realizar demoli\u00e7\u00f5es, escava\u00e7\u00f5es, carregamento de ca\u00e7ambas e terraplenagem em solos. Verificar condi\u00e7\u00f5es dos acess\u00f3rios e funcionamento do sistema hidr\u00e1ulico e el\u00e9trico.<\/p>\n\n\n\n<p>Dispon\u00edvel at\u00e9 25\/01\/2023 ou encerramento da vaga.<\/p>\n\n\n\n<p><strong>1 vaga \u2013 L\u00edder de Produ\u00e7\u00e3o<\/strong><\/p>\n\n\n\n<p>Escolaridade \u2013 ensino m\u00e9dio completo;<\/p>\n\n\n\n<p>Experi\u00eancia \u2013 seis meses na Carteira de Trabalho;<\/p>\n\n\n\n<p>Requisitos obrigat\u00f3rios \u2013 ter curso de matem\u00e1tica b\u00e1sica, metrologia e desenho t\u00e9cnico. Necess\u00e1rio ter conhecimento em plano de corte;<\/p>\n\n\n\n<p>Atividades \u2013 supervisionar as etapas que comp\u00f5em um processo produtivo na ind\u00fastria. Como normalmente isso acontece em uma linha de produ\u00e7\u00e3o, cabe ao l\u00edder gerir tudo que acontece em cada c\u00e9lula, at\u00e9 a entrega dos produtos acabados.<\/p>\n\n\n\n<p>Dispon\u00edvel at\u00e9 24\/01\/2023 ou encerramento da vaga.<\/p>\n\n\n\n<p><strong>1 vaga \u2013 Eletricista Veicular<\/strong><\/p>\n\n\n\n<p>Escolaridade \u2013 ensino fundamental completo;<\/p>\n\n\n\n<p>Experi\u00eancia \u2013 seis meses na Carteira de Trabalho;<\/p>\n\n\n\n<p>Atividades \u2013 manuten\u00e7\u00e3o de sistemas el\u00e9tricos de ve\u00edculos de transporte urbano, inspe\u00e7\u00e3o, manuten\u00e7\u00e3o preventiva e corretiva.<\/p>\n\n\n\n<p>Dispon\u00edvel at\u00e9 24\/01\/2023 ou encerramento da vaga.<\/p>\n\n\n\n<p><strong>1 vaga \u2013 Instalador de Redes Telef\u00f4nicas<\/strong><\/p>\n\n\n\n<p>Escolaridade \u2013 ensino m\u00e9dio completo;<\/p>\n\n\n\n<p>Experi\u00eancia \u2013 seis meses na Carteira de Trabalho;<\/p>\n\n\n\n<p>Atividades \u2013 instala\u00e7\u00e3o de c\u00e2meras IP e sistema CFTV; montagem de infraestrutura de rede l\u00f3gica, voz, fibra \u00f3ptica e banco de dados do sistema CFTV; cabeamento estruturado de rede.<\/p>\n\n\n\n<p>Dispon\u00edvel at\u00e9 24\/01\/2023 ou encerramento da vaga.<\/p>\n\n\n\n<p><strong>1 vaga \u2013 Auxiliar de Jardinagem<\/strong><\/p>\n\n\n\n<p>Escolaridade \u2013 ensino m\u00e9dio completo;<\/p>\n\n\n\n<p>Experi\u00eancia \u2013 seis meses na Carteira de Trabalho;<\/p>\n\n\n\n<p>Atividades \u2013 efetuar a prepara\u00e7\u00e3o da terra, executar o plantio de sementes e mudas em covas previamente preparadas nos canteiros. Auxiliar no paisagismo e na conserva\u00e7\u00e3o dos jardins. Executar a podagem das plantas, aparando com serras e tesouras.<\/p>\n\n\n\n<p>Dispon\u00edvel at\u00e9 24\/01\/2023 ou encerramento da vaga.<\/p>\n\n\n\n<p><strong>2 vagas \u2013 Operador de Empilhadeira<\/strong><\/p>\n\n\n\n<p>Escolaridade \u2013 ensino m\u00e9dio completo;<\/p>\n\n\n\n<p>Experi\u00eancia \u2013 registrada na Carteira de Trabalho;<\/p>\n\n\n\n<p>Requisitos obrigat\u00f3rios \u2013 ter certifica\u00e7\u00e3o v\u00e1lida para operar empilhadeiras, Carteira Nacional de Habilita\u00e7\u00e3o categoria \u201cD\u201d e experi\u00eancia comprovada como operador de empilhadeira;<\/p>\n\n\n\n<p>Atividades \u2013 realizar confer\u00eancia de mercadorias. Carregar e descarregar materiais e mercadorias dos ve\u00edculos que chegam \u00e0 instala\u00e7\u00e3o. Localizar e transferir lotes de produtos para paletes ou caixotes de armazenamento remessa. Amarra\u00e7\u00e3o e arruma\u00e7\u00e3o de cargas.<\/p>\n\n\n\n<p>Dispon\u00edvel at\u00e9 24\/01\/2023 ou encerramento da vaga.<\/p>\n\n\n\n<p><strong>1 vaga \u2013 Eletricista Veicular<\/strong><\/p>\n\n\n\n<p>Escolaridade \u2013 ensino m\u00e9dio ou t\u00e9cnico em el\u00e9trica ou mec\u00e2nica completo;<\/p>\n\n\n\n<p>Experi\u00eancia \u2013 registrada na Carteira de Trabalho;<\/p>\n\n\n\n<p>Requisitos obrigat\u00f3rios \u2013 ter experi\u00eancia com as marcas Scania, Volvo e Mercedes, cursos na \u00e1rea e residir no bairro Aleixo ou adjac\u00eancias. Desej\u00e1vel ter Carteira Nacional de Habilita\u00e7\u00e3o categoria \u201cD\u201d dentro do prazo de validade;<\/p>\n\n\n\n<p>Atividades \u2013 planejar servi\u00e7os de instala\u00e7\u00e3o e manuten\u00e7\u00e3o eletroeletr\u00f4nicos em ve\u00edculos, estabelecendo cronogramas e estimando prazos. Instalar sistemas e componentes eletroeletr\u00f4nicos em ve\u00edculos, interpretando e corrigindo esquemas, conectando cabos aos equipamentos e acess\u00f3rios e testando o funcionamento de m\u00e1quinas, equipamentos e sistemas para opera\u00e7\u00e3o. Realizar manuten\u00e7\u00f5es preventiva, preditiva e corretiva, inspecionando visualmente m\u00e1quinas e equipamentos, diagnosticando defeitos eletroeletr\u00f4nicos, desmontando, reparando, lubrificando, substituindo e montando componentes, ajustando componentes e pe\u00e7as e simulando o funcionamento de componentes e equipamentos. Elaborar documenta\u00e7\u00e3o t\u00e9cnica, realizar com qualidade as instala\u00e7\u00f5es eletroeletr\u00f4nicas&nbsp;e cumprir normas de seguran\u00e7a, meio ambiente e sa\u00fade.<\/p>\n\n\n\n<p>Dispon\u00edvel at\u00e9 24\/01\/2023 ou encerramento da vaga.<\/p>\n\n\n\n<p><strong>4 vagas \u2013 Motorista de Caminh\u00e3o Ca\u00e7amba<\/strong><\/p>\n\n\n\n<p>Escolaridade \u2013 ensino m\u00e9dio completo;<\/p>\n\n\n\n<p>Experi\u00eancia \u2013 seis meses na Carteira de Trabalho;<\/p>\n\n\n\n<p>Requisitos obrigat\u00f3rios \u2013 ter certificado de capacidade t\u00e9cnica em MOPP, Dire\u00e7\u00e3o Defensiva e NR-11; Carteira Nacional de Habilita\u00e7\u00e3o categoria \u201cD\u201d dentro do prazo de validade,&nbsp;as 4 doses da vacina contra Covid-19, Sarampo, T\u00e9tano, Febre Amarela e H1N1;<\/p>\n\n\n\n<p>Atividades \u2013 transportar, coletar e entregar cargas em geral; guinchar, destombar e remover ve\u00edculos avariados e prestar socorro mec\u00e2nico; movimentar cargas volumosas e pesadas, operar equipamentos, realizar inspe\u00e7\u00f5es e reparos em ve\u00edculos, vistoriar cargas e verificar documenta\u00e7\u00e3o de ve\u00edculos e de cargas; definir rotas e assegurar a regularidade do transporte.<\/p>\n\n\n\n<p>Dispon\u00edvel at\u00e9 24\/01\/2023 ou encerramento da vaga.<\/p>\n\n\n\n<p><strong>1 vaga \u2013 Analista Fiscal<\/strong><\/p>\n\n\n\n<p>Escolaridade \u2013 ensino superior completo em contabilidade;<\/p>\n\n\n\n<p>Experi\u00eancia \u2013 seis meses na Carteira de Trabalho;<\/p>\n\n\n\n<p>Atividades \u2013 analisar o ambiente econ\u00f4mico, elaborar e executar projetos de pesquisa econ\u00f4mica, de mercado e de viabilidade econ\u00f4mica, dentre outros. Participar do planejamento estrat\u00e9gico e de curto prazo e avaliar pol\u00edticas de impacto coletivo para o governo, ONGs e outras organiza\u00e7\u00f5es. Gerir programa\u00e7\u00e3o econ\u00f4mico-financeira, atuar nos mercados internos e externos, examinar finan\u00e7as empresariais. Pode exercer media\u00e7\u00e3o, per\u00edcia e arbitragem.<\/p>\n\n\n\n<p>Dispon\u00edvel at\u00e9 24\/01\/2023 ou encerramento da vaga.<\/p>\n\n\n\n<p><strong>4 vagas \u2013 Auxiliar Mec\u00e2nico de Refrigera\u00e7\u00e3o<\/strong><\/p>\n\n\n\n<p>Escolaridade \u2013 ensino m\u00e9dio completo;<\/p>\n\n\n\n<p>Experi\u00eancia \u2013 seis meses na Carteira de Trabalho;<\/p>\n\n\n\n<p>Requisitos obrigat\u00f3rios \u2013 ter cursos de NR-10 e NR-35;<\/p>\n\n\n\n<p>Atividades \u2013 auxiliar na instala\u00e7\u00e3o de equipamentos e sistema de refrigera\u00e7\u00e3o e climatiza\u00e7\u00e3o conforme normas t\u00e9cnicas e de seguran\u00e7a; executar planos e rotinas de manuten\u00e7\u00e3o.<\/p>\n\n\n\n<p>Dispon\u00edvel at\u00e9 30\/01\/2023 ou encerramento da vaga.<\/p>\n\n\n\n<p><strong>4 vagas \u2013 Mec\u00e2nico de Refrigera\u00e7\u00e3o<\/strong><\/p>\n\n\n\n<p>Escolaridade \u2013 ensino m\u00e9dio completo;<\/p>\n\n\n\n<p>Experi\u00eancia \u2013 seis meses na Carteira de Trabalho;<\/p>\n\n\n\n<p>Requisitos obrigat\u00f3rios \u2013 ter cursos de NR-10 e NR-35;<\/p>\n\n\n\n<p>Atividades \u2013 avaliar e dimensionar locais para instala\u00e7\u00e3o de equipamentos de refrigera\u00e7\u00e3o, calefa\u00e7\u00e3o e ar-condicionado; especificar materiais e acess\u00f3rios e instalar equipamentos de refrigera\u00e7\u00e3o e ventila\u00e7\u00e3o; assessorar nas atividades de ensino, pesquisa e extens\u00e3o.<\/p>\n\n\n\n<p>Dispon\u00edvel at\u00e9 30\/01\/2023 ou encerramento da vaga.<\/p>\n\n\n\n<p><strong>1 vaga \u2013 Engenheiro Civil<\/strong><\/p>\n\n\n\n<p>Escolaridade \u2013 ensino superior em engenharia civil;<\/p>\n\n\n\n<p>Experi\u00eancia \u2013 seis meses na Carteira de Trabalho;<\/p>\n\n\n\n<p>Requisitos obrigat\u00f3rios \u2013 desej\u00e1vel ter viv\u00eancia em gest\u00e3o de obras de m\u00e9dio e grande porte;<\/p>\n\n\n\n<p>Atividades \u2013 executar e fiscalizar servi\u00e7os de manuten\u00e7\u00e3o em escolas e UBSs; realizar planejamento das ordens de servi\u00e7os de manuten\u00e7\u00e3o; atuar na gest\u00e3o de or\u00e7amento, solicita\u00e7\u00e3o de material e contrata\u00e7\u00e3o de servi\u00e7os de terceirizadas; elabora\u00e7\u00e3o de relat\u00f3rios di\u00e1rios de obra e relat\u00f3rios fotogr\u00e1ficos.<\/p>\n\n\n\n<p>Dispon\u00edvel at\u00e9 24\/01\/2023 ou encerramento da vaga.<\/p>\n\n\n\n<p>\u2014 \u2014 \u2014<\/p>\n\n\n\n<p><strong>Texto<\/strong>&nbsp;\u2013 Divulga\u00e7\u00e3o \/ Semtepi<\/p>\n","protected":false},"excerpt":{"rendered":"","protected":false},"author":27,"featured_media":207994,"comment_status":"closed","ping_status":"closed","sticky":false,"template":"","format":"standard","meta":{"footnotes":""},"categories":[14,20],"tags":[],"acf":[],"yoast_head":"<!-- This site is optimized with the Yoast SEO plugin v23.0 - https:\/\/yoast.com\/wordpress\/plugins\/seo\/ -->\n<title>Sine Manaus oferta 216 vagas de emprego nesta ter\u00e7a-feira, 24\/1 - SEMCOM<\/title>\n<meta name=\"robots\" content=\"index, follow, max-snippet:-1, max-image-preview:large, max-video-preview:-1\" \/>\n<link rel=\"canonical\" href=\"https:\/\/www.manaus.am.gov.br\/semcom\/sine-manaus-oferta-216-vagas-de-emprego-nesta-terca-feira-24-1\/\" \/>\n<meta property=\"og:locale\" content=\"pt_BR\" \/>\n<meta property=\"og:type\" content=\"article\" \/>\n<meta property=\"og:title\" content=\"Sine Manaus oferta 216 vagas de emprego nesta ter\u00e7a-feira, 24\/1 - SEMCOM\" \/>\n<meta property=\"og:url\" content=\"https:\/\/www.manaus.am.gov.br\/semcom\/sine-manaus-oferta-216-vagas-de-emprego-nesta-terca-feira-24-1\/\" \/>\n<meta property=\"og:site_name\" content=\"SEMCOM\" \/>\n<meta property=\"article:published_time\" content=\"2023-01-23T20:42:00+00:00\" \/>\n<meta property=\"article:modified_time\" content=\"2023-01-25T12:21:00+00:00\" \/>\n<meta property=\"og:image\" content=\"https:\/\/www.manaus.am.gov.br\/semcom\/wp-content\/uploads\/sites\/5\/2023\/01\/SINE-SEMTEPI.00_00_05_16.Quadro001-1024x576.png\" \/>\n\t<meta property=\"og:image:width\" content=\"1024\" \/>\n\t<meta property=\"og:image:height\" content=\"576\" \/>\n\t<meta property=\"og:image:type\" content=\"image\/png\" \/>\n<meta name=\"author\" content=\"Imarketing Digital\" \/>\n<meta name=\"twitter:card\" content=\"summary_large_image\" \/>\n<meta name=\"twitter:label1\" content=\"Written by\" \/>\n\t<meta name=\"twitter:data1\" content=\"Imarketing Digital\" \/>\n\t<meta name=\"twitter:label2\" content=\"Est. reading time\" \/>\n\t<meta name=\"twitter:data2\" content=\"28 minutos\" \/>\n<script type=\"application\/ld+json\" class=\"yoast-schema-graph\">{\"@context\":\"https:\/\/schema.org\",\"@graph\":[{\"@type\":\"WebPage\",\"@id\":\"https:\/\/www.manaus.am.gov.br\/semcom\/sine-manaus-oferta-216-vagas-de-emprego-nesta-terca-feira-24-1\/\",\"url\":\"https:\/\/www.manaus.am.gov.br\/semcom\/sine-manaus-oferta-216-vagas-de-emprego-nesta-terca-feira-24-1\/\",\"name\":\"Sine Manaus oferta 216 vagas de emprego nesta ter\u00e7a-feira, 24\/1 - SEMCOM\",\"isPartOf\":{\"@id\":\"https:\/\/www.manaus.am.gov.br\/semcom\/#website\"},\"primaryImageOfPage\":{\"@id\":\"https:\/\/www.manaus.am.gov.br\/semcom\/sine-manaus-oferta-216-vagas-de-emprego-nesta-terca-feira-24-1\/#primaryimage\"},\"image\":{\"@id\":\"https:\/\/www.manaus.am.gov.br\/semcom\/sine-manaus-oferta-216-vagas-de-emprego-nesta-terca-feira-24-1\/#primaryimage\"},\"thumbnailUrl\":\"https:\/\/www.manaus.am.gov.br\/semcom\/wp-content\/uploads\/sites\/5\/2023\/01\/SINE-SEMTEPI.00_00_05_16.Quadro001.png\",\"datePublished\":\"2023-01-23T20:42:00+00:00\",\"dateModified\":\"2023-01-25T12:21:00+00:00\",\"author\":{\"@id\":\"https:\/\/www.manaus.am.gov.br\/semcom\/#\/schema\/person\/79525a47ac5902f50493820d995728ee\"},\"inLanguage\":\"pt-BR\",\"potentialAction\":[{\"@type\":\"ReadAction\",\"target\":[\"https:\/\/www.manaus.am.gov.br\/semcom\/sine-manaus-oferta-216-vagas-de-emprego-nesta-terca-feira-24-1\/\"]}]},{\"@type\":\"ImageObject\",\"inLanguage\":\"pt-BR\",\"@id\":\"https:\/\/www.manaus.am.gov.br\/semcom\/sine-manaus-oferta-216-vagas-de-emprego-nesta-terca-feira-24-1\/#primaryimage\",\"url\":\"https:\/\/www.manaus.am.gov.br\/semcom\/wp-content\/uploads\/sites\/5\/2023\/01\/SINE-SEMTEPI.00_00_05_16.Quadro001.png\",\"contentUrl\":\"https:\/\/www.manaus.am.gov.br\/semcom\/wp-content\/uploads\/sites\/5\/2023\/01\/SINE-SEMTEPI.00_00_05_16.Quadro001.png\",\"width\":1920,\"height\":1080},{\"@type\":\"WebSite\",\"@id\":\"https:\/\/www.manaus.am.gov.br\/semcom\/#website\",\"url\":\"https:\/\/www.manaus.am.gov.br\/semcom\/\",\"name\":\"SEMCOM\",\"description\":\"Secretaria Municipal de Comunica\u00e7\u00e3o\",\"potentialAction\":[{\"@type\":\"SearchAction\",\"target\":{\"@type\":\"EntryPoint\",\"urlTemplate\":\"https:\/\/www.manaus.am.gov.br\/semcom\/?s={search_term_string}\"},\"query-input\":\"required name=search_term_string\"}],\"inLanguage\":\"pt-BR\"},{\"@type\":\"Person\",\"@id\":\"https:\/\/www.manaus.am.gov.br\/semcom\/#\/schema\/person\/79525a47ac5902f50493820d995728ee\",\"name\":\"Imarketing Digital\",\"image\":{\"@type\":\"ImageObject\",\"inLanguage\":\"pt-BR\",\"@id\":\"https:\/\/www.manaus.am.gov.br\/semcom\/#\/schema\/person\/image\/\",\"url\":\"https:\/\/secure.gravatar.com\/avatar\/03432d3c57b756ed9760f7019c815a3a?s=96&d=mm&r=g\",\"contentUrl\":\"https:\/\/secure.gravatar.com\/avatar\/03432d3c57b756ed9760f7019c815a3a?s=96&d=mm&r=g\",\"caption\":\"Imarketing Digital\"}}]}<\/script>\n<!-- \/ Yoast SEO plugin. -->","yoast_head_json":{"title":"Sine Manaus oferta 216 vagas de emprego nesta ter\u00e7a-feira, 24\/1 - SEMCOM","robots":{"index":"index","follow":"follow","max-snippet":"max-snippet:-1","max-image-preview":"max-image-preview:large","max-video-preview":"max-video-preview:-1"},"canonical":"https:\/\/www.manaus.am.gov.br\/semcom\/sine-manaus-oferta-216-vagas-de-emprego-nesta-terca-feira-24-1\/","og_locale":"pt_BR","og_type":"article","og_title":"Sine Manaus oferta 216 vagas de emprego nesta ter\u00e7a-feira, 24\/1 - SEMCOM","og_url":"https:\/\/www.manaus.am.gov.br\/semcom\/sine-manaus-oferta-216-vagas-de-emprego-nesta-terca-feira-24-1\/","og_site_name":"SEMCOM","article_published_time":"2023-01-23T20:42:00+00:00","article_modified_time":"2023-01-25T12:21:00+00:00","og_image":[{"width":1024,"height":576,"url":"https:\/\/www.manaus.am.gov.br\/semcom\/wp-content\/uploads\/sites\/5\/2023\/01\/SINE-SEMTEPI.00_00_05_16.Quadro001-1024x576.png","type":"image\/png"}],"author":"Imarketing Digital","twitter_card":"summary_large_image","twitter_misc":{"Written by":"Imarketing Digital","Est. reading time":"28 minutos"},"schema":{"@context":"https:\/\/schema.org","@graph":[{"@type":"WebPage","@id":"https:\/\/www.manaus.am.gov.br\/semcom\/sine-manaus-oferta-216-vagas-de-emprego-nesta-terca-feira-24-1\/","url":"https:\/\/www.manaus.am.gov.br\/semcom\/sine-manaus-oferta-216-vagas-de-emprego-nesta-terca-feira-24-1\/","name":"Sine Manaus oferta 216 vagas de emprego nesta ter\u00e7a-feira, 24\/1 - SEMCOM","isPartOf":{"@id":"https:\/\/www.manaus.am.gov.br\/semcom\/#website"},"primaryImageOfPage":{"@id":"https:\/\/www.manaus.am.gov.br\/semcom\/sine-manaus-oferta-216-vagas-de-emprego-nesta-terca-feira-24-1\/#primaryimage"},"image":{"@id":"https:\/\/www.manaus.am.gov.br\/semcom\/sine-manaus-oferta-216-vagas-de-emprego-nesta-terca-feira-24-1\/#primaryimage"},"thumbnailUrl":"https:\/\/www.manaus.am.gov.br\/semcom\/wp-content\/uploads\/sites\/5\/2023\/01\/SINE-SEMTEPI.00_00_05_16.Quadro001.png","datePublished":"2023-01-23T20:42:00+00:00","dateModified":"2023-01-25T12:21:00+00:00","author":{"@id":"https:\/\/www.manaus.am.gov.br\/semcom\/#\/schema\/person\/79525a47ac5902f50493820d995728ee"},"inLanguage":"pt-BR","potentialAction":[{"@type":"ReadAction","target":["https:\/\/www.manaus.am.gov.br\/semcom\/sine-manaus-oferta-216-vagas-de-emprego-nesta-terca-feira-24-1\/"]}]},{"@type":"ImageObject","inLanguage":"pt-BR","@id":"https:\/\/www.manaus.am.gov.br\/semcom\/sine-manaus-oferta-216-vagas-de-emprego-nesta-terca-feira-24-1\/#primaryimage","url":"https:\/\/www.manaus.am.gov.br\/semcom\/wp-content\/uploads\/sites\/5\/2023\/01\/SINE-SEMTEPI.00_00_05_16.Quadro001.png","contentUrl":"https:\/\/www.manaus.am.gov.br\/semcom\/wp-content\/uploads\/sites\/5\/2023\/01\/SINE-SEMTEPI.00_00_05_16.Quadro001.png","width":1920,"height":1080},{"@type":"WebSite","@id":"https:\/\/www.manaus.am.gov.br\/semcom\/#website","url":"https:\/\/www.manaus.am.gov.br\/semcom\/","name":"SEMCOM","description":"Secretaria Municipal de Comunica\u00e7\u00e3o","potentialAction":[{"@type":"SearchAction","target":{"@type":"EntryPoint","urlTemplate":"https:\/\/www.manaus.am.gov.br\/semcom\/?s={search_term_string}"},"query-input":"required name=search_term_string"}],"inLanguage":"pt-BR"},{"@type":"Person","@id":"https:\/\/www.manaus.am.gov.br\/semcom\/#\/schema\/person\/79525a47ac5902f50493820d995728ee","name":"Imarketing Digital","image":{"@type":"ImageObject","inLanguage":"pt-BR","@id":"https:\/\/www.manaus.am.gov.br\/semcom\/#\/schema\/person\/image\/","url":"https:\/\/secure.gravatar.com\/avatar\/03432d3c57b756ed9760f7019c815a3a?s=96&d=mm&r=g","contentUrl":"https:\/\/secure.gravatar.com\/avatar\/03432d3c57b756ed9760f7019c815a3a?s=96&d=mm&r=g","caption":"Imarketing Digital"}}]}},"_links":{"self":[{"href":"https:\/\/www.manaus.am.gov.br\/semcom\/wp-json\/wp\/v2\/posts\/207993"}],"collection":[{"href":"https:\/\/www.manaus.am.gov.br\/semcom\/wp-json\/wp\/v2\/posts"}],"about":[{"href":"https:\/\/www.manaus.am.gov.br\/semcom\/wp-json\/wp\/v2\/types\/post"}],"author":[{"embeddable":true,"href":"https:\/\/www.manaus.am.gov.br\/semcom\/wp-json\/wp\/v2\/users\/27"}],"replies":[{"embeddable":true,"href":"https:\/\/www.manaus.am.gov.br\/semcom\/wp-json\/wp\/v2\/comments?post=207993"}],"version-history":[{"count":0,"href":"https:\/\/www.manaus.am.gov.br\/semcom\/wp-json\/wp\/v2\/posts\/207993\/revisions"}],"wp:featuredmedia":[{"embeddable":true,"href":"https:\/\/www.manaus.am.gov.br\/semcom\/wp-json\/wp\/v2\/media\/207994"}],"wp:attachment":[{"href":"https:\/\/www.manaus.am.gov.br\/semcom\/wp-json\/wp\/v2\/media?parent=207993"}],"wp:term":[{"taxonomy":"category","embeddable":true,"href":"https:\/\/www.manaus.am.gov.br\/semcom\/wp-json\/wp\/v2\/categories?post=207993"},{"taxonomy":"post_tag","embeddable":true,"href":"https:\/\/www.manaus.am.gov.br\/semcom\/wp-json\/wp\/v2\/tags?post=207993"}],"curies":[{"name":"wp","href":"https:\/\/api.w.org\/{rel}","templated":true}]}}