{"id":207990,"date":"2023-01-23T17:59:00","date_gmt":"2023-01-23T20:59:00","guid":{"rendered":"https:\/\/www.manaus.am.gov.br\/semcom\/2023\/01\/23\/prefeitura-intensifica-implantacao-de-sinalizacao-viaria-na-cidade\/"},"modified":"2023-01-25T09:20:42","modified_gmt":"2023-01-25T12:20:42","slug":"prefeitura-intensifica-implantacao-de-sinalizacao-viaria-na-cidade","status":"publish","type":"post","link":"https:\/\/www.manaus.am.gov.br\/semcom\/prefeitura-intensifica-implantacao-de-sinalizacao-viaria-na-cidade\/","title":{"rendered":"Prefeitura intensifica implanta\u00e7\u00e3o de sinaliza\u00e7\u00e3o vi\u00e1ria na cidade"},"content":{"rendered":"\n<p>Para garantir a seguran\u00e7a dos pedestres e ordenar o tr\u00e2nsito para a fluidez dos ve\u00edculos, a Prefeitura de Manaus, por meio do Instituto Municipal de Mobilidade Urbana (IMMU) est\u00e1 intensificando a implanta\u00e7\u00e3o de sinaliza\u00e7\u00e3o horizontal nos bairros e principais corredores vi\u00e1rios da cidade.<\/p>\n\n\n\n<p>As equipes de pinturas do IMMU est\u00e3o implantando as pinturas horizontais de faixas de pedestre, linhas de bordo, linhas de reten\u00e7\u00e3o e linhas de divis\u00e3o de pistas. A sinaliza\u00e7\u00e3o est\u00e1 sendo aplicada ap\u00f3s a Secretaria de Infraestrutura (Seminf) recapear toda a via.<\/p>\n\n\n\n<p>\u201cA determina\u00e7\u00e3o do prefeito David Almeida \u00e9 que o IMMU siga o planejamento neste ano de 2023, ent\u00e3o n\u00f3s programamos para essa etapa na zona Norte, a aplica\u00e7\u00e3o de pintura acr\u00edlica. Estamos pintando toda a extens\u00e3o da avenida Max Teixeira em ambos os sentidos para proporcionar tr\u00e2nsito ordenado e com seguran\u00e7a\u201d, explicou o diretor-presidente do IMMU, Paulo Henrique Martins.<\/p>\n\n\n\n<p>Outra via que ap\u00f3s ser recapeada est\u00e1 recebendo pintura \u00e9 a alameda Cosme Ferreira, na zona Leste. No local, as equipes come\u00e7aram com a pintura de faixas de pedestre para garantir travessia segura.<\/p>\n\n\n\n<p>Adotar medidas de preven\u00e7\u00e3o para salvar vidas \u00e9 uma das metas da Prefeitura de Manaus. Outros objetivos s\u00e3o diminuir os acidentes no tr\u00e2nsito, proporcionar mais seguran\u00e7a e permitir aos condutores que circulem obedecendo a sinaliza\u00e7\u00e3o vi\u00e1ria.<\/p>\n\n\n\n<p>\u2014 \u2014 \u2014<\/p>\n\n\n\n<p><strong>Texto&nbsp;<\/strong>\u2013 Marcelo Lima \/ IMMU<\/p>\n\n\n\n<p><strong>Fotos<\/strong>&nbsp;\u2013 Divulga\u00e7\u00e3o \/ IMMU<\/p>\n","protected":false},"excerpt":{"rendered":"","protected":false},"author":27,"featured_media":207991,"comment_status":"closed","ping_status":"closed","sticky":false,"template":"","format":"standard","meta":{"footnotes":""},"categories":[14,43],"tags":[],"acf":[],"yoast_head":"<!-- This site is optimized with the Yoast SEO plugin v23.0 - https:\/\/yoast.com\/wordpress\/plugins\/seo\/ -->\n<title>Prefeitura intensifica implanta\u00e7\u00e3o de sinaliza\u00e7\u00e3o vi\u00e1ria na cidade - SEMCOM<\/title>\n<meta name=\"robots\" content=\"index, follow, max-snippet:-1, max-image-preview:large, max-video-preview:-1\" \/>\n<link rel=\"canonical\" href=\"https:\/\/www.manaus.am.gov.br\/semcom\/prefeitura-intensifica-implantacao-de-sinalizacao-viaria-na-cidade\/\" \/>\n<meta property=\"og:locale\" content=\"pt_BR\" \/>\n<meta property=\"og:type\" content=\"article\" \/>\n<meta property=\"og:title\" content=\"Prefeitura intensifica implanta\u00e7\u00e3o de sinaliza\u00e7\u00e3o vi\u00e1ria na cidade - SEMCOM\" \/>\n<meta property=\"og:url\" content=\"https:\/\/www.manaus.am.gov.br\/semcom\/prefeitura-intensifica-implantacao-de-sinalizacao-viaria-na-cidade\/\" \/>\n<meta property=\"og:site_name\" content=\"SEMCOM\" \/>\n<meta property=\"article:published_time\" content=\"2023-01-23T20:59:00+00:00\" \/>\n<meta property=\"article:modified_time\" content=\"2023-01-25T12:20:42+00:00\" \/>\n<meta property=\"og:image\" content=\"https:\/\/www.manaus.am.gov.br\/semcom\/wp-content\/uploads\/sites\/5\/2023\/01\/WhatsApp-Image-2023-01-20-at-22.26.46-720x407-1.jpeg\" \/>\n\t<meta property=\"og:image:width\" content=\"720\" \/>\n\t<meta property=\"og:image:height\" content=\"407\" \/>\n\t<meta property=\"og:image:type\" content=\"image\/jpeg\" \/>\n<meta name=\"author\" content=\"Imarketing Digital\" \/>\n<meta name=\"twitter:card\" content=\"summary_large_image\" \/>\n<meta name=\"twitter:label1\" content=\"Written by\" \/>\n\t<meta name=\"twitter:data1\" content=\"Imarketing Digital\" \/>\n\t<meta name=\"twitter:label2\" content=\"Est. reading time\" \/>\n\t<meta name=\"twitter:data2\" content=\"2 minutos\" \/>\n<script type=\"application\/ld+json\" class=\"yoast-schema-graph\">{\"@context\":\"https:\/\/schema.org\",\"@graph\":[{\"@type\":\"WebPage\",\"@id\":\"https:\/\/www.manaus.am.gov.br\/semcom\/prefeitura-intensifica-implantacao-de-sinalizacao-viaria-na-cidade\/\",\"url\":\"https:\/\/www.manaus.am.gov.br\/semcom\/prefeitura-intensifica-implantacao-de-sinalizacao-viaria-na-cidade\/\",\"name\":\"Prefeitura intensifica implanta\u00e7\u00e3o de sinaliza\u00e7\u00e3o vi\u00e1ria na cidade - SEMCOM\",\"isPartOf\":{\"@id\":\"https:\/\/www.manaus.am.gov.br\/semcom\/#website\"},\"primaryImageOfPage\":{\"@id\":\"https:\/\/www.manaus.am.gov.br\/semcom\/prefeitura-intensifica-implantacao-de-sinalizacao-viaria-na-cidade\/#primaryimage\"},\"image\":{\"@id\":\"https:\/\/www.manaus.am.gov.br\/semcom\/prefeitura-intensifica-implantacao-de-sinalizacao-viaria-na-cidade\/#primaryimage\"},\"thumbnailUrl\":\"https:\/\/www.manaus.am.gov.br\/semcom\/wp-content\/uploads\/sites\/5\/2023\/01\/WhatsApp-Image-2023-01-20-at-22.26.46-720x407-1.jpeg\",\"datePublished\":\"2023-01-23T20:59:00+00:00\",\"dateModified\":\"2023-01-25T12:20:42+00:00\",\"author\":{\"@id\":\"https:\/\/www.manaus.am.gov.br\/semcom\/#\/schema\/person\/79525a47ac5902f50493820d995728ee\"},\"inLanguage\":\"pt-BR\",\"potentialAction\":[{\"@type\":\"ReadAction\",\"target\":[\"https:\/\/www.manaus.am.gov.br\/semcom\/prefeitura-intensifica-implantacao-de-sinalizacao-viaria-na-cidade\/\"]}]},{\"@type\":\"ImageObject\",\"inLanguage\":\"pt-BR\",\"@id\":\"https:\/\/www.manaus.am.gov.br\/semcom\/prefeitura-intensifica-implantacao-de-sinalizacao-viaria-na-cidade\/#primaryimage\",\"url\":\"https:\/\/www.manaus.am.gov.br\/semcom\/wp-content\/uploads\/sites\/5\/2023\/01\/WhatsApp-Image-2023-01-20-at-22.26.46-720x407-1.jpeg\",\"contentUrl\":\"https:\/\/www.manaus.am.gov.br\/semcom\/wp-content\/uploads\/sites\/5\/2023\/01\/WhatsApp-Image-2023-01-20-at-22.26.46-720x407-1.jpeg\",\"width\":720,\"height\":407},{\"@type\":\"WebSite\",\"@id\":\"https:\/\/www.manaus.am.gov.br\/semcom\/#website\",\"url\":\"https:\/\/www.manaus.am.gov.br\/semcom\/\",\"name\":\"SEMCOM\",\"description\":\"Secretaria Municipal de Comunica\u00e7\u00e3o\",\"potentialAction\":[{\"@type\":\"SearchAction\",\"target\":{\"@type\":\"EntryPoint\",\"urlTemplate\":\"https:\/\/www.manaus.am.gov.br\/semcom\/?s={search_term_string}\"},\"query-input\":\"required name=search_term_string\"}],\"inLanguage\":\"pt-BR\"},{\"@type\":\"Person\",\"@id\":\"https:\/\/www.manaus.am.gov.br\/semcom\/#\/schema\/person\/79525a47ac5902f50493820d995728ee\",\"name\":\"Imarketing Digital\",\"image\":{\"@type\":\"ImageObject\",\"inLanguage\":\"pt-BR\",\"@id\":\"https:\/\/www.manaus.am.gov.br\/semcom\/#\/schema\/person\/image\/\",\"url\":\"https:\/\/secure.gravatar.com\/avatar\/03432d3c57b756ed9760f7019c815a3a?s=96&d=mm&r=g\",\"contentUrl\":\"https:\/\/secure.gravatar.com\/avatar\/03432d3c57b756ed9760f7019c815a3a?s=96&d=mm&r=g\",\"caption\":\"Imarketing Digital\"}}]}<\/script>\n<!-- \/ Yoast SEO plugin. -->","yoast_head_json":{"title":"Prefeitura intensifica implanta\u00e7\u00e3o de sinaliza\u00e7\u00e3o vi\u00e1ria na cidade - SEMCOM","robots":{"index":"index","follow":"follow","max-snippet":"max-snippet:-1","max-image-preview":"max-image-preview:large","max-video-preview":"max-video-preview:-1"},"canonical":"https:\/\/www.manaus.am.gov.br\/semcom\/prefeitura-intensifica-implantacao-de-sinalizacao-viaria-na-cidade\/","og_locale":"pt_BR","og_type":"article","og_title":"Prefeitura intensifica implanta\u00e7\u00e3o de sinaliza\u00e7\u00e3o vi\u00e1ria na cidade - SEMCOM","og_url":"https:\/\/www.manaus.am.gov.br\/semcom\/prefeitura-intensifica-implantacao-de-sinalizacao-viaria-na-cidade\/","og_site_name":"SEMCOM","article_published_time":"2023-01-23T20:59:00+00:00","article_modified_time":"2023-01-25T12:20:42+00:00","og_image":[{"width":720,"height":407,"url":"https:\/\/www.manaus.am.gov.br\/semcom\/wp-content\/uploads\/sites\/5\/2023\/01\/WhatsApp-Image-2023-01-20-at-22.26.46-720x407-1.jpeg","type":"image\/jpeg"}],"author":"Imarketing Digital","twitter_card":"summary_large_image","twitter_misc":{"Written by":"Imarketing Digital","Est. reading time":"2 minutos"},"schema":{"@context":"https:\/\/schema.org","@graph":[{"@type":"WebPage","@id":"https:\/\/www.manaus.am.gov.br\/semcom\/prefeitura-intensifica-implantacao-de-sinalizacao-viaria-na-cidade\/","url":"https:\/\/www.manaus.am.gov.br\/semcom\/prefeitura-intensifica-implantacao-de-sinalizacao-viaria-na-cidade\/","name":"Prefeitura intensifica implanta\u00e7\u00e3o de sinaliza\u00e7\u00e3o vi\u00e1ria na cidade - SEMCOM","isPartOf":{"@id":"https:\/\/www.manaus.am.gov.br\/semcom\/#website"},"primaryImageOfPage":{"@id":"https:\/\/www.manaus.am.gov.br\/semcom\/prefeitura-intensifica-implantacao-de-sinalizacao-viaria-na-cidade\/#primaryimage"},"image":{"@id":"https:\/\/www.manaus.am.gov.br\/semcom\/prefeitura-intensifica-implantacao-de-sinalizacao-viaria-na-cidade\/#primaryimage"},"thumbnailUrl":"https:\/\/www.manaus.am.gov.br\/semcom\/wp-content\/uploads\/sites\/5\/2023\/01\/WhatsApp-Image-2023-01-20-at-22.26.46-720x407-1.jpeg","datePublished":"2023-01-23T20:59:00+00:00","dateModified":"2023-01-25T12:20:42+00:00","author":{"@id":"https:\/\/www.manaus.am.gov.br\/semcom\/#\/schema\/person\/79525a47ac5902f50493820d995728ee"},"inLanguage":"pt-BR","potentialAction":[{"@type":"ReadAction","target":["https:\/\/www.manaus.am.gov.br\/semcom\/prefeitura-intensifica-implantacao-de-sinalizacao-viaria-na-cidade\/"]}]},{"@type":"ImageObject","inLanguage":"pt-BR","@id":"https:\/\/www.manaus.am.gov.br\/semcom\/prefeitura-intensifica-implantacao-de-sinalizacao-viaria-na-cidade\/#primaryimage","url":"https:\/\/www.manaus.am.gov.br\/semcom\/wp-content\/uploads\/sites\/5\/2023\/01\/WhatsApp-Image-2023-01-20-at-22.26.46-720x407-1.jpeg","contentUrl":"https:\/\/www.manaus.am.gov.br\/semcom\/wp-content\/uploads\/sites\/5\/2023\/01\/WhatsApp-Image-2023-01-20-at-22.26.46-720x407-1.jpeg","width":720,"height":407},{"@type":"WebSite","@id":"https:\/\/www.manaus.am.gov.br\/semcom\/#website","url":"https:\/\/www.manaus.am.gov.br\/semcom\/","name":"SEMCOM","description":"Secretaria Municipal de Comunica\u00e7\u00e3o","potentialAction":[{"@type":"SearchAction","target":{"@type":"EntryPoint","urlTemplate":"https:\/\/www.manaus.am.gov.br\/semcom\/?s={search_term_string}"},"query-input":"required name=search_term_string"}],"inLanguage":"pt-BR"},{"@type":"Person","@id":"https:\/\/www.manaus.am.gov.br\/semcom\/#\/schema\/person\/79525a47ac5902f50493820d995728ee","name":"Imarketing Digital","image":{"@type":"ImageObject","inLanguage":"pt-BR","@id":"https:\/\/www.manaus.am.gov.br\/semcom\/#\/schema\/person\/image\/","url":"https:\/\/secure.gravatar.com\/avatar\/03432d3c57b756ed9760f7019c815a3a?s=96&d=mm&r=g","contentUrl":"https:\/\/secure.gravatar.com\/avatar\/03432d3c57b756ed9760f7019c815a3a?s=96&d=mm&r=g","caption":"Imarketing Digital"}}]}},"_links":{"self":[{"href":"https:\/\/www.manaus.am.gov.br\/semcom\/wp-json\/wp\/v2\/posts\/207990"}],"collection":[{"href":"https:\/\/www.manaus.am.gov.br\/semcom\/wp-json\/wp\/v2\/posts"}],"about":[{"href":"https:\/\/www.manaus.am.gov.br\/semcom\/wp-json\/wp\/v2\/types\/post"}],"author":[{"embeddable":true,"href":"https:\/\/www.manaus.am.gov.br\/semcom\/wp-json\/wp\/v2\/users\/27"}],"replies":[{"embeddable":true,"href":"https:\/\/www.manaus.am.gov.br\/semcom\/wp-json\/wp\/v2\/comments?post=207990"}],"version-history":[{"count":0,"href":"https:\/\/www.manaus.am.gov.br\/semcom\/wp-json\/wp\/v2\/posts\/207990\/revisions"}],"wp:featuredmedia":[{"embeddable":true,"href":"https:\/\/www.manaus.am.gov.br\/semcom\/wp-json\/wp\/v2\/media\/207991"}],"wp:attachment":[{"href":"https:\/\/www.manaus.am.gov.br\/semcom\/wp-json\/wp\/v2\/media?parent=207990"}],"wp:term":[{"taxonomy":"category","embeddable":true,"href":"https:\/\/www.manaus.am.gov.br\/semcom\/wp-json\/wp\/v2\/categories?post=207990"},{"taxonomy":"post_tag","embeddable":true,"href":"https:\/\/www.manaus.am.gov.br\/semcom\/wp-json\/wp\/v2\/tags?post=207990"}],"curies":[{"name":"wp","href":"https:\/\/api.w.org\/{rel}","templated":true}]}}