{"id":207988,"date":"2023-01-23T18:12:00","date_gmt":"2023-01-23T21:12:00","guid":{"rendered":"https:\/\/www.manaus.am.gov.br\/semcom\/2023\/01\/23\/prefeitura-de-manaus-inicia-curso-de-higienizacao-a-seco\/"},"modified":"2023-01-25T09:20:35","modified_gmt":"2023-01-25T12:20:35","slug":"prefeitura-de-manaus-inicia-curso-de-higienizacao-a-seco","status":"publish","type":"post","link":"https:\/\/www.manaus.am.gov.br\/semcom\/prefeitura-de-manaus-inicia-curso-de-higienizacao-a-seco\/","title":{"rendered":"Prefeitura de Manaus inicia curso de \u2018Higieniza\u00e7\u00e3o a Seco\u2019"},"content":{"rendered":"\n<p>A Prefeitura de Manaus, por meio da Secretaria Municipal do Trabalho, Empreendedorismo e Inova\u00e7\u00e3o (Semtepi), iniciou, nesta segunda-feira, 23\/1, mais uma edi\u00e7\u00e3o do projeto \u201cSine Qualifica\u201d, com o curso de \u201cHigieniza\u00e7\u00e3o a Seco\u201d, que ser\u00e1 realizado durante esta semana, no posto do Sine Manaus da avenida Constantino Nery, bairro S\u00e3o Geraldo, zona Centro-Sul.<\/p>\n\n\n\n<p>O projeto foi criado com objetivo de preparar novos empreendedores para o mercado de trabalho, gerar renda pr\u00f3pria e movimentar a economia local. De acordo com o diretor do Sine, F\u00e1bio Ara\u00fajo, as aulas ser\u00e3o ministradas em seis encontros semanais, de 13h \u00e0s 17h, com o encerramento no s\u00e1bado das 8h \u00e0s 12h, em que os participantes receber\u00e3o ensinamentos pr\u00e1ticos com a limpeza de sof\u00e1s e ve\u00edculos, no Casar\u00e3o da Inova\u00e7\u00e3o Cassina.<\/p>\n\n\n\n<p>\u201cN\u00f3s somos uma casa de oportunidades e estamos aqui para traz\u00ea-las \u00e0 popula\u00e7\u00e3o. Esta \u00e9 mais uma das a\u00e7\u00f5es, que desta vez, traz o curso Higieniza\u00e7\u00e3o \u00e0 Seco que possui um mercado a ser explorado. Deixo claro que mesmo se n\u00e3o houver engajamento com o conte\u00fado passado no decorrer das aulas, o Sine Manaus continua sempre de portas abertas para inseri-los no mercado de trabalho, ofertando vagas de emprego\u201d, ressalta o diretor.<\/p>\n\n\n\n<p>Alinhada com a atual gest\u00e3o do prefeito David Almeida, que visa aproximar a iniciativa privada do poder p\u00fablico, o curso \u00e9 executado pelo parceiro Grupo de Neg\u00f3cios Amazonas (GNA \u2013 Servi\u00e7os). De acordo com a diretora comercial e cofundadora da GNA, Cristiane Gama, esta \u00e9 a primeira vez que a atividade \u00e9 ministrada de forma presencial na cidade de Manaus.<\/p>\n\n\n\n<p>\u201cDe segunda a sexta n\u00f3s vamos fazer a parte te\u00f3rica e tamb\u00e9m iniciar a parte pr\u00e1tica. Nesta aula de hoje apresentaremos o curso, da empresa e das diversas oportunidades. A ideia \u00e9 formar novos empreendedores que tenham t\u00e9cnica e no\u00e7\u00e3o de como funciona o com\u00e9rcio. Nossos alunos sair\u00e3o daqui sabendo abrir seus neg\u00f3cios, captar clientes e ganhar dinheiro\u201d, explica Cristiane.<\/p>\n\n\n\n<p>Para o fundador da GNA, Jorge Ara\u00fajo, a parceria s\u00f3 fortalece os la\u00e7os entre a prefeitura e o empreendedorismo local, colocando profissionais capacitados e treinados, para atender a demanda do mercado de trabalho ou na cria\u00e7\u00e3o do pr\u00f3prio neg\u00f3cio. Segundo ele, a empresa est\u00e1 h\u00e1 mais de tr\u00eas anos no mercado, e o apoio da Prefeitura de Manaus est\u00e1 sendo fundamental.<\/p>\n\n\n\n<p>\u201cO trabalho da nossa empresa com a Semtepi \u00e9 uma grande honra para n\u00f3s e pode colocar grandes profissionais na atividade. Estamos com o intuito de trazer para a popula\u00e7\u00e3o o melhor de higieniza\u00e7\u00e3o a seco que estamos disponibilizando com muita primazia, cuidado e responsabilidade. O treinamento \u00e9 muito minucioso e a expectativa \u00e9 colocar 30 profissionais nesse ramo no Amazonas, estaremos fazendo demonstra\u00e7\u00f5es\u201d, destaca o instrutor.<\/p>\n\n\n\n<p>\u2014 \u2014 \u2014<\/p>\n\n\n\n<p><strong>Texto \u2013&nbsp;<\/strong>Fabiane Monteiro\/ Semtepi<\/p>\n\n\n\n<p><strong>Foto \u2013&nbsp;<\/strong>Divulga\u00e7\u00e3o \/ Semtepi<\/p>\n","protected":false},"excerpt":{"rendered":"","protected":false},"author":27,"featured_media":207989,"comment_status":"closed","ping_status":"closed","sticky":false,"template":"","format":"standard","meta":{"footnotes":""},"categories":[40,14],"tags":[],"acf":[],"yoast_head":"<!-- This site is optimized with the Yoast SEO plugin v23.0 - https:\/\/yoast.com\/wordpress\/plugins\/seo\/ -->\n<title>Prefeitura de Manaus inicia curso de \u2018Higieniza\u00e7\u00e3o a Seco\u2019 - SEMCOM<\/title>\n<meta name=\"robots\" content=\"index, follow, max-snippet:-1, max-image-preview:large, max-video-preview:-1\" \/>\n<link rel=\"canonical\" href=\"https:\/\/www.manaus.am.gov.br\/semcom\/prefeitura-de-manaus-inicia-curso-de-higienizacao-a-seco\/\" \/>\n<meta property=\"og:locale\" content=\"pt_BR\" \/>\n<meta property=\"og:type\" content=\"article\" \/>\n<meta property=\"og:title\" content=\"Prefeitura de Manaus inicia curso de \u2018Higieniza\u00e7\u00e3o a Seco\u2019 - SEMCOM\" \/>\n<meta property=\"og:url\" content=\"https:\/\/www.manaus.am.gov.br\/semcom\/prefeitura-de-manaus-inicia-curso-de-higienizacao-a-seco\/\" \/>\n<meta property=\"og:site_name\" content=\"SEMCOM\" \/>\n<meta property=\"article:published_time\" content=\"2023-01-23T21:12:00+00:00\" \/>\n<meta property=\"article:modified_time\" content=\"2023-01-25T12:20:35+00:00\" \/>\n<meta property=\"og:image\" content=\"https:\/\/www.manaus.am.gov.br\/semcom\/wp-content\/uploads\/sites\/5\/2023\/01\/2.jpeg\" \/>\n\t<meta property=\"og:image:width\" content=\"1600\" \/>\n\t<meta property=\"og:image:height\" content=\"1200\" \/>\n\t<meta property=\"og:image:type\" content=\"image\/jpeg\" \/>\n<meta name=\"author\" content=\"Imarketing Digital\" \/>\n<meta name=\"twitter:card\" content=\"summary_large_image\" \/>\n<meta name=\"twitter:label1\" content=\"Written by\" \/>\n\t<meta name=\"twitter:data1\" content=\"Imarketing Digital\" \/>\n\t<meta name=\"twitter:label2\" content=\"Est. reading time\" \/>\n\t<meta name=\"twitter:data2\" content=\"3 minutos\" \/>\n<script type=\"application\/ld+json\" class=\"yoast-schema-graph\">{\"@context\":\"https:\/\/schema.org\",\"@graph\":[{\"@type\":\"WebPage\",\"@id\":\"https:\/\/www.manaus.am.gov.br\/semcom\/prefeitura-de-manaus-inicia-curso-de-higienizacao-a-seco\/\",\"url\":\"https:\/\/www.manaus.am.gov.br\/semcom\/prefeitura-de-manaus-inicia-curso-de-higienizacao-a-seco\/\",\"name\":\"Prefeitura de Manaus inicia curso de \u2018Higieniza\u00e7\u00e3o a Seco\u2019 - SEMCOM\",\"isPartOf\":{\"@id\":\"https:\/\/www.manaus.am.gov.br\/semcom\/#website\"},\"primaryImageOfPage\":{\"@id\":\"https:\/\/www.manaus.am.gov.br\/semcom\/prefeitura-de-manaus-inicia-curso-de-higienizacao-a-seco\/#primaryimage\"},\"image\":{\"@id\":\"https:\/\/www.manaus.am.gov.br\/semcom\/prefeitura-de-manaus-inicia-curso-de-higienizacao-a-seco\/#primaryimage\"},\"thumbnailUrl\":\"https:\/\/www.manaus.am.gov.br\/semcom\/wp-content\/uploads\/sites\/5\/2023\/01\/2.jpeg\",\"datePublished\":\"2023-01-23T21:12:00+00:00\",\"dateModified\":\"2023-01-25T12:20:35+00:00\",\"author\":{\"@id\":\"https:\/\/www.manaus.am.gov.br\/semcom\/#\/schema\/person\/79525a47ac5902f50493820d995728ee\"},\"inLanguage\":\"pt-BR\",\"potentialAction\":[{\"@type\":\"ReadAction\",\"target\":[\"https:\/\/www.manaus.am.gov.br\/semcom\/prefeitura-de-manaus-inicia-curso-de-higienizacao-a-seco\/\"]}]},{\"@type\":\"ImageObject\",\"inLanguage\":\"pt-BR\",\"@id\":\"https:\/\/www.manaus.am.gov.br\/semcom\/prefeitura-de-manaus-inicia-curso-de-higienizacao-a-seco\/#primaryimage\",\"url\":\"https:\/\/www.manaus.am.gov.br\/semcom\/wp-content\/uploads\/sites\/5\/2023\/01\/2.jpeg\",\"contentUrl\":\"https:\/\/www.manaus.am.gov.br\/semcom\/wp-content\/uploads\/sites\/5\/2023\/01\/2.jpeg\",\"width\":1600,\"height\":1200},{\"@type\":\"WebSite\",\"@id\":\"https:\/\/www.manaus.am.gov.br\/semcom\/#website\",\"url\":\"https:\/\/www.manaus.am.gov.br\/semcom\/\",\"name\":\"SEMCOM\",\"description\":\"Secretaria Municipal de Comunica\u00e7\u00e3o\",\"potentialAction\":[{\"@type\":\"SearchAction\",\"target\":{\"@type\":\"EntryPoint\",\"urlTemplate\":\"https:\/\/www.manaus.am.gov.br\/semcom\/?s={search_term_string}\"},\"query-input\":\"required name=search_term_string\"}],\"inLanguage\":\"pt-BR\"},{\"@type\":\"Person\",\"@id\":\"https:\/\/www.manaus.am.gov.br\/semcom\/#\/schema\/person\/79525a47ac5902f50493820d995728ee\",\"name\":\"Imarketing Digital\",\"image\":{\"@type\":\"ImageObject\",\"inLanguage\":\"pt-BR\",\"@id\":\"https:\/\/www.manaus.am.gov.br\/semcom\/#\/schema\/person\/image\/\",\"url\":\"https:\/\/secure.gravatar.com\/avatar\/03432d3c57b756ed9760f7019c815a3a?s=96&d=mm&r=g\",\"contentUrl\":\"https:\/\/secure.gravatar.com\/avatar\/03432d3c57b756ed9760f7019c815a3a?s=96&d=mm&r=g\",\"caption\":\"Imarketing Digital\"}}]}<\/script>\n<!-- \/ Yoast SEO plugin. -->","yoast_head_json":{"title":"Prefeitura de Manaus inicia curso de \u2018Higieniza\u00e7\u00e3o a Seco\u2019 - SEMCOM","robots":{"index":"index","follow":"follow","max-snippet":"max-snippet:-1","max-image-preview":"max-image-preview:large","max-video-preview":"max-video-preview:-1"},"canonical":"https:\/\/www.manaus.am.gov.br\/semcom\/prefeitura-de-manaus-inicia-curso-de-higienizacao-a-seco\/","og_locale":"pt_BR","og_type":"article","og_title":"Prefeitura de Manaus inicia curso de \u2018Higieniza\u00e7\u00e3o a Seco\u2019 - SEMCOM","og_url":"https:\/\/www.manaus.am.gov.br\/semcom\/prefeitura-de-manaus-inicia-curso-de-higienizacao-a-seco\/","og_site_name":"SEMCOM","article_published_time":"2023-01-23T21:12:00+00:00","article_modified_time":"2023-01-25T12:20:35+00:00","og_image":[{"width":1600,"height":1200,"url":"https:\/\/www.manaus.am.gov.br\/semcom\/wp-content\/uploads\/sites\/5\/2023\/01\/2.jpeg","type":"image\/jpeg"}],"author":"Imarketing Digital","twitter_card":"summary_large_image","twitter_misc":{"Written by":"Imarketing Digital","Est. reading time":"3 minutos"},"schema":{"@context":"https:\/\/schema.org","@graph":[{"@type":"WebPage","@id":"https:\/\/www.manaus.am.gov.br\/semcom\/prefeitura-de-manaus-inicia-curso-de-higienizacao-a-seco\/","url":"https:\/\/www.manaus.am.gov.br\/semcom\/prefeitura-de-manaus-inicia-curso-de-higienizacao-a-seco\/","name":"Prefeitura de Manaus inicia curso de \u2018Higieniza\u00e7\u00e3o a Seco\u2019 - SEMCOM","isPartOf":{"@id":"https:\/\/www.manaus.am.gov.br\/semcom\/#website"},"primaryImageOfPage":{"@id":"https:\/\/www.manaus.am.gov.br\/semcom\/prefeitura-de-manaus-inicia-curso-de-higienizacao-a-seco\/#primaryimage"},"image":{"@id":"https:\/\/www.manaus.am.gov.br\/semcom\/prefeitura-de-manaus-inicia-curso-de-higienizacao-a-seco\/#primaryimage"},"thumbnailUrl":"https:\/\/www.manaus.am.gov.br\/semcom\/wp-content\/uploads\/sites\/5\/2023\/01\/2.jpeg","datePublished":"2023-01-23T21:12:00+00:00","dateModified":"2023-01-25T12:20:35+00:00","author":{"@id":"https:\/\/www.manaus.am.gov.br\/semcom\/#\/schema\/person\/79525a47ac5902f50493820d995728ee"},"inLanguage":"pt-BR","potentialAction":[{"@type":"ReadAction","target":["https:\/\/www.manaus.am.gov.br\/semcom\/prefeitura-de-manaus-inicia-curso-de-higienizacao-a-seco\/"]}]},{"@type":"ImageObject","inLanguage":"pt-BR","@id":"https:\/\/www.manaus.am.gov.br\/semcom\/prefeitura-de-manaus-inicia-curso-de-higienizacao-a-seco\/#primaryimage","url":"https:\/\/www.manaus.am.gov.br\/semcom\/wp-content\/uploads\/sites\/5\/2023\/01\/2.jpeg","contentUrl":"https:\/\/www.manaus.am.gov.br\/semcom\/wp-content\/uploads\/sites\/5\/2023\/01\/2.jpeg","width":1600,"height":1200},{"@type":"WebSite","@id":"https:\/\/www.manaus.am.gov.br\/semcom\/#website","url":"https:\/\/www.manaus.am.gov.br\/semcom\/","name":"SEMCOM","description":"Secretaria Municipal de Comunica\u00e7\u00e3o","potentialAction":[{"@type":"SearchAction","target":{"@type":"EntryPoint","urlTemplate":"https:\/\/www.manaus.am.gov.br\/semcom\/?s={search_term_string}"},"query-input":"required name=search_term_string"}],"inLanguage":"pt-BR"},{"@type":"Person","@id":"https:\/\/www.manaus.am.gov.br\/semcom\/#\/schema\/person\/79525a47ac5902f50493820d995728ee","name":"Imarketing Digital","image":{"@type":"ImageObject","inLanguage":"pt-BR","@id":"https:\/\/www.manaus.am.gov.br\/semcom\/#\/schema\/person\/image\/","url":"https:\/\/secure.gravatar.com\/avatar\/03432d3c57b756ed9760f7019c815a3a?s=96&d=mm&r=g","contentUrl":"https:\/\/secure.gravatar.com\/avatar\/03432d3c57b756ed9760f7019c815a3a?s=96&d=mm&r=g","caption":"Imarketing Digital"}}]}},"_links":{"self":[{"href":"https:\/\/www.manaus.am.gov.br\/semcom\/wp-json\/wp\/v2\/posts\/207988"}],"collection":[{"href":"https:\/\/www.manaus.am.gov.br\/semcom\/wp-json\/wp\/v2\/posts"}],"about":[{"href":"https:\/\/www.manaus.am.gov.br\/semcom\/wp-json\/wp\/v2\/types\/post"}],"author":[{"embeddable":true,"href":"https:\/\/www.manaus.am.gov.br\/semcom\/wp-json\/wp\/v2\/users\/27"}],"replies":[{"embeddable":true,"href":"https:\/\/www.manaus.am.gov.br\/semcom\/wp-json\/wp\/v2\/comments?post=207988"}],"version-history":[{"count":0,"href":"https:\/\/www.manaus.am.gov.br\/semcom\/wp-json\/wp\/v2\/posts\/207988\/revisions"}],"wp:featuredmedia":[{"embeddable":true,"href":"https:\/\/www.manaus.am.gov.br\/semcom\/wp-json\/wp\/v2\/media\/207989"}],"wp:attachment":[{"href":"https:\/\/www.manaus.am.gov.br\/semcom\/wp-json\/wp\/v2\/media?parent=207988"}],"wp:term":[{"taxonomy":"category","embeddable":true,"href":"https:\/\/www.manaus.am.gov.br\/semcom\/wp-json\/wp\/v2\/categories?post=207988"},{"taxonomy":"post_tag","embeddable":true,"href":"https:\/\/www.manaus.am.gov.br\/semcom\/wp-json\/wp\/v2\/tags?post=207988"}],"curies":[{"name":"wp","href":"https:\/\/api.w.org\/{rel}","templated":true}]}}