{"id":207984,"date":"2023-01-23T19:03:00","date_gmt":"2023-01-23T22:03:00","guid":{"rendered":"https:\/\/www.manaus.am.gov.br\/semcom\/2023\/01\/23\/prefeitura-de-manaus-capacita-servidores-para-uso-de-software-que-integra-informacoes-do-suas\/"},"modified":"2023-01-25T09:18:15","modified_gmt":"2023-01-25T12:18:15","slug":"prefeitura-de-manaus-capacita-servidores-para-uso-de-software-que-integra-informacoes-do-suas","status":"publish","type":"post","link":"https:\/\/www.manaus.am.gov.br\/semcom\/prefeitura-de-manaus-capacita-servidores-para-uso-de-software-que-integra-informacoes-do-suas\/","title":{"rendered":"Prefeitura de Manaus capacita servidores para uso de software que integra informa\u00e7\u00f5es do Suas"},"content":{"rendered":"\n<p>A Prefeitura de Manaus, por meio da Secretaria Municipal da Mulher, Assist\u00eancia Social e Cidadania (Semasc) iniciou a capacita\u00e7\u00e3o para a utiliza\u00e7\u00e3o do software Gesuas, sistema de gest\u00e3o virtual que efetiva a vers\u00e3o on-line do prontu\u00e1rio do Sistema \u00danico de Assist\u00eancia Social (Suas), nesta segunda-feira, 23\/1. Diretorias, ger\u00eancias, chefias de divis\u00e3o, coordenadores de servi\u00e7os e t\u00e9cnicos dos Centros de Refer\u00eancia de Assist\u00eancia Social (Cras), dos Centros de Refer\u00eancia Especializado de Assist\u00eancia Social (Creas) e do Departamento de Gest\u00e3o do Suas, participaram do curso.<\/p>\n\n\n\n<p>\u201cHoje estamos iniciando a capacita\u00e7\u00e3o nessa ferramenta que vai poder contribuir com o desenvolvimento, o trabalho, e o dia a dia dos t\u00e9cnicos da secretaria como um todo. A partir da\u00ed, teremos um olhar diferenciado, com todos os dados nos relat\u00f3rios que ser\u00e3o emitidos. Ent\u00e3o, poderemos trabalhar desenvolvendo a\u00e7\u00f5es, melhorando cada vez mais as pol\u00edticas p\u00fablicas voltadas \u00e0 popula\u00e7\u00e3o da cidade de Manaus\u201d, declarou Jecicleide Nascimento, subsecret\u00e1ria Operacional e de Assist\u00eancia Social da Semasc.<\/p>\n\n\n\n<p>Durante o encontro, os profissionais tiraram d\u00favidas sobre etapas do atendimento, a constru\u00e7\u00e3o do Registro Mensal de Atendimento (RMA), com a oportunidade de absorver informa\u00e7\u00f5es e dicas importantes transmitidas pelo representante da empresa respons\u00e1vel pelo software.<\/p>\n\n\n\n<p>\u201cO software Gesuas \u00e9 um sistema de informa\u00e7\u00e3o adotado pela Prefeitura de Manaus que permite a integra\u00e7\u00e3o da rede socioassistencial do munic\u00edpio atrav\u00e9s da utiliza\u00e7\u00e3o de uma ferramenta informatizada em que \u00e9 poss\u00edvel cadastrar fam\u00edlias e usu\u00e1rios, registrar atendimentos, acompanhamentos, concess\u00f5es de benef\u00edcios eventuais, encaminhamentos e trabalhos realizados pelas equipes dos Cras e Creas\u201d, afirmou o instrutor Iago Oliveira.<\/p>\n\n\n\n<p>O programa \u00e9 tamb\u00e9m uma vers\u00e3o digital do prontu\u00e1rio do Suas e atrav\u00e9s deste \u00e9 poss\u00edvel emitir relat\u00f3rios sobre os atendimentos, contemplando as demandas de monitoramento das esferas municipal, estadual e federal.<\/p>\n\n\n\n<p>O programa possui tamb\u00e9m hist\u00f3rico de atendimentos que permite a r\u00e1pida visualiza\u00e7\u00e3o dos servi\u00e7os oferecidos aos usu\u00e1rios nas unidades socioassistenciais do munic\u00edpio.<\/p>\n\n\n\n<p>\u201cO munic\u00edpio ganha trazendo esse sistema de monitoramento e avalia\u00e7\u00e3o, pois a partir dele conseguiremos visualizar nossas unidades, nossos indicadores, entre outros dados. Al\u00e9m da integra\u00e7\u00e3o entre os equipamentos socioassistenciais, vamos poder padronizar o registro das informa\u00e7\u00f5es, ter a gest\u00e3o em tempo real, acesso r\u00e1pido \u00e0s informa\u00e7\u00f5es e efetiva implementa\u00e7\u00e3o da vigil\u00e2ncia socioassistencial\u201d, finalizou Lorena Barreto, diretora do Departamento de Gest\u00e3o do Suas da Semasc.<\/p>\n\n\n\n<p>O sistema ser\u00e1 implantado a partir de fevereiro e a capacita\u00e7\u00e3o continuar\u00e1 acontecendo nos pr\u00f3ximos dias.<\/p>\n\n\n\n<p><strong>Sobre o Suas<\/strong><\/p>\n\n\n\n<p>O Suas \u00e9 um sistema p\u00fablico que organiza os servi\u00e7os de assist\u00eancia social no Brasil. Com um modelo de gest\u00e3o participativo, ele articula os esfor\u00e7os e os recursos dos tr\u00eas n\u00edveis de governo, isto \u00e9, munic\u00edpios, estados e a Uni\u00e3o, para a execu\u00e7\u00e3o e financiamento da Pol\u00edtica Nacional de Assist\u00eancia Social (PNAS), envolvendo diretamente estruturas e marcos regulat\u00f3rios nacionais, estaduais, municipais e do Distrito Federal.<\/p>\n\n\n\n<p>Os servi\u00e7os do Suas se organizam nas a\u00e7\u00f5es de prote\u00e7\u00e3o social, e dividem-se em dois n\u00edveis: Prote\u00e7\u00e3o Social B\u00e1sica, que se destina \u00e0 preven\u00e7\u00e3o de riscos sociais e pessoais, por meio da oferta de programas, projetos, servi\u00e7os e benef\u00edcios a indiv\u00edduos e fam\u00edlias em situa\u00e7\u00e3o de vulnerabilidade social; e Prote\u00e7\u00e3o Social Especial, destinada a fam\u00edlias e indiv\u00edduos que j\u00e1 se encontram em situa\u00e7\u00e3o de risco e ainda tiveram seus direitos violados por ocorr\u00eancia de abandono, maus-tratos, uso de drogas, abuso sexual, entre outros.<\/p>\n\n\n\n<p>Os servi\u00e7os do Suas s\u00e3o prestados \u00e0 popula\u00e7\u00e3o, via equipamentos socioassistenciais, e seus diferentes profissionais, como assistentes sociais, psic\u00f3logos, entre outros.<\/p>\n\n\n\n<p>\u2014 \u2014 \u2014<\/p>\n\n\n\n<p><strong>Texto \u2013&nbsp;<\/strong>Leonardo Fierro \/ Semasc<\/p>\n\n\n\n<p><strong>Fotos \u2013&nbsp;<\/strong>Assessoria Semasc<\/p>\n","protected":false},"excerpt":{"rendered":"","protected":false},"author":27,"featured_media":207985,"comment_status":"closed","ping_status":"closed","sticky":false,"template":"","format":"standard","meta":{"footnotes":""},"categories":[41,14],"tags":[],"acf":[],"yoast_head":"<!-- This site is optimized with the Yoast SEO plugin v23.0 - https:\/\/yoast.com\/wordpress\/plugins\/seo\/ -->\n<title>Prefeitura de Manaus capacita servidores para uso de software que integra informa\u00e7\u00f5es do Suas - SEMCOM<\/title>\n<meta name=\"robots\" content=\"index, follow, max-snippet:-1, max-image-preview:large, max-video-preview:-1\" \/>\n<link rel=\"canonical\" href=\"https:\/\/www.manaus.am.gov.br\/semcom\/prefeitura-de-manaus-capacita-servidores-para-uso-de-software-que-integra-informacoes-do-suas\/\" \/>\n<meta property=\"og:locale\" content=\"pt_BR\" \/>\n<meta property=\"og:type\" content=\"article\" \/>\n<meta property=\"og:title\" content=\"Prefeitura de Manaus capacita servidores para uso de software que integra informa\u00e7\u00f5es do Suas - SEMCOM\" \/>\n<meta property=\"og:url\" content=\"https:\/\/www.manaus.am.gov.br\/semcom\/prefeitura-de-manaus-capacita-servidores-para-uso-de-software-que-integra-informacoes-do-suas\/\" \/>\n<meta property=\"og:site_name\" content=\"SEMCOM\" \/>\n<meta property=\"article:published_time\" content=\"2023-01-23T22:03:00+00:00\" \/>\n<meta property=\"article:modified_time\" content=\"2023-01-25T12:18:15+00:00\" \/>\n<meta property=\"og:image\" content=\"https:\/\/www.manaus.am.gov.br\/semcom\/wp-content\/uploads\/sites\/5\/2023\/01\/IMG_9340-2048x1536-1.jpg\" \/>\n\t<meta property=\"og:image:width\" content=\"2048\" \/>\n\t<meta property=\"og:image:height\" content=\"1536\" \/>\n\t<meta property=\"og:image:type\" content=\"image\/jpeg\" \/>\n<meta name=\"author\" content=\"Imarketing Digital\" \/>\n<meta name=\"twitter:card\" content=\"summary_large_image\" \/>\n<meta name=\"twitter:label1\" content=\"Written by\" \/>\n\t<meta name=\"twitter:data1\" content=\"Imarketing Digital\" \/>\n\t<meta name=\"twitter:label2\" content=\"Est. reading time\" \/>\n\t<meta name=\"twitter:data2\" content=\"4 minutos\" \/>\n<script type=\"application\/ld+json\" class=\"yoast-schema-graph\">{\"@context\":\"https:\/\/schema.org\",\"@graph\":[{\"@type\":\"WebPage\",\"@id\":\"https:\/\/www.manaus.am.gov.br\/semcom\/prefeitura-de-manaus-capacita-servidores-para-uso-de-software-que-integra-informacoes-do-suas\/\",\"url\":\"https:\/\/www.manaus.am.gov.br\/semcom\/prefeitura-de-manaus-capacita-servidores-para-uso-de-software-que-integra-informacoes-do-suas\/\",\"name\":\"Prefeitura de Manaus capacita servidores para uso de software que integra informa\u00e7\u00f5es do Suas - SEMCOM\",\"isPartOf\":{\"@id\":\"https:\/\/www.manaus.am.gov.br\/semcom\/#website\"},\"primaryImageOfPage\":{\"@id\":\"https:\/\/www.manaus.am.gov.br\/semcom\/prefeitura-de-manaus-capacita-servidores-para-uso-de-software-que-integra-informacoes-do-suas\/#primaryimage\"},\"image\":{\"@id\":\"https:\/\/www.manaus.am.gov.br\/semcom\/prefeitura-de-manaus-capacita-servidores-para-uso-de-software-que-integra-informacoes-do-suas\/#primaryimage\"},\"thumbnailUrl\":\"https:\/\/www.manaus.am.gov.br\/semcom\/wp-content\/uploads\/sites\/5\/2023\/01\/IMG_9340-2048x1536-1.jpg\",\"datePublished\":\"2023-01-23T22:03:00+00:00\",\"dateModified\":\"2023-01-25T12:18:15+00:00\",\"author\":{\"@id\":\"https:\/\/www.manaus.am.gov.br\/semcom\/#\/schema\/person\/79525a47ac5902f50493820d995728ee\"},\"inLanguage\":\"pt-BR\",\"potentialAction\":[{\"@type\":\"ReadAction\",\"target\":[\"https:\/\/www.manaus.am.gov.br\/semcom\/prefeitura-de-manaus-capacita-servidores-para-uso-de-software-que-integra-informacoes-do-suas\/\"]}]},{\"@type\":\"ImageObject\",\"inLanguage\":\"pt-BR\",\"@id\":\"https:\/\/www.manaus.am.gov.br\/semcom\/prefeitura-de-manaus-capacita-servidores-para-uso-de-software-que-integra-informacoes-do-suas\/#primaryimage\",\"url\":\"https:\/\/www.manaus.am.gov.br\/semcom\/wp-content\/uploads\/sites\/5\/2023\/01\/IMG_9340-2048x1536-1.jpg\",\"contentUrl\":\"https:\/\/www.manaus.am.gov.br\/semcom\/wp-content\/uploads\/sites\/5\/2023\/01\/IMG_9340-2048x1536-1.jpg\",\"width\":2048,\"height\":1536},{\"@type\":\"WebSite\",\"@id\":\"https:\/\/www.manaus.am.gov.br\/semcom\/#website\",\"url\":\"https:\/\/www.manaus.am.gov.br\/semcom\/\",\"name\":\"SEMCOM\",\"description\":\"Secretaria Municipal de Comunica\u00e7\u00e3o\",\"potentialAction\":[{\"@type\":\"SearchAction\",\"target\":{\"@type\":\"EntryPoint\",\"urlTemplate\":\"https:\/\/www.manaus.am.gov.br\/semcom\/?s={search_term_string}\"},\"query-input\":\"required name=search_term_string\"}],\"inLanguage\":\"pt-BR\"},{\"@type\":\"Person\",\"@id\":\"https:\/\/www.manaus.am.gov.br\/semcom\/#\/schema\/person\/79525a47ac5902f50493820d995728ee\",\"name\":\"Imarketing Digital\",\"image\":{\"@type\":\"ImageObject\",\"inLanguage\":\"pt-BR\",\"@id\":\"https:\/\/www.manaus.am.gov.br\/semcom\/#\/schema\/person\/image\/\",\"url\":\"https:\/\/secure.gravatar.com\/avatar\/03432d3c57b756ed9760f7019c815a3a?s=96&d=mm&r=g\",\"contentUrl\":\"https:\/\/secure.gravatar.com\/avatar\/03432d3c57b756ed9760f7019c815a3a?s=96&d=mm&r=g\",\"caption\":\"Imarketing Digital\"}}]}<\/script>\n<!-- \/ Yoast SEO plugin. -->","yoast_head_json":{"title":"Prefeitura de Manaus capacita servidores para uso de software que integra informa\u00e7\u00f5es do Suas - SEMCOM","robots":{"index":"index","follow":"follow","max-snippet":"max-snippet:-1","max-image-preview":"max-image-preview:large","max-video-preview":"max-video-preview:-1"},"canonical":"https:\/\/www.manaus.am.gov.br\/semcom\/prefeitura-de-manaus-capacita-servidores-para-uso-de-software-que-integra-informacoes-do-suas\/","og_locale":"pt_BR","og_type":"article","og_title":"Prefeitura de Manaus capacita servidores para uso de software que integra informa\u00e7\u00f5es do Suas - SEMCOM","og_url":"https:\/\/www.manaus.am.gov.br\/semcom\/prefeitura-de-manaus-capacita-servidores-para-uso-de-software-que-integra-informacoes-do-suas\/","og_site_name":"SEMCOM","article_published_time":"2023-01-23T22:03:00+00:00","article_modified_time":"2023-01-25T12:18:15+00:00","og_image":[{"width":2048,"height":1536,"url":"https:\/\/www.manaus.am.gov.br\/semcom\/wp-content\/uploads\/sites\/5\/2023\/01\/IMG_9340-2048x1536-1.jpg","type":"image\/jpeg"}],"author":"Imarketing Digital","twitter_card":"summary_large_image","twitter_misc":{"Written by":"Imarketing Digital","Est. reading time":"4 minutos"},"schema":{"@context":"https:\/\/schema.org","@graph":[{"@type":"WebPage","@id":"https:\/\/www.manaus.am.gov.br\/semcom\/prefeitura-de-manaus-capacita-servidores-para-uso-de-software-que-integra-informacoes-do-suas\/","url":"https:\/\/www.manaus.am.gov.br\/semcom\/prefeitura-de-manaus-capacita-servidores-para-uso-de-software-que-integra-informacoes-do-suas\/","name":"Prefeitura de Manaus capacita servidores para uso de software que integra informa\u00e7\u00f5es do Suas - SEMCOM","isPartOf":{"@id":"https:\/\/www.manaus.am.gov.br\/semcom\/#website"},"primaryImageOfPage":{"@id":"https:\/\/www.manaus.am.gov.br\/semcom\/prefeitura-de-manaus-capacita-servidores-para-uso-de-software-que-integra-informacoes-do-suas\/#primaryimage"},"image":{"@id":"https:\/\/www.manaus.am.gov.br\/semcom\/prefeitura-de-manaus-capacita-servidores-para-uso-de-software-que-integra-informacoes-do-suas\/#primaryimage"},"thumbnailUrl":"https:\/\/www.manaus.am.gov.br\/semcom\/wp-content\/uploads\/sites\/5\/2023\/01\/IMG_9340-2048x1536-1.jpg","datePublished":"2023-01-23T22:03:00+00:00","dateModified":"2023-01-25T12:18:15+00:00","author":{"@id":"https:\/\/www.manaus.am.gov.br\/semcom\/#\/schema\/person\/79525a47ac5902f50493820d995728ee"},"inLanguage":"pt-BR","potentialAction":[{"@type":"ReadAction","target":["https:\/\/www.manaus.am.gov.br\/semcom\/prefeitura-de-manaus-capacita-servidores-para-uso-de-software-que-integra-informacoes-do-suas\/"]}]},{"@type":"ImageObject","inLanguage":"pt-BR","@id":"https:\/\/www.manaus.am.gov.br\/semcom\/prefeitura-de-manaus-capacita-servidores-para-uso-de-software-que-integra-informacoes-do-suas\/#primaryimage","url":"https:\/\/www.manaus.am.gov.br\/semcom\/wp-content\/uploads\/sites\/5\/2023\/01\/IMG_9340-2048x1536-1.jpg","contentUrl":"https:\/\/www.manaus.am.gov.br\/semcom\/wp-content\/uploads\/sites\/5\/2023\/01\/IMG_9340-2048x1536-1.jpg","width":2048,"height":1536},{"@type":"WebSite","@id":"https:\/\/www.manaus.am.gov.br\/semcom\/#website","url":"https:\/\/www.manaus.am.gov.br\/semcom\/","name":"SEMCOM","description":"Secretaria Municipal de Comunica\u00e7\u00e3o","potentialAction":[{"@type":"SearchAction","target":{"@type":"EntryPoint","urlTemplate":"https:\/\/www.manaus.am.gov.br\/semcom\/?s={search_term_string}"},"query-input":"required name=search_term_string"}],"inLanguage":"pt-BR"},{"@type":"Person","@id":"https:\/\/www.manaus.am.gov.br\/semcom\/#\/schema\/person\/79525a47ac5902f50493820d995728ee","name":"Imarketing Digital","image":{"@type":"ImageObject","inLanguage":"pt-BR","@id":"https:\/\/www.manaus.am.gov.br\/semcom\/#\/schema\/person\/image\/","url":"https:\/\/secure.gravatar.com\/avatar\/03432d3c57b756ed9760f7019c815a3a?s=96&d=mm&r=g","contentUrl":"https:\/\/secure.gravatar.com\/avatar\/03432d3c57b756ed9760f7019c815a3a?s=96&d=mm&r=g","caption":"Imarketing Digital"}}]}},"_links":{"self":[{"href":"https:\/\/www.manaus.am.gov.br\/semcom\/wp-json\/wp\/v2\/posts\/207984"}],"collection":[{"href":"https:\/\/www.manaus.am.gov.br\/semcom\/wp-json\/wp\/v2\/posts"}],"about":[{"href":"https:\/\/www.manaus.am.gov.br\/semcom\/wp-json\/wp\/v2\/types\/post"}],"author":[{"embeddable":true,"href":"https:\/\/www.manaus.am.gov.br\/semcom\/wp-json\/wp\/v2\/users\/27"}],"replies":[{"embeddable":true,"href":"https:\/\/www.manaus.am.gov.br\/semcom\/wp-json\/wp\/v2\/comments?post=207984"}],"version-history":[{"count":0,"href":"https:\/\/www.manaus.am.gov.br\/semcom\/wp-json\/wp\/v2\/posts\/207984\/revisions"}],"wp:featuredmedia":[{"embeddable":true,"href":"https:\/\/www.manaus.am.gov.br\/semcom\/wp-json\/wp\/v2\/media\/207985"}],"wp:attachment":[{"href":"https:\/\/www.manaus.am.gov.br\/semcom\/wp-json\/wp\/v2\/media?parent=207984"}],"wp:term":[{"taxonomy":"category","embeddable":true,"href":"https:\/\/www.manaus.am.gov.br\/semcom\/wp-json\/wp\/v2\/categories?post=207984"},{"taxonomy":"post_tag","embeddable":true,"href":"https:\/\/www.manaus.am.gov.br\/semcom\/wp-json\/wp\/v2\/tags?post=207984"}],"curies":[{"name":"wp","href":"https:\/\/api.w.org\/{rel}","templated":true}]}}