{"id":207975,"date":"2023-01-24T09:52:00","date_gmt":"2023-01-24T12:52:00","guid":{"rendered":"https:\/\/www.manaus.am.gov.br\/semcom\/2023\/01\/24\/prefeitura-de-manaus-inicia-projeto-de-divulgacao-e-valorizacao-dos-espacos-culturais-da-cidade\/"},"modified":"2023-01-25T08:59:21","modified_gmt":"2023-01-25T11:59:21","slug":"prefeitura-de-manaus-inicia-projeto-de-divulgacao-e-valorizacao-dos-espacos-culturais-da-cidade","status":"publish","type":"post","link":"https:\/\/www.manaus.am.gov.br\/semcom\/prefeitura-de-manaus-inicia-projeto-de-divulgacao-e-valorizacao-dos-espacos-culturais-da-cidade\/","title":{"rendered":"Prefeitura de Manaus inicia projeto de divulga\u00e7\u00e3o e valoriza\u00e7\u00e3o dos espa\u00e7os culturais da cidade"},"content":{"rendered":"\n<p>A Prefeitura de Manaus, por meio da Funda\u00e7\u00e3o Municipal de Cultura, Turismo e Eventos (Manauscult), iniciou, nesta segunda-feira, 23\/1, em suas m\u00eddias sociais Instagram e Facebook, a s\u00e9rie \u201cAqui Tem Cultura\u201d, projeto que tem como objetivo a divulga\u00e7\u00e3o e a valoriza\u00e7\u00e3o dos equipamentos culturais inscritos no banco de dados de artistas da funda\u00e7\u00e3o.<\/p>\n\n\n\n<p>A Cia e Produtora Panorando, com sede no Espa\u00e7o Flow, localizada na avenida Maneca Marques, bairro Parque 10 de Novembro, zona Centro-Sul, abre a nova s\u00e9rie. Fundada em 2016, a companhia surgiu com a finalidade de integrar egressos de diferentes gradua\u00e7\u00f5es das artes da cidade, e com o tempo se estabeleceu como produtora de eventos e montagem de espet\u00e1culos de dan\u00e7a e teatro.<\/p>\n\n\n\n<p>O diretor-presidente da Manauscult, Alonso Oliveira, explica que o projeto \u00e9 uma forma de valorizar e evidenciar os trabalhos dos espa\u00e7os culturais independentes da capital.<\/p>\n\n\n\n<p>\u201cO que n\u00f3s estamos fazendo, sem d\u00favida alguma, \u00e9 uma inova\u00e7\u00e3o, evidenciando e promovendo o trabalho dos equipamentos culturais independentes, inscritos no nosso banco de dados. Importante lembrar que ainda estamos recebendo o cadastro de artistas, produtores, t\u00e9cnicos e demais trabalhadores do setor art\u00edstico-cultural at\u00e9 o dia 15 de junho. \u00c9 a partir desse banco que realizamos a contrata\u00e7\u00e3o de artistas e servi\u00e7os para os eventos e projetos da Manauscult\u201d, explicou o presidente.<\/p>\n\n\n\n<p><strong>Panorando<\/strong><\/p>\n\n\n\n<p>Entre os projetos da Cia e Produtora Panorando, destacam-se as quatro edi\u00e7\u00f5es do \u201cFestival 5 Minutos em Cena: Circo, Dan\u00e7a, Teatro e Performance\u201d, com o qual recebeu uma men\u00e7\u00e3o honrosa da Federa\u00e7\u00e3o de Teatro do Amazonas (Trof\u00e9u Jurupari). A companhia tamb\u00e9m foi contemplada, em 2018, no \u201cPr\u00eamio Conex\u00f5es Culturais \u2013 Lei Aldir Blanc\u201d, da Prefeitura de Manaus, por meio da Manauscult, com o espet\u00e1culo \u201cSodade\u201d, uma homenagem a cultura nordestina, e que j\u00e1 foi selecionado para participar do Beira Bienal (SP-2021), Amaz\u00f4nia Encena na Rua (PA-2022) e o 30\u00ba Festival de Inverno de Garanhuns (PE-2022).<\/p>\n\n\n\n<p>Entre as principais realiza\u00e7\u00f5es da companhia est\u00e3o o \u201cEH2N \u2013 Encontro de Hip Hop No Norte\u201d e \u201cArte no EJA\/Manaus\u201d. Na produtora constam os espet\u00e1culos: In process: curumins (2017), Notas Sobre Ela (2017), 1960: t\u00edtulo interino (2018), Jamais Fomos Modernos (2018\/2019) e Sodade (2019\/atual), com os quais j\u00e1 se apresentou em diferentes estados.<\/p>\n\n\n\n<p>No ano passado, a companhia teve o projeto \u201cHip Hop Dance Lab\u201d contemplado pelo edital \u201cManaus Faz Cultura\u201d, do Conselho Municipal de Cultura (Concultura), e participou tamb\u00e9m do #SouManaus Passo a Pa\u00e7o, encenando \u201cSodade\u201d nos palcos Passinho Kids e Museu.<\/p>\n\n\n\n<p><strong>Aulas<\/strong><\/p>\n\n\n\n<p>A companhia est\u00e1 com inscri\u00e7\u00f5es abertas para aulas de bal\u00e9, baby class, hip-hop, ioga, flexibilidade entre outras modalidades de dan\u00e7a. O \u201cEspa\u00e7o Flow\u201d, sede da Panorando, onde acontece as aulas regulares, oficinas e apresenta\u00e7\u00f5es, funciona de domingo a domingo, de 16h \u00e0s 22h, os valores dos cursos variam de R$ 100 a R$ 150. Mais informa\u00e7\u00f5es sobre o espa\u00e7o e as aulas podem ser obtidas pelo telefone (92) 98161-6585.<\/p>\n\n\n\n<p>O diretor da companhia e produtora Panorando, F\u00e1bio Moura, conta que o Espa\u00e7o Flow tamb\u00e9m pode ser alugado para ensaios de dan\u00e7a e teatro.<\/p>\n\n\n\n<p>\u201cN\u00f3s somos companhia e produtora, e hospedamos aqui alguns grupos que ensaiam e que alugam o espa\u00e7o, por um valor mais acess\u00edvel. N\u00f3s estamos com matr\u00edculas abertas para aulas de bal\u00e9, adulto, baby class, hip-hop, ioga, flexibilidade. No momento, estamos recebendo o grupo de f\u00e9rias, holograma e tamb\u00e9m estamos na organiza\u00e7\u00e3o da primeira Feira do Flow, uma feira de economia criativa que n\u00f3s vamos realizar aqui no espa\u00e7o dia 28 de janeiro a partir das 16h\u201d, disse.<\/p>\n\n\n\n<p><strong>Sodade<\/strong><\/p>\n\n\n\n<p>O espet\u00e1culo \u201cSodade\u201d, fruto do \u201cPr\u00eamio Manaus Conex\u00f5es Culturais\u201d de 2018, da Manauscult, encenado em diversos estados do pa\u00eds, recentemente foi vencedor, em primeiro lugar, com a circula\u00e7\u00e3o de dan\u00e7a pela Funda\u00e7\u00e3o Nacional de Artes (Funarte), um edital de concorr\u00eancia nacional.<\/p>\n\n\n\n<p>\u201cSodade \u00e9 o nosso quarto espet\u00e1culo de dan\u00e7a e ele \u00e9 muito importante pra n\u00f3s, ele come\u00e7ou com apoio da Manauscult atrav\u00e9s do \u2018Pr\u00eamio Manaus Conex\u00f5es Culturais\u2019, l\u00e1 em 2018, que a gente foi premiado pra produ\u00e7\u00e3o desse espet\u00e1culo, e a\u00ed a gente produziu e desde ent\u00e3o ele se desenvolveu cada vez mais, alcan\u00e7ou muitos voos aqui no Amazonas e fora de Manaus, isso \u00e9 muito importante pra gente porque ele nos deu e visibilidade e tamb\u00e9m capacidade pra gente desenvolver o nosso espa\u00e7o e ver que era importante ter esse lugar pra gente criar\u201d, destacou a coordenadora art\u00edstica da companhia, Talita Menezes.<\/p>\n\n\n\n<p>\u2014 \u2014 \u2014<\/p>\n\n\n\n<p><strong>Texto \u2013<\/strong>&nbsp;Keize Pedrosa \/ Manauscult<\/p>\n\n\n\n<p><strong>Fotos \u2013<\/strong>&nbsp;Divulga\u00e7\u00e3o \/ Panorando<\/p>\n","protected":false},"excerpt":{"rendered":"","protected":false},"author":27,"featured_media":207976,"comment_status":"closed","ping_status":"closed","sticky":false,"template":"","format":"standard","meta":{"footnotes":""},"categories":[5,14],"tags":[],"acf":[],"yoast_head":"<!-- This site is optimized with the Yoast SEO plugin v23.0 - https:\/\/yoast.com\/wordpress\/plugins\/seo\/ -->\n<title>Prefeitura de Manaus inicia projeto de divulga\u00e7\u00e3o e valoriza\u00e7\u00e3o dos espa\u00e7os culturais da cidade - SEMCOM<\/title>\n<meta name=\"robots\" content=\"index, follow, max-snippet:-1, max-image-preview:large, max-video-preview:-1\" \/>\n<link rel=\"canonical\" href=\"https:\/\/www.manaus.am.gov.br\/semcom\/prefeitura-de-manaus-inicia-projeto-de-divulgacao-e-valorizacao-dos-espacos-culturais-da-cidade\/\" \/>\n<meta property=\"og:locale\" content=\"pt_BR\" \/>\n<meta property=\"og:type\" content=\"article\" \/>\n<meta property=\"og:title\" content=\"Prefeitura de Manaus inicia projeto de divulga\u00e7\u00e3o e valoriza\u00e7\u00e3o dos espa\u00e7os culturais da cidade - SEMCOM\" \/>\n<meta property=\"og:url\" content=\"https:\/\/www.manaus.am.gov.br\/semcom\/prefeitura-de-manaus-inicia-projeto-de-divulgacao-e-valorizacao-dos-espacos-culturais-da-cidade\/\" \/>\n<meta property=\"og:site_name\" content=\"SEMCOM\" \/>\n<meta property=\"article:published_time\" content=\"2023-01-24T12:52:00+00:00\" \/>\n<meta property=\"article:modified_time\" content=\"2023-01-25T11:59:21+00:00\" \/>\n<meta property=\"og:image\" content=\"https:\/\/www.manaus.am.gov.br\/semcom\/wp-content\/uploads\/sites\/5\/2023\/01\/WhatsApp-Image-2023-01-23-at-22.51.08-720x407-1.jpeg\" \/>\n\t<meta property=\"og:image:width\" content=\"720\" \/>\n\t<meta property=\"og:image:height\" content=\"407\" \/>\n\t<meta property=\"og:image:type\" content=\"image\/jpeg\" \/>\n<meta name=\"author\" content=\"Imarketing Digital\" \/>\n<meta name=\"twitter:card\" content=\"summary_large_image\" \/>\n<meta name=\"twitter:label1\" content=\"Written by\" \/>\n\t<meta name=\"twitter:data1\" content=\"Imarketing Digital\" \/>\n\t<meta name=\"twitter:label2\" content=\"Est. reading time\" \/>\n\t<meta name=\"twitter:data2\" content=\"5 minutos\" \/>\n<script type=\"application\/ld+json\" class=\"yoast-schema-graph\">{\"@context\":\"https:\/\/schema.org\",\"@graph\":[{\"@type\":\"WebPage\",\"@id\":\"https:\/\/www.manaus.am.gov.br\/semcom\/prefeitura-de-manaus-inicia-projeto-de-divulgacao-e-valorizacao-dos-espacos-culturais-da-cidade\/\",\"url\":\"https:\/\/www.manaus.am.gov.br\/semcom\/prefeitura-de-manaus-inicia-projeto-de-divulgacao-e-valorizacao-dos-espacos-culturais-da-cidade\/\",\"name\":\"Prefeitura de Manaus inicia projeto de divulga\u00e7\u00e3o e valoriza\u00e7\u00e3o dos espa\u00e7os culturais da cidade - SEMCOM\",\"isPartOf\":{\"@id\":\"https:\/\/www.manaus.am.gov.br\/semcom\/#website\"},\"primaryImageOfPage\":{\"@id\":\"https:\/\/www.manaus.am.gov.br\/semcom\/prefeitura-de-manaus-inicia-projeto-de-divulgacao-e-valorizacao-dos-espacos-culturais-da-cidade\/#primaryimage\"},\"image\":{\"@id\":\"https:\/\/www.manaus.am.gov.br\/semcom\/prefeitura-de-manaus-inicia-projeto-de-divulgacao-e-valorizacao-dos-espacos-culturais-da-cidade\/#primaryimage\"},\"thumbnailUrl\":\"https:\/\/www.manaus.am.gov.br\/semcom\/wp-content\/uploads\/sites\/5\/2023\/01\/WhatsApp-Image-2023-01-23-at-22.51.08-720x407-1.jpeg\",\"datePublished\":\"2023-01-24T12:52:00+00:00\",\"dateModified\":\"2023-01-25T11:59:21+00:00\",\"author\":{\"@id\":\"https:\/\/www.manaus.am.gov.br\/semcom\/#\/schema\/person\/79525a47ac5902f50493820d995728ee\"},\"inLanguage\":\"pt-BR\",\"potentialAction\":[{\"@type\":\"ReadAction\",\"target\":[\"https:\/\/www.manaus.am.gov.br\/semcom\/prefeitura-de-manaus-inicia-projeto-de-divulgacao-e-valorizacao-dos-espacos-culturais-da-cidade\/\"]}]},{\"@type\":\"ImageObject\",\"inLanguage\":\"pt-BR\",\"@id\":\"https:\/\/www.manaus.am.gov.br\/semcom\/prefeitura-de-manaus-inicia-projeto-de-divulgacao-e-valorizacao-dos-espacos-culturais-da-cidade\/#primaryimage\",\"url\":\"https:\/\/www.manaus.am.gov.br\/semcom\/wp-content\/uploads\/sites\/5\/2023\/01\/WhatsApp-Image-2023-01-23-at-22.51.08-720x407-1.jpeg\",\"contentUrl\":\"https:\/\/www.manaus.am.gov.br\/semcom\/wp-content\/uploads\/sites\/5\/2023\/01\/WhatsApp-Image-2023-01-23-at-22.51.08-720x407-1.jpeg\",\"width\":720,\"height\":407},{\"@type\":\"WebSite\",\"@id\":\"https:\/\/www.manaus.am.gov.br\/semcom\/#website\",\"url\":\"https:\/\/www.manaus.am.gov.br\/semcom\/\",\"name\":\"SEMCOM\",\"description\":\"Secretaria Municipal de Comunica\u00e7\u00e3o\",\"potentialAction\":[{\"@type\":\"SearchAction\",\"target\":{\"@type\":\"EntryPoint\",\"urlTemplate\":\"https:\/\/www.manaus.am.gov.br\/semcom\/?s={search_term_string}\"},\"query-input\":\"required name=search_term_string\"}],\"inLanguage\":\"pt-BR\"},{\"@type\":\"Person\",\"@id\":\"https:\/\/www.manaus.am.gov.br\/semcom\/#\/schema\/person\/79525a47ac5902f50493820d995728ee\",\"name\":\"Imarketing Digital\",\"image\":{\"@type\":\"ImageObject\",\"inLanguage\":\"pt-BR\",\"@id\":\"https:\/\/www.manaus.am.gov.br\/semcom\/#\/schema\/person\/image\/\",\"url\":\"https:\/\/secure.gravatar.com\/avatar\/03432d3c57b756ed9760f7019c815a3a?s=96&d=mm&r=g\",\"contentUrl\":\"https:\/\/secure.gravatar.com\/avatar\/03432d3c57b756ed9760f7019c815a3a?s=96&d=mm&r=g\",\"caption\":\"Imarketing Digital\"}}]}<\/script>\n<!-- \/ Yoast SEO plugin. -->","yoast_head_json":{"title":"Prefeitura de Manaus inicia projeto de divulga\u00e7\u00e3o e valoriza\u00e7\u00e3o dos espa\u00e7os culturais da cidade - SEMCOM","robots":{"index":"index","follow":"follow","max-snippet":"max-snippet:-1","max-image-preview":"max-image-preview:large","max-video-preview":"max-video-preview:-1"},"canonical":"https:\/\/www.manaus.am.gov.br\/semcom\/prefeitura-de-manaus-inicia-projeto-de-divulgacao-e-valorizacao-dos-espacos-culturais-da-cidade\/","og_locale":"pt_BR","og_type":"article","og_title":"Prefeitura de Manaus inicia projeto de divulga\u00e7\u00e3o e valoriza\u00e7\u00e3o dos espa\u00e7os culturais da cidade - SEMCOM","og_url":"https:\/\/www.manaus.am.gov.br\/semcom\/prefeitura-de-manaus-inicia-projeto-de-divulgacao-e-valorizacao-dos-espacos-culturais-da-cidade\/","og_site_name":"SEMCOM","article_published_time":"2023-01-24T12:52:00+00:00","article_modified_time":"2023-01-25T11:59:21+00:00","og_image":[{"width":720,"height":407,"url":"https:\/\/www.manaus.am.gov.br\/semcom\/wp-content\/uploads\/sites\/5\/2023\/01\/WhatsApp-Image-2023-01-23-at-22.51.08-720x407-1.jpeg","type":"image\/jpeg"}],"author":"Imarketing Digital","twitter_card":"summary_large_image","twitter_misc":{"Written by":"Imarketing Digital","Est. reading time":"5 minutos"},"schema":{"@context":"https:\/\/schema.org","@graph":[{"@type":"WebPage","@id":"https:\/\/www.manaus.am.gov.br\/semcom\/prefeitura-de-manaus-inicia-projeto-de-divulgacao-e-valorizacao-dos-espacos-culturais-da-cidade\/","url":"https:\/\/www.manaus.am.gov.br\/semcom\/prefeitura-de-manaus-inicia-projeto-de-divulgacao-e-valorizacao-dos-espacos-culturais-da-cidade\/","name":"Prefeitura de Manaus inicia projeto de divulga\u00e7\u00e3o e valoriza\u00e7\u00e3o dos espa\u00e7os culturais da cidade - SEMCOM","isPartOf":{"@id":"https:\/\/www.manaus.am.gov.br\/semcom\/#website"},"primaryImageOfPage":{"@id":"https:\/\/www.manaus.am.gov.br\/semcom\/prefeitura-de-manaus-inicia-projeto-de-divulgacao-e-valorizacao-dos-espacos-culturais-da-cidade\/#primaryimage"},"image":{"@id":"https:\/\/www.manaus.am.gov.br\/semcom\/prefeitura-de-manaus-inicia-projeto-de-divulgacao-e-valorizacao-dos-espacos-culturais-da-cidade\/#primaryimage"},"thumbnailUrl":"https:\/\/www.manaus.am.gov.br\/semcom\/wp-content\/uploads\/sites\/5\/2023\/01\/WhatsApp-Image-2023-01-23-at-22.51.08-720x407-1.jpeg","datePublished":"2023-01-24T12:52:00+00:00","dateModified":"2023-01-25T11:59:21+00:00","author":{"@id":"https:\/\/www.manaus.am.gov.br\/semcom\/#\/schema\/person\/79525a47ac5902f50493820d995728ee"},"inLanguage":"pt-BR","potentialAction":[{"@type":"ReadAction","target":["https:\/\/www.manaus.am.gov.br\/semcom\/prefeitura-de-manaus-inicia-projeto-de-divulgacao-e-valorizacao-dos-espacos-culturais-da-cidade\/"]}]},{"@type":"ImageObject","inLanguage":"pt-BR","@id":"https:\/\/www.manaus.am.gov.br\/semcom\/prefeitura-de-manaus-inicia-projeto-de-divulgacao-e-valorizacao-dos-espacos-culturais-da-cidade\/#primaryimage","url":"https:\/\/www.manaus.am.gov.br\/semcom\/wp-content\/uploads\/sites\/5\/2023\/01\/WhatsApp-Image-2023-01-23-at-22.51.08-720x407-1.jpeg","contentUrl":"https:\/\/www.manaus.am.gov.br\/semcom\/wp-content\/uploads\/sites\/5\/2023\/01\/WhatsApp-Image-2023-01-23-at-22.51.08-720x407-1.jpeg","width":720,"height":407},{"@type":"WebSite","@id":"https:\/\/www.manaus.am.gov.br\/semcom\/#website","url":"https:\/\/www.manaus.am.gov.br\/semcom\/","name":"SEMCOM","description":"Secretaria Municipal de Comunica\u00e7\u00e3o","potentialAction":[{"@type":"SearchAction","target":{"@type":"EntryPoint","urlTemplate":"https:\/\/www.manaus.am.gov.br\/semcom\/?s={search_term_string}"},"query-input":"required name=search_term_string"}],"inLanguage":"pt-BR"},{"@type":"Person","@id":"https:\/\/www.manaus.am.gov.br\/semcom\/#\/schema\/person\/79525a47ac5902f50493820d995728ee","name":"Imarketing Digital","image":{"@type":"ImageObject","inLanguage":"pt-BR","@id":"https:\/\/www.manaus.am.gov.br\/semcom\/#\/schema\/person\/image\/","url":"https:\/\/secure.gravatar.com\/avatar\/03432d3c57b756ed9760f7019c815a3a?s=96&d=mm&r=g","contentUrl":"https:\/\/secure.gravatar.com\/avatar\/03432d3c57b756ed9760f7019c815a3a?s=96&d=mm&r=g","caption":"Imarketing Digital"}}]}},"_links":{"self":[{"href":"https:\/\/www.manaus.am.gov.br\/semcom\/wp-json\/wp\/v2\/posts\/207975"}],"collection":[{"href":"https:\/\/www.manaus.am.gov.br\/semcom\/wp-json\/wp\/v2\/posts"}],"about":[{"href":"https:\/\/www.manaus.am.gov.br\/semcom\/wp-json\/wp\/v2\/types\/post"}],"author":[{"embeddable":true,"href":"https:\/\/www.manaus.am.gov.br\/semcom\/wp-json\/wp\/v2\/users\/27"}],"replies":[{"embeddable":true,"href":"https:\/\/www.manaus.am.gov.br\/semcom\/wp-json\/wp\/v2\/comments?post=207975"}],"version-history":[{"count":0,"href":"https:\/\/www.manaus.am.gov.br\/semcom\/wp-json\/wp\/v2\/posts\/207975\/revisions"}],"wp:featuredmedia":[{"embeddable":true,"href":"https:\/\/www.manaus.am.gov.br\/semcom\/wp-json\/wp\/v2\/media\/207976"}],"wp:attachment":[{"href":"https:\/\/www.manaus.am.gov.br\/semcom\/wp-json\/wp\/v2\/media?parent=207975"}],"wp:term":[{"taxonomy":"category","embeddable":true,"href":"https:\/\/www.manaus.am.gov.br\/semcom\/wp-json\/wp\/v2\/categories?post=207975"},{"taxonomy":"post_tag","embeddable":true,"href":"https:\/\/www.manaus.am.gov.br\/semcom\/wp-json\/wp\/v2\/tags?post=207975"}],"curies":[{"name":"wp","href":"https:\/\/api.w.org\/{rel}","templated":true}]}}