{"id":207973,"date":"2023-01-23T21:38:00","date_gmt":"2023-01-24T00:38:00","guid":{"rendered":"https:\/\/www.manaus.am.gov.br\/semcom\/2023\/01\/23\/prefeitura-de-manaus-inicia-temporada-2023-de-oficinas-artisticas\/"},"modified":"2023-01-25T08:59:07","modified_gmt":"2023-01-25T11:59:07","slug":"prefeitura-de-manaus-inicia-temporada-2023-de-oficinas-artisticas","status":"publish","type":"post","link":"https:\/\/www.manaus.am.gov.br\/semcom\/prefeitura-de-manaus-inicia-temporada-2023-de-oficinas-artisticas\/","title":{"rendered":"Prefeitura de Manaus inicia temporada 2023 de oficinas art\u00edsticas"},"content":{"rendered":"\n<p>A temporada de oficinas art\u00edsticas da Prefeitura de Manaus continua neste ano com o edital \u201cManaus Faz Cultura (2022)\u201d, por meio do Conselho Municipal de Cultura (Concultura) e da Funda\u00e7\u00e3o Municipal de Cultura, Turismo e Eventos (Manauscult), com duas oficinas, sendo uma de street dance e outra de fotografia, nos bairros Aleixo e S\u00e3o Pedro, nas zonas Centro-Sul e Norte, respectivamente.<\/p>\n\n\n\n<p>O presidente do Concultura, Ten\u00f3rio Telles, participou da abertura da oficina de fotografia \u201cPensando o Olhar \u2013 projetos fotogr\u00e1ficos ao alcance do bolso\u201d, e ressaltou a pol\u00edtica cultural adotada pela gest\u00e3o David Almeida de descentralizar o incentivo cultural.<\/p>\n\n\n\n<p>\u201cChegamos nas periferias desde o ano passado, e agora, nosso desafio \u00e9 a forma\u00e7\u00e3o dos profissionais da arte, tornando o artista independente tamb\u00e9m como empreendedor. \u00c9 o que esperamos com nossas oficinas culturais e de gest\u00e3o\u201d, afirmou Telles, informando que em fevereiro ser\u00e3o lan\u00e7ados novos editais de 2023.<\/p>\n\n\n\n<p>Na oficina de dan\u00e7a \u201cCaminhando nas Street Dance\u201d, no Parque S\u00e3o Pedro, zona Norte, estiveram o vice-presidente do Concultura, Neilo Batista, e o diretor de Cultura, Carlos Guedelha, onde 70 jovens v\u00e3o participar das cinco modalidades de dan\u00e7a de rua.<\/p>\n\n\n\n<p>\u201cEstamos aqui para provar e comprovar que o artista da periferia tem voz e vez na gest\u00e3o do prefeito David Almeida, que por sua vez, quer n\u00e3o s\u00f3 apoiar, mas proporcionar caminhos para que o conhecimento e os recursos cheguem \u00e0s m\u00e3os e mentes dos artistas de todas as zonas da cidade\u201d, afirmou Batista.<\/p>\n\n\n\n<p><strong>Oficinas<\/strong><\/p>\n\n\n\n<p>Com o objetivo de ampliar o olhar atrav\u00e9s de narrativas contempor\u00e2neas, o curso gratuito \u201cPensando o olhar: projetos fotogr\u00e1ficos ao alcance do bolso\u201d, \u00e9 ministrado&nbsp;pelo facilitador, o fot\u00f3grafo C\u00e9sar Nogueira, de forma gratuita.<\/p>\n\n\n\n<p>O curso foi contemplado pelo edital Manaus Faz Cultura, realizado pela Prefeitura de Manaus por meio do Concultura e Funda\u00e7\u00e3o Manauscult, e ter\u00e1 duas turmas, com aulas divididas nos dias 23, 24 e 25\/1, para a turma 1; e nos dias 30 e 31\/1 e 1\u00ba\/2, para a turma 2, de 14h \u00e0s 17h.<\/p>\n\n\n\n<p>\u201cFomos surpreendidos pela procura expressiva. Todas as vagas j\u00e1 foram preenchidas nas primeiras semanas de abertura de inscri\u00e7\u00e3o. Infelizmente n\u00e3o temos como ter mais participantes nesta edi\u00e7\u00e3o\u201d, ressalta o autor do projeto, C\u00e9sar Nogueira.<\/p>\n\n\n\n<p>O rep\u00f3rter cinematogr\u00e1fico, Orlando J\u00fanior, est\u00e1 na turma de fotografia, e mesmo com seus mais de 20 anos como profissional, aproveitou a oportunidade de fazer um curso de reciclagem na \u00e1rea da fotografia.<\/p>\n\n\n\n<p>\u201cEu procuro fazer o aprendizado cont\u00ednuo sempre que posso e surge a oportunidade, e eu acredito que esse curso do C\u00e9sar veio calhar e vai ser fundamental pra mim.\u201d<\/p>\n\n\n\n<p><strong>Hip-hop&nbsp;<\/strong><\/p>\n\n\n\n<p>O curso de street dance tem um m\u00eas de dura\u00e7\u00e3o, com cinco turmas, totalizando 70 alunos do bairro Parque S\u00e3o Pedro e circunvizinhos.<\/p>\n\n\n\n<p>O proponente do projeto \u00e9 o professor e dan\u00e7arino, Fernando Jacquiminut, que fez quest\u00e3o de reconhecer a import\u00e2ncia do edital que chegou onde os jovens vivem uma realidade cheia de percal\u00e7os.<\/p>\n\n\n\n<p>\u201cFico emocionado ao ver que nosso espa\u00e7o de dan\u00e7a e cultura hip-hop foi contemplado. Agrade\u00e7o demais, porque a gente \u00e9 uma companhia que&nbsp;j\u00e1 vem lutando bastante. A gente luta sobre a import\u00e2ncia da teoria e pr\u00e1tica art\u00edstica\u201d, aponta Jacquiminut.<\/p>\n\n\n\n<p>Uma participante do curso \u00e9 a estudante de educa\u00e7\u00e3o f\u00edsica, Larissa Rodrigues, que est\u00e1 com sua irm\u00e3 Let\u00edcia Rodrigues. Elas resolveram conhecer mais a fundo a cultura hip-hop.<\/p>\n\n\n\n<p>\u201cAqui n\u00e3o fica s\u00f3 naquela dancinha, a gente entende mais sobre a dan\u00e7a de rua, eu que j\u00e1 fiz bal\u00e9 cl\u00e1ssico estou entrando no hip-hop\u201d, finalizou.<\/p>\n\n\n\n<p>O Edital&nbsp;n\u00b0 002\/2022, do programa Manaus Faz Cultura selecionou e contemplou 60 proponentes que apresentaram projetos de forma\u00e7\u00e3o cultural para a popula\u00e7\u00e3o da cidade de Manaus, em regime de m\u00fatua coopera\u00e7\u00e3o.<\/p>\n\n\n\n<p>O valor individual de cada projeto \u00e9 de R$ 20 mil. Est\u00e1 sendo injetada na economia criativa, R$ 1,2 milh\u00e3o. Um avan\u00e7o em rela\u00e7\u00e3o a 2021, que foi de R$ 900 mil. O programa de oficinas da Prefeitura de Manaus \u00e9 uma oportunidade de aprendizagem para os jovens talentos de nossa cidade e tamb\u00e9m um est\u00edmulo aos profissionais que se dedicam \u00e0s artes.<\/p>\n\n\n\n<p>\u2014 \u2014 \u2014<\/p>\n\n\n\n<p><strong>Texto<\/strong>&nbsp;\u2013 Crist\u00f3v\u00e3o Nonato&nbsp;\/ Concultura<\/p>\n\n\n\n<p><strong>Foto<\/strong>&nbsp;\u2013 F\u00e1bio Sim\u00f5es \/ Concultura<\/p>\n","protected":false},"excerpt":{"rendered":"","protected":false},"author":27,"featured_media":207974,"comment_status":"closed","ping_status":"closed","sticky":false,"template":"","format":"standard","meta":{"footnotes":""},"categories":[5,14],"tags":[],"acf":[],"yoast_head":"<!-- This site is optimized with the Yoast SEO plugin v23.0 - https:\/\/yoast.com\/wordpress\/plugins\/seo\/ -->\n<title>Prefeitura de Manaus inicia temporada 2023 de oficinas art\u00edsticas - SEMCOM<\/title>\n<meta name=\"robots\" content=\"index, follow, max-snippet:-1, max-image-preview:large, max-video-preview:-1\" \/>\n<link rel=\"canonical\" href=\"https:\/\/www.manaus.am.gov.br\/semcom\/prefeitura-de-manaus-inicia-temporada-2023-de-oficinas-artisticas\/\" \/>\n<meta property=\"og:locale\" content=\"pt_BR\" \/>\n<meta property=\"og:type\" content=\"article\" \/>\n<meta property=\"og:title\" content=\"Prefeitura de Manaus inicia temporada 2023 de oficinas art\u00edsticas - SEMCOM\" \/>\n<meta property=\"og:url\" content=\"https:\/\/www.manaus.am.gov.br\/semcom\/prefeitura-de-manaus-inicia-temporada-2023-de-oficinas-artisticas\/\" \/>\n<meta property=\"og:site_name\" content=\"SEMCOM\" \/>\n<meta property=\"article:published_time\" content=\"2023-01-24T00:38:00+00:00\" \/>\n<meta property=\"article:modified_time\" content=\"2023-01-25T11:59:07+00:00\" \/>\n<meta property=\"og:image\" content=\"https:\/\/www.manaus.am.gov.br\/semcom\/wp-content\/uploads\/sites\/5\/2023\/01\/concultura-5.jpeg\" \/>\n\t<meta property=\"og:image:width\" content=\"1600\" \/>\n\t<meta property=\"og:image:height\" content=\"1200\" \/>\n\t<meta property=\"og:image:type\" content=\"image\/jpeg\" \/>\n<meta name=\"author\" content=\"Imarketing Digital\" \/>\n<meta name=\"twitter:card\" content=\"summary_large_image\" \/>\n<meta name=\"twitter:label1\" content=\"Written by\" \/>\n\t<meta name=\"twitter:data1\" content=\"Imarketing Digital\" \/>\n\t<meta name=\"twitter:label2\" content=\"Est. reading time\" \/>\n\t<meta name=\"twitter:data2\" content=\"4 minutos\" \/>\n<script type=\"application\/ld+json\" class=\"yoast-schema-graph\">{\"@context\":\"https:\/\/schema.org\",\"@graph\":[{\"@type\":\"WebPage\",\"@id\":\"https:\/\/www.manaus.am.gov.br\/semcom\/prefeitura-de-manaus-inicia-temporada-2023-de-oficinas-artisticas\/\",\"url\":\"https:\/\/www.manaus.am.gov.br\/semcom\/prefeitura-de-manaus-inicia-temporada-2023-de-oficinas-artisticas\/\",\"name\":\"Prefeitura de Manaus inicia temporada 2023 de oficinas art\u00edsticas - SEMCOM\",\"isPartOf\":{\"@id\":\"https:\/\/www.manaus.am.gov.br\/semcom\/#website\"},\"primaryImageOfPage\":{\"@id\":\"https:\/\/www.manaus.am.gov.br\/semcom\/prefeitura-de-manaus-inicia-temporada-2023-de-oficinas-artisticas\/#primaryimage\"},\"image\":{\"@id\":\"https:\/\/www.manaus.am.gov.br\/semcom\/prefeitura-de-manaus-inicia-temporada-2023-de-oficinas-artisticas\/#primaryimage\"},\"thumbnailUrl\":\"https:\/\/www.manaus.am.gov.br\/semcom\/wp-content\/uploads\/sites\/5\/2023\/01\/concultura-5.jpeg\",\"datePublished\":\"2023-01-24T00:38:00+00:00\",\"dateModified\":\"2023-01-25T11:59:07+00:00\",\"author\":{\"@id\":\"https:\/\/www.manaus.am.gov.br\/semcom\/#\/schema\/person\/79525a47ac5902f50493820d995728ee\"},\"inLanguage\":\"pt-BR\",\"potentialAction\":[{\"@type\":\"ReadAction\",\"target\":[\"https:\/\/www.manaus.am.gov.br\/semcom\/prefeitura-de-manaus-inicia-temporada-2023-de-oficinas-artisticas\/\"]}]},{\"@type\":\"ImageObject\",\"inLanguage\":\"pt-BR\",\"@id\":\"https:\/\/www.manaus.am.gov.br\/semcom\/prefeitura-de-manaus-inicia-temporada-2023-de-oficinas-artisticas\/#primaryimage\",\"url\":\"https:\/\/www.manaus.am.gov.br\/semcom\/wp-content\/uploads\/sites\/5\/2023\/01\/concultura-5.jpeg\",\"contentUrl\":\"https:\/\/www.manaus.am.gov.br\/semcom\/wp-content\/uploads\/sites\/5\/2023\/01\/concultura-5.jpeg\",\"width\":1600,\"height\":1200},{\"@type\":\"WebSite\",\"@id\":\"https:\/\/www.manaus.am.gov.br\/semcom\/#website\",\"url\":\"https:\/\/www.manaus.am.gov.br\/semcom\/\",\"name\":\"SEMCOM\",\"description\":\"Secretaria Municipal de Comunica\u00e7\u00e3o\",\"potentialAction\":[{\"@type\":\"SearchAction\",\"target\":{\"@type\":\"EntryPoint\",\"urlTemplate\":\"https:\/\/www.manaus.am.gov.br\/semcom\/?s={search_term_string}\"},\"query-input\":\"required name=search_term_string\"}],\"inLanguage\":\"pt-BR\"},{\"@type\":\"Person\",\"@id\":\"https:\/\/www.manaus.am.gov.br\/semcom\/#\/schema\/person\/79525a47ac5902f50493820d995728ee\",\"name\":\"Imarketing Digital\",\"image\":{\"@type\":\"ImageObject\",\"inLanguage\":\"pt-BR\",\"@id\":\"https:\/\/www.manaus.am.gov.br\/semcom\/#\/schema\/person\/image\/\",\"url\":\"https:\/\/secure.gravatar.com\/avatar\/03432d3c57b756ed9760f7019c815a3a?s=96&d=mm&r=g\",\"contentUrl\":\"https:\/\/secure.gravatar.com\/avatar\/03432d3c57b756ed9760f7019c815a3a?s=96&d=mm&r=g\",\"caption\":\"Imarketing Digital\"}}]}<\/script>\n<!-- \/ Yoast SEO plugin. -->","yoast_head_json":{"title":"Prefeitura de Manaus inicia temporada 2023 de oficinas art\u00edsticas - SEMCOM","robots":{"index":"index","follow":"follow","max-snippet":"max-snippet:-1","max-image-preview":"max-image-preview:large","max-video-preview":"max-video-preview:-1"},"canonical":"https:\/\/www.manaus.am.gov.br\/semcom\/prefeitura-de-manaus-inicia-temporada-2023-de-oficinas-artisticas\/","og_locale":"pt_BR","og_type":"article","og_title":"Prefeitura de Manaus inicia temporada 2023 de oficinas art\u00edsticas - SEMCOM","og_url":"https:\/\/www.manaus.am.gov.br\/semcom\/prefeitura-de-manaus-inicia-temporada-2023-de-oficinas-artisticas\/","og_site_name":"SEMCOM","article_published_time":"2023-01-24T00:38:00+00:00","article_modified_time":"2023-01-25T11:59:07+00:00","og_image":[{"width":1600,"height":1200,"url":"https:\/\/www.manaus.am.gov.br\/semcom\/wp-content\/uploads\/sites\/5\/2023\/01\/concultura-5.jpeg","type":"image\/jpeg"}],"author":"Imarketing Digital","twitter_card":"summary_large_image","twitter_misc":{"Written by":"Imarketing Digital","Est. reading time":"4 minutos"},"schema":{"@context":"https:\/\/schema.org","@graph":[{"@type":"WebPage","@id":"https:\/\/www.manaus.am.gov.br\/semcom\/prefeitura-de-manaus-inicia-temporada-2023-de-oficinas-artisticas\/","url":"https:\/\/www.manaus.am.gov.br\/semcom\/prefeitura-de-manaus-inicia-temporada-2023-de-oficinas-artisticas\/","name":"Prefeitura de Manaus inicia temporada 2023 de oficinas art\u00edsticas - SEMCOM","isPartOf":{"@id":"https:\/\/www.manaus.am.gov.br\/semcom\/#website"},"primaryImageOfPage":{"@id":"https:\/\/www.manaus.am.gov.br\/semcom\/prefeitura-de-manaus-inicia-temporada-2023-de-oficinas-artisticas\/#primaryimage"},"image":{"@id":"https:\/\/www.manaus.am.gov.br\/semcom\/prefeitura-de-manaus-inicia-temporada-2023-de-oficinas-artisticas\/#primaryimage"},"thumbnailUrl":"https:\/\/www.manaus.am.gov.br\/semcom\/wp-content\/uploads\/sites\/5\/2023\/01\/concultura-5.jpeg","datePublished":"2023-01-24T00:38:00+00:00","dateModified":"2023-01-25T11:59:07+00:00","author":{"@id":"https:\/\/www.manaus.am.gov.br\/semcom\/#\/schema\/person\/79525a47ac5902f50493820d995728ee"},"inLanguage":"pt-BR","potentialAction":[{"@type":"ReadAction","target":["https:\/\/www.manaus.am.gov.br\/semcom\/prefeitura-de-manaus-inicia-temporada-2023-de-oficinas-artisticas\/"]}]},{"@type":"ImageObject","inLanguage":"pt-BR","@id":"https:\/\/www.manaus.am.gov.br\/semcom\/prefeitura-de-manaus-inicia-temporada-2023-de-oficinas-artisticas\/#primaryimage","url":"https:\/\/www.manaus.am.gov.br\/semcom\/wp-content\/uploads\/sites\/5\/2023\/01\/concultura-5.jpeg","contentUrl":"https:\/\/www.manaus.am.gov.br\/semcom\/wp-content\/uploads\/sites\/5\/2023\/01\/concultura-5.jpeg","width":1600,"height":1200},{"@type":"WebSite","@id":"https:\/\/www.manaus.am.gov.br\/semcom\/#website","url":"https:\/\/www.manaus.am.gov.br\/semcom\/","name":"SEMCOM","description":"Secretaria Municipal de Comunica\u00e7\u00e3o","potentialAction":[{"@type":"SearchAction","target":{"@type":"EntryPoint","urlTemplate":"https:\/\/www.manaus.am.gov.br\/semcom\/?s={search_term_string}"},"query-input":"required name=search_term_string"}],"inLanguage":"pt-BR"},{"@type":"Person","@id":"https:\/\/www.manaus.am.gov.br\/semcom\/#\/schema\/person\/79525a47ac5902f50493820d995728ee","name":"Imarketing Digital","image":{"@type":"ImageObject","inLanguage":"pt-BR","@id":"https:\/\/www.manaus.am.gov.br\/semcom\/#\/schema\/person\/image\/","url":"https:\/\/secure.gravatar.com\/avatar\/03432d3c57b756ed9760f7019c815a3a?s=96&d=mm&r=g","contentUrl":"https:\/\/secure.gravatar.com\/avatar\/03432d3c57b756ed9760f7019c815a3a?s=96&d=mm&r=g","caption":"Imarketing Digital"}}]}},"_links":{"self":[{"href":"https:\/\/www.manaus.am.gov.br\/semcom\/wp-json\/wp\/v2\/posts\/207973"}],"collection":[{"href":"https:\/\/www.manaus.am.gov.br\/semcom\/wp-json\/wp\/v2\/posts"}],"about":[{"href":"https:\/\/www.manaus.am.gov.br\/semcom\/wp-json\/wp\/v2\/types\/post"}],"author":[{"embeddable":true,"href":"https:\/\/www.manaus.am.gov.br\/semcom\/wp-json\/wp\/v2\/users\/27"}],"replies":[{"embeddable":true,"href":"https:\/\/www.manaus.am.gov.br\/semcom\/wp-json\/wp\/v2\/comments?post=207973"}],"version-history":[{"count":0,"href":"https:\/\/www.manaus.am.gov.br\/semcom\/wp-json\/wp\/v2\/posts\/207973\/revisions"}],"wp:featuredmedia":[{"embeddable":true,"href":"https:\/\/www.manaus.am.gov.br\/semcom\/wp-json\/wp\/v2\/media\/207974"}],"wp:attachment":[{"href":"https:\/\/www.manaus.am.gov.br\/semcom\/wp-json\/wp\/v2\/media?parent=207973"}],"wp:term":[{"taxonomy":"category","embeddable":true,"href":"https:\/\/www.manaus.am.gov.br\/semcom\/wp-json\/wp\/v2\/categories?post=207973"},{"taxonomy":"post_tag","embeddable":true,"href":"https:\/\/www.manaus.am.gov.br\/semcom\/wp-json\/wp\/v2\/tags?post=207973"}],"curies":[{"name":"wp","href":"https:\/\/api.w.org\/{rel}","templated":true}]}}