{"id":207878,"date":"2023-01-24T15:35:42","date_gmt":"2023-01-24T18:35:42","guid":{"rendered":"https:\/\/www.manaus.am.gov.br\/semcom\/2023\/01\/24\/prefeito-de-manaus-participa-da-cerimonia-de-abertura-do-ano-judiciario\/"},"modified":"2023-01-24T18:24:49","modified_gmt":"2023-01-24T21:24:49","slug":"prefeito-de-manaus-participa-da-cerimonia-de-abertura-do-ano-judiciario","status":"publish","type":"post","link":"https:\/\/www.manaus.am.gov.br\/semcom\/prefeito-de-manaus-participa-da-cerimonia-de-abertura-do-ano-judiciario\/","title":{"rendered":"Prefeito de Manaus participa da cerim\u00f4nia de abertura do Ano Judici\u00e1rio"},"content":{"rendered":"\n<p>O prefeito de Manaus, David Almeida, participou, nesta ter\u00e7a-feira, 24\/1, da sess\u00e3o solene de abertura do Ano Judici\u00e1rio 2023, realizada na sede do Tribunal de Justi\u00e7a do Estado do Amazonas (TJ-AM), localizado no bairro Aleixo, zona Centro- Sul da cidade.<\/p>\n\n\n\n<p>\u201cDesejo um novo ano de \u00eaxito e sucesso. O Ano Judici\u00e1rio come\u00e7a com o compromisso de servir a sociedade e este ano n\u00e3o poderia ser diferente, porque &nbsp;passa a ser de muitos trabalhos e a Justi\u00e7a fica fortalecida como instrumento de cidadania e desenvolvimento\u201d, disse Almeida.<\/p>\n\n\n\n<p>A solenidade foi realizada de forma h\u00edbrida \u2013 com alguns dos parlamentares e parte das autoridades convidadas participando de forma remota \u2013, sob a condu\u00e7\u00e3o da presidente da corte, desembargadora N\u00e9lia Caminha Jorge, que assumiu a gest\u00e3o do Judici\u00e1rio estadual no \u00faltimo dia 2 de janeiro.<\/p>\n\n\n\n<p>\u201cHoje \u00e9 a abertura do Ano Judici\u00e1rio e meu foco \u00e9 a presta\u00e7\u00e3o jurisdicional e efici\u00eancia. Eu quero o Tribunal de Justi\u00e7a do Amazonas em um patamar de excel\u00eancia, sem deixar de valorizar a carreira da magistratura, funcion\u00e1rios, servidores, implementando melhores condi\u00e7\u00f5es de trabalho no que for poss\u00edvel\u201d, frisou a desembargadora.<\/p>\n\n\n\n<p>A abertura do ano coincide com o in\u00edcio da nova gest\u00e3o do tribunal, que tem \u00e0 frente a desembargadora N\u00e9lia Caminha Jorge, como presidente; a desembargadora Joana dos Santos Meirelles, como vice-presidente; e o desembargador Jomar Ricardo Saunders Fernandes, como corregedor-geral de Justi\u00e7a.<\/p>\n\n\n\n<p>\u2014 \u2014 \u2014<\/p>\n\n\n\n<p><strong>Texto \u2013<\/strong>&nbsp;Beathriz Torres \/ Semcom e Ascom \/ TJ-AM<\/p>\n\n\n\n<p><strong>Fotos \u2013&nbsp;<\/strong>Dhyeizo Lemos \/ Semcom<\/p>\n\n\n\n<p><strong>Dispon\u00edveis em \u2013<\/strong>&nbsp;<a href=\"https:\/\/flic.kr\/s\/aHBqjApv6F\">https:\/\/flic.kr\/s\/aHBqjApv6F<\/a><\/p>\n","protected":false},"excerpt":{"rendered":"","protected":false},"author":27,"featured_media":207879,"comment_status":"closed","ping_status":"closed","sticky":false,"template":"","format":"standard","meta":{"footnotes":""},"categories":[14,15],"tags":[],"acf":[],"yoast_head":"<!-- This site is optimized with the Yoast SEO plugin v23.0 - https:\/\/yoast.com\/wordpress\/plugins\/seo\/ -->\n<title>Prefeito de Manaus participa da cerim\u00f4nia de abertura do Ano Judici\u00e1rio - SEMCOM<\/title>\n<meta name=\"robots\" content=\"index, follow, max-snippet:-1, max-image-preview:large, max-video-preview:-1\" \/>\n<link rel=\"canonical\" href=\"https:\/\/www.manaus.am.gov.br\/semcom\/prefeito-de-manaus-participa-da-cerimonia-de-abertura-do-ano-judiciario\/\" \/>\n<meta property=\"og:locale\" content=\"pt_BR\" \/>\n<meta property=\"og:type\" content=\"article\" \/>\n<meta property=\"og:title\" content=\"Prefeito de Manaus participa da cerim\u00f4nia de abertura do Ano Judici\u00e1rio - SEMCOM\" \/>\n<meta property=\"og:url\" content=\"https:\/\/www.manaus.am.gov.br\/semcom\/prefeito-de-manaus-participa-da-cerimonia-de-abertura-do-ano-judiciario\/\" \/>\n<meta property=\"og:site_name\" content=\"SEMCOM\" \/>\n<meta property=\"article:published_time\" content=\"2023-01-24T18:35:42+00:00\" \/>\n<meta property=\"article:modified_time\" content=\"2023-01-24T21:24:49+00:00\" \/>\n<meta property=\"og:image\" content=\"https:\/\/www.manaus.am.gov.br\/semcom\/wp-content\/uploads\/sites\/5\/2023\/01\/52646899589_3f5fa82c09_o-720x407-1.jpg\" \/>\n\t<meta property=\"og:image:width\" content=\"720\" \/>\n\t<meta property=\"og:image:height\" content=\"407\" \/>\n\t<meta property=\"og:image:type\" content=\"image\/jpeg\" \/>\n<meta name=\"author\" content=\"Imarketing Digital\" \/>\n<meta name=\"twitter:card\" content=\"summary_large_image\" \/>\n<meta name=\"twitter:label1\" content=\"Written by\" \/>\n\t<meta name=\"twitter:data1\" content=\"Imarketing Digital\" \/>\n\t<meta name=\"twitter:label2\" content=\"Est. reading time\" \/>\n\t<meta name=\"twitter:data2\" content=\"2 minutos\" \/>\n<script type=\"application\/ld+json\" class=\"yoast-schema-graph\">{\"@context\":\"https:\/\/schema.org\",\"@graph\":[{\"@type\":\"WebPage\",\"@id\":\"https:\/\/www.manaus.am.gov.br\/semcom\/prefeito-de-manaus-participa-da-cerimonia-de-abertura-do-ano-judiciario\/\",\"url\":\"https:\/\/www.manaus.am.gov.br\/semcom\/prefeito-de-manaus-participa-da-cerimonia-de-abertura-do-ano-judiciario\/\",\"name\":\"Prefeito de Manaus participa da cerim\u00f4nia de abertura do Ano Judici\u00e1rio - SEMCOM\",\"isPartOf\":{\"@id\":\"https:\/\/www.manaus.am.gov.br\/semcom\/#website\"},\"primaryImageOfPage\":{\"@id\":\"https:\/\/www.manaus.am.gov.br\/semcom\/prefeito-de-manaus-participa-da-cerimonia-de-abertura-do-ano-judiciario\/#primaryimage\"},\"image\":{\"@id\":\"https:\/\/www.manaus.am.gov.br\/semcom\/prefeito-de-manaus-participa-da-cerimonia-de-abertura-do-ano-judiciario\/#primaryimage\"},\"thumbnailUrl\":\"https:\/\/www.manaus.am.gov.br\/semcom\/wp-content\/uploads\/sites\/5\/2023\/01\/52646899589_3f5fa82c09_o-720x407-1.jpg\",\"datePublished\":\"2023-01-24T18:35:42+00:00\",\"dateModified\":\"2023-01-24T21:24:49+00:00\",\"author\":{\"@id\":\"https:\/\/www.manaus.am.gov.br\/semcom\/#\/schema\/person\/79525a47ac5902f50493820d995728ee\"},\"inLanguage\":\"pt-BR\",\"potentialAction\":[{\"@type\":\"ReadAction\",\"target\":[\"https:\/\/www.manaus.am.gov.br\/semcom\/prefeito-de-manaus-participa-da-cerimonia-de-abertura-do-ano-judiciario\/\"]}]},{\"@type\":\"ImageObject\",\"inLanguage\":\"pt-BR\",\"@id\":\"https:\/\/www.manaus.am.gov.br\/semcom\/prefeito-de-manaus-participa-da-cerimonia-de-abertura-do-ano-judiciario\/#primaryimage\",\"url\":\"https:\/\/www.manaus.am.gov.br\/semcom\/wp-content\/uploads\/sites\/5\/2023\/01\/52646899589_3f5fa82c09_o-720x407-1.jpg\",\"contentUrl\":\"https:\/\/www.manaus.am.gov.br\/semcom\/wp-content\/uploads\/sites\/5\/2023\/01\/52646899589_3f5fa82c09_o-720x407-1.jpg\",\"width\":720,\"height\":407},{\"@type\":\"WebSite\",\"@id\":\"https:\/\/www.manaus.am.gov.br\/semcom\/#website\",\"url\":\"https:\/\/www.manaus.am.gov.br\/semcom\/\",\"name\":\"SEMCOM\",\"description\":\"Secretaria Municipal de Comunica\u00e7\u00e3o\",\"potentialAction\":[{\"@type\":\"SearchAction\",\"target\":{\"@type\":\"EntryPoint\",\"urlTemplate\":\"https:\/\/www.manaus.am.gov.br\/semcom\/?s={search_term_string}\"},\"query-input\":\"required name=search_term_string\"}],\"inLanguage\":\"pt-BR\"},{\"@type\":\"Person\",\"@id\":\"https:\/\/www.manaus.am.gov.br\/semcom\/#\/schema\/person\/79525a47ac5902f50493820d995728ee\",\"name\":\"Imarketing Digital\",\"image\":{\"@type\":\"ImageObject\",\"inLanguage\":\"pt-BR\",\"@id\":\"https:\/\/www.manaus.am.gov.br\/semcom\/#\/schema\/person\/image\/\",\"url\":\"https:\/\/secure.gravatar.com\/avatar\/03432d3c57b756ed9760f7019c815a3a?s=96&d=mm&r=g\",\"contentUrl\":\"https:\/\/secure.gravatar.com\/avatar\/03432d3c57b756ed9760f7019c815a3a?s=96&d=mm&r=g\",\"caption\":\"Imarketing Digital\"}}]}<\/script>\n<!-- \/ Yoast SEO plugin. -->","yoast_head_json":{"title":"Prefeito de Manaus participa da cerim\u00f4nia de abertura do Ano Judici\u00e1rio - SEMCOM","robots":{"index":"index","follow":"follow","max-snippet":"max-snippet:-1","max-image-preview":"max-image-preview:large","max-video-preview":"max-video-preview:-1"},"canonical":"https:\/\/www.manaus.am.gov.br\/semcom\/prefeito-de-manaus-participa-da-cerimonia-de-abertura-do-ano-judiciario\/","og_locale":"pt_BR","og_type":"article","og_title":"Prefeito de Manaus participa da cerim\u00f4nia de abertura do Ano Judici\u00e1rio - SEMCOM","og_url":"https:\/\/www.manaus.am.gov.br\/semcom\/prefeito-de-manaus-participa-da-cerimonia-de-abertura-do-ano-judiciario\/","og_site_name":"SEMCOM","article_published_time":"2023-01-24T18:35:42+00:00","article_modified_time":"2023-01-24T21:24:49+00:00","og_image":[{"width":720,"height":407,"url":"https:\/\/www.manaus.am.gov.br\/semcom\/wp-content\/uploads\/sites\/5\/2023\/01\/52646899589_3f5fa82c09_o-720x407-1.jpg","type":"image\/jpeg"}],"author":"Imarketing Digital","twitter_card":"summary_large_image","twitter_misc":{"Written by":"Imarketing Digital","Est. reading time":"2 minutos"},"schema":{"@context":"https:\/\/schema.org","@graph":[{"@type":"WebPage","@id":"https:\/\/www.manaus.am.gov.br\/semcom\/prefeito-de-manaus-participa-da-cerimonia-de-abertura-do-ano-judiciario\/","url":"https:\/\/www.manaus.am.gov.br\/semcom\/prefeito-de-manaus-participa-da-cerimonia-de-abertura-do-ano-judiciario\/","name":"Prefeito de Manaus participa da cerim\u00f4nia de abertura do Ano Judici\u00e1rio - SEMCOM","isPartOf":{"@id":"https:\/\/www.manaus.am.gov.br\/semcom\/#website"},"primaryImageOfPage":{"@id":"https:\/\/www.manaus.am.gov.br\/semcom\/prefeito-de-manaus-participa-da-cerimonia-de-abertura-do-ano-judiciario\/#primaryimage"},"image":{"@id":"https:\/\/www.manaus.am.gov.br\/semcom\/prefeito-de-manaus-participa-da-cerimonia-de-abertura-do-ano-judiciario\/#primaryimage"},"thumbnailUrl":"https:\/\/www.manaus.am.gov.br\/semcom\/wp-content\/uploads\/sites\/5\/2023\/01\/52646899589_3f5fa82c09_o-720x407-1.jpg","datePublished":"2023-01-24T18:35:42+00:00","dateModified":"2023-01-24T21:24:49+00:00","author":{"@id":"https:\/\/www.manaus.am.gov.br\/semcom\/#\/schema\/person\/79525a47ac5902f50493820d995728ee"},"inLanguage":"pt-BR","potentialAction":[{"@type":"ReadAction","target":["https:\/\/www.manaus.am.gov.br\/semcom\/prefeito-de-manaus-participa-da-cerimonia-de-abertura-do-ano-judiciario\/"]}]},{"@type":"ImageObject","inLanguage":"pt-BR","@id":"https:\/\/www.manaus.am.gov.br\/semcom\/prefeito-de-manaus-participa-da-cerimonia-de-abertura-do-ano-judiciario\/#primaryimage","url":"https:\/\/www.manaus.am.gov.br\/semcom\/wp-content\/uploads\/sites\/5\/2023\/01\/52646899589_3f5fa82c09_o-720x407-1.jpg","contentUrl":"https:\/\/www.manaus.am.gov.br\/semcom\/wp-content\/uploads\/sites\/5\/2023\/01\/52646899589_3f5fa82c09_o-720x407-1.jpg","width":720,"height":407},{"@type":"WebSite","@id":"https:\/\/www.manaus.am.gov.br\/semcom\/#website","url":"https:\/\/www.manaus.am.gov.br\/semcom\/","name":"SEMCOM","description":"Secretaria Municipal de Comunica\u00e7\u00e3o","potentialAction":[{"@type":"SearchAction","target":{"@type":"EntryPoint","urlTemplate":"https:\/\/www.manaus.am.gov.br\/semcom\/?s={search_term_string}"},"query-input":"required name=search_term_string"}],"inLanguage":"pt-BR"},{"@type":"Person","@id":"https:\/\/www.manaus.am.gov.br\/semcom\/#\/schema\/person\/79525a47ac5902f50493820d995728ee","name":"Imarketing Digital","image":{"@type":"ImageObject","inLanguage":"pt-BR","@id":"https:\/\/www.manaus.am.gov.br\/semcom\/#\/schema\/person\/image\/","url":"https:\/\/secure.gravatar.com\/avatar\/03432d3c57b756ed9760f7019c815a3a?s=96&d=mm&r=g","contentUrl":"https:\/\/secure.gravatar.com\/avatar\/03432d3c57b756ed9760f7019c815a3a?s=96&d=mm&r=g","caption":"Imarketing Digital"}}]}},"_links":{"self":[{"href":"https:\/\/www.manaus.am.gov.br\/semcom\/wp-json\/wp\/v2\/posts\/207878"}],"collection":[{"href":"https:\/\/www.manaus.am.gov.br\/semcom\/wp-json\/wp\/v2\/posts"}],"about":[{"href":"https:\/\/www.manaus.am.gov.br\/semcom\/wp-json\/wp\/v2\/types\/post"}],"author":[{"embeddable":true,"href":"https:\/\/www.manaus.am.gov.br\/semcom\/wp-json\/wp\/v2\/users\/27"}],"replies":[{"embeddable":true,"href":"https:\/\/www.manaus.am.gov.br\/semcom\/wp-json\/wp\/v2\/comments?post=207878"}],"version-history":[{"count":0,"href":"https:\/\/www.manaus.am.gov.br\/semcom\/wp-json\/wp\/v2\/posts\/207878\/revisions"}],"wp:featuredmedia":[{"embeddable":true,"href":"https:\/\/www.manaus.am.gov.br\/semcom\/wp-json\/wp\/v2\/media\/207879"}],"wp:attachment":[{"href":"https:\/\/www.manaus.am.gov.br\/semcom\/wp-json\/wp\/v2\/media?parent=207878"}],"wp:term":[{"taxonomy":"category","embeddable":true,"href":"https:\/\/www.manaus.am.gov.br\/semcom\/wp-json\/wp\/v2\/categories?post=207878"},{"taxonomy":"post_tag","embeddable":true,"href":"https:\/\/www.manaus.am.gov.br\/semcom\/wp-json\/wp\/v2\/tags?post=207878"}],"curies":[{"name":"wp","href":"https:\/\/api.w.org\/{rel}","templated":true}]}}