{"id":212332,"date":"2026-04-25T14:45:30","date_gmt":"2026-04-25T18:45:30","guid":{"rendered":"https:\/\/www.manaus.am.gov.br\/semasc\/viver-melhor-manaus-cidada\/"},"modified":"2026-04-25T14:45:40","modified_gmt":"2026-04-25T18:45:40","slug":"viver-melhor-manaus-cidada","status":"publish","type":"post","link":"https:\/\/www.manaus.am.gov.br\/semasc\/viver-melhor-manaus-cidada\/","title":{"rendered":"Prefeitura de Manaus leva cidadania ao Viver Melhor com grande a\u00e7\u00e3o do \u2018Manaus Cidad\u00e3\u2019"},"content":{"rendered":"\n<p>Moradores do bairro Viver Melhor, na zona Norte da capital, tiveram acesso a uma ampla oferta de servi\u00e7os gratuitos durante a 3\u00aa edi\u00e7\u00e3o do mutir\u00e3o \u201cManaus Cidad\u00e3\u201d de 2026, realizada neste s\u00e1bado, 25\/4, pela Prefeitura de Manaus, por meio da Secretaria Municipal da Mulher, Assist\u00eancia Social e Cidadania (Semasc). A a\u00e7\u00e3o ocorreu no Centro Municipal de Educa\u00e7\u00e3o Infantil (Cmei) Prof. Caio Carlos Frota Medeiros e na Escola Municipal Benjamim Matias Fernandes, na rua Caquet\u00e1.<\/p>\n\n\n\n<p>Ao longo da manh\u00e3 e in\u00edcio da tarde, a popula\u00e7\u00e3o contou com atendimentos concentrados em um \u00fanico espa\u00e7o, garantindo mais praticidade e rapidez na resolu\u00e7\u00e3o de demandas do dia a dia. A iniciativa integra a estrat\u00e9gia da gest\u00e3o municipal de descentralizar os servi\u00e7os e ampliar o acesso da popula\u00e7\u00e3o \u00e0s pol\u00edticas p\u00fablicas.<\/p>\n\n\n\n<p>Entre os atendimentos ofertados estiveram atualiza\u00e7\u00e3o e inclus\u00e3o no Cadastro \u00danico, encaminhamento para 2\u00aa via de certid\u00e3o de nascimento para nascidos em Manaus, consultas m\u00e9dicas, servi\u00e7os da Defensoria P\u00fablica, vacina\u00e7\u00e3o e atendimentos da Amazonas Energia, entre outros.<\/p>\n\n\n\n<p>O titular da Semasc, Wanderson Costa, destacou a import\u00e2ncia da a\u00e7\u00e3o para aproximar os servi\u00e7os p\u00fablicos da popula\u00e7\u00e3o.<\/p>\n\n\n\n<p>\u201cCom o \u2018Manaus Cidad\u00e3\u2019, a Prefeitura de Manaus reafirma o compromisso de estar cada vez mais pr\u00f3xima da popula\u00e7\u00e3o, levando servi\u00e7os essenciais diretamente \u00e0s comunidades. Esta j\u00e1 \u00e9 a 3\u00aa edi\u00e7\u00e3o da a\u00e7\u00e3o e, ao lado do prefeito Renato J\u00fanior, vamos intensificar ainda mais esse trabalho, ampliando o alcance dos atendimentos e garantindo que eles cheguem a quem mais precisa. Nosso objetivo \u00e9 promover dignidade, inclus\u00e3o social e facilitar o acesso da popula\u00e7\u00e3o aos seus direitos\u201d, destacou o secret\u00e1rio.<\/p>\n\n\n\n<p>O diretor do Departamento de Direitos Humanos da Semasc, Mois\u00e9s Gusm\u00e3o, refor\u00e7ou que o mutir\u00e3o percorre todas as zonas da cidade ao longo do ano, priorizando \u00e1reas com maior demanda por atendimentos.<\/p>\n\n\n\n<p>\u201cA a\u00e7\u00e3o \u2018Manaus Cidad\u00e3\u2019 percorre todas as zonas da cidade, levando mais de 100 servi\u00e7os gratuitos diretamente \u00e0s comunidades e garantindo acesso facilitado, principalmente para quem mais precisa\u201d, afirmou.<\/p>\n\n\n\n<p>Al\u00e9m dos servi\u00e7os essenciais, o mutir\u00e3o tamb\u00e9m ofereceu atendimentos de embelezamento, como corte de cabelo, esmalta\u00e7\u00e3o e limpeza de pele, e atividades de bem-estar, como massoterapia. As crian\u00e7as participaram do espa\u00e7o de educa\u00e7\u00e3o de tr\u00e2nsito, com atividades recreativas, pintura e brinquedos.<\/p>\n\n\n\n<p>A moradora do bairro Lago Azul, Angela Farias, destacou que a a\u00e7\u00e3o facilitou o acesso a diversos servi\u00e7os essenciais. \u201cEstar aqui hoje foi um privil\u00e9gio. Consegui resolver v\u00e1rias demandas em um s\u00f3 lugar, algo que muitas vezes levaria dias. Foi realmente um sonho realizado\u201d, disse.<\/p>\n\n\n\n<p>A dona de casa, Thais Paiva, buscou consultas m\u00e9dicas e elogiou a agilidade no atendimento.<\/p>\n\n\n\n<p>\u201cFui atendida pelo ortopedista e j\u00e1 sa\u00ed com encaminhamento para o neurologista. \u00c9 muito importante ter esse tipo de servi\u00e7o perto de casa. S\u00f3 tenho a agradecer por essa a\u00e7\u00e3o aqui no Viver Melhor\u201d, ressaltou.<\/p>\n\n\n\n<p>Com grande participa\u00e7\u00e3o popular, o \u201cManaus Cidad\u00e3\u201d segue como uma das principais a\u00e7\u00f5es da Prefeitura de Manaus para ampliar o acesso a servi\u00e7os p\u00fablicos e garantir mais cidadania \u00e0 popula\u00e7\u00e3o.<\/p>\n\n\n\n<p>&#8212; &#8212; &#8212;<\/p>\n\n\n\n<p><strong>Texto <\/strong>&#8211; Lucas Batista \/ Semasc<\/p>\n\n\n\n<p><strong>Fotos &#8211;<\/strong> Diego Lima \/ Semasc<\/p>\n\n\n\n<p><strong>Dispon\u00edveis em<\/strong> \u2013 <a href=\"https:\/\/flic.kr\/s\/aHBqjCRXVf\">https:\/\/flic.kr\/s\/aHBqjCRXVf<\/a><\/p>\n","protected":false},"excerpt":{"rendered":"","protected":false},"author":57,"featured_media":212333,"comment_status":"closed","ping_status":"closed","sticky":false,"template":"","format":"standard","meta":{"footnotes":""},"categories":[34],"tags":[1363,7,18,958],"acf":[],"yoast_head":"<!-- This site is optimized with the Yoast SEO plugin v23.0 - https:\/\/yoast.com\/wordpress\/plugins\/seo\/ -->\n<title>PMM leva cidadania ao Viver Melhor com a\u00e7\u00e3o do \u2018Manaus Cidad\u00e3\u2019<\/title>\n<meta name=\"description\" content=\"Moradores do Viver Melhor tiveram acesso a uma ampla oferta de servi\u00e7os gratuitos durante a 3\u00aa edi\u00e7\u00e3o do mutir\u00e3o \u201cManaus Cidad\u00e3\u201d de 2026.\" \/>\n<meta name=\"robots\" content=\"noindex, follow\" \/>\n<meta property=\"og:locale\" content=\"pt_BR\" \/>\n<meta property=\"og:type\" content=\"article\" \/>\n<meta property=\"og:title\" content=\"PMM leva cidadania ao Viver Melhor com a\u00e7\u00e3o do \u2018Manaus Cidad\u00e3\u2019\" \/>\n<meta property=\"og:description\" content=\"Moradores do Viver Melhor tiveram acesso a uma ampla oferta de servi\u00e7os gratuitos durante a 3\u00aa edi\u00e7\u00e3o do mutir\u00e3o \u201cManaus Cidad\u00e3\u201d de 2026.\" \/>\n<meta property=\"og:url\" content=\"https:\/\/www.manaus.am.gov.br\/semasc\/viver-melhor-manaus-cidada\/\" \/>\n<meta property=\"og:site_name\" content=\"SEMASC\" \/>\n<meta property=\"article:publisher\" content=\"https:\/\/www.facebook.com\/semascmanaus\" \/>\n<meta property=\"article:published_time\" content=\"2026-04-25T18:45:30+00:00\" \/>\n<meta property=\"article:modified_time\" content=\"2026-04-25T18:45:40+00:00\" \/>\n<meta property=\"og:image\" content=\"https:\/\/www.manaus.am.gov.br\/semasc\/wp-content\/uploads\/sites\/17\/2026\/04\/Viver-Melhor-Manaus-Cidada.jpg\" \/>\n\t<meta property=\"og:image:width\" content=\"799\" \/>\n\t<meta property=\"og:image:height\" content=\"533\" \/>\n\t<meta property=\"og:image:type\" content=\"image\/jpeg\" \/>\n<meta name=\"author\" content=\"Thiago Fernando\" \/>\n<meta name=\"twitter:card\" content=\"summary_large_image\" \/>\n<meta name=\"twitter:label1\" content=\"Written by\" \/>\n\t<meta name=\"twitter:data1\" content=\"Thiago Fernando\" \/>\n\t<meta name=\"twitter:label2\" content=\"Est. reading time\" \/>\n\t<meta name=\"twitter:data2\" content=\"3 minutos\" \/>\n<script type=\"application\/ld+json\" class=\"yoast-schema-graph\">{\"@context\":\"https:\/\/schema.org\",\"@graph\":[{\"@type\":\"Article\",\"@id\":\"https:\/\/www.manaus.am.gov.br\/semasc\/viver-melhor-manaus-cidada\/#article\",\"isPartOf\":{\"@id\":\"https:\/\/www.manaus.am.gov.br\/semasc\/viver-melhor-manaus-cidada\/\"},\"author\":{\"name\":\"Thiago Fernando\",\"@id\":\"https:\/\/www.manaus.am.gov.br\/semasc\/#\/schema\/person\/a5ee5376db6e21af026374b369f30882\"},\"headline\":\"Prefeitura de Manaus leva cidadania ao Viver Melhor com grande a\u00e7\u00e3o do \u2018Manaus Cidad\u00e3\u2019\",\"datePublished\":\"2026-04-25T18:45:30+00:00\",\"dateModified\":\"2026-04-25T18:45:40+00:00\",\"mainEntityOfPage\":{\"@id\":\"https:\/\/www.manaus.am.gov.br\/semasc\/viver-melhor-manaus-cidada\/\"},\"wordCount\":578,\"publisher\":{\"@id\":\"https:\/\/www.manaus.am.gov.br\/semasc\/#organization\"},\"image\":{\"@id\":\"https:\/\/www.manaus.am.gov.br\/semasc\/viver-melhor-manaus-cidada\/#primaryimage\"},\"thumbnailUrl\":\"https:\/\/www.manaus.am.gov.br\/semasc\/wp-content\/uploads\/sites\/17\/2026\/04\/Viver-Melhor-Manaus-Cidada.jpg\",\"keywords\":[\"manaus cidad\u00e3\",\"prefeitura de manaus\",\"Semasc\",\"viver melhor\"],\"articleSection\":[\"Assist\u00eancia Social\"],\"inLanguage\":\"pt-BR\"},{\"@type\":\"WebPage\",\"@id\":\"https:\/\/www.manaus.am.gov.br\/semasc\/viver-melhor-manaus-cidada\/\",\"url\":\"https:\/\/www.manaus.am.gov.br\/semasc\/viver-melhor-manaus-cidada\/\",\"name\":\"PMM leva cidadania ao Viver Melhor com a\u00e7\u00e3o do \u2018Manaus Cidad\u00e3\u2019\",\"isPartOf\":{\"@id\":\"https:\/\/www.manaus.am.gov.br\/semasc\/#website\"},\"primaryImageOfPage\":{\"@id\":\"https:\/\/www.manaus.am.gov.br\/semasc\/viver-melhor-manaus-cidada\/#primaryimage\"},\"image\":{\"@id\":\"https:\/\/www.manaus.am.gov.br\/semasc\/viver-melhor-manaus-cidada\/#primaryimage\"},\"thumbnailUrl\":\"https:\/\/www.manaus.am.gov.br\/semasc\/wp-content\/uploads\/sites\/17\/2026\/04\/Viver-Melhor-Manaus-Cidada.jpg\",\"datePublished\":\"2026-04-25T18:45:30+00:00\",\"dateModified\":\"2026-04-25T18:45:40+00:00\",\"description\":\"Moradores do Viver Melhor tiveram acesso a uma ampla oferta de servi\u00e7os gratuitos durante a 3\u00aa edi\u00e7\u00e3o do mutir\u00e3o \u201cManaus Cidad\u00e3\u201d de 2026.\",\"breadcrumb\":{\"@id\":\"https:\/\/www.manaus.am.gov.br\/semasc\/viver-melhor-manaus-cidada\/#breadcrumb\"},\"inLanguage\":\"pt-BR\",\"potentialAction\":[{\"@type\":\"ReadAction\",\"target\":[\"https:\/\/www.manaus.am.gov.br\/semasc\/viver-melhor-manaus-cidada\/\"]}]},{\"@type\":\"ImageObject\",\"inLanguage\":\"pt-BR\",\"@id\":\"https:\/\/www.manaus.am.gov.br\/semasc\/viver-melhor-manaus-cidada\/#primaryimage\",\"url\":\"https:\/\/www.manaus.am.gov.br\/semasc\/wp-content\/uploads\/sites\/17\/2026\/04\/Viver-Melhor-Manaus-Cidada.jpg\",\"contentUrl\":\"https:\/\/www.manaus.am.gov.br\/semasc\/wp-content\/uploads\/sites\/17\/2026\/04\/Viver-Melhor-Manaus-Cidada.jpg\",\"width\":799,\"height\":533,\"caption\":\"#paratodosverem - Popula\u00e7\u00e3o sendo atendida na a\u00e7\u00e3o Manaus Cidad\u00e3\"},{\"@type\":\"BreadcrumbList\",\"@id\":\"https:\/\/www.manaus.am.gov.br\/semasc\/viver-melhor-manaus-cidada\/#breadcrumb\",\"itemListElement\":[{\"@type\":\"ListItem\",\"position\":1,\"name\":\"Home\",\"item\":\"https:\/\/www.manaus.am.gov.br\/semasc\/\"},{\"@type\":\"ListItem\",\"position\":2,\"name\":\"Prefeitura de Manaus leva cidadania ao Viver Melhor com grande a\u00e7\u00e3o do \u2018Manaus Cidad\u00e3\u2019\"}]},{\"@type\":\"WebSite\",\"@id\":\"https:\/\/www.manaus.am.gov.br\/semasc\/#website\",\"url\":\"https:\/\/www.manaus.am.gov.br\/semasc\/\",\"name\":\"SEMASC\",\"description\":\"Secretaria Municipal da Mulher, Assist\u00eancia Social e Cidadania.\",\"publisher\":{\"@id\":\"https:\/\/www.manaus.am.gov.br\/semasc\/#organization\"},\"alternateName\":\"Secretaria Municipal da Mulher, Assist\u00eancia Social e Cidadania\",\"potentialAction\":[{\"@type\":\"SearchAction\",\"target\":{\"@type\":\"EntryPoint\",\"urlTemplate\":\"https:\/\/www.manaus.am.gov.br\/semasc\/?s={search_term_string}\"},\"query-input\":\"required name=search_term_string\"}],\"inLanguage\":\"pt-BR\"},{\"@type\":\"Organization\",\"@id\":\"https:\/\/www.manaus.am.gov.br\/semasc\/#organization\",\"name\":\"Prefeitura de Manaus\",\"alternateName\":\"Prefeitura Municipal de Manaus\",\"url\":\"https:\/\/www.manaus.am.gov.br\/semasc\/\",\"logo\":{\"@type\":\"ImageObject\",\"inLanguage\":\"pt-BR\",\"@id\":\"https:\/\/www.manaus.am.gov.br\/semasc\/#\/schema\/logo\/image\/\",\"url\":\"https:\/\/www.manaus.am.gov.br\/semasc\/wp-content\/uploads\/sites\/17\/2024\/07\/favicon.png\",\"contentUrl\":\"https:\/\/www.manaus.am.gov.br\/semasc\/wp-content\/uploads\/sites\/17\/2024\/07\/favicon.png\",\"width\":300,\"height\":300,\"caption\":\"Prefeitura de Manaus\"},\"image\":{\"@id\":\"https:\/\/www.manaus.am.gov.br\/semasc\/#\/schema\/logo\/image\/\"},\"sameAs\":[\"https:\/\/www.facebook.com\/semascmanaus\",\"https:\/\/www.instagram.com\/semascmanaus\/\"]},{\"@type\":\"Person\",\"@id\":\"https:\/\/www.manaus.am.gov.br\/semasc\/#\/schema\/person\/a5ee5376db6e21af026374b369f30882\",\"name\":\"Thiago Fernando\",\"image\":{\"@type\":\"ImageObject\",\"inLanguage\":\"pt-BR\",\"@id\":\"https:\/\/www.manaus.am.gov.br\/semasc\/#\/schema\/person\/image\/\",\"url\":\"https:\/\/secure.gravatar.com\/avatar\/f5aab8722444041451501c077052ac07?s=96&d=mm&r=g\",\"contentUrl\":\"https:\/\/secure.gravatar.com\/avatar\/f5aab8722444041451501c077052ac07?s=96&d=mm&r=g\",\"caption\":\"Thiago Fernando\"}}]}<\/script>\n<!-- \/ Yoast SEO plugin. -->","yoast_head_json":{"title":"PMM leva cidadania ao Viver Melhor com a\u00e7\u00e3o do \u2018Manaus Cidad\u00e3\u2019","description":"Moradores do Viver Melhor tiveram acesso a uma ampla oferta de servi\u00e7os gratuitos durante a 3\u00aa edi\u00e7\u00e3o do mutir\u00e3o \u201cManaus Cidad\u00e3\u201d de 2026.","robots":{"index":"noindex","follow":"follow"},"og_locale":"pt_BR","og_type":"article","og_title":"PMM leva cidadania ao Viver Melhor com a\u00e7\u00e3o do \u2018Manaus Cidad\u00e3\u2019","og_description":"Moradores do Viver Melhor tiveram acesso a uma ampla oferta de servi\u00e7os gratuitos durante a 3\u00aa edi\u00e7\u00e3o do mutir\u00e3o \u201cManaus Cidad\u00e3\u201d de 2026.","og_url":"https:\/\/www.manaus.am.gov.br\/semasc\/viver-melhor-manaus-cidada\/","og_site_name":"SEMASC","article_publisher":"https:\/\/www.facebook.com\/semascmanaus","article_published_time":"2026-04-25T18:45:30+00:00","article_modified_time":"2026-04-25T18:45:40+00:00","og_image":[{"width":799,"height":533,"url":"https:\/\/www.manaus.am.gov.br\/semasc\/wp-content\/uploads\/sites\/17\/2026\/04\/Viver-Melhor-Manaus-Cidada.jpg","type":"image\/jpeg"}],"author":"Thiago Fernando","twitter_card":"summary_large_image","twitter_misc":{"Written by":"Thiago Fernando","Est. reading time":"3 minutos"},"schema":{"@context":"https:\/\/schema.org","@graph":[{"@type":"Article","@id":"https:\/\/www.manaus.am.gov.br\/semasc\/viver-melhor-manaus-cidada\/#article","isPartOf":{"@id":"https:\/\/www.manaus.am.gov.br\/semasc\/viver-melhor-manaus-cidada\/"},"author":{"name":"Thiago Fernando","@id":"https:\/\/www.manaus.am.gov.br\/semasc\/#\/schema\/person\/a5ee5376db6e21af026374b369f30882"},"headline":"Prefeitura de Manaus leva cidadania ao Viver Melhor com grande a\u00e7\u00e3o do \u2018Manaus Cidad\u00e3\u2019","datePublished":"2026-04-25T18:45:30+00:00","dateModified":"2026-04-25T18:45:40+00:00","mainEntityOfPage":{"@id":"https:\/\/www.manaus.am.gov.br\/semasc\/viver-melhor-manaus-cidada\/"},"wordCount":578,"publisher":{"@id":"https:\/\/www.manaus.am.gov.br\/semasc\/#organization"},"image":{"@id":"https:\/\/www.manaus.am.gov.br\/semasc\/viver-melhor-manaus-cidada\/#primaryimage"},"thumbnailUrl":"https:\/\/www.manaus.am.gov.br\/semasc\/wp-content\/uploads\/sites\/17\/2026\/04\/Viver-Melhor-Manaus-Cidada.jpg","keywords":["manaus cidad\u00e3","prefeitura de manaus","Semasc","viver melhor"],"articleSection":["Assist\u00eancia Social"],"inLanguage":"pt-BR"},{"@type":"WebPage","@id":"https:\/\/www.manaus.am.gov.br\/semasc\/viver-melhor-manaus-cidada\/","url":"https:\/\/www.manaus.am.gov.br\/semasc\/viver-melhor-manaus-cidada\/","name":"PMM leva cidadania ao Viver Melhor com a\u00e7\u00e3o do \u2018Manaus Cidad\u00e3\u2019","isPartOf":{"@id":"https:\/\/www.manaus.am.gov.br\/semasc\/#website"},"primaryImageOfPage":{"@id":"https:\/\/www.manaus.am.gov.br\/semasc\/viver-melhor-manaus-cidada\/#primaryimage"},"image":{"@id":"https:\/\/www.manaus.am.gov.br\/semasc\/viver-melhor-manaus-cidada\/#primaryimage"},"thumbnailUrl":"https:\/\/www.manaus.am.gov.br\/semasc\/wp-content\/uploads\/sites\/17\/2026\/04\/Viver-Melhor-Manaus-Cidada.jpg","datePublished":"2026-04-25T18:45:30+00:00","dateModified":"2026-04-25T18:45:40+00:00","description":"Moradores do Viver Melhor tiveram acesso a uma ampla oferta de servi\u00e7os gratuitos durante a 3\u00aa edi\u00e7\u00e3o do mutir\u00e3o \u201cManaus Cidad\u00e3\u201d de 2026.","breadcrumb":{"@id":"https:\/\/www.manaus.am.gov.br\/semasc\/viver-melhor-manaus-cidada\/#breadcrumb"},"inLanguage":"pt-BR","potentialAction":[{"@type":"ReadAction","target":["https:\/\/www.manaus.am.gov.br\/semasc\/viver-melhor-manaus-cidada\/"]}]},{"@type":"ImageObject","inLanguage":"pt-BR","@id":"https:\/\/www.manaus.am.gov.br\/semasc\/viver-melhor-manaus-cidada\/#primaryimage","url":"https:\/\/www.manaus.am.gov.br\/semasc\/wp-content\/uploads\/sites\/17\/2026\/04\/Viver-Melhor-Manaus-Cidada.jpg","contentUrl":"https:\/\/www.manaus.am.gov.br\/semasc\/wp-content\/uploads\/sites\/17\/2026\/04\/Viver-Melhor-Manaus-Cidada.jpg","width":799,"height":533,"caption":"#paratodosverem - Popula\u00e7\u00e3o sendo atendida na a\u00e7\u00e3o Manaus Cidad\u00e3"},{"@type":"BreadcrumbList","@id":"https:\/\/www.manaus.am.gov.br\/semasc\/viver-melhor-manaus-cidada\/#breadcrumb","itemListElement":[{"@type":"ListItem","position":1,"name":"Home","item":"https:\/\/www.manaus.am.gov.br\/semasc\/"},{"@type":"ListItem","position":2,"name":"Prefeitura de Manaus leva cidadania ao Viver Melhor com grande a\u00e7\u00e3o do \u2018Manaus Cidad\u00e3\u2019"}]},{"@type":"WebSite","@id":"https:\/\/www.manaus.am.gov.br\/semasc\/#website","url":"https:\/\/www.manaus.am.gov.br\/semasc\/","name":"SEMASC","description":"Secretaria Municipal da Mulher, Assist\u00eancia Social e Cidadania.","publisher":{"@id":"https:\/\/www.manaus.am.gov.br\/semasc\/#organization"},"alternateName":"Secretaria Municipal da Mulher, Assist\u00eancia Social e Cidadania","potentialAction":[{"@type":"SearchAction","target":{"@type":"EntryPoint","urlTemplate":"https:\/\/www.manaus.am.gov.br\/semasc\/?s={search_term_string}"},"query-input":"required name=search_term_string"}],"inLanguage":"pt-BR"},{"@type":"Organization","@id":"https:\/\/www.manaus.am.gov.br\/semasc\/#organization","name":"Prefeitura de Manaus","alternateName":"Prefeitura Municipal de Manaus","url":"https:\/\/www.manaus.am.gov.br\/semasc\/","logo":{"@type":"ImageObject","inLanguage":"pt-BR","@id":"https:\/\/www.manaus.am.gov.br\/semasc\/#\/schema\/logo\/image\/","url":"https:\/\/www.manaus.am.gov.br\/semasc\/wp-content\/uploads\/sites\/17\/2024\/07\/favicon.png","contentUrl":"https:\/\/www.manaus.am.gov.br\/semasc\/wp-content\/uploads\/sites\/17\/2024\/07\/favicon.png","width":300,"height":300,"caption":"Prefeitura de Manaus"},"image":{"@id":"https:\/\/www.manaus.am.gov.br\/semasc\/#\/schema\/logo\/image\/"},"sameAs":["https:\/\/www.facebook.com\/semascmanaus","https:\/\/www.instagram.com\/semascmanaus\/"]},{"@type":"Person","@id":"https:\/\/www.manaus.am.gov.br\/semasc\/#\/schema\/person\/a5ee5376db6e21af026374b369f30882","name":"Thiago Fernando","image":{"@type":"ImageObject","inLanguage":"pt-BR","@id":"https:\/\/www.manaus.am.gov.br\/semasc\/#\/schema\/person\/image\/","url":"https:\/\/secure.gravatar.com\/avatar\/f5aab8722444041451501c077052ac07?s=96&d=mm&r=g","contentUrl":"https:\/\/secure.gravatar.com\/avatar\/f5aab8722444041451501c077052ac07?s=96&d=mm&r=g","caption":"Thiago Fernando"}}]}},"_links":{"self":[{"href":"https:\/\/www.manaus.am.gov.br\/semasc\/wp-json\/wp\/v2\/posts\/212332"}],"collection":[{"href":"https:\/\/www.manaus.am.gov.br\/semasc\/wp-json\/wp\/v2\/posts"}],"about":[{"href":"https:\/\/www.manaus.am.gov.br\/semasc\/wp-json\/wp\/v2\/types\/post"}],"author":[{"embeddable":true,"href":"https:\/\/www.manaus.am.gov.br\/semasc\/wp-json\/wp\/v2\/users\/57"}],"replies":[{"embeddable":true,"href":"https:\/\/www.manaus.am.gov.br\/semasc\/wp-json\/wp\/v2\/comments?post=212332"}],"version-history":[{"count":0,"href":"https:\/\/www.manaus.am.gov.br\/semasc\/wp-json\/wp\/v2\/posts\/212332\/revisions"}],"wp:featuredmedia":[{"embeddable":true,"href":"https:\/\/www.manaus.am.gov.br\/semasc\/wp-json\/wp\/v2\/media\/212333"}],"wp:attachment":[{"href":"https:\/\/www.manaus.am.gov.br\/semasc\/wp-json\/wp\/v2\/media?parent=212332"}],"wp:term":[{"taxonomy":"category","embeddable":true,"href":"https:\/\/www.manaus.am.gov.br\/semasc\/wp-json\/wp\/v2\/categories?post=212332"},{"taxonomy":"post_tag","embeddable":true,"href":"https:\/\/www.manaus.am.gov.br\/semasc\/wp-json\/wp\/v2\/tags?post=212332"}],"curies":[{"name":"wp","href":"https:\/\/api.w.org\/{rel}","templated":true}]}}