{"id":212207,"date":"2026-03-10T13:36:42","date_gmt":"2026-03-10T17:36:42","guid":{"rendered":"https:\/\/www.manaus.am.gov.br\/semasc\/acao-embelezamento-mulheres-crdm\/"},"modified":"2026-03-10T13:43:33","modified_gmt":"2026-03-10T17:43:33","slug":"acao-embelezamento-mulheres-crdm","status":"publish","type":"post","link":"https:\/\/www.manaus.am.gov.br\/semasc\/acao-embelezamento-mulheres-crdm\/","title":{"rendered":"Prefeitura de Manaus promove a\u00e7\u00e3o de embelezamento para mulheres atendidas pelo CRDM"},"content":{"rendered":"\n<p>A <a href=\"https:\/\/www.manaus.am.gov.br\/\">Prefeitura de Manaus<\/a>, por meio da <a href=\"https:\/\/www.instagram.com\/semasc_manaus\/\">Secretaria Municipal da Mulher, Assist\u00eancia Social e Cidadania<\/a> (Semasc), realizou, nesta ter\u00e7a-feira, 10\/3, uma a\u00e7\u00e3o de embelezamento voltada \u00e0s mulheres acompanhadas pelo Centro de Refer\u00eancia dos Direitos da Mulher (CRDM), localizado na zona Centro-Sul da capital, com o objetivo de proporcionar um momento de lazer, acolhimento e autocuidado \u00e0s mulheres atendidas pelos servi\u00e7os do CRDM, pela Casa de Acolhimento Ycamiabas e pela Casa de Passagem.<\/p>\n\n\n\n<p>Durante a a\u00e7\u00e3o de embelezamento, foram oferecidos diversos servi\u00e7os, como corte de cabelo, design de sobrancelhas, limpeza de pele e cuidados com as unhas, contribuindo para o fortalecimento da autoestima das participantes.<\/p>\n\n\n\n<p>Para a coordenadora do CRDM, Eliane Domingos, a atividade refor\u00e7a a import\u00e2ncia de promover momentos de cuidado, valoriza\u00e7\u00e3o e bem-estar para as mulheres atendidas pela rede de prote\u00e7\u00e3o.<\/p>\n\n\n\n<p>\u201cHoje estamos realizando uma a\u00e7\u00e3o de autocuidado voltada para as mulheres usu\u00e1rias do CRDM e de outros equipamentos, como a Casa de Acolhimento Ycamiabas e a Casa de Passagem. A iniciativa tamb\u00e9m faz alus\u00e3o ao m\u00eas dedicado \u00e0s mulheres, refor\u00e7ando nossa luta contra a viol\u00eancia e pelo fim do feminic\u00eddio, al\u00e9m de incentivar o empoderamento feminino\u201d, destacou a coordenadora.<\/p>\n\n\n\n<p>De acordo com a assistente social do CRDM, Virna Martiniano, a a\u00e7\u00e3o vai al\u00e9m do embelezamento, sendo tamb\u00e9m uma forma de fortalecer a autoestima e a identidade das mulheres acompanhadas pelo servi\u00e7o.<\/p>\n\n\n\n<p>\u201cO Dia da Mulher celebra a for\u00e7a e as conquistas femininas, e o autocuidado \u00e9 uma forma de expressar essa identidade e fortalecer a autoestima. Cuidar de si mesma \u00e9 um ato de liberdade e um lembrete di\u00e1rio do pr\u00f3prio valor. Para a equipe do CRDM, \u00e9 muito importante proporcionar momentos como esse \u00e0s mulheres atendidas, contribuindo para que elas reconhe\u00e7am seu valor e sigam em busca de uma vida digna e plena\u201d, afirmou Virna.<\/p>\n\n\n\n<p>A a\u00e7\u00e3o integra a programa\u00e7\u00e3o especial da Semasc em alus\u00e3o ao M\u00eas da Mulher, com atividades voltadas \u00e0 promo\u00e7\u00e3o dos direitos, ao fortalecimento da autonomia feminina e ao enfrentamento da viol\u00eancia contra a mulher.<\/p>\n\n\n\n<figure class=\"wp-block-image size-large\"><img decoding=\"async\" src=\"https:\/\/www.manaus.am.gov.br\/wp-content\/uploads\/2026\/03\/WhatsApp-Image-2026-03-10-at-10.31.02-1-683x1024.jpeg\" alt=\"\" class=\"wp-image-212209\" \/><figcaption class=\"wp-element-caption\">#paratodosverem &#8211; Massagem<\/figcaption><\/figure>\n\n\n\n<p><strong>&#8212; &#8212; &#8212;<\/strong><\/p>\n\n\n\n<p><strong>Texto &#8211;&nbsp;<\/strong>Fernanda Rodrigues\/Semasc<\/p>\n\n\n\n<p><strong>Fotos &#8211; <\/strong>Diego Lima\/Semasc<\/p>\n","protected":false},"excerpt":{"rendered":"","protected":false},"author":39,"featured_media":212208,"comment_status":"closed","ping_status":"closed","sticky":false,"template":"","format":"standard","meta":{"footnotes":""},"categories":[1472],"tags":[1473,596,1474,7,18],"acf":[],"yoast_head":"<!-- This site is optimized with the Yoast SEO plugin v23.0 - https:\/\/yoast.com\/wordpress\/plugins\/seo\/ -->\n<title>A\u00e7\u00e3o de embelezamento para mulheres atendidas pelo CRDM<\/title>\n<meta name=\"description\" content=\"Prefeitura de Manaus, por meio da Semasc, promove a\u00e7\u00e3o de embelezamento para mulheres atendidas pelo CRDM nesta ter\u00e7a-feira, 10\/3.\" \/>\n<meta name=\"robots\" content=\"noindex, follow\" \/>\n<meta property=\"og:locale\" content=\"pt_BR\" \/>\n<meta property=\"og:type\" content=\"article\" \/>\n<meta property=\"og:title\" content=\"A\u00e7\u00e3o de embelezamento para mulheres atendidas pelo CRDM\" \/>\n<meta property=\"og:description\" content=\"Prefeitura de Manaus, por meio da Semasc, promove a\u00e7\u00e3o de embelezamento para mulheres atendidas pelo CRDM nesta ter\u00e7a-feira, 10\/3.\" \/>\n<meta property=\"og:url\" content=\"https:\/\/www.manaus.am.gov.br\/semasc\/acao-embelezamento-mulheres-crdm\/\" \/>\n<meta property=\"og:site_name\" content=\"SEMASC\" \/>\n<meta property=\"article:publisher\" content=\"https:\/\/www.facebook.com\/semascmanaus\" \/>\n<meta property=\"article:published_time\" content=\"2026-03-10T17:36:42+00:00\" \/>\n<meta property=\"article:modified_time\" content=\"2026-03-10T17:43:33+00:00\" \/>\n<meta property=\"og:image\" content=\"https:\/\/www.manaus.am.gov.br\/semasc\/wp-content\/uploads\/sites\/17\/2026\/03\/WhatsApp-Image-2026-03-10-at-10.31.03.jpeg\" \/>\n\t<meta property=\"og:image:width\" content=\"4080\" \/>\n\t<meta property=\"og:image:height\" content=\"2720\" \/>\n\t<meta property=\"og:image:type\" content=\"image\/jpeg\" \/>\n<meta name=\"author\" content=\"Bruna Greco\" \/>\n<meta name=\"twitter:card\" content=\"summary_large_image\" \/>\n<meta name=\"twitter:label1\" content=\"Written by\" \/>\n\t<meta name=\"twitter:data1\" content=\"Bruna Greco\" \/>\n\t<meta name=\"twitter:label2\" content=\"Est. reading time\" \/>\n\t<meta name=\"twitter:data2\" content=\"3 minutos\" \/>\n<script type=\"application\/ld+json\" class=\"yoast-schema-graph\">{\"@context\":\"https:\/\/schema.org\",\"@graph\":[{\"@type\":\"Article\",\"@id\":\"https:\/\/www.manaus.am.gov.br\/semasc\/acao-embelezamento-mulheres-crdm\/#article\",\"isPartOf\":{\"@id\":\"https:\/\/www.manaus.am.gov.br\/semasc\/acao-embelezamento-mulheres-crdm\/\"},\"author\":{\"name\":\"Bruna Greco\",\"@id\":\"https:\/\/www.manaus.am.gov.br\/semasc\/#\/schema\/person\/05d223aea2bf115f9883a6ff3683d81b\"},\"headline\":\"Prefeitura de Manaus promove a\u00e7\u00e3o de embelezamento para mulheres atendidas pelo CRDM\",\"datePublished\":\"2026-03-10T17:36:42+00:00\",\"dateModified\":\"2026-03-10T17:43:33+00:00\",\"mainEntityOfPage\":{\"@id\":\"https:\/\/www.manaus.am.gov.br\/semasc\/acao-embelezamento-mulheres-crdm\/\"},\"wordCount\":391,\"publisher\":{\"@id\":\"https:\/\/www.manaus.am.gov.br\/semasc\/#organization\"},\"image\":{\"@id\":\"https:\/\/www.manaus.am.gov.br\/semasc\/acao-embelezamento-mulheres-crdm\/#primaryimage\"},\"thumbnailUrl\":\"https:\/\/www.manaus.am.gov.br\/semasc\/wp-content\/uploads\/sites\/17\/2026\/03\/WhatsApp-Image-2026-03-10-at-10.31.03.jpeg\",\"keywords\":[\"A\u00e7\u00e3o de embelezamento\",\"m\u00eas da mulher\",\"mulheres atendidas pelo CRDM\",\"prefeitura de manaus\",\"Semasc\"],\"articleSection\":[\"Valoriza\u00e7\u00e3o\"],\"inLanguage\":\"pt-BR\"},{\"@type\":\"WebPage\",\"@id\":\"https:\/\/www.manaus.am.gov.br\/semasc\/acao-embelezamento-mulheres-crdm\/\",\"url\":\"https:\/\/www.manaus.am.gov.br\/semasc\/acao-embelezamento-mulheres-crdm\/\",\"name\":\"A\u00e7\u00e3o de embelezamento para mulheres atendidas pelo CRDM\",\"isPartOf\":{\"@id\":\"https:\/\/www.manaus.am.gov.br\/semasc\/#website\"},\"primaryImageOfPage\":{\"@id\":\"https:\/\/www.manaus.am.gov.br\/semasc\/acao-embelezamento-mulheres-crdm\/#primaryimage\"},\"image\":{\"@id\":\"https:\/\/www.manaus.am.gov.br\/semasc\/acao-embelezamento-mulheres-crdm\/#primaryimage\"},\"thumbnailUrl\":\"https:\/\/www.manaus.am.gov.br\/semasc\/wp-content\/uploads\/sites\/17\/2026\/03\/WhatsApp-Image-2026-03-10-at-10.31.03.jpeg\",\"datePublished\":\"2026-03-10T17:36:42+00:00\",\"dateModified\":\"2026-03-10T17:43:33+00:00\",\"description\":\"Prefeitura de Manaus, por meio da Semasc, promove a\u00e7\u00e3o de embelezamento para mulheres atendidas pelo CRDM nesta ter\u00e7a-feira, 10\/3.\",\"breadcrumb\":{\"@id\":\"https:\/\/www.manaus.am.gov.br\/semasc\/acao-embelezamento-mulheres-crdm\/#breadcrumb\"},\"inLanguage\":\"pt-BR\",\"potentialAction\":[{\"@type\":\"ReadAction\",\"target\":[\"https:\/\/www.manaus.am.gov.br\/semasc\/acao-embelezamento-mulheres-crdm\/\"]}]},{\"@type\":\"ImageObject\",\"inLanguage\":\"pt-BR\",\"@id\":\"https:\/\/www.manaus.am.gov.br\/semasc\/acao-embelezamento-mulheres-crdm\/#primaryimage\",\"url\":\"https:\/\/www.manaus.am.gov.br\/semasc\/wp-content\/uploads\/sites\/17\/2026\/03\/WhatsApp-Image-2026-03-10-at-10.31.03.jpeg\",\"contentUrl\":\"https:\/\/www.manaus.am.gov.br\/semasc\/wp-content\/uploads\/sites\/17\/2026\/03\/WhatsApp-Image-2026-03-10-at-10.31.03.jpeg\",\"width\":4080,\"height\":2720,\"caption\":\"A\u00e7\u00e3o\"},{\"@type\":\"BreadcrumbList\",\"@id\":\"https:\/\/www.manaus.am.gov.br\/semasc\/acao-embelezamento-mulheres-crdm\/#breadcrumb\",\"itemListElement\":[{\"@type\":\"ListItem\",\"position\":1,\"name\":\"Home\",\"item\":\"https:\/\/www.manaus.am.gov.br\/semasc\/\"},{\"@type\":\"ListItem\",\"position\":2,\"name\":\"Prefeitura de Manaus promove a\u00e7\u00e3o de embelezamento para mulheres atendidas pelo CRDM\"}]},{\"@type\":\"WebSite\",\"@id\":\"https:\/\/www.manaus.am.gov.br\/semasc\/#website\",\"url\":\"https:\/\/www.manaus.am.gov.br\/semasc\/\",\"name\":\"SEMASC\",\"description\":\"Secretaria Municipal da Mulher, Assist\u00eancia Social e Cidadania.\",\"publisher\":{\"@id\":\"https:\/\/www.manaus.am.gov.br\/semasc\/#organization\"},\"alternateName\":\"Secretaria Municipal da Mulher, Assist\u00eancia Social e Cidadania\",\"potentialAction\":[{\"@type\":\"SearchAction\",\"target\":{\"@type\":\"EntryPoint\",\"urlTemplate\":\"https:\/\/www.manaus.am.gov.br\/semasc\/?s={search_term_string}\"},\"query-input\":\"required name=search_term_string\"}],\"inLanguage\":\"pt-BR\"},{\"@type\":\"Organization\",\"@id\":\"https:\/\/www.manaus.am.gov.br\/semasc\/#organization\",\"name\":\"Prefeitura de Manaus\",\"alternateName\":\"Prefeitura Municipal de Manaus\",\"url\":\"https:\/\/www.manaus.am.gov.br\/semasc\/\",\"logo\":{\"@type\":\"ImageObject\",\"inLanguage\":\"pt-BR\",\"@id\":\"https:\/\/www.manaus.am.gov.br\/semasc\/#\/schema\/logo\/image\/\",\"url\":\"https:\/\/www.manaus.am.gov.br\/semasc\/wp-content\/uploads\/sites\/17\/2024\/07\/favicon.png\",\"contentUrl\":\"https:\/\/www.manaus.am.gov.br\/semasc\/wp-content\/uploads\/sites\/17\/2024\/07\/favicon.png\",\"width\":300,\"height\":300,\"caption\":\"Prefeitura de Manaus\"},\"image\":{\"@id\":\"https:\/\/www.manaus.am.gov.br\/semasc\/#\/schema\/logo\/image\/\"},\"sameAs\":[\"https:\/\/www.facebook.com\/semascmanaus\",\"https:\/\/www.instagram.com\/semascmanaus\/\"]},{\"@type\":\"Person\",\"@id\":\"https:\/\/www.manaus.am.gov.br\/semasc\/#\/schema\/person\/05d223aea2bf115f9883a6ff3683d81b\",\"name\":\"Bruna Greco\",\"image\":{\"@type\":\"ImageObject\",\"inLanguage\":\"pt-BR\",\"@id\":\"https:\/\/www.manaus.am.gov.br\/semasc\/#\/schema\/person\/image\/\",\"url\":\"https:\/\/secure.gravatar.com\/avatar\/9c877d1a6adc2a055330e5c09a8653ce?s=96&d=mm&r=g\",\"contentUrl\":\"https:\/\/secure.gravatar.com\/avatar\/9c877d1a6adc2a055330e5c09a8653ce?s=96&d=mm&r=g\",\"caption\":\"Bruna Greco\"}}]}<\/script>\n<!-- \/ Yoast SEO plugin. -->","yoast_head_json":{"title":"A\u00e7\u00e3o de embelezamento para mulheres atendidas pelo CRDM","description":"Prefeitura de Manaus, por meio da Semasc, promove a\u00e7\u00e3o de embelezamento para mulheres atendidas pelo CRDM nesta ter\u00e7a-feira, 10\/3.","robots":{"index":"noindex","follow":"follow"},"og_locale":"pt_BR","og_type":"article","og_title":"A\u00e7\u00e3o de embelezamento para mulheres atendidas pelo CRDM","og_description":"Prefeitura de Manaus, por meio da Semasc, promove a\u00e7\u00e3o de embelezamento para mulheres atendidas pelo CRDM nesta ter\u00e7a-feira, 10\/3.","og_url":"https:\/\/www.manaus.am.gov.br\/semasc\/acao-embelezamento-mulheres-crdm\/","og_site_name":"SEMASC","article_publisher":"https:\/\/www.facebook.com\/semascmanaus","article_published_time":"2026-03-10T17:36:42+00:00","article_modified_time":"2026-03-10T17:43:33+00:00","og_image":[{"width":4080,"height":2720,"url":"https:\/\/www.manaus.am.gov.br\/semasc\/wp-content\/uploads\/sites\/17\/2026\/03\/WhatsApp-Image-2026-03-10-at-10.31.03.jpeg","type":"image\/jpeg"}],"author":"Bruna Greco","twitter_card":"summary_large_image","twitter_misc":{"Written by":"Bruna Greco","Est. reading time":"3 minutos"},"schema":{"@context":"https:\/\/schema.org","@graph":[{"@type":"Article","@id":"https:\/\/www.manaus.am.gov.br\/semasc\/acao-embelezamento-mulheres-crdm\/#article","isPartOf":{"@id":"https:\/\/www.manaus.am.gov.br\/semasc\/acao-embelezamento-mulheres-crdm\/"},"author":{"name":"Bruna Greco","@id":"https:\/\/www.manaus.am.gov.br\/semasc\/#\/schema\/person\/05d223aea2bf115f9883a6ff3683d81b"},"headline":"Prefeitura de Manaus promove a\u00e7\u00e3o de embelezamento para mulheres atendidas pelo CRDM","datePublished":"2026-03-10T17:36:42+00:00","dateModified":"2026-03-10T17:43:33+00:00","mainEntityOfPage":{"@id":"https:\/\/www.manaus.am.gov.br\/semasc\/acao-embelezamento-mulheres-crdm\/"},"wordCount":391,"publisher":{"@id":"https:\/\/www.manaus.am.gov.br\/semasc\/#organization"},"image":{"@id":"https:\/\/www.manaus.am.gov.br\/semasc\/acao-embelezamento-mulheres-crdm\/#primaryimage"},"thumbnailUrl":"https:\/\/www.manaus.am.gov.br\/semasc\/wp-content\/uploads\/sites\/17\/2026\/03\/WhatsApp-Image-2026-03-10-at-10.31.03.jpeg","keywords":["A\u00e7\u00e3o de embelezamento","m\u00eas da mulher","mulheres atendidas pelo CRDM","prefeitura de manaus","Semasc"],"articleSection":["Valoriza\u00e7\u00e3o"],"inLanguage":"pt-BR"},{"@type":"WebPage","@id":"https:\/\/www.manaus.am.gov.br\/semasc\/acao-embelezamento-mulheres-crdm\/","url":"https:\/\/www.manaus.am.gov.br\/semasc\/acao-embelezamento-mulheres-crdm\/","name":"A\u00e7\u00e3o de embelezamento para mulheres atendidas pelo CRDM","isPartOf":{"@id":"https:\/\/www.manaus.am.gov.br\/semasc\/#website"},"primaryImageOfPage":{"@id":"https:\/\/www.manaus.am.gov.br\/semasc\/acao-embelezamento-mulheres-crdm\/#primaryimage"},"image":{"@id":"https:\/\/www.manaus.am.gov.br\/semasc\/acao-embelezamento-mulheres-crdm\/#primaryimage"},"thumbnailUrl":"https:\/\/www.manaus.am.gov.br\/semasc\/wp-content\/uploads\/sites\/17\/2026\/03\/WhatsApp-Image-2026-03-10-at-10.31.03.jpeg","datePublished":"2026-03-10T17:36:42+00:00","dateModified":"2026-03-10T17:43:33+00:00","description":"Prefeitura de Manaus, por meio da Semasc, promove a\u00e7\u00e3o de embelezamento para mulheres atendidas pelo CRDM nesta ter\u00e7a-feira, 10\/3.","breadcrumb":{"@id":"https:\/\/www.manaus.am.gov.br\/semasc\/acao-embelezamento-mulheres-crdm\/#breadcrumb"},"inLanguage":"pt-BR","potentialAction":[{"@type":"ReadAction","target":["https:\/\/www.manaus.am.gov.br\/semasc\/acao-embelezamento-mulheres-crdm\/"]}]},{"@type":"ImageObject","inLanguage":"pt-BR","@id":"https:\/\/www.manaus.am.gov.br\/semasc\/acao-embelezamento-mulheres-crdm\/#primaryimage","url":"https:\/\/www.manaus.am.gov.br\/semasc\/wp-content\/uploads\/sites\/17\/2026\/03\/WhatsApp-Image-2026-03-10-at-10.31.03.jpeg","contentUrl":"https:\/\/www.manaus.am.gov.br\/semasc\/wp-content\/uploads\/sites\/17\/2026\/03\/WhatsApp-Image-2026-03-10-at-10.31.03.jpeg","width":4080,"height":2720,"caption":"A\u00e7\u00e3o"},{"@type":"BreadcrumbList","@id":"https:\/\/www.manaus.am.gov.br\/semasc\/acao-embelezamento-mulheres-crdm\/#breadcrumb","itemListElement":[{"@type":"ListItem","position":1,"name":"Home","item":"https:\/\/www.manaus.am.gov.br\/semasc\/"},{"@type":"ListItem","position":2,"name":"Prefeitura de Manaus promove a\u00e7\u00e3o de embelezamento para mulheres atendidas pelo CRDM"}]},{"@type":"WebSite","@id":"https:\/\/www.manaus.am.gov.br\/semasc\/#website","url":"https:\/\/www.manaus.am.gov.br\/semasc\/","name":"SEMASC","description":"Secretaria Municipal da Mulher, Assist\u00eancia Social e Cidadania.","publisher":{"@id":"https:\/\/www.manaus.am.gov.br\/semasc\/#organization"},"alternateName":"Secretaria Municipal da Mulher, Assist\u00eancia Social e Cidadania","potentialAction":[{"@type":"SearchAction","target":{"@type":"EntryPoint","urlTemplate":"https:\/\/www.manaus.am.gov.br\/semasc\/?s={search_term_string}"},"query-input":"required name=search_term_string"}],"inLanguage":"pt-BR"},{"@type":"Organization","@id":"https:\/\/www.manaus.am.gov.br\/semasc\/#organization","name":"Prefeitura de Manaus","alternateName":"Prefeitura Municipal de Manaus","url":"https:\/\/www.manaus.am.gov.br\/semasc\/","logo":{"@type":"ImageObject","inLanguage":"pt-BR","@id":"https:\/\/www.manaus.am.gov.br\/semasc\/#\/schema\/logo\/image\/","url":"https:\/\/www.manaus.am.gov.br\/semasc\/wp-content\/uploads\/sites\/17\/2024\/07\/favicon.png","contentUrl":"https:\/\/www.manaus.am.gov.br\/semasc\/wp-content\/uploads\/sites\/17\/2024\/07\/favicon.png","width":300,"height":300,"caption":"Prefeitura de Manaus"},"image":{"@id":"https:\/\/www.manaus.am.gov.br\/semasc\/#\/schema\/logo\/image\/"},"sameAs":["https:\/\/www.facebook.com\/semascmanaus","https:\/\/www.instagram.com\/semascmanaus\/"]},{"@type":"Person","@id":"https:\/\/www.manaus.am.gov.br\/semasc\/#\/schema\/person\/05d223aea2bf115f9883a6ff3683d81b","name":"Bruna Greco","image":{"@type":"ImageObject","inLanguage":"pt-BR","@id":"https:\/\/www.manaus.am.gov.br\/semasc\/#\/schema\/person\/image\/","url":"https:\/\/secure.gravatar.com\/avatar\/9c877d1a6adc2a055330e5c09a8653ce?s=96&d=mm&r=g","contentUrl":"https:\/\/secure.gravatar.com\/avatar\/9c877d1a6adc2a055330e5c09a8653ce?s=96&d=mm&r=g","caption":"Bruna Greco"}}]}},"_links":{"self":[{"href":"https:\/\/www.manaus.am.gov.br\/semasc\/wp-json\/wp\/v2\/posts\/212207"}],"collection":[{"href":"https:\/\/www.manaus.am.gov.br\/semasc\/wp-json\/wp\/v2\/posts"}],"about":[{"href":"https:\/\/www.manaus.am.gov.br\/semasc\/wp-json\/wp\/v2\/types\/post"}],"author":[{"embeddable":true,"href":"https:\/\/www.manaus.am.gov.br\/semasc\/wp-json\/wp\/v2\/users\/39"}],"replies":[{"embeddable":true,"href":"https:\/\/www.manaus.am.gov.br\/semasc\/wp-json\/wp\/v2\/comments?post=212207"}],"version-history":[{"count":3,"href":"https:\/\/www.manaus.am.gov.br\/semasc\/wp-json\/wp\/v2\/posts\/212207\/revisions"}],"predecessor-version":[{"id":212212,"href":"https:\/\/www.manaus.am.gov.br\/semasc\/wp-json\/wp\/v2\/posts\/212207\/revisions\/212212"}],"wp:featuredmedia":[{"embeddable":true,"href":"https:\/\/www.manaus.am.gov.br\/semasc\/wp-json\/wp\/v2\/media\/212208"}],"wp:attachment":[{"href":"https:\/\/www.manaus.am.gov.br\/semasc\/wp-json\/wp\/v2\/media?parent=212207"}],"wp:term":[{"taxonomy":"category","embeddable":true,"href":"https:\/\/www.manaus.am.gov.br\/semasc\/wp-json\/wp\/v2\/categories?post=212207"},{"taxonomy":"post_tag","embeddable":true,"href":"https:\/\/www.manaus.am.gov.br\/semasc\/wp-json\/wp\/v2\/tags?post=212207"}],"curies":[{"name":"wp","href":"https:\/\/api.w.org\/{rel}","templated":true}]}}