{"id":212201,"date":"2026-03-09T14:55:43","date_gmt":"2026-03-09T18:55:43","guid":{"rendered":"https:\/\/www.manaus.am.gov.br\/semasc\/acolhimento-lazer-mulheres-centro-pop\/"},"modified":"2026-03-09T15:00:40","modified_gmt":"2026-03-09T19:00:40","slug":"acolhimento-lazer-mulheres-centro-pop","status":"publish","type":"post","link":"https:\/\/www.manaus.am.gov.br\/semasc\/acolhimento-lazer-mulheres-centro-pop\/","title":{"rendered":"Prefeitura de Manaus realiza momento de acolhimento e lazer \u00e0s mulheres acompanhadas pelo Centro Pop\u00a0"},"content":{"rendered":"\n<p>A <a href=\"https:\/\/www.manaus.am.gov.br\/\">Prefeitura de Manaus<\/a>, por meio da <a href=\"https:\/\/www.instagram.com\/semasc_manaus\/\">Secretaria Municipal da Mulher, Assist\u00eancia Social e Cidadania<\/a> (Semasc), realizou, nesta segunda-feira, 9\/3, um momento de autocuidado e acolhimento voltado \u00e0s mulheres acompanhadas pelo Centro de Refer\u00eancia Especializado para Popula\u00e7\u00e3o em Situa\u00e7\u00e3o de Rua (Centro Pop), localizado no centro da capital.<\/p>\n\n\n\n<p>A a\u00e7\u00e3o teve como objetivo proporcionar um momento de lazer, cuidado e valoriza\u00e7\u00e3o para mulheres em situa\u00e7\u00e3o de rua e usu\u00e1rias dos servi\u00e7os da unidade. A programa\u00e7\u00e3o contou com sorteio de kits de cuidados pessoais, m\u00fasica ao vivo, distribui\u00e7\u00e3o de brindes, bazar solid\u00e1rio e um lanche especial.<\/p>\n\n\n\n<p>De acordo com a coordenadora do Centro Pop, Silvia Lopes, a iniciativa busca promover um dia diferente para as usu\u00e1rias, refor\u00e7ando o cuidado e a aten\u00e7\u00e3o oferecidos pela rede socioassistencial.<\/p>\n\n\n\n<p>\u201cEstamos aqui hoje no Centro Pop para comemorar o Dia Internacional da Mulher com as nossas usu\u00e1rias, que s\u00e3o pessoas em situa\u00e7\u00e3o de rua. Preparamos diversas atividades e, para n\u00f3s, \u00e9 motivo de muita felicidade poder proporcionar esse momento t\u00e3o especial. A vida da mulher j\u00e1 n\u00e3o \u00e9 f\u00e1cil, e quando falamos de mulheres em situa\u00e7\u00e3o de rua, os desafios s\u00e3o ainda maiores. Ent\u00e3o, poder oferecer um dia diferente, ver o brilho nos olhos delas e saber que o nosso trabalho est\u00e1 contribuindo para criar mem\u00f3rias que ficar\u00e3o guardadas no cora\u00e7\u00e3o faz toda a diferen\u00e7a\u201d, afirmou.<\/p>\n\n\n\n<p>Para a chefe da Divis\u00e3o de M\u00e9dia Complexidade da Semasc, M\u00e1rcia Helena, o momento tamb\u00e9m \u00e9 uma oportunidade de reflex\u00e3o e incentivo para que as mulheres busquem novas perspectivas de vida.<\/p>\n\n\n\n<p>\u201cEsse \u00e9 um momento para que essas mulheres possam refletir sobre novas possibilidades, como a sa\u00edda das ruas e a luta pelos seus direitos. Tamb\u00e9m \u00e9 uma oportunidade para pensarem em voltar a estudar ou buscar tratamento para a depend\u00eancia qu\u00edmica. Todas essas s\u00e3o possibilidades que podem garantir mais dignidade e autonomia. Nosso trabalho no Centro Pop \u00e9 justamente esse, promover respeito, dignidade e fazer com que cada mulher se sinta pertencente \u00e0 sociedade, entendendo que a valoriza\u00e7\u00e3o da mulher deve acontecer todos os dias, e n\u00e3o apenas no 8 de mar\u00e7o\u201d, destacou.<\/p>\n\n\n\n<p>O Centro Pop \u00e9 um equipamento da rede de assist\u00eancia social do munic\u00edpio que oferece atendimento especializado \u00e0 popula\u00e7\u00e3o em situa\u00e7\u00e3o de rua, com servi\u00e7os de acolhimento, orienta\u00e7\u00e3o, encaminhamentos para a rede de sa\u00fade e assist\u00eancia, al\u00e9m de atividades que buscam fortalecer v\u00ednculos e promover a reinser\u00e7\u00e3o social.<\/p>\n\n\n\n<figure class=\"wp-block-image size-large\"><img loading=\"lazy\" decoding=\"async\" width=\"682\" height=\"1024\" src=\"https:\/\/www.manaus.am.gov.br\/semasc\/wp-content\/uploads\/sites\/17\/2026\/03\/WhatsApp-Image-2026-03-09-at-12.08.38-1-682x1024.jpeg\" alt=\"\" class=\"wp-image-212202\" srcset=\"https:\/\/www.manaus.am.gov.br\/semasc\/wp-content\/uploads\/sites\/17\/2026\/03\/WhatsApp-Image-2026-03-09-at-12.08.38-1-682x1024.jpeg 682w, https:\/\/www.manaus.am.gov.br\/semasc\/wp-content\/uploads\/sites\/17\/2026\/03\/WhatsApp-Image-2026-03-09-at-12.08.38-1-200x300.jpeg 200w, https:\/\/www.manaus.am.gov.br\/semasc\/wp-content\/uploads\/sites\/17\/2026\/03\/WhatsApp-Image-2026-03-09-at-12.08.38-1-768x1152.jpeg 768w, https:\/\/www.manaus.am.gov.br\/semasc\/wp-content\/uploads\/sites\/17\/2026\/03\/WhatsApp-Image-2026-03-09-at-12.08.38-1-1024x1536.jpeg 1024w, https:\/\/www.manaus.am.gov.br\/semasc\/wp-content\/uploads\/sites\/17\/2026\/03\/WhatsApp-Image-2026-03-09-at-12.08.38-1-1365x2048.jpeg 1365w, https:\/\/www.manaus.am.gov.br\/semasc\/wp-content\/uploads\/sites\/17\/2026\/03\/WhatsApp-Image-2026-03-09-at-12.08.38-1.jpeg 1706w\" sizes=\"(max-width: 682px) 100vw, 682px\" \/><figcaption class=\"wp-element-caption\">#paratodosverem &#8211; A\u00e7\u00e3o de embelezamento<\/figcaption><\/figure>\n\n\n\n<p><strong>&#8212; &#8212; &#8212;<\/strong><\/p>\n\n\n\n<p><strong>Texto &#8211;&nbsp;<\/strong>Fernanda Rodrigues\/Semasc<\/p>\n\n\n\n<p><strong>Fotos &#8211;<\/strong> Diego Lima\/Semasc<\/p>\n","protected":false},"excerpt":{"rendered":"","protected":false},"author":39,"featured_media":212203,"comment_status":"closed","ping_status":"closed","sticky":false,"template":"","format":"standard","meta":{"footnotes":""},"categories":[194],"tags":[142,1470,1471,7,18],"acf":[],"yoast_head":"<!-- This site is optimized with the Yoast SEO plugin v23.0 - https:\/\/yoast.com\/wordpress\/plugins\/seo\/ -->\n<title>Momento de acolhimento e lazer \u00e0s mulheres acompanhadas pelo Centro Pop<\/title>\n<meta name=\"description\" content=\"Prefeitura de Manaus, por meio da Semasc, realiza momento de acolhimento e lazer \u00e0s mulheres acompanhadas pelo Centro Pop.\" \/>\n<meta name=\"robots\" content=\"noindex, follow\" \/>\n<meta property=\"og:locale\" content=\"pt_BR\" \/>\n<meta property=\"og:type\" content=\"article\" \/>\n<meta property=\"og:title\" content=\"Momento de acolhimento e lazer \u00e0s mulheres acompanhadas pelo Centro Pop\" \/>\n<meta property=\"og:description\" content=\"Prefeitura de Manaus, por meio da Semasc, realiza momento de acolhimento e lazer \u00e0s mulheres acompanhadas pelo Centro Pop.\" \/>\n<meta property=\"og:url\" content=\"https:\/\/www.manaus.am.gov.br\/semasc\/acolhimento-lazer-mulheres-centro-pop\/\" \/>\n<meta property=\"og:site_name\" content=\"SEMASC\" \/>\n<meta property=\"article:publisher\" content=\"https:\/\/www.facebook.com\/semascmanaus\" \/>\n<meta property=\"article:published_time\" content=\"2026-03-09T18:55:43+00:00\" \/>\n<meta property=\"article:modified_time\" content=\"2026-03-09T19:00:40+00:00\" \/>\n<meta property=\"og:image\" content=\"https:\/\/www.manaus.am.gov.br\/semasc\/wp-content\/uploads\/sites\/17\/2026\/03\/WhatsApp-Image-2026-03-09-at-12.08.38.jpeg\" \/>\n\t<meta property=\"og:image:width\" content=\"2560\" \/>\n\t<meta property=\"og:image:height\" content=\"1706\" \/>\n\t<meta property=\"og:image:type\" content=\"image\/jpeg\" \/>\n<meta name=\"author\" content=\"Bruna Greco\" \/>\n<meta name=\"twitter:card\" content=\"summary_large_image\" \/>\n<meta name=\"twitter:label1\" content=\"Written by\" \/>\n\t<meta name=\"twitter:data1\" content=\"Bruna Greco\" \/>\n\t<meta name=\"twitter:label2\" content=\"Est. reading time\" \/>\n\t<meta name=\"twitter:data2\" content=\"3 minutos\" \/>\n<script type=\"application\/ld+json\" class=\"yoast-schema-graph\">{\"@context\":\"https:\/\/schema.org\",\"@graph\":[{\"@type\":\"Article\",\"@id\":\"https:\/\/www.manaus.am.gov.br\/semasc\/acolhimento-lazer-mulheres-centro-pop\/#article\",\"isPartOf\":{\"@id\":\"https:\/\/www.manaus.am.gov.br\/semasc\/acolhimento-lazer-mulheres-centro-pop\/\"},\"author\":{\"name\":\"Bruna Greco\",\"@id\":\"https:\/\/www.manaus.am.gov.br\/semasc\/#\/schema\/person\/05d223aea2bf115f9883a6ff3683d81b\"},\"headline\":\"Prefeitura de Manaus realiza momento de acolhimento e lazer \u00e0s mulheres acompanhadas pelo Centro Pop\u00a0\",\"datePublished\":\"2026-03-09T18:55:43+00:00\",\"dateModified\":\"2026-03-09T19:00:40+00:00\",\"mainEntityOfPage\":{\"@id\":\"https:\/\/www.manaus.am.gov.br\/semasc\/acolhimento-lazer-mulheres-centro-pop\/\"},\"wordCount\":471,\"publisher\":{\"@id\":\"https:\/\/www.manaus.am.gov.br\/semasc\/#organization\"},\"image\":{\"@id\":\"https:\/\/www.manaus.am.gov.br\/semasc\/acolhimento-lazer-mulheres-centro-pop\/#primaryimage\"},\"thumbnailUrl\":\"https:\/\/www.manaus.am.gov.br\/semasc\/wp-content\/uploads\/sites\/17\/2026\/03\/WhatsApp-Image-2026-03-09-at-12.08.38.jpeg\",\"keywords\":[\"a\u00e7\u00e3o social\",\"momento de acolhimento e lazer\",\"mulheres do Centro Pop\",\"prefeitura de manaus\",\"Semasc\"],\"articleSection\":[\"Assist\u00eancia\"],\"inLanguage\":\"pt-BR\"},{\"@type\":\"WebPage\",\"@id\":\"https:\/\/www.manaus.am.gov.br\/semasc\/acolhimento-lazer-mulheres-centro-pop\/\",\"url\":\"https:\/\/www.manaus.am.gov.br\/semasc\/acolhimento-lazer-mulheres-centro-pop\/\",\"name\":\"Momento de acolhimento e lazer \u00e0s mulheres acompanhadas pelo Centro Pop\",\"isPartOf\":{\"@id\":\"https:\/\/www.manaus.am.gov.br\/semasc\/#website\"},\"primaryImageOfPage\":{\"@id\":\"https:\/\/www.manaus.am.gov.br\/semasc\/acolhimento-lazer-mulheres-centro-pop\/#primaryimage\"},\"image\":{\"@id\":\"https:\/\/www.manaus.am.gov.br\/semasc\/acolhimento-lazer-mulheres-centro-pop\/#primaryimage\"},\"thumbnailUrl\":\"https:\/\/www.manaus.am.gov.br\/semasc\/wp-content\/uploads\/sites\/17\/2026\/03\/WhatsApp-Image-2026-03-09-at-12.08.38.jpeg\",\"datePublished\":\"2026-03-09T18:55:43+00:00\",\"dateModified\":\"2026-03-09T19:00:40+00:00\",\"description\":\"Prefeitura de Manaus, por meio da Semasc, realiza momento de acolhimento e lazer \u00e0s mulheres acompanhadas pelo Centro Pop.\",\"breadcrumb\":{\"@id\":\"https:\/\/www.manaus.am.gov.br\/semasc\/acolhimento-lazer-mulheres-centro-pop\/#breadcrumb\"},\"inLanguage\":\"pt-BR\",\"potentialAction\":[{\"@type\":\"ReadAction\",\"target\":[\"https:\/\/www.manaus.am.gov.br\/semasc\/acolhimento-lazer-mulheres-centro-pop\/\"]}]},{\"@type\":\"ImageObject\",\"inLanguage\":\"pt-BR\",\"@id\":\"https:\/\/www.manaus.am.gov.br\/semasc\/acolhimento-lazer-mulheres-centro-pop\/#primaryimage\",\"url\":\"https:\/\/www.manaus.am.gov.br\/semasc\/wp-content\/uploads\/sites\/17\/2026\/03\/WhatsApp-Image-2026-03-09-at-12.08.38.jpeg\",\"contentUrl\":\"https:\/\/www.manaus.am.gov.br\/semasc\/wp-content\/uploads\/sites\/17\/2026\/03\/WhatsApp-Image-2026-03-09-at-12.08.38.jpeg\",\"width\":2560,\"height\":1706,\"caption\":\"#paratodosverem - Equipe do Centro Pop realizando palestra durante momento de acolhimento e lazer voltado \u00e0 mulheres atendidas no espa\u00e7o\"},{\"@type\":\"BreadcrumbList\",\"@id\":\"https:\/\/www.manaus.am.gov.br\/semasc\/acolhimento-lazer-mulheres-centro-pop\/#breadcrumb\",\"itemListElement\":[{\"@type\":\"ListItem\",\"position\":1,\"name\":\"Home\",\"item\":\"https:\/\/www.manaus.am.gov.br\/semasc\/\"},{\"@type\":\"ListItem\",\"position\":2,\"name\":\"Prefeitura de Manaus realiza momento de acolhimento e lazer \u00e0s mulheres acompanhadas pelo Centro Pop\u00a0\"}]},{\"@type\":\"WebSite\",\"@id\":\"https:\/\/www.manaus.am.gov.br\/semasc\/#website\",\"url\":\"https:\/\/www.manaus.am.gov.br\/semasc\/\",\"name\":\"SEMASC\",\"description\":\"Secretaria Municipal da Mulher, Assist\u00eancia Social e Cidadania.\",\"publisher\":{\"@id\":\"https:\/\/www.manaus.am.gov.br\/semasc\/#organization\"},\"alternateName\":\"Secretaria Municipal da Mulher, Assist\u00eancia Social e Cidadania\",\"potentialAction\":[{\"@type\":\"SearchAction\",\"target\":{\"@type\":\"EntryPoint\",\"urlTemplate\":\"https:\/\/www.manaus.am.gov.br\/semasc\/?s={search_term_string}\"},\"query-input\":\"required name=search_term_string\"}],\"inLanguage\":\"pt-BR\"},{\"@type\":\"Organization\",\"@id\":\"https:\/\/www.manaus.am.gov.br\/semasc\/#organization\",\"name\":\"Prefeitura de Manaus\",\"alternateName\":\"Prefeitura Municipal de Manaus\",\"url\":\"https:\/\/www.manaus.am.gov.br\/semasc\/\",\"logo\":{\"@type\":\"ImageObject\",\"inLanguage\":\"pt-BR\",\"@id\":\"https:\/\/www.manaus.am.gov.br\/semasc\/#\/schema\/logo\/image\/\",\"url\":\"https:\/\/www.manaus.am.gov.br\/semasc\/wp-content\/uploads\/sites\/17\/2024\/07\/favicon.png\",\"contentUrl\":\"https:\/\/www.manaus.am.gov.br\/semasc\/wp-content\/uploads\/sites\/17\/2024\/07\/favicon.png\",\"width\":300,\"height\":300,\"caption\":\"Prefeitura de Manaus\"},\"image\":{\"@id\":\"https:\/\/www.manaus.am.gov.br\/semasc\/#\/schema\/logo\/image\/\"},\"sameAs\":[\"https:\/\/www.facebook.com\/semascmanaus\",\"https:\/\/www.instagram.com\/semascmanaus\/\"]},{\"@type\":\"Person\",\"@id\":\"https:\/\/www.manaus.am.gov.br\/semasc\/#\/schema\/person\/05d223aea2bf115f9883a6ff3683d81b\",\"name\":\"Bruna Greco\",\"image\":{\"@type\":\"ImageObject\",\"inLanguage\":\"pt-BR\",\"@id\":\"https:\/\/www.manaus.am.gov.br\/semasc\/#\/schema\/person\/image\/\",\"url\":\"https:\/\/secure.gravatar.com\/avatar\/9c877d1a6adc2a055330e5c09a8653ce?s=96&d=mm&r=g\",\"contentUrl\":\"https:\/\/secure.gravatar.com\/avatar\/9c877d1a6adc2a055330e5c09a8653ce?s=96&d=mm&r=g\",\"caption\":\"Bruna Greco\"}}]}<\/script>\n<!-- \/ Yoast SEO plugin. -->","yoast_head_json":{"title":"Momento de acolhimento e lazer \u00e0s mulheres acompanhadas pelo Centro Pop","description":"Prefeitura de Manaus, por meio da Semasc, realiza momento de acolhimento e lazer \u00e0s mulheres acompanhadas pelo Centro Pop.","robots":{"index":"noindex","follow":"follow"},"og_locale":"pt_BR","og_type":"article","og_title":"Momento de acolhimento e lazer \u00e0s mulheres acompanhadas pelo Centro Pop","og_description":"Prefeitura de Manaus, por meio da Semasc, realiza momento de acolhimento e lazer \u00e0s mulheres acompanhadas pelo Centro Pop.","og_url":"https:\/\/www.manaus.am.gov.br\/semasc\/acolhimento-lazer-mulheres-centro-pop\/","og_site_name":"SEMASC","article_publisher":"https:\/\/www.facebook.com\/semascmanaus","article_published_time":"2026-03-09T18:55:43+00:00","article_modified_time":"2026-03-09T19:00:40+00:00","og_image":[{"width":2560,"height":1706,"url":"https:\/\/www.manaus.am.gov.br\/semasc\/wp-content\/uploads\/sites\/17\/2026\/03\/WhatsApp-Image-2026-03-09-at-12.08.38.jpeg","type":"image\/jpeg"}],"author":"Bruna Greco","twitter_card":"summary_large_image","twitter_misc":{"Written by":"Bruna Greco","Est. reading time":"3 minutos"},"schema":{"@context":"https:\/\/schema.org","@graph":[{"@type":"Article","@id":"https:\/\/www.manaus.am.gov.br\/semasc\/acolhimento-lazer-mulheres-centro-pop\/#article","isPartOf":{"@id":"https:\/\/www.manaus.am.gov.br\/semasc\/acolhimento-lazer-mulheres-centro-pop\/"},"author":{"name":"Bruna Greco","@id":"https:\/\/www.manaus.am.gov.br\/semasc\/#\/schema\/person\/05d223aea2bf115f9883a6ff3683d81b"},"headline":"Prefeitura de Manaus realiza momento de acolhimento e lazer \u00e0s mulheres acompanhadas pelo Centro Pop\u00a0","datePublished":"2026-03-09T18:55:43+00:00","dateModified":"2026-03-09T19:00:40+00:00","mainEntityOfPage":{"@id":"https:\/\/www.manaus.am.gov.br\/semasc\/acolhimento-lazer-mulheres-centro-pop\/"},"wordCount":471,"publisher":{"@id":"https:\/\/www.manaus.am.gov.br\/semasc\/#organization"},"image":{"@id":"https:\/\/www.manaus.am.gov.br\/semasc\/acolhimento-lazer-mulheres-centro-pop\/#primaryimage"},"thumbnailUrl":"https:\/\/www.manaus.am.gov.br\/semasc\/wp-content\/uploads\/sites\/17\/2026\/03\/WhatsApp-Image-2026-03-09-at-12.08.38.jpeg","keywords":["a\u00e7\u00e3o social","momento de acolhimento e lazer","mulheres do Centro Pop","prefeitura de manaus","Semasc"],"articleSection":["Assist\u00eancia"],"inLanguage":"pt-BR"},{"@type":"WebPage","@id":"https:\/\/www.manaus.am.gov.br\/semasc\/acolhimento-lazer-mulheres-centro-pop\/","url":"https:\/\/www.manaus.am.gov.br\/semasc\/acolhimento-lazer-mulheres-centro-pop\/","name":"Momento de acolhimento e lazer \u00e0s mulheres acompanhadas pelo Centro Pop","isPartOf":{"@id":"https:\/\/www.manaus.am.gov.br\/semasc\/#website"},"primaryImageOfPage":{"@id":"https:\/\/www.manaus.am.gov.br\/semasc\/acolhimento-lazer-mulheres-centro-pop\/#primaryimage"},"image":{"@id":"https:\/\/www.manaus.am.gov.br\/semasc\/acolhimento-lazer-mulheres-centro-pop\/#primaryimage"},"thumbnailUrl":"https:\/\/www.manaus.am.gov.br\/semasc\/wp-content\/uploads\/sites\/17\/2026\/03\/WhatsApp-Image-2026-03-09-at-12.08.38.jpeg","datePublished":"2026-03-09T18:55:43+00:00","dateModified":"2026-03-09T19:00:40+00:00","description":"Prefeitura de Manaus, por meio da Semasc, realiza momento de acolhimento e lazer \u00e0s mulheres acompanhadas pelo Centro Pop.","breadcrumb":{"@id":"https:\/\/www.manaus.am.gov.br\/semasc\/acolhimento-lazer-mulheres-centro-pop\/#breadcrumb"},"inLanguage":"pt-BR","potentialAction":[{"@type":"ReadAction","target":["https:\/\/www.manaus.am.gov.br\/semasc\/acolhimento-lazer-mulheres-centro-pop\/"]}]},{"@type":"ImageObject","inLanguage":"pt-BR","@id":"https:\/\/www.manaus.am.gov.br\/semasc\/acolhimento-lazer-mulheres-centro-pop\/#primaryimage","url":"https:\/\/www.manaus.am.gov.br\/semasc\/wp-content\/uploads\/sites\/17\/2026\/03\/WhatsApp-Image-2026-03-09-at-12.08.38.jpeg","contentUrl":"https:\/\/www.manaus.am.gov.br\/semasc\/wp-content\/uploads\/sites\/17\/2026\/03\/WhatsApp-Image-2026-03-09-at-12.08.38.jpeg","width":2560,"height":1706,"caption":"#paratodosverem - Equipe do Centro Pop realizando palestra durante momento de acolhimento e lazer voltado \u00e0 mulheres atendidas no espa\u00e7o"},{"@type":"BreadcrumbList","@id":"https:\/\/www.manaus.am.gov.br\/semasc\/acolhimento-lazer-mulheres-centro-pop\/#breadcrumb","itemListElement":[{"@type":"ListItem","position":1,"name":"Home","item":"https:\/\/www.manaus.am.gov.br\/semasc\/"},{"@type":"ListItem","position":2,"name":"Prefeitura de Manaus realiza momento de acolhimento e lazer \u00e0s mulheres acompanhadas pelo Centro Pop\u00a0"}]},{"@type":"WebSite","@id":"https:\/\/www.manaus.am.gov.br\/semasc\/#website","url":"https:\/\/www.manaus.am.gov.br\/semasc\/","name":"SEMASC","description":"Secretaria Municipal da Mulher, Assist\u00eancia Social e Cidadania.","publisher":{"@id":"https:\/\/www.manaus.am.gov.br\/semasc\/#organization"},"alternateName":"Secretaria Municipal da Mulher, Assist\u00eancia Social e Cidadania","potentialAction":[{"@type":"SearchAction","target":{"@type":"EntryPoint","urlTemplate":"https:\/\/www.manaus.am.gov.br\/semasc\/?s={search_term_string}"},"query-input":"required name=search_term_string"}],"inLanguage":"pt-BR"},{"@type":"Organization","@id":"https:\/\/www.manaus.am.gov.br\/semasc\/#organization","name":"Prefeitura de Manaus","alternateName":"Prefeitura Municipal de Manaus","url":"https:\/\/www.manaus.am.gov.br\/semasc\/","logo":{"@type":"ImageObject","inLanguage":"pt-BR","@id":"https:\/\/www.manaus.am.gov.br\/semasc\/#\/schema\/logo\/image\/","url":"https:\/\/www.manaus.am.gov.br\/semasc\/wp-content\/uploads\/sites\/17\/2024\/07\/favicon.png","contentUrl":"https:\/\/www.manaus.am.gov.br\/semasc\/wp-content\/uploads\/sites\/17\/2024\/07\/favicon.png","width":300,"height":300,"caption":"Prefeitura de Manaus"},"image":{"@id":"https:\/\/www.manaus.am.gov.br\/semasc\/#\/schema\/logo\/image\/"},"sameAs":["https:\/\/www.facebook.com\/semascmanaus","https:\/\/www.instagram.com\/semascmanaus\/"]},{"@type":"Person","@id":"https:\/\/www.manaus.am.gov.br\/semasc\/#\/schema\/person\/05d223aea2bf115f9883a6ff3683d81b","name":"Bruna Greco","image":{"@type":"ImageObject","inLanguage":"pt-BR","@id":"https:\/\/www.manaus.am.gov.br\/semasc\/#\/schema\/person\/image\/","url":"https:\/\/secure.gravatar.com\/avatar\/9c877d1a6adc2a055330e5c09a8653ce?s=96&d=mm&r=g","contentUrl":"https:\/\/secure.gravatar.com\/avatar\/9c877d1a6adc2a055330e5c09a8653ce?s=96&d=mm&r=g","caption":"Bruna Greco"}}]}},"_links":{"self":[{"href":"https:\/\/www.manaus.am.gov.br\/semasc\/wp-json\/wp\/v2\/posts\/212201"}],"collection":[{"href":"https:\/\/www.manaus.am.gov.br\/semasc\/wp-json\/wp\/v2\/posts"}],"about":[{"href":"https:\/\/www.manaus.am.gov.br\/semasc\/wp-json\/wp\/v2\/types\/post"}],"author":[{"embeddable":true,"href":"https:\/\/www.manaus.am.gov.br\/semasc\/wp-json\/wp\/v2\/users\/39"}],"replies":[{"embeddable":true,"href":"https:\/\/www.manaus.am.gov.br\/semasc\/wp-json\/wp\/v2\/comments?post=212201"}],"version-history":[{"count":3,"href":"https:\/\/www.manaus.am.gov.br\/semasc\/wp-json\/wp\/v2\/posts\/212201\/revisions"}],"predecessor-version":[{"id":212206,"href":"https:\/\/www.manaus.am.gov.br\/semasc\/wp-json\/wp\/v2\/posts\/212201\/revisions\/212206"}],"wp:featuredmedia":[{"embeddable":true,"href":"https:\/\/www.manaus.am.gov.br\/semasc\/wp-json\/wp\/v2\/media\/212203"}],"wp:attachment":[{"href":"https:\/\/www.manaus.am.gov.br\/semasc\/wp-json\/wp\/v2\/media?parent=212201"}],"wp:term":[{"taxonomy":"category","embeddable":true,"href":"https:\/\/www.manaus.am.gov.br\/semasc\/wp-json\/wp\/v2\/categories?post=212201"},{"taxonomy":"post_tag","embeddable":true,"href":"https:\/\/www.manaus.am.gov.br\/semasc\/wp-json\/wp\/v2\/tags?post=212201"}],"curies":[{"name":"wp","href":"https:\/\/api.w.org\/{rel}","templated":true}]}}