{"id":212193,"date":"2026-03-06T14:02:54","date_gmt":"2026-03-06T18:02:54","guid":{"rendered":"https:\/\/www.manaus.am.gov.br\/semasc\/prefeitura-semasc-abordagemsocial-zonasul\/"},"modified":"2026-03-06T15:04:56","modified_gmt":"2026-03-06T19:04:56","slug":"prefeitura-semasc-acao-integrada-zonasul","status":"publish","type":"post","link":"https:\/\/www.manaus.am.gov.br\/semasc\/prefeitura-semasc-acao-integrada-zonasul\/","title":{"rendered":"Prefeitura de Manaus realiza a\u00e7\u00e3o integrada de abordagem social na zona Sul da capital"},"content":{"rendered":"\n<p>A <a href=\"https:\/\/www.manaus.am.gov.br\/\">Prefeitura de Manaus<\/a>, por meio da <a href=\"https:\/\/www.instagram.com\/semasc_manaus\/\">Secretaria Municipal da Mulher, Assist\u00eancia Social e Cidadania<\/a> (Semasc), realizou, nesta sexta-feira, 6\/3, uma a\u00e7\u00e3o integrada de abordagem social no bairro Crespo, zona Sul da capital.<\/p>\n\n\n\n<p>A iniciativa teve como objetivo prestar atendimento a pessoas em situa\u00e7\u00e3o de rua, com oferta de acolhimento institucional, atendimento m\u00e9dico e emiss\u00e3o de documentos. A a\u00e7\u00e3o busca ampliar o acesso dessa popula\u00e7\u00e3o aos servi\u00e7os socioassistenciais e garantir suporte para a reinser\u00e7\u00e3o social.<\/p>\n\n\n\n<p>A a\u00e7\u00e3o integrada contou com o apoio de outros \u00f3rg\u00e3os municipais, como a Secretaria Municipal de Seguran\u00e7a P\u00fablica e Defesa Social (Semseg), a Secretaria Municipal de Limpeza Urbana (Semulsp), a Guarda Municipal e o Instituto Municipal de Planejamento Urbano (Implurb).<\/p>\n\n\n\n<p>De acordo com a gerente do Servi\u00e7o Especializado em Abordagem Social, Clicia Lima, a a\u00e7\u00e3o foi realizada ap\u00f3s solicita\u00e7\u00e3o de moradores da \u00e1rea.<\/p>\n\n\n\n<p>\u201cEstamos realizando a abordagem social junto \u00e0s pessoas em situa\u00e7\u00e3o de rua que fazem uso de entorpecentes. Ao longo da semana, realizamos interven\u00e7\u00f5es e oferecemos servi\u00e7os socioassistenciais, com orienta\u00e7\u00e3o, apoio para a regulariza\u00e7\u00e3o de documentos e oferta de acolhimento\u201d, afirmou.<\/p>\n\n\n\n<p>A Semasc destaca que as equipes de abordagem social atuam de forma cont\u00ednua em diferentes \u00e1reas da cidade, oferecendo suporte e encaminhamento aos servi\u00e7os da rede socioassistencial para pessoas em situa\u00e7\u00e3o de vulnerabilidade. O trabalho tem como foco garantir direitos, promover dignidade e ampliar oportunidades de reintegra\u00e7\u00e3o social.<\/p>\n\n\n\n<p>\u2013 \u2013 \u2013<\/p>\n\n\n\n<p><strong>Texto&nbsp;<\/strong>&#8211; Fernanda Rodrigues \/ Semasc<\/p>\n\n\n\n<p><strong>Fotos&nbsp;<\/strong>&#8211; &nbsp;Diego Lima \/ Semasc<\/p>\n","protected":false},"excerpt":{"rendered":"","protected":false},"author":23,"featured_media":212194,"comment_status":"closed","ping_status":"closed","sticky":false,"template":"","format":"standard","meta":{"footnotes":""},"categories":[194],"tags":[467,861,7,18,110],"acf":[],"yoast_head":"<!-- This site is optimized with the Yoast SEO plugin v23.0 - https:\/\/yoast.com\/wordpress\/plugins\/seo\/ -->\n<title>A\u00e7\u00e3o integrada de abordagem social na zona Sul da capital<\/title>\n<meta name=\"description\" content=\"A Prefeitura de Manaus, por meio da (Semasc), realizou, nesta sexta-feira, 6\/3, uma a\u00e7\u00e3o integrada de abordagem social no bairro Crespo.\" \/>\n<meta name=\"robots\" content=\"noindex, follow\" \/>\n<meta property=\"og:locale\" content=\"pt_BR\" \/>\n<meta property=\"og:type\" content=\"article\" \/>\n<meta property=\"og:title\" content=\"A\u00e7\u00e3o integrada de abordagem social na zona Sul da capital\" \/>\n<meta property=\"og:description\" content=\"A Prefeitura de Manaus, por meio da (Semasc), realizou, nesta sexta-feira, 6\/3, uma a\u00e7\u00e3o integrada de abordagem social no bairro Crespo.\" \/>\n<meta property=\"og:url\" content=\"https:\/\/www.manaus.am.gov.br\/semasc\/prefeitura-semasc-acao-integrada-zonasul\/\" \/>\n<meta property=\"og:site_name\" content=\"SEMASC\" \/>\n<meta property=\"article:publisher\" content=\"https:\/\/www.facebook.com\/semascmanaus\" \/>\n<meta property=\"article:published_time\" content=\"2026-03-06T18:02:54+00:00\" \/>\n<meta property=\"article:modified_time\" content=\"2026-03-06T19:04:56+00:00\" \/>\n<meta property=\"og:image\" content=\"https:\/\/www.manaus.am.gov.br\/semasc\/wp-content\/uploads\/sites\/17\/2026\/03\/WhatsApp-Image-2026-03-06-at-12.10.41.jpeg\" \/>\n\t<meta property=\"og:image:width\" content=\"1280\" \/>\n\t<meta property=\"og:image:height\" content=\"854\" \/>\n\t<meta property=\"og:image:type\" content=\"image\/jpeg\" \/>\n<meta name=\"author\" content=\"Adriana Costa\" \/>\n<meta name=\"twitter:card\" content=\"summary_large_image\" \/>\n<meta name=\"twitter:label1\" content=\"Written by\" \/>\n\t<meta name=\"twitter:data1\" content=\"Adriana Costa\" \/>\n\t<meta name=\"twitter:label2\" content=\"Est. reading time\" \/>\n\t<meta name=\"twitter:data2\" content=\"2 minutos\" \/>\n<script type=\"application\/ld+json\" class=\"yoast-schema-graph\">{\"@context\":\"https:\/\/schema.org\",\"@graph\":[{\"@type\":\"Article\",\"@id\":\"https:\/\/www.manaus.am.gov.br\/semasc\/prefeitura-semasc-acao-integrada-zonasul\/#article\",\"isPartOf\":{\"@id\":\"https:\/\/www.manaus.am.gov.br\/semasc\/prefeitura-semasc-acao-integrada-zonasul\/\"},\"author\":{\"name\":\"Adriana Costa\",\"@id\":\"https:\/\/www.manaus.am.gov.br\/semasc\/#\/schema\/person\/4e49f4e267757a06ca072ec61b2b9968\"},\"headline\":\"Prefeitura de Manaus realiza a\u00e7\u00e3o integrada de abordagem social na zona Sul da capital\",\"datePublished\":\"2026-03-06T18:02:54+00:00\",\"dateModified\":\"2026-03-06T19:04:56+00:00\",\"mainEntityOfPage\":{\"@id\":\"https:\/\/www.manaus.am.gov.br\/semasc\/prefeitura-semasc-acao-integrada-zonasul\/\"},\"wordCount\":279,\"publisher\":{\"@id\":\"https:\/\/www.manaus.am.gov.br\/semasc\/#organization\"},\"image\":{\"@id\":\"https:\/\/www.manaus.am.gov.br\/semasc\/prefeitura-semasc-acao-integrada-zonasul\/#primaryimage\"},\"thumbnailUrl\":\"https:\/\/www.manaus.am.gov.br\/semasc\/wp-content\/uploads\/sites\/17\/2026\/03\/WhatsApp-Image-2026-03-06-at-12.10.41.jpeg\",\"keywords\":[\"abordagem social\",\"bairro Crespo\",\"prefeitura de manaus\",\"Semasc\",\"zona sul\"],\"articleSection\":[\"Assist\u00eancia\"],\"inLanguage\":\"pt-BR\"},{\"@type\":\"WebPage\",\"@id\":\"https:\/\/www.manaus.am.gov.br\/semasc\/prefeitura-semasc-acao-integrada-zonasul\/\",\"url\":\"https:\/\/www.manaus.am.gov.br\/semasc\/prefeitura-semasc-acao-integrada-zonasul\/\",\"name\":\"A\u00e7\u00e3o integrada de abordagem social na zona Sul da capital\",\"isPartOf\":{\"@id\":\"https:\/\/www.manaus.am.gov.br\/semasc\/#website\"},\"primaryImageOfPage\":{\"@id\":\"https:\/\/www.manaus.am.gov.br\/semasc\/prefeitura-semasc-acao-integrada-zonasul\/#primaryimage\"},\"image\":{\"@id\":\"https:\/\/www.manaus.am.gov.br\/semasc\/prefeitura-semasc-acao-integrada-zonasul\/#primaryimage\"},\"thumbnailUrl\":\"https:\/\/www.manaus.am.gov.br\/semasc\/wp-content\/uploads\/sites\/17\/2026\/03\/WhatsApp-Image-2026-03-06-at-12.10.41.jpeg\",\"datePublished\":\"2026-03-06T18:02:54+00:00\",\"dateModified\":\"2026-03-06T19:04:56+00:00\",\"description\":\"A Prefeitura de Manaus, por meio da (Semasc), realizou, nesta sexta-feira, 6\/3, uma a\u00e7\u00e3o integrada de abordagem social no bairro Crespo.\",\"breadcrumb\":{\"@id\":\"https:\/\/www.manaus.am.gov.br\/semasc\/prefeitura-semasc-acao-integrada-zonasul\/#breadcrumb\"},\"inLanguage\":\"pt-BR\",\"potentialAction\":[{\"@type\":\"ReadAction\",\"target\":[\"https:\/\/www.manaus.am.gov.br\/semasc\/prefeitura-semasc-acao-integrada-zonasul\/\"]}]},{\"@type\":\"ImageObject\",\"inLanguage\":\"pt-BR\",\"@id\":\"https:\/\/www.manaus.am.gov.br\/semasc\/prefeitura-semasc-acao-integrada-zonasul\/#primaryimage\",\"url\":\"https:\/\/www.manaus.am.gov.br\/semasc\/wp-content\/uploads\/sites\/17\/2026\/03\/WhatsApp-Image-2026-03-06-at-12.10.41.jpeg\",\"contentUrl\":\"https:\/\/www.manaus.am.gov.br\/semasc\/wp-content\/uploads\/sites\/17\/2026\/03\/WhatsApp-Image-2026-03-06-at-12.10.41.jpeg\",\"width\":1280,\"height\":854,\"caption\":\"#paratodosverem - Servidores municipais em a\u00e7\u00e3o integrada de abordagem social em rua da zona Sul\"},{\"@type\":\"BreadcrumbList\",\"@id\":\"https:\/\/www.manaus.am.gov.br\/semasc\/prefeitura-semasc-acao-integrada-zonasul\/#breadcrumb\",\"itemListElement\":[{\"@type\":\"ListItem\",\"position\":1,\"name\":\"Home\",\"item\":\"https:\/\/www.manaus.am.gov.br\/semasc\/\"},{\"@type\":\"ListItem\",\"position\":2,\"name\":\"Prefeitura de Manaus realiza a\u00e7\u00e3o integrada de abordagem social na zona Sul da capital\"}]},{\"@type\":\"WebSite\",\"@id\":\"https:\/\/www.manaus.am.gov.br\/semasc\/#website\",\"url\":\"https:\/\/www.manaus.am.gov.br\/semasc\/\",\"name\":\"SEMASC\",\"description\":\"Secretaria Municipal da Mulher, Assist\u00eancia Social e Cidadania.\",\"publisher\":{\"@id\":\"https:\/\/www.manaus.am.gov.br\/semasc\/#organization\"},\"alternateName\":\"Secretaria Municipal da Mulher, Assist\u00eancia Social e Cidadania\",\"potentialAction\":[{\"@type\":\"SearchAction\",\"target\":{\"@type\":\"EntryPoint\",\"urlTemplate\":\"https:\/\/www.manaus.am.gov.br\/semasc\/?s={search_term_string}\"},\"query-input\":\"required name=search_term_string\"}],\"inLanguage\":\"pt-BR\"},{\"@type\":\"Organization\",\"@id\":\"https:\/\/www.manaus.am.gov.br\/semasc\/#organization\",\"name\":\"Prefeitura de Manaus\",\"alternateName\":\"Prefeitura Municipal de Manaus\",\"url\":\"https:\/\/www.manaus.am.gov.br\/semasc\/\",\"logo\":{\"@type\":\"ImageObject\",\"inLanguage\":\"pt-BR\",\"@id\":\"https:\/\/www.manaus.am.gov.br\/semasc\/#\/schema\/logo\/image\/\",\"url\":\"https:\/\/www.manaus.am.gov.br\/semasc\/wp-content\/uploads\/sites\/17\/2024\/07\/favicon.png\",\"contentUrl\":\"https:\/\/www.manaus.am.gov.br\/semasc\/wp-content\/uploads\/sites\/17\/2024\/07\/favicon.png\",\"width\":300,\"height\":300,\"caption\":\"Prefeitura de Manaus\"},\"image\":{\"@id\":\"https:\/\/www.manaus.am.gov.br\/semasc\/#\/schema\/logo\/image\/\"},\"sameAs\":[\"https:\/\/www.facebook.com\/semascmanaus\",\"https:\/\/www.instagram.com\/semascmanaus\/\"]},{\"@type\":\"Person\",\"@id\":\"https:\/\/www.manaus.am.gov.br\/semasc\/#\/schema\/person\/4e49f4e267757a06ca072ec61b2b9968\",\"name\":\"Adriana Costa\",\"image\":{\"@type\":\"ImageObject\",\"inLanguage\":\"pt-BR\",\"@id\":\"https:\/\/www.manaus.am.gov.br\/semasc\/#\/schema\/person\/image\/\",\"url\":\"https:\/\/secure.gravatar.com\/avatar\/576258617ef7194f718179e766d57bd4?s=96&d=mm&r=g\",\"contentUrl\":\"https:\/\/secure.gravatar.com\/avatar\/576258617ef7194f718179e766d57bd4?s=96&d=mm&r=g\",\"caption\":\"Adriana Costa\"}}]}<\/script>\n<!-- \/ Yoast SEO plugin. -->","yoast_head_json":{"title":"A\u00e7\u00e3o integrada de abordagem social na zona Sul da capital","description":"A Prefeitura de Manaus, por meio da (Semasc), realizou, nesta sexta-feira, 6\/3, uma a\u00e7\u00e3o integrada de abordagem social no bairro Crespo.","robots":{"index":"noindex","follow":"follow"},"og_locale":"pt_BR","og_type":"article","og_title":"A\u00e7\u00e3o integrada de abordagem social na zona Sul da capital","og_description":"A Prefeitura de Manaus, por meio da (Semasc), realizou, nesta sexta-feira, 6\/3, uma a\u00e7\u00e3o integrada de abordagem social no bairro Crespo.","og_url":"https:\/\/www.manaus.am.gov.br\/semasc\/prefeitura-semasc-acao-integrada-zonasul\/","og_site_name":"SEMASC","article_publisher":"https:\/\/www.facebook.com\/semascmanaus","article_published_time":"2026-03-06T18:02:54+00:00","article_modified_time":"2026-03-06T19:04:56+00:00","og_image":[{"width":1280,"height":854,"url":"https:\/\/www.manaus.am.gov.br\/semasc\/wp-content\/uploads\/sites\/17\/2026\/03\/WhatsApp-Image-2026-03-06-at-12.10.41.jpeg","type":"image\/jpeg"}],"author":"Adriana Costa","twitter_card":"summary_large_image","twitter_misc":{"Written by":"Adriana Costa","Est. reading time":"2 minutos"},"schema":{"@context":"https:\/\/schema.org","@graph":[{"@type":"Article","@id":"https:\/\/www.manaus.am.gov.br\/semasc\/prefeitura-semasc-acao-integrada-zonasul\/#article","isPartOf":{"@id":"https:\/\/www.manaus.am.gov.br\/semasc\/prefeitura-semasc-acao-integrada-zonasul\/"},"author":{"name":"Adriana Costa","@id":"https:\/\/www.manaus.am.gov.br\/semasc\/#\/schema\/person\/4e49f4e267757a06ca072ec61b2b9968"},"headline":"Prefeitura de Manaus realiza a\u00e7\u00e3o integrada de abordagem social na zona Sul da capital","datePublished":"2026-03-06T18:02:54+00:00","dateModified":"2026-03-06T19:04:56+00:00","mainEntityOfPage":{"@id":"https:\/\/www.manaus.am.gov.br\/semasc\/prefeitura-semasc-acao-integrada-zonasul\/"},"wordCount":279,"publisher":{"@id":"https:\/\/www.manaus.am.gov.br\/semasc\/#organization"},"image":{"@id":"https:\/\/www.manaus.am.gov.br\/semasc\/prefeitura-semasc-acao-integrada-zonasul\/#primaryimage"},"thumbnailUrl":"https:\/\/www.manaus.am.gov.br\/semasc\/wp-content\/uploads\/sites\/17\/2026\/03\/WhatsApp-Image-2026-03-06-at-12.10.41.jpeg","keywords":["abordagem social","bairro Crespo","prefeitura de manaus","Semasc","zona sul"],"articleSection":["Assist\u00eancia"],"inLanguage":"pt-BR"},{"@type":"WebPage","@id":"https:\/\/www.manaus.am.gov.br\/semasc\/prefeitura-semasc-acao-integrada-zonasul\/","url":"https:\/\/www.manaus.am.gov.br\/semasc\/prefeitura-semasc-acao-integrada-zonasul\/","name":"A\u00e7\u00e3o integrada de abordagem social na zona Sul da capital","isPartOf":{"@id":"https:\/\/www.manaus.am.gov.br\/semasc\/#website"},"primaryImageOfPage":{"@id":"https:\/\/www.manaus.am.gov.br\/semasc\/prefeitura-semasc-acao-integrada-zonasul\/#primaryimage"},"image":{"@id":"https:\/\/www.manaus.am.gov.br\/semasc\/prefeitura-semasc-acao-integrada-zonasul\/#primaryimage"},"thumbnailUrl":"https:\/\/www.manaus.am.gov.br\/semasc\/wp-content\/uploads\/sites\/17\/2026\/03\/WhatsApp-Image-2026-03-06-at-12.10.41.jpeg","datePublished":"2026-03-06T18:02:54+00:00","dateModified":"2026-03-06T19:04:56+00:00","description":"A Prefeitura de Manaus, por meio da (Semasc), realizou, nesta sexta-feira, 6\/3, uma a\u00e7\u00e3o integrada de abordagem social no bairro Crespo.","breadcrumb":{"@id":"https:\/\/www.manaus.am.gov.br\/semasc\/prefeitura-semasc-acao-integrada-zonasul\/#breadcrumb"},"inLanguage":"pt-BR","potentialAction":[{"@type":"ReadAction","target":["https:\/\/www.manaus.am.gov.br\/semasc\/prefeitura-semasc-acao-integrada-zonasul\/"]}]},{"@type":"ImageObject","inLanguage":"pt-BR","@id":"https:\/\/www.manaus.am.gov.br\/semasc\/prefeitura-semasc-acao-integrada-zonasul\/#primaryimage","url":"https:\/\/www.manaus.am.gov.br\/semasc\/wp-content\/uploads\/sites\/17\/2026\/03\/WhatsApp-Image-2026-03-06-at-12.10.41.jpeg","contentUrl":"https:\/\/www.manaus.am.gov.br\/semasc\/wp-content\/uploads\/sites\/17\/2026\/03\/WhatsApp-Image-2026-03-06-at-12.10.41.jpeg","width":1280,"height":854,"caption":"#paratodosverem - Servidores municipais em a\u00e7\u00e3o integrada de abordagem social em rua da zona Sul"},{"@type":"BreadcrumbList","@id":"https:\/\/www.manaus.am.gov.br\/semasc\/prefeitura-semasc-acao-integrada-zonasul\/#breadcrumb","itemListElement":[{"@type":"ListItem","position":1,"name":"Home","item":"https:\/\/www.manaus.am.gov.br\/semasc\/"},{"@type":"ListItem","position":2,"name":"Prefeitura de Manaus realiza a\u00e7\u00e3o integrada de abordagem social na zona Sul da capital"}]},{"@type":"WebSite","@id":"https:\/\/www.manaus.am.gov.br\/semasc\/#website","url":"https:\/\/www.manaus.am.gov.br\/semasc\/","name":"SEMASC","description":"Secretaria Municipal da Mulher, Assist\u00eancia Social e Cidadania.","publisher":{"@id":"https:\/\/www.manaus.am.gov.br\/semasc\/#organization"},"alternateName":"Secretaria Municipal da Mulher, Assist\u00eancia Social e Cidadania","potentialAction":[{"@type":"SearchAction","target":{"@type":"EntryPoint","urlTemplate":"https:\/\/www.manaus.am.gov.br\/semasc\/?s={search_term_string}"},"query-input":"required name=search_term_string"}],"inLanguage":"pt-BR"},{"@type":"Organization","@id":"https:\/\/www.manaus.am.gov.br\/semasc\/#organization","name":"Prefeitura de Manaus","alternateName":"Prefeitura Municipal de Manaus","url":"https:\/\/www.manaus.am.gov.br\/semasc\/","logo":{"@type":"ImageObject","inLanguage":"pt-BR","@id":"https:\/\/www.manaus.am.gov.br\/semasc\/#\/schema\/logo\/image\/","url":"https:\/\/www.manaus.am.gov.br\/semasc\/wp-content\/uploads\/sites\/17\/2024\/07\/favicon.png","contentUrl":"https:\/\/www.manaus.am.gov.br\/semasc\/wp-content\/uploads\/sites\/17\/2024\/07\/favicon.png","width":300,"height":300,"caption":"Prefeitura de Manaus"},"image":{"@id":"https:\/\/www.manaus.am.gov.br\/semasc\/#\/schema\/logo\/image\/"},"sameAs":["https:\/\/www.facebook.com\/semascmanaus","https:\/\/www.instagram.com\/semascmanaus\/"]},{"@type":"Person","@id":"https:\/\/www.manaus.am.gov.br\/semasc\/#\/schema\/person\/4e49f4e267757a06ca072ec61b2b9968","name":"Adriana Costa","image":{"@type":"ImageObject","inLanguage":"pt-BR","@id":"https:\/\/www.manaus.am.gov.br\/semasc\/#\/schema\/person\/image\/","url":"https:\/\/secure.gravatar.com\/avatar\/576258617ef7194f718179e766d57bd4?s=96&d=mm&r=g","contentUrl":"https:\/\/secure.gravatar.com\/avatar\/576258617ef7194f718179e766d57bd4?s=96&d=mm&r=g","caption":"Adriana Costa"}}]}},"_links":{"self":[{"href":"https:\/\/www.manaus.am.gov.br\/semasc\/wp-json\/wp\/v2\/posts\/212193"}],"collection":[{"href":"https:\/\/www.manaus.am.gov.br\/semasc\/wp-json\/wp\/v2\/posts"}],"about":[{"href":"https:\/\/www.manaus.am.gov.br\/semasc\/wp-json\/wp\/v2\/types\/post"}],"author":[{"embeddable":true,"href":"https:\/\/www.manaus.am.gov.br\/semasc\/wp-json\/wp\/v2\/users\/23"}],"replies":[{"embeddable":true,"href":"https:\/\/www.manaus.am.gov.br\/semasc\/wp-json\/wp\/v2\/comments?post=212193"}],"version-history":[{"count":2,"href":"https:\/\/www.manaus.am.gov.br\/semasc\/wp-json\/wp\/v2\/posts\/212193\/revisions"}],"predecessor-version":[{"id":212196,"href":"https:\/\/www.manaus.am.gov.br\/semasc\/wp-json\/wp\/v2\/posts\/212193\/revisions\/212196"}],"wp:featuredmedia":[{"embeddable":true,"href":"https:\/\/www.manaus.am.gov.br\/semasc\/wp-json\/wp\/v2\/media\/212194"}],"wp:attachment":[{"href":"https:\/\/www.manaus.am.gov.br\/semasc\/wp-json\/wp\/v2\/media?parent=212193"}],"wp:term":[{"taxonomy":"category","embeddable":true,"href":"https:\/\/www.manaus.am.gov.br\/semasc\/wp-json\/wp\/v2\/categories?post=212193"},{"taxonomy":"post_tag","embeddable":true,"href":"https:\/\/www.manaus.am.gov.br\/semasc\/wp-json\/wp\/v2\/tags?post=212193"}],"curies":[{"name":"wp","href":"https:\/\/api.w.org\/{rel}","templated":true}]}}