{"id":212130,"date":"2026-01-27T21:10:03","date_gmt":"2026-01-28T01:10:03","guid":{"rendered":"https:\/\/www.manaus.am.gov.br\/semasc\/ampliacao-do-programa-gas-do-povo\/"},"modified":"2026-01-28T09:51:07","modified_gmt":"2026-01-28T13:51:07","slug":"ampliacao-do-programa-gas-do-povo","status":"publish","type":"post","link":"https:\/\/www.manaus.am.gov.br\/semasc\/ampliacao-do-programa-gas-do-povo\/","title":{"rendered":"Prefeitura de Manaus se re\u00fane com o Minist\u00e9rio do Desenvolvimento Social e Caixa Econ\u00f4mica para execu\u00e7\u00e3o e amplia\u00e7\u00e3o do programa G\u00e1s do Povo"},"content":{"rendered":"\n<p>A<a href=\"https:\/\/www.instagram.com\/prefeiturademanaus\/\"> Prefeitura de Manaus<\/a>, por meio da <a href=\"https:\/\/www.manaus.am.gov.br\/\">Secretaria Municipal da Mulher, Assist\u00eancia Social e Cidadania<\/a> <a href=\"https:\/\/www.manaus.am.gov.br\/\">(Semasc)<\/a>, realizou, nesta ter\u00e7a-feira, 27\/1, uma reuni\u00e3o com equipes do Minist\u00e9rio do Desenvolvimento e Assist\u00eancia Social, Fam\u00edlia e Combate \u00e0 Fome (MDS) e da Caixa Econ\u00f4mica Federal para debater sobre a execu\u00e7\u00e3o do programa G\u00e1s do Povo na capital amazonense.<\/p>\n\n\n\n<p>Durante a reuni\u00e3o, foram discutidos com os \u00f3rg\u00e3os coordenadores do programa, os detalhes operacionais para a execu\u00e7\u00e3o do G\u00e1s do Povo em Manaus, incluindo fluxos, crit\u00e9rios e expectativas. O encontro tamb\u00e9m foi fundamental para sanar as principais d\u00favidas das equipes t\u00e9cnicas que atuam diretamente na ponta do atendimento \u00e0s fam\u00edlias.<\/p>\n\n\n\n<p>O G\u00e1s do Povo \u00e9 um programa social criado para garantir o acesso ao g\u00e1s de cozinha a fam\u00edlias em situa\u00e7\u00e3o de vulnerabilidade social, contribuindo diretamente para a seguran\u00e7a alimentar e a dignidade dessas pessoas. Por meio de subs\u00eddio, o programa reduz o custo do botij\u00e3o de g\u00e1s, ajudando a aliviar o or\u00e7amento dom\u00e9stico e evitando que muitas fam\u00edlias recorram a alternativas inseguras para cozinhar.<\/p>\n\n\n\n<p>O programa chega ampliado, alcan\u00e7ando todas as capitais do Brasil, inclusive Manaus, onde mais de 180 mil fam\u00edlias j\u00e1 foram beneficiadas. O secret\u00e1rio da Semasc, Saullo Vianna, destaca a import\u00e2ncia do programa para a seguran\u00e7a alimentar da popula\u00e7\u00e3o.<\/p>\n\n\n\n<p>\u201cO grande diferencial dessa pol\u00edtica p\u00fablica \u00e9 que o benef\u00edcio deixa de ser um complemento em dinheiro e passa a garantir diretamente a recarga do botij\u00e3o de g\u00e1s nas revendas credenciadas, assegurando que o recurso cumpra seu objetivo principal. Com isso, promovemos mais dignidade, seguran\u00e7a alimentar e sa\u00fade para as fam\u00edlias, reduzindo o uso de alternativas perigosas, protegendo principalmente mulheres e crian\u00e7as e fortalecendo a cidadania energ\u00e9tica de quem mais precisa\u201d, explica.<\/p>\n\n\n\n<p>As fam\u00edlias podem conferir se est\u00e3o aptas para o benef\u00edcio e onde est\u00e3o os pontos de revenda credenciados no aplicativo \u201cG\u00e1s do Povo\u201d.<br><br><\/p>\n\n\n\n<p>\u2014- \u2014- \u2014-<br><strong>Texto &#8211;<\/strong> Syrrames Nobre \/ Semasc<br><strong>Fotos &#8211;<\/strong> Diego Lima \/ Semasc<\/p>\n","protected":false},"excerpt":{"rendered":"","protected":false},"author":68,"featured_media":212131,"comment_status":"closed","ping_status":"closed","sticky":false,"template":"","format":"standard","meta":{"footnotes":""},"categories":[34],"tags":[1458,7,1459,18],"acf":[],"yoast_head":"<!-- This site is optimized with the Yoast SEO plugin v23.0 - https:\/\/yoast.com\/wordpress\/plugins\/seo\/ -->\n<title>Prefeitura de Manaus se re\u00fane com o Minist\u00e9rio do Desenvolvimento Social e Caixa Econ\u00f4mica para execu\u00e7\u00e3o e amplia\u00e7\u00e3o do programa G\u00e1s do Povo<\/title>\n<meta name=\"description\" content=\"A Prefeitura de Manaus, por meio da Secretaria Municipal da Mulher, Assist\u00eancia Social e Cidadania (Semasc), realizou, nesta ter\u00e7a-feira, 27\/1, uma reuni\u00e3o com equipes do Minist\u00e9rio do Desenvolvimento e Assist\u00eancia Social, Fam\u00edlia e Combate \u00e0 Fome (MDS) e da Caixa Econ\u00f4mica Federal para debater sobre a execu\u00e7\u00e3o do programa G\u00e1s do Povo na capital amazonense.\" \/>\n<meta name=\"robots\" content=\"noindex, follow\" \/>\n<meta property=\"og:locale\" content=\"pt_BR\" \/>\n<meta property=\"og:type\" content=\"article\" \/>\n<meta property=\"og:title\" content=\"Prefeitura de Manaus se re\u00fane com o Minist\u00e9rio do Desenvolvimento Social e Caixa Econ\u00f4mica para execu\u00e7\u00e3o e amplia\u00e7\u00e3o do programa G\u00e1s do Povo\" \/>\n<meta property=\"og:description\" content=\"A Prefeitura de Manaus, por meio da Secretaria Municipal da Mulher, Assist\u00eancia Social e Cidadania (Semasc), realizou, nesta ter\u00e7a-feira, 27\/1, uma reuni\u00e3o com equipes do Minist\u00e9rio do Desenvolvimento e Assist\u00eancia Social, Fam\u00edlia e Combate \u00e0 Fome (MDS) e da Caixa Econ\u00f4mica Federal para debater sobre a execu\u00e7\u00e3o do programa G\u00e1s do Povo na capital amazonense.\" \/>\n<meta property=\"og:url\" content=\"https:\/\/www.manaus.am.gov.br\/semasc\/ampliacao-do-programa-gas-do-povo\/\" \/>\n<meta property=\"og:site_name\" content=\"SEMASC\" \/>\n<meta property=\"article:publisher\" content=\"https:\/\/www.facebook.com\/semascmanaus\" \/>\n<meta property=\"article:published_time\" content=\"2026-01-28T01:10:03+00:00\" \/>\n<meta property=\"article:modified_time\" content=\"2026-01-28T13:51:07+00:00\" \/>\n<meta property=\"og:image\" content=\"https:\/\/www.manaus.am.gov.br\/semasc\/wp-content\/uploads\/sites\/17\/2026\/01\/IMG_5017-1024x683.jpeg\" \/>\n\t<meta property=\"og:image:width\" content=\"1024\" \/>\n\t<meta property=\"og:image:height\" content=\"683\" \/>\n\t<meta property=\"og:image:type\" content=\"image\/jpeg\" \/>\n<meta name=\"author\" content=\"bvalente\" \/>\n<meta name=\"twitter:card\" content=\"summary_large_image\" \/>\n<meta name=\"twitter:label1\" content=\"Written by\" \/>\n\t<meta name=\"twitter:data1\" content=\"bvalente\" \/>\n\t<meta name=\"twitter:label2\" content=\"Est. reading time\" \/>\n\t<meta name=\"twitter:data2\" content=\"2 minutos\" \/>\n<script type=\"application\/ld+json\" class=\"yoast-schema-graph\">{\"@context\":\"https:\/\/schema.org\",\"@graph\":[{\"@type\":\"Article\",\"@id\":\"https:\/\/www.manaus.am.gov.br\/semasc\/ampliacao-do-programa-gas-do-povo\/#article\",\"isPartOf\":{\"@id\":\"https:\/\/www.manaus.am.gov.br\/semasc\/ampliacao-do-programa-gas-do-povo\/\"},\"author\":{\"name\":\"bvalente\",\"@id\":\"https:\/\/www.manaus.am.gov.br\/semasc\/#\/schema\/person\/466a0e03ae4b6062809046bd560ac955\"},\"headline\":\"Prefeitura de Manaus se re\u00fane com o Minist\u00e9rio do Desenvolvimento Social e Caixa Econ\u00f4mica para execu\u00e7\u00e3o e amplia\u00e7\u00e3o do programa G\u00e1s do Povo\",\"datePublished\":\"2026-01-28T01:10:03+00:00\",\"dateModified\":\"2026-01-28T13:51:07+00:00\",\"mainEntityOfPage\":{\"@id\":\"https:\/\/www.manaus.am.gov.br\/semasc\/ampliacao-do-programa-gas-do-povo\/\"},\"wordCount\":390,\"publisher\":{\"@id\":\"https:\/\/www.manaus.am.gov.br\/semasc\/#organization\"},\"image\":{\"@id\":\"https:\/\/www.manaus.am.gov.br\/semasc\/ampliacao-do-programa-gas-do-povo\/#primaryimage\"},\"thumbnailUrl\":\"https:\/\/www.manaus.am.gov.br\/semasc\/wp-content\/uploads\/sites\/17\/2026\/01\/IMG_5017.jpeg\",\"keywords\":[\"amplia\u00e7\u00e3o do programa G\u00e1s do Povo\",\"prefeitura de manaus\",\"programa G\u00e1s do Povo Manaus\",\"Semasc\"],\"articleSection\":[\"Assist\u00eancia Social\"],\"inLanguage\":\"pt-BR\"},{\"@type\":\"WebPage\",\"@id\":\"https:\/\/www.manaus.am.gov.br\/semasc\/ampliacao-do-programa-gas-do-povo\/\",\"url\":\"https:\/\/www.manaus.am.gov.br\/semasc\/ampliacao-do-programa-gas-do-povo\/\",\"name\":\"Prefeitura de Manaus se re\u00fane com o Minist\u00e9rio do Desenvolvimento Social e Caixa Econ\u00f4mica para execu\u00e7\u00e3o e amplia\u00e7\u00e3o do programa G\u00e1s do Povo\",\"isPartOf\":{\"@id\":\"https:\/\/www.manaus.am.gov.br\/semasc\/#website\"},\"primaryImageOfPage\":{\"@id\":\"https:\/\/www.manaus.am.gov.br\/semasc\/ampliacao-do-programa-gas-do-povo\/#primaryimage\"},\"image\":{\"@id\":\"https:\/\/www.manaus.am.gov.br\/semasc\/ampliacao-do-programa-gas-do-povo\/#primaryimage\"},\"thumbnailUrl\":\"https:\/\/www.manaus.am.gov.br\/semasc\/wp-content\/uploads\/sites\/17\/2026\/01\/IMG_5017.jpeg\",\"datePublished\":\"2026-01-28T01:10:03+00:00\",\"dateModified\":\"2026-01-28T13:51:07+00:00\",\"description\":\"A Prefeitura de Manaus, por meio da Secretaria Municipal da Mulher, Assist\u00eancia Social e Cidadania (Semasc), realizou, nesta ter\u00e7a-feira, 27\/1, uma reuni\u00e3o com equipes do Minist\u00e9rio do Desenvolvimento e Assist\u00eancia Social, Fam\u00edlia e Combate \u00e0 Fome (MDS) e da Caixa Econ\u00f4mica Federal para debater sobre a execu\u00e7\u00e3o do programa G\u00e1s do Povo na capital amazonense.\",\"breadcrumb\":{\"@id\":\"https:\/\/www.manaus.am.gov.br\/semasc\/ampliacao-do-programa-gas-do-povo\/#breadcrumb\"},\"inLanguage\":\"pt-BR\",\"potentialAction\":[{\"@type\":\"ReadAction\",\"target\":[\"https:\/\/www.manaus.am.gov.br\/semasc\/ampliacao-do-programa-gas-do-povo\/\"]}]},{\"@type\":\"ImageObject\",\"inLanguage\":\"pt-BR\",\"@id\":\"https:\/\/www.manaus.am.gov.br\/semasc\/ampliacao-do-programa-gas-do-povo\/#primaryimage\",\"url\":\"https:\/\/www.manaus.am.gov.br\/semasc\/wp-content\/uploads\/sites\/17\/2026\/01\/IMG_5017.jpeg\",\"contentUrl\":\"https:\/\/www.manaus.am.gov.br\/semasc\/wp-content\/uploads\/sites\/17\/2026\/01\/IMG_5017.jpeg\",\"width\":6000,\"height\":4000,\"caption\":\"#paratodosverem - Secret\u00e1rio da Semasc, Saullo Vianna conduzindo reuni\u00e3o sobre a execu\u00e7\u00e3o do programa G\u00e1s do Povo na capital amazonense\"},{\"@type\":\"BreadcrumbList\",\"@id\":\"https:\/\/www.manaus.am.gov.br\/semasc\/ampliacao-do-programa-gas-do-povo\/#breadcrumb\",\"itemListElement\":[{\"@type\":\"ListItem\",\"position\":1,\"name\":\"Home\",\"item\":\"https:\/\/www.manaus.am.gov.br\/semasc\/\"},{\"@type\":\"ListItem\",\"position\":2,\"name\":\"Prefeitura de Manaus se re\u00fane com o Minist\u00e9rio do Desenvolvimento Social e Caixa Econ\u00f4mica para execu\u00e7\u00e3o e amplia\u00e7\u00e3o do programa G\u00e1s do Povo\"}]},{\"@type\":\"WebSite\",\"@id\":\"https:\/\/www.manaus.am.gov.br\/semasc\/#website\",\"url\":\"https:\/\/www.manaus.am.gov.br\/semasc\/\",\"name\":\"SEMASC\",\"description\":\"Secretaria Municipal da Mulher, Assist\u00eancia Social e Cidadania.\",\"publisher\":{\"@id\":\"https:\/\/www.manaus.am.gov.br\/semasc\/#organization\"},\"alternateName\":\"Secretaria Municipal da Mulher, Assist\u00eancia Social e Cidadania\",\"potentialAction\":[{\"@type\":\"SearchAction\",\"target\":{\"@type\":\"EntryPoint\",\"urlTemplate\":\"https:\/\/www.manaus.am.gov.br\/semasc\/?s={search_term_string}\"},\"query-input\":\"required name=search_term_string\"}],\"inLanguage\":\"pt-BR\"},{\"@type\":\"Organization\",\"@id\":\"https:\/\/www.manaus.am.gov.br\/semasc\/#organization\",\"name\":\"Prefeitura de Manaus\",\"alternateName\":\"Prefeitura Municipal de Manaus\",\"url\":\"https:\/\/www.manaus.am.gov.br\/semasc\/\",\"logo\":{\"@type\":\"ImageObject\",\"inLanguage\":\"pt-BR\",\"@id\":\"https:\/\/www.manaus.am.gov.br\/semasc\/#\/schema\/logo\/image\/\",\"url\":\"https:\/\/www.manaus.am.gov.br\/semasc\/wp-content\/uploads\/sites\/17\/2024\/07\/favicon.png\",\"contentUrl\":\"https:\/\/www.manaus.am.gov.br\/semasc\/wp-content\/uploads\/sites\/17\/2024\/07\/favicon.png\",\"width\":300,\"height\":300,\"caption\":\"Prefeitura de Manaus\"},\"image\":{\"@id\":\"https:\/\/www.manaus.am.gov.br\/semasc\/#\/schema\/logo\/image\/\"},\"sameAs\":[\"https:\/\/www.facebook.com\/semascmanaus\",\"https:\/\/www.instagram.com\/semascmanaus\/\"]},{\"@type\":\"Person\",\"@id\":\"https:\/\/www.manaus.am.gov.br\/semasc\/#\/schema\/person\/466a0e03ae4b6062809046bd560ac955\",\"name\":\"bvalente\",\"image\":{\"@type\":\"ImageObject\",\"inLanguage\":\"pt-BR\",\"@id\":\"https:\/\/www.manaus.am.gov.br\/semasc\/#\/schema\/person\/image\/\",\"url\":\"https:\/\/secure.gravatar.com\/avatar\/3e69bc2b014bdad41adfec3a39de07d2?s=96&d=mm&r=g\",\"contentUrl\":\"https:\/\/secure.gravatar.com\/avatar\/3e69bc2b014bdad41adfec3a39de07d2?s=96&d=mm&r=g\",\"caption\":\"bvalente\"}}]}<\/script>\n<!-- \/ Yoast SEO plugin. -->","yoast_head_json":{"title":"Prefeitura de Manaus se re\u00fane com o Minist\u00e9rio do Desenvolvimento Social e Caixa Econ\u00f4mica para execu\u00e7\u00e3o e amplia\u00e7\u00e3o do programa G\u00e1s do Povo","description":"A Prefeitura de Manaus, por meio da Secretaria Municipal da Mulher, Assist\u00eancia Social e Cidadania (Semasc), realizou, nesta ter\u00e7a-feira, 27\/1, uma reuni\u00e3o com equipes do Minist\u00e9rio do Desenvolvimento e Assist\u00eancia Social, Fam\u00edlia e Combate \u00e0 Fome (MDS) e da Caixa Econ\u00f4mica Federal para debater sobre a execu\u00e7\u00e3o do programa G\u00e1s do Povo na capital amazonense.","robots":{"index":"noindex","follow":"follow"},"og_locale":"pt_BR","og_type":"article","og_title":"Prefeitura de Manaus se re\u00fane com o Minist\u00e9rio do Desenvolvimento Social e Caixa Econ\u00f4mica para execu\u00e7\u00e3o e amplia\u00e7\u00e3o do programa G\u00e1s do Povo","og_description":"A Prefeitura de Manaus, por meio da Secretaria Municipal da Mulher, Assist\u00eancia Social e Cidadania (Semasc), realizou, nesta ter\u00e7a-feira, 27\/1, uma reuni\u00e3o com equipes do Minist\u00e9rio do Desenvolvimento e Assist\u00eancia Social, Fam\u00edlia e Combate \u00e0 Fome (MDS) e da Caixa Econ\u00f4mica Federal para debater sobre a execu\u00e7\u00e3o do programa G\u00e1s do Povo na capital amazonense.","og_url":"https:\/\/www.manaus.am.gov.br\/semasc\/ampliacao-do-programa-gas-do-povo\/","og_site_name":"SEMASC","article_publisher":"https:\/\/www.facebook.com\/semascmanaus","article_published_time":"2026-01-28T01:10:03+00:00","article_modified_time":"2026-01-28T13:51:07+00:00","og_image":[{"width":1024,"height":683,"url":"https:\/\/www.manaus.am.gov.br\/semasc\/wp-content\/uploads\/sites\/17\/2026\/01\/IMG_5017-1024x683.jpeg","type":"image\/jpeg"}],"author":"bvalente","twitter_card":"summary_large_image","twitter_misc":{"Written by":"bvalente","Est. reading time":"2 minutos"},"schema":{"@context":"https:\/\/schema.org","@graph":[{"@type":"Article","@id":"https:\/\/www.manaus.am.gov.br\/semasc\/ampliacao-do-programa-gas-do-povo\/#article","isPartOf":{"@id":"https:\/\/www.manaus.am.gov.br\/semasc\/ampliacao-do-programa-gas-do-povo\/"},"author":{"name":"bvalente","@id":"https:\/\/www.manaus.am.gov.br\/semasc\/#\/schema\/person\/466a0e03ae4b6062809046bd560ac955"},"headline":"Prefeitura de Manaus se re\u00fane com o Minist\u00e9rio do Desenvolvimento Social e Caixa Econ\u00f4mica para execu\u00e7\u00e3o e amplia\u00e7\u00e3o do programa G\u00e1s do Povo","datePublished":"2026-01-28T01:10:03+00:00","dateModified":"2026-01-28T13:51:07+00:00","mainEntityOfPage":{"@id":"https:\/\/www.manaus.am.gov.br\/semasc\/ampliacao-do-programa-gas-do-povo\/"},"wordCount":390,"publisher":{"@id":"https:\/\/www.manaus.am.gov.br\/semasc\/#organization"},"image":{"@id":"https:\/\/www.manaus.am.gov.br\/semasc\/ampliacao-do-programa-gas-do-povo\/#primaryimage"},"thumbnailUrl":"https:\/\/www.manaus.am.gov.br\/semasc\/wp-content\/uploads\/sites\/17\/2026\/01\/IMG_5017.jpeg","keywords":["amplia\u00e7\u00e3o do programa G\u00e1s do Povo","prefeitura de manaus","programa G\u00e1s do Povo Manaus","Semasc"],"articleSection":["Assist\u00eancia Social"],"inLanguage":"pt-BR"},{"@type":"WebPage","@id":"https:\/\/www.manaus.am.gov.br\/semasc\/ampliacao-do-programa-gas-do-povo\/","url":"https:\/\/www.manaus.am.gov.br\/semasc\/ampliacao-do-programa-gas-do-povo\/","name":"Prefeitura de Manaus se re\u00fane com o Minist\u00e9rio do Desenvolvimento Social e Caixa Econ\u00f4mica para execu\u00e7\u00e3o e amplia\u00e7\u00e3o do programa G\u00e1s do Povo","isPartOf":{"@id":"https:\/\/www.manaus.am.gov.br\/semasc\/#website"},"primaryImageOfPage":{"@id":"https:\/\/www.manaus.am.gov.br\/semasc\/ampliacao-do-programa-gas-do-povo\/#primaryimage"},"image":{"@id":"https:\/\/www.manaus.am.gov.br\/semasc\/ampliacao-do-programa-gas-do-povo\/#primaryimage"},"thumbnailUrl":"https:\/\/www.manaus.am.gov.br\/semasc\/wp-content\/uploads\/sites\/17\/2026\/01\/IMG_5017.jpeg","datePublished":"2026-01-28T01:10:03+00:00","dateModified":"2026-01-28T13:51:07+00:00","description":"A Prefeitura de Manaus, por meio da Secretaria Municipal da Mulher, Assist\u00eancia Social e Cidadania (Semasc), realizou, nesta ter\u00e7a-feira, 27\/1, uma reuni\u00e3o com equipes do Minist\u00e9rio do Desenvolvimento e Assist\u00eancia Social, Fam\u00edlia e Combate \u00e0 Fome (MDS) e da Caixa Econ\u00f4mica Federal para debater sobre a execu\u00e7\u00e3o do programa G\u00e1s do Povo na capital amazonense.","breadcrumb":{"@id":"https:\/\/www.manaus.am.gov.br\/semasc\/ampliacao-do-programa-gas-do-povo\/#breadcrumb"},"inLanguage":"pt-BR","potentialAction":[{"@type":"ReadAction","target":["https:\/\/www.manaus.am.gov.br\/semasc\/ampliacao-do-programa-gas-do-povo\/"]}]},{"@type":"ImageObject","inLanguage":"pt-BR","@id":"https:\/\/www.manaus.am.gov.br\/semasc\/ampliacao-do-programa-gas-do-povo\/#primaryimage","url":"https:\/\/www.manaus.am.gov.br\/semasc\/wp-content\/uploads\/sites\/17\/2026\/01\/IMG_5017.jpeg","contentUrl":"https:\/\/www.manaus.am.gov.br\/semasc\/wp-content\/uploads\/sites\/17\/2026\/01\/IMG_5017.jpeg","width":6000,"height":4000,"caption":"#paratodosverem - Secret\u00e1rio da Semasc, Saullo Vianna conduzindo reuni\u00e3o sobre a execu\u00e7\u00e3o do programa G\u00e1s do Povo na capital amazonense"},{"@type":"BreadcrumbList","@id":"https:\/\/www.manaus.am.gov.br\/semasc\/ampliacao-do-programa-gas-do-povo\/#breadcrumb","itemListElement":[{"@type":"ListItem","position":1,"name":"Home","item":"https:\/\/www.manaus.am.gov.br\/semasc\/"},{"@type":"ListItem","position":2,"name":"Prefeitura de Manaus se re\u00fane com o Minist\u00e9rio do Desenvolvimento Social e Caixa Econ\u00f4mica para execu\u00e7\u00e3o e amplia\u00e7\u00e3o do programa G\u00e1s do Povo"}]},{"@type":"WebSite","@id":"https:\/\/www.manaus.am.gov.br\/semasc\/#website","url":"https:\/\/www.manaus.am.gov.br\/semasc\/","name":"SEMASC","description":"Secretaria Municipal da Mulher, Assist\u00eancia Social e Cidadania.","publisher":{"@id":"https:\/\/www.manaus.am.gov.br\/semasc\/#organization"},"alternateName":"Secretaria Municipal da Mulher, Assist\u00eancia Social e Cidadania","potentialAction":[{"@type":"SearchAction","target":{"@type":"EntryPoint","urlTemplate":"https:\/\/www.manaus.am.gov.br\/semasc\/?s={search_term_string}"},"query-input":"required name=search_term_string"}],"inLanguage":"pt-BR"},{"@type":"Organization","@id":"https:\/\/www.manaus.am.gov.br\/semasc\/#organization","name":"Prefeitura de Manaus","alternateName":"Prefeitura Municipal de Manaus","url":"https:\/\/www.manaus.am.gov.br\/semasc\/","logo":{"@type":"ImageObject","inLanguage":"pt-BR","@id":"https:\/\/www.manaus.am.gov.br\/semasc\/#\/schema\/logo\/image\/","url":"https:\/\/www.manaus.am.gov.br\/semasc\/wp-content\/uploads\/sites\/17\/2024\/07\/favicon.png","contentUrl":"https:\/\/www.manaus.am.gov.br\/semasc\/wp-content\/uploads\/sites\/17\/2024\/07\/favicon.png","width":300,"height":300,"caption":"Prefeitura de Manaus"},"image":{"@id":"https:\/\/www.manaus.am.gov.br\/semasc\/#\/schema\/logo\/image\/"},"sameAs":["https:\/\/www.facebook.com\/semascmanaus","https:\/\/www.instagram.com\/semascmanaus\/"]},{"@type":"Person","@id":"https:\/\/www.manaus.am.gov.br\/semasc\/#\/schema\/person\/466a0e03ae4b6062809046bd560ac955","name":"bvalente","image":{"@type":"ImageObject","inLanguage":"pt-BR","@id":"https:\/\/www.manaus.am.gov.br\/semasc\/#\/schema\/person\/image\/","url":"https:\/\/secure.gravatar.com\/avatar\/3e69bc2b014bdad41adfec3a39de07d2?s=96&d=mm&r=g","contentUrl":"https:\/\/secure.gravatar.com\/avatar\/3e69bc2b014bdad41adfec3a39de07d2?s=96&d=mm&r=g","caption":"bvalente"}}]}},"_links":{"self":[{"href":"https:\/\/www.manaus.am.gov.br\/semasc\/wp-json\/wp\/v2\/posts\/212130"}],"collection":[{"href":"https:\/\/www.manaus.am.gov.br\/semasc\/wp-json\/wp\/v2\/posts"}],"about":[{"href":"https:\/\/www.manaus.am.gov.br\/semasc\/wp-json\/wp\/v2\/types\/post"}],"author":[{"embeddable":true,"href":"https:\/\/www.manaus.am.gov.br\/semasc\/wp-json\/wp\/v2\/users\/68"}],"replies":[{"embeddable":true,"href":"https:\/\/www.manaus.am.gov.br\/semasc\/wp-json\/wp\/v2\/comments?post=212130"}],"version-history":[{"count":1,"href":"https:\/\/www.manaus.am.gov.br\/semasc\/wp-json\/wp\/v2\/posts\/212130\/revisions"}],"predecessor-version":[{"id":212133,"href":"https:\/\/www.manaus.am.gov.br\/semasc\/wp-json\/wp\/v2\/posts\/212130\/revisions\/212133"}],"wp:featuredmedia":[{"embeddable":true,"href":"https:\/\/www.manaus.am.gov.br\/semasc\/wp-json\/wp\/v2\/media\/212131"}],"wp:attachment":[{"href":"https:\/\/www.manaus.am.gov.br\/semasc\/wp-json\/wp\/v2\/media?parent=212130"}],"wp:term":[{"taxonomy":"category","embeddable":true,"href":"https:\/\/www.manaus.am.gov.br\/semasc\/wp-json\/wp\/v2\/categories?post=212130"},{"taxonomy":"post_tag","embeddable":true,"href":"https:\/\/www.manaus.am.gov.br\/semasc\/wp-json\/wp\/v2\/tags?post=212130"}],"curies":[{"name":"wp","href":"https:\/\/api.w.org\/{rel}","templated":true}]}}