{"id":212096,"date":"2026-01-09T14:05:45","date_gmt":"2026-01-09T18:05:45","guid":{"rendered":"https:\/\/www.manaus.am.gov.br\/semasc\/primeira-acao-populacao-situacao-rua-cads\/"},"modified":"2026-01-12T15:00:55","modified_gmt":"2026-01-12T19:00:55","slug":"primeira-acao-populacao-situacao-rua-cads","status":"publish","type":"post","link":"https:\/\/www.manaus.am.gov.br\/semasc\/primeira-acao-populacao-situacao-rua-cads\/","title":{"rendered":"Prefeitura de Manaus realiza primeira a\u00e7\u00e3o do ano com popula\u00e7\u00e3o em situa\u00e7\u00e3o de rua no Cads"},"content":{"rendered":"\n<p>A Prefeitura de Manaus, por meio da Secretaria Municipal da Mulher, Assist\u00eancia Social e Cidadania (Semasc), realizou, nesta sexta-feira, 9\/1, a primeira a\u00e7\u00e3o deste ano com a popula\u00e7\u00e3o em situa\u00e7\u00e3o de rua. A a\u00e7\u00e3o aconteceu no Centro de Atendimento e Desenvolvimento Social (Cads), localizado na avenida Joaquim Nabuco, n\u00ba 144, bairro Centro, zona Sul.<\/p>\n\n\n\n<p>A programa\u00e7\u00e3o teve como objetivo ampliar o acesso da popula\u00e7\u00e3o em situa\u00e7\u00e3o de rua a servi\u00e7os de fortalecimento de v\u00ednculos, promo\u00e7\u00e3o do cuidado, autoestima e acolhimento, contribuindo para a melhoria da qualidade de vida dos usu\u00e1rios atendidos.<\/p>\n\n\n\n<p>Durante a a\u00e7\u00e3o, foram ofertados atendimentos gratuitos, como corte de cabelo e bazar solid\u00e1rio, com distribui\u00e7\u00e3o de roupas e cal\u00e7ados conforme disponibilidade e necessidade, al\u00e9m de um momento de confraterniza\u00e7\u00e3o. A atividade contou com a parceria de institui\u00e7\u00f5es colaboradoras.<\/p>\n\n\n\n<p><br>Para a coordenadora do Cads, Nivea Abrah\u00e3o, a\u00e7\u00f5es como essa devolvem a dignidade e autoestima dessa popula\u00e7\u00e3o que est\u00e1 em vulnerabilidade social.<\/p>\n\n\n\n<p>\u201cEstamos realizando uma a\u00e7\u00e3o que vai muito al\u00e9m da entrega de roupas e servi\u00e7os, aqui as pessoas podem escolher suas pr\u00f3prias pe\u00e7as, receber cuidados pessoais e compartilhar um momento de acolhimento. Nosso principal objetivo \u00e9 resgatar a dignidade e o respeito que muitos j\u00e1 perderam ao longo do caminho. Seguimos fazendo o bem para que essas pessoas tenham suas vidas resgatadas e restauradas\u201d, afirma a coordenadora.<\/p>\n\n\n\n<p>O \u201cBazar Solid\u00e1rio\u201d foi realizado com roupas, cal\u00e7ados, acess\u00f3rios e brinquedos, em boas condi\u00e7\u00f5es, doados pela popula\u00e7\u00e3o da cidade. Os interessados em realizar doa\u00e7\u00f5es, podem comparecer \u00e0 sede do Centro Pop, localizada no mesmo endere\u00e7o do Cads, de segunda a sexta-feira, das 8h \u00e0s 14h.<\/p>\n\n\n\n<p>A iniciativa integra as pol\u00edticas p\u00fablicas desenvolvidas pela gest\u00e3o municipal, atrav\u00e9s do \u201cManaus Acolhe\u201d, voltadas \u00e0 inclus\u00e3o social e ao atendimento humanizado da popula\u00e7\u00e3o em situa\u00e7\u00e3o de vulnerabilidade social.<\/p>\n\n\n\n<figure class=\"wp-block-image size-large\"><img loading=\"lazy\" decoding=\"async\" width=\"1024\" height=\"683\" src=\"https:\/\/www.manaus.am.gov.br\/semasc\/wp-content\/uploads\/sites\/17\/2026\/01\/MG_5310-1024x683.jpg\" alt=\"\" class=\"wp-image-212098\" srcset=\"https:\/\/www.manaus.am.gov.br\/semasc\/wp-content\/uploads\/sites\/17\/2026\/01\/MG_5310-1024x683.jpg 1024w, https:\/\/www.manaus.am.gov.br\/semasc\/wp-content\/uploads\/sites\/17\/2026\/01\/MG_5310-300x200.jpg 300w, https:\/\/www.manaus.am.gov.br\/semasc\/wp-content\/uploads\/sites\/17\/2026\/01\/MG_5310-768x512.jpg 768w, https:\/\/www.manaus.am.gov.br\/semasc\/wp-content\/uploads\/sites\/17\/2026\/01\/MG_5310-1536x1024.jpg 1536w, https:\/\/www.manaus.am.gov.br\/semasc\/wp-content\/uploads\/sites\/17\/2026\/01\/MG_5310-2048x1365.jpg 2048w\" sizes=\"(max-width: 1024px) 100vw, 1024px\" \/><figcaption class=\"wp-element-caption\">#paratodosverem &#8211; Usu\u00e1rio do Cads recebendo corte de cabelo durante a\u00e7\u00e3o da Semasc<\/figcaption><\/figure>\n\n\n\n<p><strong>&#8212; &#8212; &#8212;<\/strong><\/p>\n\n\n\n<p><strong>Texto &#8211;&nbsp;<\/strong>Maria Fernanda Rodrigues\/Semasc<\/p>\n\n\n\n<p><strong>Fotos<\/strong> &#8211; Diego Lima\/Semasc<\/p>\n","protected":false},"excerpt":{"rendered":"","protected":false},"author":39,"featured_media":212097,"comment_status":"closed","ping_status":"closed","sticky":false,"template":"","format":"standard","meta":{"footnotes":""},"categories":[194],"tags":[1413,424,7,1448,18],"acf":[],"yoast_head":"<!-- This site is optimized with the Yoast SEO plugin v23.0 - https:\/\/yoast.com\/wordpress\/plugins\/seo\/ -->\n<title>Prefeitura realiza primeira a\u00e7\u00e3o do ano com popula\u00e7\u00e3o em situa\u00e7\u00e3o de rua no Cads<\/title>\n<meta name=\"description\" content=\"Prefeitura de Manaus, por meio da Semasc, realiza primeira a\u00e7\u00e3o do ano com popula\u00e7\u00e3o em situa\u00e7\u00e3o de rua no Cads.\" \/>\n<meta name=\"robots\" content=\"noindex, follow\" \/>\n<meta property=\"og:locale\" content=\"pt_BR\" \/>\n<meta property=\"og:type\" content=\"article\" \/>\n<meta property=\"og:title\" content=\"Prefeitura realiza primeira a\u00e7\u00e3o do ano com popula\u00e7\u00e3o em situa\u00e7\u00e3o de rua no Cads\" \/>\n<meta property=\"og:description\" content=\"Prefeitura de Manaus, por meio da Semasc, realiza primeira a\u00e7\u00e3o do ano com popula\u00e7\u00e3o em situa\u00e7\u00e3o de rua no Cads.\" \/>\n<meta property=\"og:url\" content=\"https:\/\/www.manaus.am.gov.br\/semasc\/primeira-acao-populacao-situacao-rua-cads\/\" \/>\n<meta property=\"og:site_name\" content=\"SEMASC\" \/>\n<meta property=\"article:publisher\" content=\"https:\/\/www.facebook.com\/semascmanaus\" \/>\n<meta property=\"article:published_time\" content=\"2026-01-09T18:05:45+00:00\" \/>\n<meta property=\"article:modified_time\" content=\"2026-01-12T19:00:55+00:00\" \/>\n<meta property=\"og:image\" content=\"https:\/\/www.manaus.am.gov.br\/semasc\/wp-content\/uploads\/sites\/17\/2026\/01\/MG_5326.jpg\" \/>\n\t<meta property=\"og:image:width\" content=\"4080\" \/>\n\t<meta property=\"og:image:height\" content=\"2720\" \/>\n\t<meta property=\"og:image:type\" content=\"image\/jpeg\" \/>\n<meta name=\"author\" content=\"Bruna Greco\" \/>\n<meta name=\"twitter:card\" content=\"summary_large_image\" \/>\n<meta name=\"twitter:label1\" content=\"Written by\" \/>\n\t<meta name=\"twitter:data1\" content=\"Bruna Greco\" \/>\n\t<meta name=\"twitter:label2\" content=\"Est. reading time\" \/>\n\t<meta name=\"twitter:data2\" content=\"3 minutos\" \/>\n<script type=\"application\/ld+json\" class=\"yoast-schema-graph\">{\"@context\":\"https:\/\/schema.org\",\"@graph\":[{\"@type\":\"Article\",\"@id\":\"https:\/\/www.manaus.am.gov.br\/semasc\/primeira-acao-populacao-situacao-rua-cads\/#article\",\"isPartOf\":{\"@id\":\"https:\/\/www.manaus.am.gov.br\/semasc\/primeira-acao-populacao-situacao-rua-cads\/\"},\"author\":{\"name\":\"Bruna Greco\",\"@id\":\"https:\/\/www.manaus.am.gov.br\/semasc\/#\/schema\/person\/05d223aea2bf115f9883a6ff3683d81b\"},\"headline\":\"Prefeitura de Manaus realiza primeira a\u00e7\u00e3o do ano com popula\u00e7\u00e3o em situa\u00e7\u00e3o de rua no Cads\",\"datePublished\":\"2026-01-09T18:05:45+00:00\",\"dateModified\":\"2026-01-12T19:00:55+00:00\",\"mainEntityOfPage\":{\"@id\":\"https:\/\/www.manaus.am.gov.br\/semasc\/primeira-acao-populacao-situacao-rua-cads\/\"},\"wordCount\":377,\"publisher\":{\"@id\":\"https:\/\/www.manaus.am.gov.br\/semasc\/#organization\"},\"image\":{\"@id\":\"https:\/\/www.manaus.am.gov.br\/semasc\/primeira-acao-populacao-situacao-rua-cads\/#primaryimage\"},\"thumbnailUrl\":\"https:\/\/www.manaus.am.gov.br\/semasc\/wp-content\/uploads\/sites\/17\/2026\/01\/MG_5326.jpg\",\"keywords\":[\"CADS\",\"popula\u00e7\u00e3o em situa\u00e7\u00e3o de rua\",\"prefeitura de manaus\",\"primeira a\u00e7\u00e3o do ano\",\"Semasc\"],\"articleSection\":[\"Assist\u00eancia\"],\"inLanguage\":\"pt-BR\"},{\"@type\":\"WebPage\",\"@id\":\"https:\/\/www.manaus.am.gov.br\/semasc\/primeira-acao-populacao-situacao-rua-cads\/\",\"url\":\"https:\/\/www.manaus.am.gov.br\/semasc\/primeira-acao-populacao-situacao-rua-cads\/\",\"name\":\"Prefeitura realiza primeira a\u00e7\u00e3o do ano com popula\u00e7\u00e3o em situa\u00e7\u00e3o de rua no Cads\",\"isPartOf\":{\"@id\":\"https:\/\/www.manaus.am.gov.br\/semasc\/#website\"},\"primaryImageOfPage\":{\"@id\":\"https:\/\/www.manaus.am.gov.br\/semasc\/primeira-acao-populacao-situacao-rua-cads\/#primaryimage\"},\"image\":{\"@id\":\"https:\/\/www.manaus.am.gov.br\/semasc\/primeira-acao-populacao-situacao-rua-cads\/#primaryimage\"},\"thumbnailUrl\":\"https:\/\/www.manaus.am.gov.br\/semasc\/wp-content\/uploads\/sites\/17\/2026\/01\/MG_5326.jpg\",\"datePublished\":\"2026-01-09T18:05:45+00:00\",\"dateModified\":\"2026-01-12T19:00:55+00:00\",\"description\":\"Prefeitura de Manaus, por meio da Semasc, realiza primeira a\u00e7\u00e3o do ano com popula\u00e7\u00e3o em situa\u00e7\u00e3o de rua no Cads.\",\"breadcrumb\":{\"@id\":\"https:\/\/www.manaus.am.gov.br\/semasc\/primeira-acao-populacao-situacao-rua-cads\/#breadcrumb\"},\"inLanguage\":\"pt-BR\",\"potentialAction\":[{\"@type\":\"ReadAction\",\"target\":[\"https:\/\/www.manaus.am.gov.br\/semasc\/primeira-acao-populacao-situacao-rua-cads\/\"]}]},{\"@type\":\"ImageObject\",\"inLanguage\":\"pt-BR\",\"@id\":\"https:\/\/www.manaus.am.gov.br\/semasc\/primeira-acao-populacao-situacao-rua-cads\/#primaryimage\",\"url\":\"https:\/\/www.manaus.am.gov.br\/semasc\/wp-content\/uploads\/sites\/17\/2026\/01\/MG_5326.jpg\",\"contentUrl\":\"https:\/\/www.manaus.am.gov.br\/semasc\/wp-content\/uploads\/sites\/17\/2026\/01\/MG_5326.jpg\",\"width\":4080,\"height\":2720,\"caption\":\"#paratodosverem - Equipe da Semasc realizando palestra para pessoas em situa\u00e7\u00e3o de rua no Cads durante primeira a\u00e7\u00e3o do ano\"},{\"@type\":\"BreadcrumbList\",\"@id\":\"https:\/\/www.manaus.am.gov.br\/semasc\/primeira-acao-populacao-situacao-rua-cads\/#breadcrumb\",\"itemListElement\":[{\"@type\":\"ListItem\",\"position\":1,\"name\":\"Home\",\"item\":\"https:\/\/www.manaus.am.gov.br\/semasc\/\"},{\"@type\":\"ListItem\",\"position\":2,\"name\":\"Prefeitura de Manaus realiza primeira a\u00e7\u00e3o do ano com popula\u00e7\u00e3o em situa\u00e7\u00e3o de rua no Cads\"}]},{\"@type\":\"WebSite\",\"@id\":\"https:\/\/www.manaus.am.gov.br\/semasc\/#website\",\"url\":\"https:\/\/www.manaus.am.gov.br\/semasc\/\",\"name\":\"SEMASC\",\"description\":\"Secretaria Municipal da Mulher, Assist\u00eancia Social e Cidadania.\",\"publisher\":{\"@id\":\"https:\/\/www.manaus.am.gov.br\/semasc\/#organization\"},\"alternateName\":\"Secretaria Municipal da Mulher, Assist\u00eancia Social e Cidadania\",\"potentialAction\":[{\"@type\":\"SearchAction\",\"target\":{\"@type\":\"EntryPoint\",\"urlTemplate\":\"https:\/\/www.manaus.am.gov.br\/semasc\/?s={search_term_string}\"},\"query-input\":\"required name=search_term_string\"}],\"inLanguage\":\"pt-BR\"},{\"@type\":\"Organization\",\"@id\":\"https:\/\/www.manaus.am.gov.br\/semasc\/#organization\",\"name\":\"Prefeitura de Manaus\",\"alternateName\":\"Prefeitura Municipal de Manaus\",\"url\":\"https:\/\/www.manaus.am.gov.br\/semasc\/\",\"logo\":{\"@type\":\"ImageObject\",\"inLanguage\":\"pt-BR\",\"@id\":\"https:\/\/www.manaus.am.gov.br\/semasc\/#\/schema\/logo\/image\/\",\"url\":\"https:\/\/www.manaus.am.gov.br\/semasc\/wp-content\/uploads\/sites\/17\/2024\/07\/favicon.png\",\"contentUrl\":\"https:\/\/www.manaus.am.gov.br\/semasc\/wp-content\/uploads\/sites\/17\/2024\/07\/favicon.png\",\"width\":300,\"height\":300,\"caption\":\"Prefeitura de Manaus\"},\"image\":{\"@id\":\"https:\/\/www.manaus.am.gov.br\/semasc\/#\/schema\/logo\/image\/\"},\"sameAs\":[\"https:\/\/www.facebook.com\/semascmanaus\",\"https:\/\/www.instagram.com\/semascmanaus\/\"]},{\"@type\":\"Person\",\"@id\":\"https:\/\/www.manaus.am.gov.br\/semasc\/#\/schema\/person\/05d223aea2bf115f9883a6ff3683d81b\",\"name\":\"Bruna Greco\",\"image\":{\"@type\":\"ImageObject\",\"inLanguage\":\"pt-BR\",\"@id\":\"https:\/\/www.manaus.am.gov.br\/semasc\/#\/schema\/person\/image\/\",\"url\":\"https:\/\/secure.gravatar.com\/avatar\/9c877d1a6adc2a055330e5c09a8653ce?s=96&d=mm&r=g\",\"contentUrl\":\"https:\/\/secure.gravatar.com\/avatar\/9c877d1a6adc2a055330e5c09a8653ce?s=96&d=mm&r=g\",\"caption\":\"Bruna Greco\"}}]}<\/script>\n<!-- \/ Yoast SEO plugin. -->","yoast_head_json":{"title":"Prefeitura realiza primeira a\u00e7\u00e3o do ano com popula\u00e7\u00e3o em situa\u00e7\u00e3o de rua no Cads","description":"Prefeitura de Manaus, por meio da Semasc, realiza primeira a\u00e7\u00e3o do ano com popula\u00e7\u00e3o em situa\u00e7\u00e3o de rua no Cads.","robots":{"index":"noindex","follow":"follow"},"og_locale":"pt_BR","og_type":"article","og_title":"Prefeitura realiza primeira a\u00e7\u00e3o do ano com popula\u00e7\u00e3o em situa\u00e7\u00e3o de rua no Cads","og_description":"Prefeitura de Manaus, por meio da Semasc, realiza primeira a\u00e7\u00e3o do ano com popula\u00e7\u00e3o em situa\u00e7\u00e3o de rua no Cads.","og_url":"https:\/\/www.manaus.am.gov.br\/semasc\/primeira-acao-populacao-situacao-rua-cads\/","og_site_name":"SEMASC","article_publisher":"https:\/\/www.facebook.com\/semascmanaus","article_published_time":"2026-01-09T18:05:45+00:00","article_modified_time":"2026-01-12T19:00:55+00:00","og_image":[{"width":4080,"height":2720,"url":"https:\/\/www.manaus.am.gov.br\/semasc\/wp-content\/uploads\/sites\/17\/2026\/01\/MG_5326.jpg","type":"image\/jpeg"}],"author":"Bruna Greco","twitter_card":"summary_large_image","twitter_misc":{"Written by":"Bruna Greco","Est. reading time":"3 minutos"},"schema":{"@context":"https:\/\/schema.org","@graph":[{"@type":"Article","@id":"https:\/\/www.manaus.am.gov.br\/semasc\/primeira-acao-populacao-situacao-rua-cads\/#article","isPartOf":{"@id":"https:\/\/www.manaus.am.gov.br\/semasc\/primeira-acao-populacao-situacao-rua-cads\/"},"author":{"name":"Bruna Greco","@id":"https:\/\/www.manaus.am.gov.br\/semasc\/#\/schema\/person\/05d223aea2bf115f9883a6ff3683d81b"},"headline":"Prefeitura de Manaus realiza primeira a\u00e7\u00e3o do ano com popula\u00e7\u00e3o em situa\u00e7\u00e3o de rua no Cads","datePublished":"2026-01-09T18:05:45+00:00","dateModified":"2026-01-12T19:00:55+00:00","mainEntityOfPage":{"@id":"https:\/\/www.manaus.am.gov.br\/semasc\/primeira-acao-populacao-situacao-rua-cads\/"},"wordCount":377,"publisher":{"@id":"https:\/\/www.manaus.am.gov.br\/semasc\/#organization"},"image":{"@id":"https:\/\/www.manaus.am.gov.br\/semasc\/primeira-acao-populacao-situacao-rua-cads\/#primaryimage"},"thumbnailUrl":"https:\/\/www.manaus.am.gov.br\/semasc\/wp-content\/uploads\/sites\/17\/2026\/01\/MG_5326.jpg","keywords":["CADS","popula\u00e7\u00e3o em situa\u00e7\u00e3o de rua","prefeitura de manaus","primeira a\u00e7\u00e3o do ano","Semasc"],"articleSection":["Assist\u00eancia"],"inLanguage":"pt-BR"},{"@type":"WebPage","@id":"https:\/\/www.manaus.am.gov.br\/semasc\/primeira-acao-populacao-situacao-rua-cads\/","url":"https:\/\/www.manaus.am.gov.br\/semasc\/primeira-acao-populacao-situacao-rua-cads\/","name":"Prefeitura realiza primeira a\u00e7\u00e3o do ano com popula\u00e7\u00e3o em situa\u00e7\u00e3o de rua no Cads","isPartOf":{"@id":"https:\/\/www.manaus.am.gov.br\/semasc\/#website"},"primaryImageOfPage":{"@id":"https:\/\/www.manaus.am.gov.br\/semasc\/primeira-acao-populacao-situacao-rua-cads\/#primaryimage"},"image":{"@id":"https:\/\/www.manaus.am.gov.br\/semasc\/primeira-acao-populacao-situacao-rua-cads\/#primaryimage"},"thumbnailUrl":"https:\/\/www.manaus.am.gov.br\/semasc\/wp-content\/uploads\/sites\/17\/2026\/01\/MG_5326.jpg","datePublished":"2026-01-09T18:05:45+00:00","dateModified":"2026-01-12T19:00:55+00:00","description":"Prefeitura de Manaus, por meio da Semasc, realiza primeira a\u00e7\u00e3o do ano com popula\u00e7\u00e3o em situa\u00e7\u00e3o de rua no Cads.","breadcrumb":{"@id":"https:\/\/www.manaus.am.gov.br\/semasc\/primeira-acao-populacao-situacao-rua-cads\/#breadcrumb"},"inLanguage":"pt-BR","potentialAction":[{"@type":"ReadAction","target":["https:\/\/www.manaus.am.gov.br\/semasc\/primeira-acao-populacao-situacao-rua-cads\/"]}]},{"@type":"ImageObject","inLanguage":"pt-BR","@id":"https:\/\/www.manaus.am.gov.br\/semasc\/primeira-acao-populacao-situacao-rua-cads\/#primaryimage","url":"https:\/\/www.manaus.am.gov.br\/semasc\/wp-content\/uploads\/sites\/17\/2026\/01\/MG_5326.jpg","contentUrl":"https:\/\/www.manaus.am.gov.br\/semasc\/wp-content\/uploads\/sites\/17\/2026\/01\/MG_5326.jpg","width":4080,"height":2720,"caption":"#paratodosverem - Equipe da Semasc realizando palestra para pessoas em situa\u00e7\u00e3o de rua no Cads durante primeira a\u00e7\u00e3o do ano"},{"@type":"BreadcrumbList","@id":"https:\/\/www.manaus.am.gov.br\/semasc\/primeira-acao-populacao-situacao-rua-cads\/#breadcrumb","itemListElement":[{"@type":"ListItem","position":1,"name":"Home","item":"https:\/\/www.manaus.am.gov.br\/semasc\/"},{"@type":"ListItem","position":2,"name":"Prefeitura de Manaus realiza primeira a\u00e7\u00e3o do ano com popula\u00e7\u00e3o em situa\u00e7\u00e3o de rua no Cads"}]},{"@type":"WebSite","@id":"https:\/\/www.manaus.am.gov.br\/semasc\/#website","url":"https:\/\/www.manaus.am.gov.br\/semasc\/","name":"SEMASC","description":"Secretaria Municipal da Mulher, Assist\u00eancia Social e Cidadania.","publisher":{"@id":"https:\/\/www.manaus.am.gov.br\/semasc\/#organization"},"alternateName":"Secretaria Municipal da Mulher, Assist\u00eancia Social e Cidadania","potentialAction":[{"@type":"SearchAction","target":{"@type":"EntryPoint","urlTemplate":"https:\/\/www.manaus.am.gov.br\/semasc\/?s={search_term_string}"},"query-input":"required name=search_term_string"}],"inLanguage":"pt-BR"},{"@type":"Organization","@id":"https:\/\/www.manaus.am.gov.br\/semasc\/#organization","name":"Prefeitura de Manaus","alternateName":"Prefeitura Municipal de Manaus","url":"https:\/\/www.manaus.am.gov.br\/semasc\/","logo":{"@type":"ImageObject","inLanguage":"pt-BR","@id":"https:\/\/www.manaus.am.gov.br\/semasc\/#\/schema\/logo\/image\/","url":"https:\/\/www.manaus.am.gov.br\/semasc\/wp-content\/uploads\/sites\/17\/2024\/07\/favicon.png","contentUrl":"https:\/\/www.manaus.am.gov.br\/semasc\/wp-content\/uploads\/sites\/17\/2024\/07\/favicon.png","width":300,"height":300,"caption":"Prefeitura de Manaus"},"image":{"@id":"https:\/\/www.manaus.am.gov.br\/semasc\/#\/schema\/logo\/image\/"},"sameAs":["https:\/\/www.facebook.com\/semascmanaus","https:\/\/www.instagram.com\/semascmanaus\/"]},{"@type":"Person","@id":"https:\/\/www.manaus.am.gov.br\/semasc\/#\/schema\/person\/05d223aea2bf115f9883a6ff3683d81b","name":"Bruna Greco","image":{"@type":"ImageObject","inLanguage":"pt-BR","@id":"https:\/\/www.manaus.am.gov.br\/semasc\/#\/schema\/person\/image\/","url":"https:\/\/secure.gravatar.com\/avatar\/9c877d1a6adc2a055330e5c09a8653ce?s=96&d=mm&r=g","contentUrl":"https:\/\/secure.gravatar.com\/avatar\/9c877d1a6adc2a055330e5c09a8653ce?s=96&d=mm&r=g","caption":"Bruna Greco"}}]}},"_links":{"self":[{"href":"https:\/\/www.manaus.am.gov.br\/semasc\/wp-json\/wp\/v2\/posts\/212096"}],"collection":[{"href":"https:\/\/www.manaus.am.gov.br\/semasc\/wp-json\/wp\/v2\/posts"}],"about":[{"href":"https:\/\/www.manaus.am.gov.br\/semasc\/wp-json\/wp\/v2\/types\/post"}],"author":[{"embeddable":true,"href":"https:\/\/www.manaus.am.gov.br\/semasc\/wp-json\/wp\/v2\/users\/39"}],"replies":[{"embeddable":true,"href":"https:\/\/www.manaus.am.gov.br\/semasc\/wp-json\/wp\/v2\/comments?post=212096"}],"version-history":[{"count":3,"href":"https:\/\/www.manaus.am.gov.br\/semasc\/wp-json\/wp\/v2\/posts\/212096\/revisions"}],"predecessor-version":[{"id":212104,"href":"https:\/\/www.manaus.am.gov.br\/semasc\/wp-json\/wp\/v2\/posts\/212096\/revisions\/212104"}],"wp:featuredmedia":[{"embeddable":true,"href":"https:\/\/www.manaus.am.gov.br\/semasc\/wp-json\/wp\/v2\/media\/212097"}],"wp:attachment":[{"href":"https:\/\/www.manaus.am.gov.br\/semasc\/wp-json\/wp\/v2\/media?parent=212096"}],"wp:term":[{"taxonomy":"category","embeddable":true,"href":"https:\/\/www.manaus.am.gov.br\/semasc\/wp-json\/wp\/v2\/categories?post=212096"},{"taxonomy":"post_tag","embeddable":true,"href":"https:\/\/www.manaus.am.gov.br\/semasc\/wp-json\/wp\/v2\/tags?post=212096"}],"curies":[{"name":"wp","href":"https:\/\/api.w.org\/{rel}","templated":true}]}}