{"id":211928,"date":"2025-12-19T10:44:58","date_gmt":"2025-12-19T14:44:58","guid":{"rendered":"https:\/\/www.manaus.am.gov.br\/semasc\/atendimento-ao-publico-suspenso\/"},"modified":"2025-12-22T12:50:35","modified_gmt":"2025-12-22T16:50:35","slug":"atendimento-ao-publico-suspenso","status":"publish","type":"post","link":"https:\/\/www.manaus.am.gov.br\/semasc\/atendimento-ao-publico-suspenso\/","title":{"rendered":"NOTA &#8211; Atendimento ao p\u00fablico suspenso nesta segunda-feira, 22\/12"},"content":{"rendered":"\n<p>A <a href=\"https:\/\/www.manaus.am.gov.br\">Prefeitura de Manaus<\/a>, por meio da <a href=\"https:\/\/www.manaus.am.gov.br\/semasc\/\">Secretaria Municipal da Mulher, Assist\u00eancia Social e Cidadania<\/a> (Semasc), informa que n\u00e3o haver\u00e1 atendimento ao p\u00fablico na segunda-feira, 22\/12.<\/p>\n\n\n\n<p>Os atendimentos previamente agendados para esta data ser\u00e3o remanejados para a ter\u00e7a-feira, 23\/12.<\/p>\n\n\n\n<p>A Semasc esclarece que o SOS Funeral funcionar\u00e1 normalmente. O servi\u00e7o de atendimento ao p\u00fablico pode ser acionado pelos seguintes canais: WhatsApp (98842-2963), 0800 280 8087, 3215-2649 e 3631-9983. A solicita\u00e7\u00e3o tamb\u00e9m pode ser realizada presencialmente na sede da Semasc, localizada na avenida Ayr\u00e3o com a avenida Ferreira Pena, no Centro, zona Sul da capital.<\/p>\n\n\n\n<p>Os equipamentos de seguran\u00e7a alimentar, como Prato do Povo, Cozinha Comunit\u00e1ria e Restaurante Popular, funcionar\u00e3o normalmente na segunda-feira, garantindo a oferta de refei\u00e7\u00f5es \u00e0 popula\u00e7\u00e3o.<\/p>\n\n\n\n<p>J\u00e1 os acolhimentos institucionais coordenados pela secretaria manter\u00e3o seu funcionamento, com exce\u00e7\u00e3o do Centro Pop, que ir\u00e1 funcionar at\u00e9 o t\u00e9rmino do almo\u00e7o dos acolhidos.<\/p>\n\n\n\n<p>Os demais servi\u00e7os da Semasc retornar\u00e3o na ter\u00e7a-feira, 23\/12.<\/p>\n\n\n\n<p>&#8212; &#8212; &#8212;<\/p>\n\n\n\n<p><strong>Texto \u2013<\/strong> Divulga\u00e7\u00e3o \/ Semasc<\/p>\n","protected":false},"excerpt":{"rendered":"","protected":false},"author":57,"featured_media":211394,"comment_status":"closed","ping_status":"closed","sticky":false,"template":"","format":"standard","meta":{"footnotes":""},"categories":[539],"tags":[437,336,7,18],"acf":[],"yoast_head":"<!-- This site is optimized with the Yoast SEO plugin v23.0 - https:\/\/yoast.com\/wordpress\/plugins\/seo\/ -->\n<title>NOTA - Atendimento ao p\u00fablico suspenso nesta segunda-feira<\/title>\n<meta name=\"description\" content=\"A Prefeitura de Manaus, por meio da (Semasc), informa que n\u00e3o haver\u00e1 atendimento ao p\u00fablico na segunda-feira, 22\/12.\" \/>\n<meta name=\"robots\" content=\"noindex, follow\" \/>\n<meta property=\"og:locale\" content=\"pt_BR\" \/>\n<meta property=\"og:type\" content=\"article\" \/>\n<meta property=\"og:title\" content=\"NOTA - Atendimento ao p\u00fablico suspenso nesta segunda-feira\" \/>\n<meta property=\"og:description\" content=\"A Prefeitura de Manaus, por meio da (Semasc), informa que n\u00e3o haver\u00e1 atendimento ao p\u00fablico na segunda-feira, 22\/12.\" \/>\n<meta property=\"og:url\" content=\"https:\/\/www.manaus.am.gov.br\/semasc\/atendimento-ao-publico-suspenso\/\" \/>\n<meta property=\"og:site_name\" content=\"SEMASC\" \/>\n<meta property=\"article:publisher\" content=\"https:\/\/www.facebook.com\/semascmanaus\" \/>\n<meta property=\"article:published_time\" content=\"2025-12-19T14:44:58+00:00\" \/>\n<meta property=\"article:modified_time\" content=\"2025-12-22T16:50:35+00:00\" \/>\n<meta property=\"og:image\" content=\"https:\/\/www.manaus.am.gov.br\/semasc\/wp-content\/uploads\/sites\/17\/2025\/04\/BANNER-NOTA.png\" \/>\n\t<meta property=\"og:image:width\" content=\"900\" \/>\n\t<meta property=\"og:image:height\" content=\"509\" \/>\n\t<meta property=\"og:image:type\" content=\"image\/png\" \/>\n<meta name=\"author\" content=\"Thiago Fernando\" \/>\n<meta name=\"twitter:card\" content=\"summary_large_image\" \/>\n<meta name=\"twitter:label1\" content=\"Written by\" \/>\n\t<meta name=\"twitter:data1\" content=\"Thiago Fernando\" \/>\n\t<meta name=\"twitter:label2\" content=\"Est. reading time\" \/>\n\t<meta name=\"twitter:data2\" content=\"2 minutos\" \/>\n<script type=\"application\/ld+json\" class=\"yoast-schema-graph\">{\"@context\":\"https:\/\/schema.org\",\"@graph\":[{\"@type\":\"Article\",\"@id\":\"https:\/\/www.manaus.am.gov.br\/semasc\/atendimento-ao-publico-suspenso\/#article\",\"isPartOf\":{\"@id\":\"https:\/\/www.manaus.am.gov.br\/semasc\/atendimento-ao-publico-suspenso\/\"},\"author\":{\"name\":\"Thiago Fernando\",\"@id\":\"https:\/\/www.manaus.am.gov.br\/semasc\/#\/schema\/person\/a5ee5376db6e21af026374b369f30882\"},\"headline\":\"NOTA &#8211; Atendimento ao p\u00fablico suspenso nesta segunda-feira, 22\/12\",\"datePublished\":\"2025-12-19T14:44:58+00:00\",\"dateModified\":\"2025-12-22T16:50:35+00:00\",\"mainEntityOfPage\":{\"@id\":\"https:\/\/www.manaus.am.gov.br\/semasc\/atendimento-ao-publico-suspenso\/\"},\"wordCount\":184,\"publisher\":{\"@id\":\"https:\/\/www.manaus.am.gov.br\/semasc\/#organization\"},\"image\":{\"@id\":\"https:\/\/www.manaus.am.gov.br\/semasc\/atendimento-ao-publico-suspenso\/#primaryimage\"},\"thumbnailUrl\":\"https:\/\/www.manaus.am.gov.br\/semasc\/wp-content\/uploads\/sites\/17\/2025\/04\/BANNER-NOTA.png\",\"keywords\":[\"atendimento ao p\u00fablico\",\"nota\",\"prefeitura de manaus\",\"Semasc\"],\"articleSection\":[\"Atendimento\"],\"inLanguage\":\"pt-BR\"},{\"@type\":\"WebPage\",\"@id\":\"https:\/\/www.manaus.am.gov.br\/semasc\/atendimento-ao-publico-suspenso\/\",\"url\":\"https:\/\/www.manaus.am.gov.br\/semasc\/atendimento-ao-publico-suspenso\/\",\"name\":\"NOTA - Atendimento ao p\u00fablico suspenso nesta segunda-feira\",\"isPartOf\":{\"@id\":\"https:\/\/www.manaus.am.gov.br\/semasc\/#website\"},\"primaryImageOfPage\":{\"@id\":\"https:\/\/www.manaus.am.gov.br\/semasc\/atendimento-ao-publico-suspenso\/#primaryimage\"},\"image\":{\"@id\":\"https:\/\/www.manaus.am.gov.br\/semasc\/atendimento-ao-publico-suspenso\/#primaryimage\"},\"thumbnailUrl\":\"https:\/\/www.manaus.am.gov.br\/semasc\/wp-content\/uploads\/sites\/17\/2025\/04\/BANNER-NOTA.png\",\"datePublished\":\"2025-12-19T14:44:58+00:00\",\"dateModified\":\"2025-12-22T16:50:35+00:00\",\"description\":\"A Prefeitura de Manaus, por meio da (Semasc), informa que n\u00e3o haver\u00e1 atendimento ao p\u00fablico na segunda-feira, 22\/12.\",\"breadcrumb\":{\"@id\":\"https:\/\/www.manaus.am.gov.br\/semasc\/atendimento-ao-publico-suspenso\/#breadcrumb\"},\"inLanguage\":\"pt-BR\",\"potentialAction\":[{\"@type\":\"ReadAction\",\"target\":[\"https:\/\/www.manaus.am.gov.br\/semasc\/atendimento-ao-publico-suspenso\/\"]}]},{\"@type\":\"ImageObject\",\"inLanguage\":\"pt-BR\",\"@id\":\"https:\/\/www.manaus.am.gov.br\/semasc\/atendimento-ao-publico-suspenso\/#primaryimage\",\"url\":\"https:\/\/www.manaus.am.gov.br\/semasc\/wp-content\/uploads\/sites\/17\/2025\/04\/BANNER-NOTA.png\",\"contentUrl\":\"https:\/\/www.manaus.am.gov.br\/semasc\/wp-content\/uploads\/sites\/17\/2025\/04\/BANNER-NOTA.png\",\"width\":900,\"height\":509,\"caption\":\"37 ocorr\u00eancias ap\u00f3s fortes chuvas\"},{\"@type\":\"BreadcrumbList\",\"@id\":\"https:\/\/www.manaus.am.gov.br\/semasc\/atendimento-ao-publico-suspenso\/#breadcrumb\",\"itemListElement\":[{\"@type\":\"ListItem\",\"position\":1,\"name\":\"Home\",\"item\":\"https:\/\/www.manaus.am.gov.br\/semasc\/\"},{\"@type\":\"ListItem\",\"position\":2,\"name\":\"NOTA &#8211; Atendimento ao p\u00fablico suspenso nesta segunda-feira, 22\/12\"}]},{\"@type\":\"WebSite\",\"@id\":\"https:\/\/www.manaus.am.gov.br\/semasc\/#website\",\"url\":\"https:\/\/www.manaus.am.gov.br\/semasc\/\",\"name\":\"SEMASC\",\"description\":\"Secretaria Municipal da Mulher, Assist\u00eancia Social e Cidadania.\",\"publisher\":{\"@id\":\"https:\/\/www.manaus.am.gov.br\/semasc\/#organization\"},\"alternateName\":\"Secretaria Municipal da Mulher, Assist\u00eancia Social e Cidadania\",\"potentialAction\":[{\"@type\":\"SearchAction\",\"target\":{\"@type\":\"EntryPoint\",\"urlTemplate\":\"https:\/\/www.manaus.am.gov.br\/semasc\/?s={search_term_string}\"},\"query-input\":\"required name=search_term_string\"}],\"inLanguage\":\"pt-BR\"},{\"@type\":\"Organization\",\"@id\":\"https:\/\/www.manaus.am.gov.br\/semasc\/#organization\",\"name\":\"Prefeitura de Manaus\",\"alternateName\":\"Prefeitura Municipal de Manaus\",\"url\":\"https:\/\/www.manaus.am.gov.br\/semasc\/\",\"logo\":{\"@type\":\"ImageObject\",\"inLanguage\":\"pt-BR\",\"@id\":\"https:\/\/www.manaus.am.gov.br\/semasc\/#\/schema\/logo\/image\/\",\"url\":\"https:\/\/www.manaus.am.gov.br\/semasc\/wp-content\/uploads\/sites\/17\/2024\/07\/favicon.png\",\"contentUrl\":\"https:\/\/www.manaus.am.gov.br\/semasc\/wp-content\/uploads\/sites\/17\/2024\/07\/favicon.png\",\"width\":300,\"height\":300,\"caption\":\"Prefeitura de Manaus\"},\"image\":{\"@id\":\"https:\/\/www.manaus.am.gov.br\/semasc\/#\/schema\/logo\/image\/\"},\"sameAs\":[\"https:\/\/www.facebook.com\/semascmanaus\",\"https:\/\/www.instagram.com\/semascmanaus\/\"]},{\"@type\":\"Person\",\"@id\":\"https:\/\/www.manaus.am.gov.br\/semasc\/#\/schema\/person\/a5ee5376db6e21af026374b369f30882\",\"name\":\"Thiago Fernando\",\"image\":{\"@type\":\"ImageObject\",\"inLanguage\":\"pt-BR\",\"@id\":\"https:\/\/www.manaus.am.gov.br\/semasc\/#\/schema\/person\/image\/\",\"url\":\"https:\/\/secure.gravatar.com\/avatar\/f5aab8722444041451501c077052ac07?s=96&d=mm&r=g\",\"contentUrl\":\"https:\/\/secure.gravatar.com\/avatar\/f5aab8722444041451501c077052ac07?s=96&d=mm&r=g\",\"caption\":\"Thiago Fernando\"}}]}<\/script>\n<!-- \/ Yoast SEO plugin. -->","yoast_head_json":{"title":"NOTA - Atendimento ao p\u00fablico suspenso nesta segunda-feira","description":"A Prefeitura de Manaus, por meio da (Semasc), informa que n\u00e3o haver\u00e1 atendimento ao p\u00fablico na segunda-feira, 22\/12.","robots":{"index":"noindex","follow":"follow"},"og_locale":"pt_BR","og_type":"article","og_title":"NOTA - Atendimento ao p\u00fablico suspenso nesta segunda-feira","og_description":"A Prefeitura de Manaus, por meio da (Semasc), informa que n\u00e3o haver\u00e1 atendimento ao p\u00fablico na segunda-feira, 22\/12.","og_url":"https:\/\/www.manaus.am.gov.br\/semasc\/atendimento-ao-publico-suspenso\/","og_site_name":"SEMASC","article_publisher":"https:\/\/www.facebook.com\/semascmanaus","article_published_time":"2025-12-19T14:44:58+00:00","article_modified_time":"2025-12-22T16:50:35+00:00","og_image":[{"width":900,"height":509,"url":"https:\/\/www.manaus.am.gov.br\/semasc\/wp-content\/uploads\/sites\/17\/2025\/04\/BANNER-NOTA.png","type":"image\/png"}],"author":"Thiago Fernando","twitter_card":"summary_large_image","twitter_misc":{"Written by":"Thiago Fernando","Est. reading time":"2 minutos"},"schema":{"@context":"https:\/\/schema.org","@graph":[{"@type":"Article","@id":"https:\/\/www.manaus.am.gov.br\/semasc\/atendimento-ao-publico-suspenso\/#article","isPartOf":{"@id":"https:\/\/www.manaus.am.gov.br\/semasc\/atendimento-ao-publico-suspenso\/"},"author":{"name":"Thiago Fernando","@id":"https:\/\/www.manaus.am.gov.br\/semasc\/#\/schema\/person\/a5ee5376db6e21af026374b369f30882"},"headline":"NOTA &#8211; Atendimento ao p\u00fablico suspenso nesta segunda-feira, 22\/12","datePublished":"2025-12-19T14:44:58+00:00","dateModified":"2025-12-22T16:50:35+00:00","mainEntityOfPage":{"@id":"https:\/\/www.manaus.am.gov.br\/semasc\/atendimento-ao-publico-suspenso\/"},"wordCount":184,"publisher":{"@id":"https:\/\/www.manaus.am.gov.br\/semasc\/#organization"},"image":{"@id":"https:\/\/www.manaus.am.gov.br\/semasc\/atendimento-ao-publico-suspenso\/#primaryimage"},"thumbnailUrl":"https:\/\/www.manaus.am.gov.br\/semasc\/wp-content\/uploads\/sites\/17\/2025\/04\/BANNER-NOTA.png","keywords":["atendimento ao p\u00fablico","nota","prefeitura de manaus","Semasc"],"articleSection":["Atendimento"],"inLanguage":"pt-BR"},{"@type":"WebPage","@id":"https:\/\/www.manaus.am.gov.br\/semasc\/atendimento-ao-publico-suspenso\/","url":"https:\/\/www.manaus.am.gov.br\/semasc\/atendimento-ao-publico-suspenso\/","name":"NOTA - Atendimento ao p\u00fablico suspenso nesta segunda-feira","isPartOf":{"@id":"https:\/\/www.manaus.am.gov.br\/semasc\/#website"},"primaryImageOfPage":{"@id":"https:\/\/www.manaus.am.gov.br\/semasc\/atendimento-ao-publico-suspenso\/#primaryimage"},"image":{"@id":"https:\/\/www.manaus.am.gov.br\/semasc\/atendimento-ao-publico-suspenso\/#primaryimage"},"thumbnailUrl":"https:\/\/www.manaus.am.gov.br\/semasc\/wp-content\/uploads\/sites\/17\/2025\/04\/BANNER-NOTA.png","datePublished":"2025-12-19T14:44:58+00:00","dateModified":"2025-12-22T16:50:35+00:00","description":"A Prefeitura de Manaus, por meio da (Semasc), informa que n\u00e3o haver\u00e1 atendimento ao p\u00fablico na segunda-feira, 22\/12.","breadcrumb":{"@id":"https:\/\/www.manaus.am.gov.br\/semasc\/atendimento-ao-publico-suspenso\/#breadcrumb"},"inLanguage":"pt-BR","potentialAction":[{"@type":"ReadAction","target":["https:\/\/www.manaus.am.gov.br\/semasc\/atendimento-ao-publico-suspenso\/"]}]},{"@type":"ImageObject","inLanguage":"pt-BR","@id":"https:\/\/www.manaus.am.gov.br\/semasc\/atendimento-ao-publico-suspenso\/#primaryimage","url":"https:\/\/www.manaus.am.gov.br\/semasc\/wp-content\/uploads\/sites\/17\/2025\/04\/BANNER-NOTA.png","contentUrl":"https:\/\/www.manaus.am.gov.br\/semasc\/wp-content\/uploads\/sites\/17\/2025\/04\/BANNER-NOTA.png","width":900,"height":509,"caption":"37 ocorr\u00eancias ap\u00f3s fortes chuvas"},{"@type":"BreadcrumbList","@id":"https:\/\/www.manaus.am.gov.br\/semasc\/atendimento-ao-publico-suspenso\/#breadcrumb","itemListElement":[{"@type":"ListItem","position":1,"name":"Home","item":"https:\/\/www.manaus.am.gov.br\/semasc\/"},{"@type":"ListItem","position":2,"name":"NOTA &#8211; Atendimento ao p\u00fablico suspenso nesta segunda-feira, 22\/12"}]},{"@type":"WebSite","@id":"https:\/\/www.manaus.am.gov.br\/semasc\/#website","url":"https:\/\/www.manaus.am.gov.br\/semasc\/","name":"SEMASC","description":"Secretaria Municipal da Mulher, Assist\u00eancia Social e Cidadania.","publisher":{"@id":"https:\/\/www.manaus.am.gov.br\/semasc\/#organization"},"alternateName":"Secretaria Municipal da Mulher, Assist\u00eancia Social e Cidadania","potentialAction":[{"@type":"SearchAction","target":{"@type":"EntryPoint","urlTemplate":"https:\/\/www.manaus.am.gov.br\/semasc\/?s={search_term_string}"},"query-input":"required name=search_term_string"}],"inLanguage":"pt-BR"},{"@type":"Organization","@id":"https:\/\/www.manaus.am.gov.br\/semasc\/#organization","name":"Prefeitura de Manaus","alternateName":"Prefeitura Municipal de Manaus","url":"https:\/\/www.manaus.am.gov.br\/semasc\/","logo":{"@type":"ImageObject","inLanguage":"pt-BR","@id":"https:\/\/www.manaus.am.gov.br\/semasc\/#\/schema\/logo\/image\/","url":"https:\/\/www.manaus.am.gov.br\/semasc\/wp-content\/uploads\/sites\/17\/2024\/07\/favicon.png","contentUrl":"https:\/\/www.manaus.am.gov.br\/semasc\/wp-content\/uploads\/sites\/17\/2024\/07\/favicon.png","width":300,"height":300,"caption":"Prefeitura de Manaus"},"image":{"@id":"https:\/\/www.manaus.am.gov.br\/semasc\/#\/schema\/logo\/image\/"},"sameAs":["https:\/\/www.facebook.com\/semascmanaus","https:\/\/www.instagram.com\/semascmanaus\/"]},{"@type":"Person","@id":"https:\/\/www.manaus.am.gov.br\/semasc\/#\/schema\/person\/a5ee5376db6e21af026374b369f30882","name":"Thiago Fernando","image":{"@type":"ImageObject","inLanguage":"pt-BR","@id":"https:\/\/www.manaus.am.gov.br\/semasc\/#\/schema\/person\/image\/","url":"https:\/\/secure.gravatar.com\/avatar\/f5aab8722444041451501c077052ac07?s=96&d=mm&r=g","contentUrl":"https:\/\/secure.gravatar.com\/avatar\/f5aab8722444041451501c077052ac07?s=96&d=mm&r=g","caption":"Thiago Fernando"}}]}},"_links":{"self":[{"href":"https:\/\/www.manaus.am.gov.br\/semasc\/wp-json\/wp\/v2\/posts\/211928"}],"collection":[{"href":"https:\/\/www.manaus.am.gov.br\/semasc\/wp-json\/wp\/v2\/posts"}],"about":[{"href":"https:\/\/www.manaus.am.gov.br\/semasc\/wp-json\/wp\/v2\/types\/post"}],"author":[{"embeddable":true,"href":"https:\/\/www.manaus.am.gov.br\/semasc\/wp-json\/wp\/v2\/users\/57"}],"replies":[{"embeddable":true,"href":"https:\/\/www.manaus.am.gov.br\/semasc\/wp-json\/wp\/v2\/comments?post=211928"}],"version-history":[{"count":1,"href":"https:\/\/www.manaus.am.gov.br\/semasc\/wp-json\/wp\/v2\/posts\/211928\/revisions"}],"predecessor-version":[{"id":211935,"href":"https:\/\/www.manaus.am.gov.br\/semasc\/wp-json\/wp\/v2\/posts\/211928\/revisions\/211935"}],"wp:featuredmedia":[{"embeddable":true,"href":"https:\/\/www.manaus.am.gov.br\/semasc\/wp-json\/wp\/v2\/media\/211394"}],"wp:attachment":[{"href":"https:\/\/www.manaus.am.gov.br\/semasc\/wp-json\/wp\/v2\/media?parent=211928"}],"wp:term":[{"taxonomy":"category","embeddable":true,"href":"https:\/\/www.manaus.am.gov.br\/semasc\/wp-json\/wp\/v2\/categories?post=211928"},{"taxonomy":"post_tag","embeddable":true,"href":"https:\/\/www.manaus.am.gov.br\/semasc\/wp-json\/wp\/v2\/tags?post=211928"}],"curies":[{"name":"wp","href":"https:\/\/api.w.org\/{rel}","templated":true}]}}