{"id":211817,"date":"2025-11-08T12:01:11","date_gmt":"2025-11-08T16:01:11","guid":{"rendered":"https:\/\/www.manaus.am.gov.br\/semasc\/acao-de-enfrentamento-a-exploracao\/"},"modified":"2025-11-08T12:01:12","modified_gmt":"2025-11-08T16:01:12","slug":"acao-de-enfrentamento-a-exploracao","status":"publish","type":"post","link":"https:\/\/www.manaus.am.gov.br\/semasc\/acao-de-enfrentamento-a-exploracao\/","title":{"rendered":"Prefeitura de Manaus realiza a\u00e7\u00e3o integrada de enfrentamento \u00e0 explora\u00e7\u00e3o infantil na pra\u00e7a do Eldorado"},"content":{"rendered":"\n<p>A Prefeitura de Manaus, por meio da Secretaria Municipal da Mulher, Assist\u00eancia Social e Cidadania (Semasc), realizou, na noite de sexta-feira, 7\/11, uma a\u00e7\u00e3o estrat\u00e9gica de abordagem social voltada ao enfrentamento do trabalho e da explora\u00e7\u00e3o sexual de crian\u00e7as e adolescentes. A iniciativa ocorreu na pra\u00e7a do Eldorado, no bairro Parque 10 de Novembro, zona Centro-Sul da capital.<\/p>\n\n\n\n<p>De car\u00e1ter socioeducativo e preventivo, a a\u00e7\u00e3o teve como objetivo sensibilizar a popula\u00e7\u00e3o sobre a import\u00e2ncia de proteger e garantir os direitos de meninas e meninos, especialmente em locais com maior incid\u00eancia de casos. As equipes orientaram a comunidade sobre como identificar e denunciar situa\u00e7\u00f5es de viola\u00e7\u00e3o, fortalecendo a rede de prote\u00e7\u00e3o \u00e0 inf\u00e2ncia.<\/p>\n\n\n\n<p>Com a participa\u00e7\u00e3o de Organiza\u00e7\u00f5es da Sociedade Civil (OSCs), do Conselho Tutelar e da Delegacia Especializada em Prote\u00e7\u00e3o \u00e0 Crian\u00e7a e ao Adolescente (Depca), as equipes da Semasc percorreram o conjunto Eldorado, distribuindo materiais informativos para moradores e estabelecimentos comerciais, incentivando o engajamento da popula\u00e7\u00e3o nas den\u00fancias.<\/p>\n\n\n\n<p>A subsecret\u00e1ria municipal de Pol\u00edticas Afirmativas para as Mulheres e de Direitos Humanos, Gra\u00e7a Prola, destacou a import\u00e2ncia de intensificar as a\u00e7\u00f5es de identifica\u00e7\u00e3o e combate \u00e0s situa\u00e7\u00f5es de vulnerabilidade, especialmente no per\u00edodo noturno.<\/p>\n\n\n\n<p>\u201cA viol\u00eancia j\u00e1 aconteceu, e agora nosso papel \u00e9 identificar e combater esses casos. A abordagem social \u00e9 fundamental nesse processo, porque \u00e9 por meio dela que conseguimos reconhecer as situa\u00e7\u00f5es de vulnerabilidade e oferecer o suporte necess\u00e1rio. Essa \u00e9 uma miss\u00e3o que exige sensibilidade, comprometimento e refor\u00e7a o compromisso da Prefeitura de Manaus com a prote\u00e7\u00e3o das nossas crian\u00e7as e adolescentes\u201d, afirmou.<\/p>\n\n\n\n<p>A delegada da Depca, Mayara Magno, ressaltou que a presen\u00e7a policial nessas a\u00e7\u00f5es garante a investiga\u00e7\u00e3o de poss\u00edveis casos de viola\u00e7\u00e3o e a aplica\u00e7\u00e3o das medidas legais cab\u00edveis.<\/p>\n\n\n\n<p>\u201cNosso papel \u00e9 atuar de forma firme e sens\u00edvel diante das den\u00fancias. A presen\u00e7a da pol\u00edcia nessas a\u00e7\u00f5es \u00e9 essencial para identificar situa\u00e7\u00f5es de explora\u00e7\u00e3o, garantir a prote\u00e7\u00e3o das crian\u00e7as e adolescentes e responsabilizar quem pratica esse tipo de crime. Trabalhar em conjunto com a assist\u00eancia social fortalece toda a rede de prote\u00e7\u00e3o e demonstra o compromisso do Estado em combater qualquer forma de viol\u00eancia contra a inf\u00e2ncia\u201d, destacou.<br><br>A popula\u00e7\u00e3o pode contribuir denunciando situa\u00e7\u00f5es de explora\u00e7\u00e3o infantil pelos n\u00fameros 0800 092 1407 ou 0800 092 6644 (Disque Direitos Humanos). As liga\u00e7\u00f5es s\u00e3o gratuitas e funcionam 24 horas por dia.<br><br>\u2014- \u2014- \u2014-<br><strong>Texto &#8211; <\/strong>Syrrames Nobre\/ Semasc<br><strong>Fotos &#8211; <\/strong>Diego Lima\/ Semasc<\/p>\n","protected":false},"excerpt":{"rendered":"","protected":false},"author":68,"featured_media":211818,"comment_status":"closed","ping_status":"closed","sticky":false,"template":"","format":"standard","meta":{"footnotes":""},"categories":[261],"tags":[1420,737,7],"acf":[],"yoast_head":"<!-- This site is optimized with the Yoast SEO plugin v23.0 - https:\/\/yoast.com\/wordpress\/plugins\/seo\/ -->\n<title>Prefeitura realiza a\u00e7\u00e3o integrada de enfrentamento \u00e0 explora\u00e7\u00e3o<\/title>\n<meta name=\"description\" content=\"A Prefeitura de Manaus, realizou, na noite de sexta-feira, 7, uma a\u00e7\u00e3o estrat\u00e9gica de abordagem social voltada ao enfrentamento do trabalho.\" \/>\n<meta name=\"robots\" content=\"noindex, follow\" \/>\n<meta property=\"og:locale\" content=\"pt_BR\" \/>\n<meta property=\"og:type\" content=\"article\" \/>\n<meta property=\"og:title\" content=\"Prefeitura realiza a\u00e7\u00e3o integrada de enfrentamento \u00e0 explora\u00e7\u00e3o\" \/>\n<meta property=\"og:description\" content=\"A Prefeitura de Manaus, realizou, na noite de sexta-feira, 7, uma a\u00e7\u00e3o estrat\u00e9gica de abordagem social voltada ao enfrentamento do trabalho.\" \/>\n<meta property=\"og:url\" content=\"https:\/\/www.manaus.am.gov.br\/semasc\/acao-de-enfrentamento-a-exploracao\/\" \/>\n<meta property=\"og:site_name\" content=\"SEMASC\" \/>\n<meta property=\"article:publisher\" content=\"https:\/\/www.facebook.com\/semascmanaus\" \/>\n<meta property=\"article:published_time\" content=\"2025-11-08T16:01:11+00:00\" \/>\n<meta property=\"article:modified_time\" content=\"2025-11-08T16:01:12+00:00\" \/>\n<meta property=\"og:image\" content=\"https:\/\/www.manaus.am.gov.br\/semasc\/wp-content\/uploads\/sites\/17\/2025\/11\/MG_2098.jpg\" \/>\n\t<meta property=\"og:image:width\" content=\"720\" \/>\n\t<meta property=\"og:image:height\" content=\"480\" \/>\n\t<meta property=\"og:image:type\" content=\"image\/jpeg\" \/>\n<meta name=\"author\" content=\"bvalente\" \/>\n<meta name=\"twitter:card\" content=\"summary_large_image\" \/>\n<meta name=\"twitter:label1\" content=\"Written by\" \/>\n\t<meta name=\"twitter:data1\" content=\"bvalente\" \/>\n\t<meta name=\"twitter:label2\" content=\"Est. reading time\" \/>\n\t<meta name=\"twitter:data2\" content=\"3 minutos\" \/>\n<script type=\"application\/ld+json\" class=\"yoast-schema-graph\">{\"@context\":\"https:\/\/schema.org\",\"@graph\":[{\"@type\":\"Article\",\"@id\":\"https:\/\/www.manaus.am.gov.br\/semasc\/acao-de-enfrentamento-a-exploracao\/#article\",\"isPartOf\":{\"@id\":\"https:\/\/www.manaus.am.gov.br\/semasc\/acao-de-enfrentamento-a-exploracao\/\"},\"author\":{\"name\":\"bvalente\",\"@id\":\"https:\/\/www.manaus.am.gov.br\/semasc\/#\/schema\/person\/466a0e03ae4b6062809046bd560ac955\"},\"headline\":\"Prefeitura de Manaus realiza a\u00e7\u00e3o integrada de enfrentamento \u00e0 explora\u00e7\u00e3o infantil na pra\u00e7a do Eldorado\",\"datePublished\":\"2025-11-08T16:01:11+00:00\",\"dateModified\":\"2025-11-08T16:01:12+00:00\",\"mainEntityOfPage\":{\"@id\":\"https:\/\/www.manaus.am.gov.br\/semasc\/acao-de-enfrentamento-a-exploracao\/\"},\"wordCount\":459,\"publisher\":{\"@id\":\"https:\/\/www.manaus.am.gov.br\/semasc\/#organization\"},\"image\":{\"@id\":\"https:\/\/www.manaus.am.gov.br\/semasc\/acao-de-enfrentamento-a-exploracao\/#primaryimage\"},\"thumbnailUrl\":\"https:\/\/www.manaus.am.gov.br\/semasc\/wp-content\/uploads\/sites\/17\/2025\/11\/MG_2098.jpg\",\"keywords\":[\"a\u00e7\u00e3o de enfrentamento \u00e0 explora\u00e7\u00e3o\",\"Assist\u00eancia Social e Cidadania (Semasc)\",\"prefeitura de manaus\"],\"articleSection\":[\"Sensibiliza\u00e7\u00e3o\"],\"inLanguage\":\"pt-BR\"},{\"@type\":\"WebPage\",\"@id\":\"https:\/\/www.manaus.am.gov.br\/semasc\/acao-de-enfrentamento-a-exploracao\/\",\"url\":\"https:\/\/www.manaus.am.gov.br\/semasc\/acao-de-enfrentamento-a-exploracao\/\",\"name\":\"Prefeitura realiza a\u00e7\u00e3o integrada de enfrentamento \u00e0 explora\u00e7\u00e3o\",\"isPartOf\":{\"@id\":\"https:\/\/www.manaus.am.gov.br\/semasc\/#website\"},\"primaryImageOfPage\":{\"@id\":\"https:\/\/www.manaus.am.gov.br\/semasc\/acao-de-enfrentamento-a-exploracao\/#primaryimage\"},\"image\":{\"@id\":\"https:\/\/www.manaus.am.gov.br\/semasc\/acao-de-enfrentamento-a-exploracao\/#primaryimage\"},\"thumbnailUrl\":\"https:\/\/www.manaus.am.gov.br\/semasc\/wp-content\/uploads\/sites\/17\/2025\/11\/MG_2098.jpg\",\"datePublished\":\"2025-11-08T16:01:11+00:00\",\"dateModified\":\"2025-11-08T16:01:12+00:00\",\"description\":\"A Prefeitura de Manaus, realizou, na noite de sexta-feira, 7, uma a\u00e7\u00e3o estrat\u00e9gica de abordagem social voltada ao enfrentamento do trabalho.\",\"breadcrumb\":{\"@id\":\"https:\/\/www.manaus.am.gov.br\/semasc\/acao-de-enfrentamento-a-exploracao\/#breadcrumb\"},\"inLanguage\":\"pt-BR\",\"potentialAction\":[{\"@type\":\"ReadAction\",\"target\":[\"https:\/\/www.manaus.am.gov.br\/semasc\/acao-de-enfrentamento-a-exploracao\/\"]}]},{\"@type\":\"ImageObject\",\"inLanguage\":\"pt-BR\",\"@id\":\"https:\/\/www.manaus.am.gov.br\/semasc\/acao-de-enfrentamento-a-exploracao\/#primaryimage\",\"url\":\"https:\/\/www.manaus.am.gov.br\/semasc\/wp-content\/uploads\/sites\/17\/2025\/11\/MG_2098.jpg\",\"contentUrl\":\"https:\/\/www.manaus.am.gov.br\/semasc\/wp-content\/uploads\/sites\/17\/2025\/11\/MG_2098.jpg\",\"width\":720,\"height\":480,\"caption\":\"#paratodosverem - Equipes do Conselho Tutelar e da Semasc durante a\u00e7\u00e3o\"},{\"@type\":\"BreadcrumbList\",\"@id\":\"https:\/\/www.manaus.am.gov.br\/semasc\/acao-de-enfrentamento-a-exploracao\/#breadcrumb\",\"itemListElement\":[{\"@type\":\"ListItem\",\"position\":1,\"name\":\"Home\",\"item\":\"https:\/\/www.manaus.am.gov.br\/semasc\/\"},{\"@type\":\"ListItem\",\"position\":2,\"name\":\"Prefeitura de Manaus realiza a\u00e7\u00e3o integrada de enfrentamento \u00e0 explora\u00e7\u00e3o infantil na pra\u00e7a do Eldorado\"}]},{\"@type\":\"WebSite\",\"@id\":\"https:\/\/www.manaus.am.gov.br\/semasc\/#website\",\"url\":\"https:\/\/www.manaus.am.gov.br\/semasc\/\",\"name\":\"SEMASC\",\"description\":\"Secretaria Municipal da Mulher, Assist\u00eancia Social e Cidadania.\",\"publisher\":{\"@id\":\"https:\/\/www.manaus.am.gov.br\/semasc\/#organization\"},\"alternateName\":\"Secretaria Municipal da Mulher, Assist\u00eancia Social e Cidadania\",\"potentialAction\":[{\"@type\":\"SearchAction\",\"target\":{\"@type\":\"EntryPoint\",\"urlTemplate\":\"https:\/\/www.manaus.am.gov.br\/semasc\/?s={search_term_string}\"},\"query-input\":\"required name=search_term_string\"}],\"inLanguage\":\"pt-BR\"},{\"@type\":\"Organization\",\"@id\":\"https:\/\/www.manaus.am.gov.br\/semasc\/#organization\",\"name\":\"Prefeitura de Manaus\",\"alternateName\":\"Prefeitura Municipal de Manaus\",\"url\":\"https:\/\/www.manaus.am.gov.br\/semasc\/\",\"logo\":{\"@type\":\"ImageObject\",\"inLanguage\":\"pt-BR\",\"@id\":\"https:\/\/www.manaus.am.gov.br\/semasc\/#\/schema\/logo\/image\/\",\"url\":\"https:\/\/www.manaus.am.gov.br\/semasc\/wp-content\/uploads\/sites\/17\/2024\/07\/favicon.png\",\"contentUrl\":\"https:\/\/www.manaus.am.gov.br\/semasc\/wp-content\/uploads\/sites\/17\/2024\/07\/favicon.png\",\"width\":300,\"height\":300,\"caption\":\"Prefeitura de Manaus\"},\"image\":{\"@id\":\"https:\/\/www.manaus.am.gov.br\/semasc\/#\/schema\/logo\/image\/\"},\"sameAs\":[\"https:\/\/www.facebook.com\/semascmanaus\",\"https:\/\/www.instagram.com\/semascmanaus\/\"]},{\"@type\":\"Person\",\"@id\":\"https:\/\/www.manaus.am.gov.br\/semasc\/#\/schema\/person\/466a0e03ae4b6062809046bd560ac955\",\"name\":\"bvalente\",\"image\":{\"@type\":\"ImageObject\",\"inLanguage\":\"pt-BR\",\"@id\":\"https:\/\/www.manaus.am.gov.br\/semasc\/#\/schema\/person\/image\/\",\"url\":\"https:\/\/secure.gravatar.com\/avatar\/3e69bc2b014bdad41adfec3a39de07d2?s=96&d=mm&r=g\",\"contentUrl\":\"https:\/\/secure.gravatar.com\/avatar\/3e69bc2b014bdad41adfec3a39de07d2?s=96&d=mm&r=g\",\"caption\":\"bvalente\"}}]}<\/script>\n<!-- \/ Yoast SEO plugin. -->","yoast_head_json":{"title":"Prefeitura realiza a\u00e7\u00e3o integrada de enfrentamento \u00e0 explora\u00e7\u00e3o","description":"A Prefeitura de Manaus, realizou, na noite de sexta-feira, 7, uma a\u00e7\u00e3o estrat\u00e9gica de abordagem social voltada ao enfrentamento do trabalho.","robots":{"index":"noindex","follow":"follow"},"og_locale":"pt_BR","og_type":"article","og_title":"Prefeitura realiza a\u00e7\u00e3o integrada de enfrentamento \u00e0 explora\u00e7\u00e3o","og_description":"A Prefeitura de Manaus, realizou, na noite de sexta-feira, 7, uma a\u00e7\u00e3o estrat\u00e9gica de abordagem social voltada ao enfrentamento do trabalho.","og_url":"https:\/\/www.manaus.am.gov.br\/semasc\/acao-de-enfrentamento-a-exploracao\/","og_site_name":"SEMASC","article_publisher":"https:\/\/www.facebook.com\/semascmanaus","article_published_time":"2025-11-08T16:01:11+00:00","article_modified_time":"2025-11-08T16:01:12+00:00","og_image":[{"width":720,"height":480,"url":"https:\/\/www.manaus.am.gov.br\/semasc\/wp-content\/uploads\/sites\/17\/2025\/11\/MG_2098.jpg","type":"image\/jpeg"}],"author":"bvalente","twitter_card":"summary_large_image","twitter_misc":{"Written by":"bvalente","Est. reading time":"3 minutos"},"schema":{"@context":"https:\/\/schema.org","@graph":[{"@type":"Article","@id":"https:\/\/www.manaus.am.gov.br\/semasc\/acao-de-enfrentamento-a-exploracao\/#article","isPartOf":{"@id":"https:\/\/www.manaus.am.gov.br\/semasc\/acao-de-enfrentamento-a-exploracao\/"},"author":{"name":"bvalente","@id":"https:\/\/www.manaus.am.gov.br\/semasc\/#\/schema\/person\/466a0e03ae4b6062809046bd560ac955"},"headline":"Prefeitura de Manaus realiza a\u00e7\u00e3o integrada de enfrentamento \u00e0 explora\u00e7\u00e3o infantil na pra\u00e7a do Eldorado","datePublished":"2025-11-08T16:01:11+00:00","dateModified":"2025-11-08T16:01:12+00:00","mainEntityOfPage":{"@id":"https:\/\/www.manaus.am.gov.br\/semasc\/acao-de-enfrentamento-a-exploracao\/"},"wordCount":459,"publisher":{"@id":"https:\/\/www.manaus.am.gov.br\/semasc\/#organization"},"image":{"@id":"https:\/\/www.manaus.am.gov.br\/semasc\/acao-de-enfrentamento-a-exploracao\/#primaryimage"},"thumbnailUrl":"https:\/\/www.manaus.am.gov.br\/semasc\/wp-content\/uploads\/sites\/17\/2025\/11\/MG_2098.jpg","keywords":["a\u00e7\u00e3o de enfrentamento \u00e0 explora\u00e7\u00e3o","Assist\u00eancia Social e Cidadania (Semasc)","prefeitura de manaus"],"articleSection":["Sensibiliza\u00e7\u00e3o"],"inLanguage":"pt-BR"},{"@type":"WebPage","@id":"https:\/\/www.manaus.am.gov.br\/semasc\/acao-de-enfrentamento-a-exploracao\/","url":"https:\/\/www.manaus.am.gov.br\/semasc\/acao-de-enfrentamento-a-exploracao\/","name":"Prefeitura realiza a\u00e7\u00e3o integrada de enfrentamento \u00e0 explora\u00e7\u00e3o","isPartOf":{"@id":"https:\/\/www.manaus.am.gov.br\/semasc\/#website"},"primaryImageOfPage":{"@id":"https:\/\/www.manaus.am.gov.br\/semasc\/acao-de-enfrentamento-a-exploracao\/#primaryimage"},"image":{"@id":"https:\/\/www.manaus.am.gov.br\/semasc\/acao-de-enfrentamento-a-exploracao\/#primaryimage"},"thumbnailUrl":"https:\/\/www.manaus.am.gov.br\/semasc\/wp-content\/uploads\/sites\/17\/2025\/11\/MG_2098.jpg","datePublished":"2025-11-08T16:01:11+00:00","dateModified":"2025-11-08T16:01:12+00:00","description":"A Prefeitura de Manaus, realizou, na noite de sexta-feira, 7, uma a\u00e7\u00e3o estrat\u00e9gica de abordagem social voltada ao enfrentamento do trabalho.","breadcrumb":{"@id":"https:\/\/www.manaus.am.gov.br\/semasc\/acao-de-enfrentamento-a-exploracao\/#breadcrumb"},"inLanguage":"pt-BR","potentialAction":[{"@type":"ReadAction","target":["https:\/\/www.manaus.am.gov.br\/semasc\/acao-de-enfrentamento-a-exploracao\/"]}]},{"@type":"ImageObject","inLanguage":"pt-BR","@id":"https:\/\/www.manaus.am.gov.br\/semasc\/acao-de-enfrentamento-a-exploracao\/#primaryimage","url":"https:\/\/www.manaus.am.gov.br\/semasc\/wp-content\/uploads\/sites\/17\/2025\/11\/MG_2098.jpg","contentUrl":"https:\/\/www.manaus.am.gov.br\/semasc\/wp-content\/uploads\/sites\/17\/2025\/11\/MG_2098.jpg","width":720,"height":480,"caption":"#paratodosverem - Equipes do Conselho Tutelar e da Semasc durante a\u00e7\u00e3o"},{"@type":"BreadcrumbList","@id":"https:\/\/www.manaus.am.gov.br\/semasc\/acao-de-enfrentamento-a-exploracao\/#breadcrumb","itemListElement":[{"@type":"ListItem","position":1,"name":"Home","item":"https:\/\/www.manaus.am.gov.br\/semasc\/"},{"@type":"ListItem","position":2,"name":"Prefeitura de Manaus realiza a\u00e7\u00e3o integrada de enfrentamento \u00e0 explora\u00e7\u00e3o infantil na pra\u00e7a do Eldorado"}]},{"@type":"WebSite","@id":"https:\/\/www.manaus.am.gov.br\/semasc\/#website","url":"https:\/\/www.manaus.am.gov.br\/semasc\/","name":"SEMASC","description":"Secretaria Municipal da Mulher, Assist\u00eancia Social e Cidadania.","publisher":{"@id":"https:\/\/www.manaus.am.gov.br\/semasc\/#organization"},"alternateName":"Secretaria Municipal da Mulher, Assist\u00eancia Social e Cidadania","potentialAction":[{"@type":"SearchAction","target":{"@type":"EntryPoint","urlTemplate":"https:\/\/www.manaus.am.gov.br\/semasc\/?s={search_term_string}"},"query-input":"required name=search_term_string"}],"inLanguage":"pt-BR"},{"@type":"Organization","@id":"https:\/\/www.manaus.am.gov.br\/semasc\/#organization","name":"Prefeitura de Manaus","alternateName":"Prefeitura Municipal de Manaus","url":"https:\/\/www.manaus.am.gov.br\/semasc\/","logo":{"@type":"ImageObject","inLanguage":"pt-BR","@id":"https:\/\/www.manaus.am.gov.br\/semasc\/#\/schema\/logo\/image\/","url":"https:\/\/www.manaus.am.gov.br\/semasc\/wp-content\/uploads\/sites\/17\/2024\/07\/favicon.png","contentUrl":"https:\/\/www.manaus.am.gov.br\/semasc\/wp-content\/uploads\/sites\/17\/2024\/07\/favicon.png","width":300,"height":300,"caption":"Prefeitura de Manaus"},"image":{"@id":"https:\/\/www.manaus.am.gov.br\/semasc\/#\/schema\/logo\/image\/"},"sameAs":["https:\/\/www.facebook.com\/semascmanaus","https:\/\/www.instagram.com\/semascmanaus\/"]},{"@type":"Person","@id":"https:\/\/www.manaus.am.gov.br\/semasc\/#\/schema\/person\/466a0e03ae4b6062809046bd560ac955","name":"bvalente","image":{"@type":"ImageObject","inLanguage":"pt-BR","@id":"https:\/\/www.manaus.am.gov.br\/semasc\/#\/schema\/person\/image\/","url":"https:\/\/secure.gravatar.com\/avatar\/3e69bc2b014bdad41adfec3a39de07d2?s=96&d=mm&r=g","contentUrl":"https:\/\/secure.gravatar.com\/avatar\/3e69bc2b014bdad41adfec3a39de07d2?s=96&d=mm&r=g","caption":"bvalente"}}]}},"_links":{"self":[{"href":"https:\/\/www.manaus.am.gov.br\/semasc\/wp-json\/wp\/v2\/posts\/211817"}],"collection":[{"href":"https:\/\/www.manaus.am.gov.br\/semasc\/wp-json\/wp\/v2\/posts"}],"about":[{"href":"https:\/\/www.manaus.am.gov.br\/semasc\/wp-json\/wp\/v2\/types\/post"}],"author":[{"embeddable":true,"href":"https:\/\/www.manaus.am.gov.br\/semasc\/wp-json\/wp\/v2\/users\/68"}],"replies":[{"embeddable":true,"href":"https:\/\/www.manaus.am.gov.br\/semasc\/wp-json\/wp\/v2\/comments?post=211817"}],"version-history":[{"count":0,"href":"https:\/\/www.manaus.am.gov.br\/semasc\/wp-json\/wp\/v2\/posts\/211817\/revisions"}],"wp:featuredmedia":[{"embeddable":true,"href":"https:\/\/www.manaus.am.gov.br\/semasc\/wp-json\/wp\/v2\/media\/211818"}],"wp:attachment":[{"href":"https:\/\/www.manaus.am.gov.br\/semasc\/wp-json\/wp\/v2\/media?parent=211817"}],"wp:term":[{"taxonomy":"category","embeddable":true,"href":"https:\/\/www.manaus.am.gov.br\/semasc\/wp-json\/wp\/v2\/categories?post=211817"},{"taxonomy":"post_tag","embeddable":true,"href":"https:\/\/www.manaus.am.gov.br\/semasc\/wp-json\/wp\/v2\/tags?post=211817"}],"curies":[{"name":"wp","href":"https:\/\/api.w.org\/{rel}","templated":true}]}}