{"id":211770,"date":"2025-10-27T15:42:45","date_gmt":"2025-10-27T19:42:45","guid":{"rendered":"https:\/\/www.manaus.am.gov.br\/semasc\/prefeito-david-almeida-vistoria-obras-do-centro-pop-casa-de-passagem-e-cads-no-centro-de-manaus\/"},"modified":"2025-10-27T15:43:54","modified_gmt":"2025-10-27T19:43:54","slug":"vistoria-obras-centro-pop-casa-passagem-cads","status":"publish","type":"post","link":"https:\/\/www.manaus.am.gov.br\/semasc\/vistoria-obras-centro-pop-casa-passagem-cads\/","title":{"rendered":"Prefeito David Almeida vistoria obras do Centro Pop, Casa de Passagem e CADS no Centro de Manaus"},"content":{"rendered":"\n<p>O prefeito de Manaus, David Almeida, vistoriou, nesta segunda-feira, 27\/10, as obras de finaliza\u00e7\u00e3o do Centro Pop, da Casa de Passagem e do Centro de Apoio ao Desenvolvimento Social (CADS), localizados na avenida Joaquim Nabuco, no centro da cidade. Os equipamentos, que fazem parte da rede da Secretaria Municipal da Mulher, Assist\u00eancia Social e Cidadania (Semasc), ser\u00e3o inaugurados oficialmente nesta quinta-feira, 30\/10, \u00e0s 16h.<\/p>\n\n\n\n<p>Durante a visita, o prefeito conferiu os \u00faltimos ajustes de pintura, acabamento, hidr\u00e1ulica, limpeza e instala\u00e7\u00e3o de placas de identifica\u00e7\u00e3o. Ele esteve acompanhado do secret\u00e1rio da Semasc, Saullo Vianna, e tamb\u00e9m dos subsecret\u00e1rios Nildo Mello, Gra\u00e7a Prola e Dermy Rayol.<\/p>\n\n\n\n<p>\u201cEstamos entregando lugares de acolhimento e dignidade. Aqui, cada pessoa ter\u00e1 cama, colch\u00e3o, travesseiro, cobertor, ar-condicionado, caf\u00e9 da manh\u00e3, jantar, produtos de higiene pessoal e a oportunidade de reconstruir a pr\u00f3pria vida. N\u00e3o queremos mais ningu\u00e9m dormindo em pra\u00e7as ou debaixo de marquises e a prefeitura est\u00e1 fazendo a sua parte\u201d, destacou Almeida.<\/p>\n\n\n\n<p>O secret\u00e1rio da Semasc, Saullo Vianna, explicou a integra\u00e7\u00e3o entre os tr\u00eas servi\u00e7os. \u201cEstamos inaugurando o Centro Pop, que funciona durante o dia; a Casa de Passagem, que estar\u00e1 aberta 24 horas para acolher quem precisa; e o CADS, que reunir\u00e1 v\u00e1rias secretarias para oferecer educa\u00e7\u00e3o de jovens e adultos, atendimento em sa\u00fade, cursos profissionalizantes e encaminhamento para empregos. \u00c9 uma estrutura completa para transformar vidas\u201d, afirmou.<\/p>\n\n\n\n<p>A subsecret\u00e1ria Gra\u00e7a Prola ressaltou o car\u00e1ter hist\u00f3rico da entrega. \u201cAt\u00e9 hoje atend\u00edamos pessoas em situa\u00e7\u00e3o de rua nas pra\u00e7as, becos e vielas. Agora teremos um espa\u00e7o integrado, que come\u00e7a no Centro Pop como porta de entrada, pode encaminhar para a Casa de Passagem e, principalmente, cria uma porta de sa\u00edda com profissionaliza\u00e7\u00e3o, educa\u00e7\u00e3o, assist\u00eancia jur\u00eddica e social. Estamos falando de um atendimento rotativo de mais de mil pessoas, todos os dias, incluindo finais de semana e feriados\u201d, explicou.<\/p>\n\n\n\n<p>A iniciativa faz parte do Eixo Social do Plano de Governo, que tem como foco a assist\u00eancia social, a cidadania e a inclus\u00e3o, garantindo \u00e0s popula\u00e7\u00f5es em maior vulnerabilidade condi\u00e7\u00f5es dignas de vida e oportunidades de transforma\u00e7\u00e3o. Com a entrega do Centro Pop, da Casa de Passagem e do CADS, a Prefeitura de Manaus dar\u00e1 um passo in\u00e9dito no acolhimento da popula\u00e7\u00e3o em situa\u00e7\u00e3o de rua, reunindo em um s\u00f3 espa\u00e7o servi\u00e7os de assist\u00eancia imediata, cuidado integral e inser\u00e7\u00e3o social.<\/p>\n\n\n\n<figure class=\"wp-block-image size-large\"><img loading=\"lazy\" decoding=\"async\" width=\"1024\" height=\"652\" src=\"https:\/\/www.manaus.am.gov.br\/semasc\/wp-content\/uploads\/sites\/17\/2025\/10\/Assistencia-4-1024x652.jpeg\" alt=\"\" class=\"wp-image-211772\" srcset=\"https:\/\/www.manaus.am.gov.br\/semasc\/wp-content\/uploads\/sites\/17\/2025\/10\/Assistencia-4-1024x652.jpeg 1024w, https:\/\/www.manaus.am.gov.br\/semasc\/wp-content\/uploads\/sites\/17\/2025\/10\/Assistencia-4-300x191.jpeg 300w, https:\/\/www.manaus.am.gov.br\/semasc\/wp-content\/uploads\/sites\/17\/2025\/10\/Assistencia-4-768x489.jpeg 768w, https:\/\/www.manaus.am.gov.br\/semasc\/wp-content\/uploads\/sites\/17\/2025\/10\/Assistencia-4-1536x978.jpeg 1536w, https:\/\/www.manaus.am.gov.br\/semasc\/wp-content\/uploads\/sites\/17\/2025\/10\/Assistencia-4-2048x1305.jpeg 2048w\" sizes=\"(max-width: 1024px) 100vw, 1024px\" \/><\/figure>\n\n\n\n<p>&#8212; &#8212; &#8212;<\/p>\n\n\n\n<p><strong>Texto &#8211;<\/strong>&nbsp;Emanuelle Baires\/Semcom-Prefeito<\/p>\n\n\n\n<p><strong>Fotos <\/strong>&#8211; Dhyeizo Lemos\/Semcom-Prefeito<\/p>\n\n\n\n<p><strong>Dispon\u00edveis em &#8211;<\/strong> <a href=\"https:\/\/flic.kr\/s\/aHBqjCyJAE\">https:\/\/flic.kr\/s\/aHBqjCyJAE<\/a><\/p>\n","protected":false},"excerpt":{"rendered":"","protected":false},"author":39,"featured_media":211771,"comment_status":"closed","ping_status":"closed","sticky":false,"template":"","format":"standard","meta":{"footnotes":""},"categories":[194],"tags":[1413,1414,1108,205,274,7,18,1415],"acf":[],"yoast_head":"<!-- This site is optimized with the Yoast SEO plugin v23.0 - https:\/\/yoast.com\/wordpress\/plugins\/seo\/ -->\n<title>Prefeito vistoria obras do Centro Pop, Casa de Passagem e CADS<\/title>\n<meta name=\"description\" content=\"Prefeito de Manaus, David Almeida, vistoria obras do Centro Pop, Casa de Passagem e CADS no centro da cidade.\" \/>\n<meta name=\"robots\" content=\"noindex, follow\" \/>\n<meta property=\"og:locale\" content=\"pt_BR\" \/>\n<meta property=\"og:type\" content=\"article\" \/>\n<meta property=\"og:title\" content=\"Prefeito vistoria obras do Centro Pop, Casa de Passagem e CADS\" \/>\n<meta property=\"og:description\" content=\"Prefeito de Manaus, David Almeida, vistoria obras do Centro Pop, Casa de Passagem e CADS no centro da cidade.\" \/>\n<meta property=\"og:url\" content=\"https:\/\/www.manaus.am.gov.br\/semasc\/vistoria-obras-centro-pop-casa-passagem-cads\/\" \/>\n<meta property=\"og:site_name\" content=\"SEMASC\" \/>\n<meta property=\"article:publisher\" content=\"https:\/\/www.facebook.com\/semascmanaus\" \/>\n<meta property=\"article:published_time\" content=\"2025-10-27T19:42:45+00:00\" \/>\n<meta property=\"article:modified_time\" content=\"2025-10-27T19:43:54+00:00\" \/>\n<meta property=\"og:image\" content=\"https:\/\/www.manaus.am.gov.br\/semasc\/wp-content\/uploads\/sites\/17\/2025\/10\/Assistencia-1.jpeg\" \/>\n\t<meta property=\"og:image:width\" content=\"4160\" \/>\n\t<meta property=\"og:image:height\" content=\"2707\" \/>\n\t<meta property=\"og:image:type\" content=\"image\/jpeg\" \/>\n<meta name=\"author\" content=\"Bruna Greco\" \/>\n<meta name=\"twitter:card\" content=\"summary_large_image\" \/>\n<meta name=\"twitter:label1\" content=\"Written by\" \/>\n\t<meta name=\"twitter:data1\" content=\"Bruna Greco\" \/>\n\t<meta name=\"twitter:label2\" content=\"Est. reading time\" \/>\n\t<meta name=\"twitter:data2\" content=\"3 minutos\" \/>\n<script type=\"application\/ld+json\" class=\"yoast-schema-graph\">{\"@context\":\"https:\/\/schema.org\",\"@graph\":[{\"@type\":\"Article\",\"@id\":\"https:\/\/www.manaus.am.gov.br\/semasc\/vistoria-obras-centro-pop-casa-passagem-cads\/#article\",\"isPartOf\":{\"@id\":\"https:\/\/www.manaus.am.gov.br\/semasc\/vistoria-obras-centro-pop-casa-passagem-cads\/\"},\"author\":{\"name\":\"Bruna Greco\",\"@id\":\"https:\/\/www.manaus.am.gov.br\/semasc\/#\/schema\/person\/05d223aea2bf115f9883a6ff3683d81b\"},\"headline\":\"Prefeito David Almeida vistoria obras do Centro Pop, Casa de Passagem e CADS no Centro de Manaus\",\"datePublished\":\"2025-10-27T19:42:45+00:00\",\"dateModified\":\"2025-10-27T19:43:54+00:00\",\"mainEntityOfPage\":{\"@id\":\"https:\/\/www.manaus.am.gov.br\/semasc\/vistoria-obras-centro-pop-casa-passagem-cads\/\"},\"wordCount\":467,\"publisher\":{\"@id\":\"https:\/\/www.manaus.am.gov.br\/semasc\/#organization\"},\"image\":{\"@id\":\"https:\/\/www.manaus.am.gov.br\/semasc\/vistoria-obras-centro-pop-casa-passagem-cads\/#primaryimage\"},\"thumbnailUrl\":\"https:\/\/www.manaus.am.gov.br\/semasc\/wp-content\/uploads\/sites\/17\/2025\/10\/Assistencia-1.jpeg\",\"keywords\":[\"CADS\",\"Casa de Passagem\",\"Centro de Manaus\",\"centro pop\",\"David Almeida\",\"prefeitura de manaus\",\"Semasc\",\"Vistoria de obras\"],\"articleSection\":[\"Assist\u00eancia\"],\"inLanguage\":\"pt-BR\"},{\"@type\":\"WebPage\",\"@id\":\"https:\/\/www.manaus.am.gov.br\/semasc\/vistoria-obras-centro-pop-casa-passagem-cads\/\",\"url\":\"https:\/\/www.manaus.am.gov.br\/semasc\/vistoria-obras-centro-pop-casa-passagem-cads\/\",\"name\":\"Prefeito vistoria obras do Centro Pop, Casa de Passagem e CADS\",\"isPartOf\":{\"@id\":\"https:\/\/www.manaus.am.gov.br\/semasc\/#website\"},\"primaryImageOfPage\":{\"@id\":\"https:\/\/www.manaus.am.gov.br\/semasc\/vistoria-obras-centro-pop-casa-passagem-cads\/#primaryimage\"},\"image\":{\"@id\":\"https:\/\/www.manaus.am.gov.br\/semasc\/vistoria-obras-centro-pop-casa-passagem-cads\/#primaryimage\"},\"thumbnailUrl\":\"https:\/\/www.manaus.am.gov.br\/semasc\/wp-content\/uploads\/sites\/17\/2025\/10\/Assistencia-1.jpeg\",\"datePublished\":\"2025-10-27T19:42:45+00:00\",\"dateModified\":\"2025-10-27T19:43:54+00:00\",\"description\":\"Prefeito de Manaus, David Almeida, vistoria obras do Centro Pop, Casa de Passagem e CADS no centro da cidade.\",\"breadcrumb\":{\"@id\":\"https:\/\/www.manaus.am.gov.br\/semasc\/vistoria-obras-centro-pop-casa-passagem-cads\/#breadcrumb\"},\"inLanguage\":\"pt-BR\",\"potentialAction\":[{\"@type\":\"ReadAction\",\"target\":[\"https:\/\/www.manaus.am.gov.br\/semasc\/vistoria-obras-centro-pop-casa-passagem-cads\/\"]}]},{\"@type\":\"ImageObject\",\"inLanguage\":\"pt-BR\",\"@id\":\"https:\/\/www.manaus.am.gov.br\/semasc\/vistoria-obras-centro-pop-casa-passagem-cads\/#primaryimage\",\"url\":\"https:\/\/www.manaus.am.gov.br\/semasc\/wp-content\/uploads\/sites\/17\/2025\/10\/Assistencia-1.jpeg\",\"contentUrl\":\"https:\/\/www.manaus.am.gov.br\/semasc\/wp-content\/uploads\/sites\/17\/2025\/10\/Assistencia-1.jpeg\",\"width\":4160,\"height\":2707,\"caption\":\"#paratodosverem - Prefeito de Manaus, David Almeida, acompanhado de sua equipe, durante vistoria no Centro Pop na \u00e1rea central da cidade\"},{\"@type\":\"BreadcrumbList\",\"@id\":\"https:\/\/www.manaus.am.gov.br\/semasc\/vistoria-obras-centro-pop-casa-passagem-cads\/#breadcrumb\",\"itemListElement\":[{\"@type\":\"ListItem\",\"position\":1,\"name\":\"Home\",\"item\":\"https:\/\/www.manaus.am.gov.br\/semasc\/\"},{\"@type\":\"ListItem\",\"position\":2,\"name\":\"Prefeito David Almeida vistoria obras do Centro Pop, Casa de Passagem e CADS no Centro de Manaus\"}]},{\"@type\":\"WebSite\",\"@id\":\"https:\/\/www.manaus.am.gov.br\/semasc\/#website\",\"url\":\"https:\/\/www.manaus.am.gov.br\/semasc\/\",\"name\":\"SEMASC\",\"description\":\"Secretaria Municipal da Mulher, Assist\u00eancia Social e Cidadania.\",\"publisher\":{\"@id\":\"https:\/\/www.manaus.am.gov.br\/semasc\/#organization\"},\"alternateName\":\"Secretaria Municipal da Mulher, Assist\u00eancia Social e Cidadania\",\"potentialAction\":[{\"@type\":\"SearchAction\",\"target\":{\"@type\":\"EntryPoint\",\"urlTemplate\":\"https:\/\/www.manaus.am.gov.br\/semasc\/?s={search_term_string}\"},\"query-input\":\"required name=search_term_string\"}],\"inLanguage\":\"pt-BR\"},{\"@type\":\"Organization\",\"@id\":\"https:\/\/www.manaus.am.gov.br\/semasc\/#organization\",\"name\":\"Prefeitura de Manaus\",\"alternateName\":\"Prefeitura Municipal de Manaus\",\"url\":\"https:\/\/www.manaus.am.gov.br\/semasc\/\",\"logo\":{\"@type\":\"ImageObject\",\"inLanguage\":\"pt-BR\",\"@id\":\"https:\/\/www.manaus.am.gov.br\/semasc\/#\/schema\/logo\/image\/\",\"url\":\"https:\/\/www.manaus.am.gov.br\/semasc\/wp-content\/uploads\/sites\/17\/2024\/07\/favicon.png\",\"contentUrl\":\"https:\/\/www.manaus.am.gov.br\/semasc\/wp-content\/uploads\/sites\/17\/2024\/07\/favicon.png\",\"width\":300,\"height\":300,\"caption\":\"Prefeitura de Manaus\"},\"image\":{\"@id\":\"https:\/\/www.manaus.am.gov.br\/semasc\/#\/schema\/logo\/image\/\"},\"sameAs\":[\"https:\/\/www.facebook.com\/semascmanaus\",\"https:\/\/www.instagram.com\/semascmanaus\/\"]},{\"@type\":\"Person\",\"@id\":\"https:\/\/www.manaus.am.gov.br\/semasc\/#\/schema\/person\/05d223aea2bf115f9883a6ff3683d81b\",\"name\":\"Bruna Greco\",\"image\":{\"@type\":\"ImageObject\",\"inLanguage\":\"pt-BR\",\"@id\":\"https:\/\/www.manaus.am.gov.br\/semasc\/#\/schema\/person\/image\/\",\"url\":\"https:\/\/secure.gravatar.com\/avatar\/9c877d1a6adc2a055330e5c09a8653ce?s=96&d=mm&r=g\",\"contentUrl\":\"https:\/\/secure.gravatar.com\/avatar\/9c877d1a6adc2a055330e5c09a8653ce?s=96&d=mm&r=g\",\"caption\":\"Bruna Greco\"}}]}<\/script>\n<!-- \/ Yoast SEO plugin. -->","yoast_head_json":{"title":"Prefeito vistoria obras do Centro Pop, Casa de Passagem e CADS","description":"Prefeito de Manaus, David Almeida, vistoria obras do Centro Pop, Casa de Passagem e CADS no centro da cidade.","robots":{"index":"noindex","follow":"follow"},"og_locale":"pt_BR","og_type":"article","og_title":"Prefeito vistoria obras do Centro Pop, Casa de Passagem e CADS","og_description":"Prefeito de Manaus, David Almeida, vistoria obras do Centro Pop, Casa de Passagem e CADS no centro da cidade.","og_url":"https:\/\/www.manaus.am.gov.br\/semasc\/vistoria-obras-centro-pop-casa-passagem-cads\/","og_site_name":"SEMASC","article_publisher":"https:\/\/www.facebook.com\/semascmanaus","article_published_time":"2025-10-27T19:42:45+00:00","article_modified_time":"2025-10-27T19:43:54+00:00","og_image":[{"width":4160,"height":2707,"url":"https:\/\/www.manaus.am.gov.br\/semasc\/wp-content\/uploads\/sites\/17\/2025\/10\/Assistencia-1.jpeg","type":"image\/jpeg"}],"author":"Bruna Greco","twitter_card":"summary_large_image","twitter_misc":{"Written by":"Bruna Greco","Est. reading time":"3 minutos"},"schema":{"@context":"https:\/\/schema.org","@graph":[{"@type":"Article","@id":"https:\/\/www.manaus.am.gov.br\/semasc\/vistoria-obras-centro-pop-casa-passagem-cads\/#article","isPartOf":{"@id":"https:\/\/www.manaus.am.gov.br\/semasc\/vistoria-obras-centro-pop-casa-passagem-cads\/"},"author":{"name":"Bruna Greco","@id":"https:\/\/www.manaus.am.gov.br\/semasc\/#\/schema\/person\/05d223aea2bf115f9883a6ff3683d81b"},"headline":"Prefeito David Almeida vistoria obras do Centro Pop, Casa de Passagem e CADS no Centro de Manaus","datePublished":"2025-10-27T19:42:45+00:00","dateModified":"2025-10-27T19:43:54+00:00","mainEntityOfPage":{"@id":"https:\/\/www.manaus.am.gov.br\/semasc\/vistoria-obras-centro-pop-casa-passagem-cads\/"},"wordCount":467,"publisher":{"@id":"https:\/\/www.manaus.am.gov.br\/semasc\/#organization"},"image":{"@id":"https:\/\/www.manaus.am.gov.br\/semasc\/vistoria-obras-centro-pop-casa-passagem-cads\/#primaryimage"},"thumbnailUrl":"https:\/\/www.manaus.am.gov.br\/semasc\/wp-content\/uploads\/sites\/17\/2025\/10\/Assistencia-1.jpeg","keywords":["CADS","Casa de Passagem","Centro de Manaus","centro pop","David Almeida","prefeitura de manaus","Semasc","Vistoria de obras"],"articleSection":["Assist\u00eancia"],"inLanguage":"pt-BR"},{"@type":"WebPage","@id":"https:\/\/www.manaus.am.gov.br\/semasc\/vistoria-obras-centro-pop-casa-passagem-cads\/","url":"https:\/\/www.manaus.am.gov.br\/semasc\/vistoria-obras-centro-pop-casa-passagem-cads\/","name":"Prefeito vistoria obras do Centro Pop, Casa de Passagem e CADS","isPartOf":{"@id":"https:\/\/www.manaus.am.gov.br\/semasc\/#website"},"primaryImageOfPage":{"@id":"https:\/\/www.manaus.am.gov.br\/semasc\/vistoria-obras-centro-pop-casa-passagem-cads\/#primaryimage"},"image":{"@id":"https:\/\/www.manaus.am.gov.br\/semasc\/vistoria-obras-centro-pop-casa-passagem-cads\/#primaryimage"},"thumbnailUrl":"https:\/\/www.manaus.am.gov.br\/semasc\/wp-content\/uploads\/sites\/17\/2025\/10\/Assistencia-1.jpeg","datePublished":"2025-10-27T19:42:45+00:00","dateModified":"2025-10-27T19:43:54+00:00","description":"Prefeito de Manaus, David Almeida, vistoria obras do Centro Pop, Casa de Passagem e CADS no centro da cidade.","breadcrumb":{"@id":"https:\/\/www.manaus.am.gov.br\/semasc\/vistoria-obras-centro-pop-casa-passagem-cads\/#breadcrumb"},"inLanguage":"pt-BR","potentialAction":[{"@type":"ReadAction","target":["https:\/\/www.manaus.am.gov.br\/semasc\/vistoria-obras-centro-pop-casa-passagem-cads\/"]}]},{"@type":"ImageObject","inLanguage":"pt-BR","@id":"https:\/\/www.manaus.am.gov.br\/semasc\/vistoria-obras-centro-pop-casa-passagem-cads\/#primaryimage","url":"https:\/\/www.manaus.am.gov.br\/semasc\/wp-content\/uploads\/sites\/17\/2025\/10\/Assistencia-1.jpeg","contentUrl":"https:\/\/www.manaus.am.gov.br\/semasc\/wp-content\/uploads\/sites\/17\/2025\/10\/Assistencia-1.jpeg","width":4160,"height":2707,"caption":"#paratodosverem - Prefeito de Manaus, David Almeida, acompanhado de sua equipe, durante vistoria no Centro Pop na \u00e1rea central da cidade"},{"@type":"BreadcrumbList","@id":"https:\/\/www.manaus.am.gov.br\/semasc\/vistoria-obras-centro-pop-casa-passagem-cads\/#breadcrumb","itemListElement":[{"@type":"ListItem","position":1,"name":"Home","item":"https:\/\/www.manaus.am.gov.br\/semasc\/"},{"@type":"ListItem","position":2,"name":"Prefeito David Almeida vistoria obras do Centro Pop, Casa de Passagem e CADS no Centro de Manaus"}]},{"@type":"WebSite","@id":"https:\/\/www.manaus.am.gov.br\/semasc\/#website","url":"https:\/\/www.manaus.am.gov.br\/semasc\/","name":"SEMASC","description":"Secretaria Municipal da Mulher, Assist\u00eancia Social e Cidadania.","publisher":{"@id":"https:\/\/www.manaus.am.gov.br\/semasc\/#organization"},"alternateName":"Secretaria Municipal da Mulher, Assist\u00eancia Social e Cidadania","potentialAction":[{"@type":"SearchAction","target":{"@type":"EntryPoint","urlTemplate":"https:\/\/www.manaus.am.gov.br\/semasc\/?s={search_term_string}"},"query-input":"required name=search_term_string"}],"inLanguage":"pt-BR"},{"@type":"Organization","@id":"https:\/\/www.manaus.am.gov.br\/semasc\/#organization","name":"Prefeitura de Manaus","alternateName":"Prefeitura Municipal de Manaus","url":"https:\/\/www.manaus.am.gov.br\/semasc\/","logo":{"@type":"ImageObject","inLanguage":"pt-BR","@id":"https:\/\/www.manaus.am.gov.br\/semasc\/#\/schema\/logo\/image\/","url":"https:\/\/www.manaus.am.gov.br\/semasc\/wp-content\/uploads\/sites\/17\/2024\/07\/favicon.png","contentUrl":"https:\/\/www.manaus.am.gov.br\/semasc\/wp-content\/uploads\/sites\/17\/2024\/07\/favicon.png","width":300,"height":300,"caption":"Prefeitura de Manaus"},"image":{"@id":"https:\/\/www.manaus.am.gov.br\/semasc\/#\/schema\/logo\/image\/"},"sameAs":["https:\/\/www.facebook.com\/semascmanaus","https:\/\/www.instagram.com\/semascmanaus\/"]},{"@type":"Person","@id":"https:\/\/www.manaus.am.gov.br\/semasc\/#\/schema\/person\/05d223aea2bf115f9883a6ff3683d81b","name":"Bruna Greco","image":{"@type":"ImageObject","inLanguage":"pt-BR","@id":"https:\/\/www.manaus.am.gov.br\/semasc\/#\/schema\/person\/image\/","url":"https:\/\/secure.gravatar.com\/avatar\/9c877d1a6adc2a055330e5c09a8653ce?s=96&d=mm&r=g","contentUrl":"https:\/\/secure.gravatar.com\/avatar\/9c877d1a6adc2a055330e5c09a8653ce?s=96&d=mm&r=g","caption":"Bruna Greco"}}]}},"_links":{"self":[{"href":"https:\/\/www.manaus.am.gov.br\/semasc\/wp-json\/wp\/v2\/posts\/211770"}],"collection":[{"href":"https:\/\/www.manaus.am.gov.br\/semasc\/wp-json\/wp\/v2\/posts"}],"about":[{"href":"https:\/\/www.manaus.am.gov.br\/semasc\/wp-json\/wp\/v2\/types\/post"}],"author":[{"embeddable":true,"href":"https:\/\/www.manaus.am.gov.br\/semasc\/wp-json\/wp\/v2\/users\/39"}],"replies":[{"embeddable":true,"href":"https:\/\/www.manaus.am.gov.br\/semasc\/wp-json\/wp\/v2\/comments?post=211770"}],"version-history":[{"count":3,"href":"https:\/\/www.manaus.am.gov.br\/semasc\/wp-json\/wp\/v2\/posts\/211770\/revisions"}],"predecessor-version":[{"id":211775,"href":"https:\/\/www.manaus.am.gov.br\/semasc\/wp-json\/wp\/v2\/posts\/211770\/revisions\/211775"}],"wp:featuredmedia":[{"embeddable":true,"href":"https:\/\/www.manaus.am.gov.br\/semasc\/wp-json\/wp\/v2\/media\/211771"}],"wp:attachment":[{"href":"https:\/\/www.manaus.am.gov.br\/semasc\/wp-json\/wp\/v2\/media?parent=211770"}],"wp:term":[{"taxonomy":"category","embeddable":true,"href":"https:\/\/www.manaus.am.gov.br\/semasc\/wp-json\/wp\/v2\/categories?post=211770"},{"taxonomy":"post_tag","embeddable":true,"href":"https:\/\/www.manaus.am.gov.br\/semasc\/wp-json\/wp\/v2\/tags?post=211770"}],"curies":[{"name":"wp","href":"https:\/\/api.w.org\/{rel}","templated":true}]}}