{"id":211624,"date":"2025-09-06T00:02:48","date_gmt":"2025-09-06T04:02:48","guid":{"rendered":"https:\/\/www.manaus.am.gov.br\/semasc\/espaco-pcd-soumanaus\/"},"modified":"2025-09-06T00:02:49","modified_gmt":"2025-09-06T04:02:49","slug":"espaco-pcd-soumanaus","status":"publish","type":"post","link":"https:\/\/www.manaus.am.gov.br\/semasc\/espaco-pcd-soumanaus\/","title":{"rendered":"#SouManaus Passo a Pa\u00e7o 2025 oferece inclus\u00e3o e acessibilidade por meio de espa\u00e7o PcD em palcos do festival"},"content":{"rendered":"\n<p>Maior festival gratuito de Arte Integrada do Brasil, o #SouManaus Passo a Pa\u00e7o 2025 conta o espa\u00e7o exclusivo para Pessoa com Defici\u00eancia (PcD) e portadores do Transtorno do Espectro Autista (TEA) em seus principais palcos, garantindo que a divers\u00e3o seja garantida para todo p\u00fablico.<\/p>\n\n\n\n<p>Durante a abertura do festival, que aconteceu nesta sexta-feira, 5\/9, a supervisora do espa\u00e7o PcD, Jessica Neves, explicou como a prefeitura se organizou para receber esse p\u00fablico. \u201cAs PcDs tamb\u00e9m precisam se divertir. Com isso, a Prefeitura de Manaus teve o cuidado de executar espa\u00e7os em seus principais palcos, o palco Malcher e o Alf\u00e2ndega, com uma \u00e1rea que comporta aproximadamente cem pessoas. Temos um espa\u00e7o tamb\u00e9m para receber as pessoas com transtorno espectro autista (TEA), que fica reservado no mirante L\u00facia Almeida\u201d, diz a respons\u00e1vel.<\/p>\n\n\n\n<p>Para receber o acesso da \u00e1rea, as pessoas portadoras de defici\u00eancia&nbsp;precisaram realizar uma inscri\u00e7\u00e3o e envio de laudo m\u00e9dico para assim receber o acesso v\u00e1lido para o titular e um acompanhante.<\/p>\n\n\n\n<p>A a\u00e7\u00e3o foi aprovada pelo p\u00fablico, como destacou a estudante de medicina veterin\u00e1ria, Silvia Guedes, 40 anos. \u201cEst\u00e1 muito bom o espa\u00e7o. O palco est\u00e1 numa dist\u00e2ncia boa, a altura, a visibilidade, conseguimos prestigiar muito bem. Esses s\u00e3o pontos muito positivos para quem quer assistir um show de qualidade\u201d, diz Silvia.<\/p>\n\n\n\n<p>A Prefeitura de Manaus refor\u00e7a o compromisso com a popula\u00e7\u00e3o por interm\u00e9dio de \u00e1reas como essa, de inclus\u00e3o em um festival de tamanha magnitude como o #SouManaus 2025.<\/p>\n\n\n\n<p>&#8212; &#8212; &#8212;<\/p>\n\n\n\n<p><strong>Texto &#8211;<\/strong> Eduarda Lira \/ Seminf<\/p>\n\n\n\n<p><strong>Fotos &#8211;<\/strong> Sayanne Monteiro \/ Seminf<\/p>\n","protected":false},"excerpt":{"rendered":"","protected":false},"author":57,"featured_media":211625,"comment_status":"closed","ping_status":"closed","sticky":false,"template":"","format":"standard","meta":{"footnotes":""},"categories":[383],"tags":[643,1391,1392,7],"acf":[],"yoast_head":"<!-- This site is optimized with the Yoast SEO plugin v23.0 - https:\/\/yoast.com\/wordpress\/plugins\/seo\/ -->\n<title>#SouManaus oferece inclus\u00e3o por meio de espa\u00e7o PcD nos palcos<\/title>\n<meta name=\"description\" content=\"O #SouManaus Passo a Pa\u00e7o 2025 conta o espa\u00e7o exclusivo para Pessoa com Defici\u00eancia (PcD) e portadores de TEA em seus principais palcos.\" \/>\n<meta name=\"robots\" content=\"noindex, follow\" \/>\n<meta property=\"og:locale\" content=\"pt_BR\" \/>\n<meta property=\"og:type\" content=\"article\" \/>\n<meta property=\"og:title\" content=\"#SouManaus oferece inclus\u00e3o por meio de espa\u00e7o PcD nos palcos\" \/>\n<meta property=\"og:description\" content=\"O #SouManaus Passo a Pa\u00e7o 2025 conta o espa\u00e7o exclusivo para Pessoa com Defici\u00eancia (PcD) e portadores de TEA em seus principais palcos.\" \/>\n<meta property=\"og:url\" content=\"https:\/\/www.manaus.am.gov.br\/semasc\/espaco-pcd-soumanaus\/\" \/>\n<meta property=\"og:site_name\" content=\"SEMASC\" \/>\n<meta property=\"article:publisher\" content=\"https:\/\/www.facebook.com\/semascmanaus\" \/>\n<meta property=\"article:published_time\" content=\"2025-09-06T04:02:48+00:00\" \/>\n<meta property=\"article:modified_time\" content=\"2025-09-06T04:02:49+00:00\" \/>\n<meta property=\"og:image\" content=\"https:\/\/www.manaus.am.gov.br\/semasc\/wp-content\/uploads\/sites\/17\/2025\/09\/espaco-PcD-3.jpg\" \/>\n\t<meta property=\"og:image:width\" content=\"800\" \/>\n\t<meta property=\"og:image:height\" content=\"600\" \/>\n\t<meta property=\"og:image:type\" content=\"image\/jpeg\" \/>\n<meta name=\"author\" content=\"Thiago Fernando\" \/>\n<meta name=\"twitter:card\" content=\"summary_large_image\" \/>\n<meta name=\"twitter:label1\" content=\"Written by\" \/>\n\t<meta name=\"twitter:data1\" content=\"Thiago Fernando\" \/>\n\t<meta name=\"twitter:label2\" content=\"Est. reading time\" \/>\n\t<meta name=\"twitter:data2\" content=\"2 minutos\" \/>\n<script type=\"application\/ld+json\" class=\"yoast-schema-graph\">{\"@context\":\"https:\/\/schema.org\",\"@graph\":[{\"@type\":\"Article\",\"@id\":\"https:\/\/www.manaus.am.gov.br\/semasc\/espaco-pcd-soumanaus\/#article\",\"isPartOf\":{\"@id\":\"https:\/\/www.manaus.am.gov.br\/semasc\/espaco-pcd-soumanaus\/\"},\"author\":{\"name\":\"Thiago Fernando\",\"@id\":\"https:\/\/www.manaus.am.gov.br\/semasc\/#\/schema\/person\/a5ee5376db6e21af026374b369f30882\"},\"headline\":\"#SouManaus Passo a Pa\u00e7o 2025 oferece inclus\u00e3o e acessibilidade por meio de espa\u00e7o PcD em palcos do festival\",\"datePublished\":\"2025-09-06T04:02:48+00:00\",\"dateModified\":\"2025-09-06T04:02:49+00:00\",\"mainEntityOfPage\":{\"@id\":\"https:\/\/www.manaus.am.gov.br\/semasc\/espaco-pcd-soumanaus\/\"},\"wordCount\":299,\"publisher\":{\"@id\":\"https:\/\/www.manaus.am.gov.br\/semasc\/#organization\"},\"image\":{\"@id\":\"https:\/\/www.manaus.am.gov.br\/semasc\/espaco-pcd-soumanaus\/#primaryimage\"},\"thumbnailUrl\":\"https:\/\/www.manaus.am.gov.br\/semasc\/wp-content\/uploads\/sites\/17\/2025\/09\/espaco-PcD-3.jpg\",\"keywords\":[\"#SouManaus\",\"espa\u00e7o PcD\",\"Passo a Pa\u00e7o 2025\",\"prefeitura de manaus\"],\"articleSection\":[\"#SouManaus\"],\"inLanguage\":\"pt-BR\"},{\"@type\":\"WebPage\",\"@id\":\"https:\/\/www.manaus.am.gov.br\/semasc\/espaco-pcd-soumanaus\/\",\"url\":\"https:\/\/www.manaus.am.gov.br\/semasc\/espaco-pcd-soumanaus\/\",\"name\":\"#SouManaus oferece inclus\u00e3o por meio de espa\u00e7o PcD nos palcos\",\"isPartOf\":{\"@id\":\"https:\/\/www.manaus.am.gov.br\/semasc\/#website\"},\"primaryImageOfPage\":{\"@id\":\"https:\/\/www.manaus.am.gov.br\/semasc\/espaco-pcd-soumanaus\/#primaryimage\"},\"image\":{\"@id\":\"https:\/\/www.manaus.am.gov.br\/semasc\/espaco-pcd-soumanaus\/#primaryimage\"},\"thumbnailUrl\":\"https:\/\/www.manaus.am.gov.br\/semasc\/wp-content\/uploads\/sites\/17\/2025\/09\/espaco-PcD-3.jpg\",\"datePublished\":\"2025-09-06T04:02:48+00:00\",\"dateModified\":\"2025-09-06T04:02:49+00:00\",\"description\":\"O #SouManaus Passo a Pa\u00e7o 2025 conta o espa\u00e7o exclusivo para Pessoa com Defici\u00eancia (PcD) e portadores de TEA em seus principais palcos.\",\"breadcrumb\":{\"@id\":\"https:\/\/www.manaus.am.gov.br\/semasc\/espaco-pcd-soumanaus\/#breadcrumb\"},\"inLanguage\":\"pt-BR\",\"potentialAction\":[{\"@type\":\"ReadAction\",\"target\":[\"https:\/\/www.manaus.am.gov.br\/semasc\/espaco-pcd-soumanaus\/\"]}]},{\"@type\":\"ImageObject\",\"inLanguage\":\"pt-BR\",\"@id\":\"https:\/\/www.manaus.am.gov.br\/semasc\/espaco-pcd-soumanaus\/#primaryimage\",\"url\":\"https:\/\/www.manaus.am.gov.br\/semasc\/wp-content\/uploads\/sites\/17\/2025\/09\/espaco-PcD-3.jpg\",\"contentUrl\":\"https:\/\/www.manaus.am.gov.br\/semasc\/wp-content\/uploads\/sites\/17\/2025\/09\/espaco-PcD-3.jpg\",\"width\":800,\"height\":600,\"caption\":\"espa\u00e7o PcD\"},{\"@type\":\"BreadcrumbList\",\"@id\":\"https:\/\/www.manaus.am.gov.br\/semasc\/espaco-pcd-soumanaus\/#breadcrumb\",\"itemListElement\":[{\"@type\":\"ListItem\",\"position\":1,\"name\":\"Home\",\"item\":\"https:\/\/www.manaus.am.gov.br\/semasc\/\"},{\"@type\":\"ListItem\",\"position\":2,\"name\":\"#SouManaus Passo a Pa\u00e7o 2025 oferece inclus\u00e3o e acessibilidade por meio de espa\u00e7o PcD em palcos do festival\"}]},{\"@type\":\"WebSite\",\"@id\":\"https:\/\/www.manaus.am.gov.br\/semasc\/#website\",\"url\":\"https:\/\/www.manaus.am.gov.br\/semasc\/\",\"name\":\"SEMASC\",\"description\":\"Secretaria Municipal da Mulher, Assist\u00eancia Social e Cidadania.\",\"publisher\":{\"@id\":\"https:\/\/www.manaus.am.gov.br\/semasc\/#organization\"},\"alternateName\":\"Secretaria Municipal da Mulher, Assist\u00eancia Social e Cidadania\",\"potentialAction\":[{\"@type\":\"SearchAction\",\"target\":{\"@type\":\"EntryPoint\",\"urlTemplate\":\"https:\/\/www.manaus.am.gov.br\/semasc\/?s={search_term_string}\"},\"query-input\":\"required name=search_term_string\"}],\"inLanguage\":\"pt-BR\"},{\"@type\":\"Organization\",\"@id\":\"https:\/\/www.manaus.am.gov.br\/semasc\/#organization\",\"name\":\"Prefeitura de Manaus\",\"alternateName\":\"Prefeitura Municipal de Manaus\",\"url\":\"https:\/\/www.manaus.am.gov.br\/semasc\/\",\"logo\":{\"@type\":\"ImageObject\",\"inLanguage\":\"pt-BR\",\"@id\":\"https:\/\/www.manaus.am.gov.br\/semasc\/#\/schema\/logo\/image\/\",\"url\":\"https:\/\/www.manaus.am.gov.br\/semasc\/wp-content\/uploads\/sites\/17\/2024\/07\/favicon.png\",\"contentUrl\":\"https:\/\/www.manaus.am.gov.br\/semasc\/wp-content\/uploads\/sites\/17\/2024\/07\/favicon.png\",\"width\":300,\"height\":300,\"caption\":\"Prefeitura de Manaus\"},\"image\":{\"@id\":\"https:\/\/www.manaus.am.gov.br\/semasc\/#\/schema\/logo\/image\/\"},\"sameAs\":[\"https:\/\/www.facebook.com\/semascmanaus\",\"https:\/\/www.instagram.com\/semascmanaus\/\"]},{\"@type\":\"Person\",\"@id\":\"https:\/\/www.manaus.am.gov.br\/semasc\/#\/schema\/person\/a5ee5376db6e21af026374b369f30882\",\"name\":\"Thiago Fernando\",\"image\":{\"@type\":\"ImageObject\",\"inLanguage\":\"pt-BR\",\"@id\":\"https:\/\/www.manaus.am.gov.br\/semasc\/#\/schema\/person\/image\/\",\"url\":\"https:\/\/secure.gravatar.com\/avatar\/f5aab8722444041451501c077052ac07?s=96&d=mm&r=g\",\"contentUrl\":\"https:\/\/secure.gravatar.com\/avatar\/f5aab8722444041451501c077052ac07?s=96&d=mm&r=g\",\"caption\":\"Thiago Fernando\"}}]}<\/script>\n<!-- \/ Yoast SEO plugin. -->","yoast_head_json":{"title":"#SouManaus oferece inclus\u00e3o por meio de espa\u00e7o PcD nos palcos","description":"O #SouManaus Passo a Pa\u00e7o 2025 conta o espa\u00e7o exclusivo para Pessoa com Defici\u00eancia (PcD) e portadores de TEA em seus principais palcos.","robots":{"index":"noindex","follow":"follow"},"og_locale":"pt_BR","og_type":"article","og_title":"#SouManaus oferece inclus\u00e3o por meio de espa\u00e7o PcD nos palcos","og_description":"O #SouManaus Passo a Pa\u00e7o 2025 conta o espa\u00e7o exclusivo para Pessoa com Defici\u00eancia (PcD) e portadores de TEA em seus principais palcos.","og_url":"https:\/\/www.manaus.am.gov.br\/semasc\/espaco-pcd-soumanaus\/","og_site_name":"SEMASC","article_publisher":"https:\/\/www.facebook.com\/semascmanaus","article_published_time":"2025-09-06T04:02:48+00:00","article_modified_time":"2025-09-06T04:02:49+00:00","og_image":[{"width":800,"height":600,"url":"https:\/\/www.manaus.am.gov.br\/semasc\/wp-content\/uploads\/sites\/17\/2025\/09\/espaco-PcD-3.jpg","type":"image\/jpeg"}],"author":"Thiago Fernando","twitter_card":"summary_large_image","twitter_misc":{"Written by":"Thiago Fernando","Est. reading time":"2 minutos"},"schema":{"@context":"https:\/\/schema.org","@graph":[{"@type":"Article","@id":"https:\/\/www.manaus.am.gov.br\/semasc\/espaco-pcd-soumanaus\/#article","isPartOf":{"@id":"https:\/\/www.manaus.am.gov.br\/semasc\/espaco-pcd-soumanaus\/"},"author":{"name":"Thiago Fernando","@id":"https:\/\/www.manaus.am.gov.br\/semasc\/#\/schema\/person\/a5ee5376db6e21af026374b369f30882"},"headline":"#SouManaus Passo a Pa\u00e7o 2025 oferece inclus\u00e3o e acessibilidade por meio de espa\u00e7o PcD em palcos do festival","datePublished":"2025-09-06T04:02:48+00:00","dateModified":"2025-09-06T04:02:49+00:00","mainEntityOfPage":{"@id":"https:\/\/www.manaus.am.gov.br\/semasc\/espaco-pcd-soumanaus\/"},"wordCount":299,"publisher":{"@id":"https:\/\/www.manaus.am.gov.br\/semasc\/#organization"},"image":{"@id":"https:\/\/www.manaus.am.gov.br\/semasc\/espaco-pcd-soumanaus\/#primaryimage"},"thumbnailUrl":"https:\/\/www.manaus.am.gov.br\/semasc\/wp-content\/uploads\/sites\/17\/2025\/09\/espaco-PcD-3.jpg","keywords":["#SouManaus","espa\u00e7o PcD","Passo a Pa\u00e7o 2025","prefeitura de manaus"],"articleSection":["#SouManaus"],"inLanguage":"pt-BR"},{"@type":"WebPage","@id":"https:\/\/www.manaus.am.gov.br\/semasc\/espaco-pcd-soumanaus\/","url":"https:\/\/www.manaus.am.gov.br\/semasc\/espaco-pcd-soumanaus\/","name":"#SouManaus oferece inclus\u00e3o por meio de espa\u00e7o PcD nos palcos","isPartOf":{"@id":"https:\/\/www.manaus.am.gov.br\/semasc\/#website"},"primaryImageOfPage":{"@id":"https:\/\/www.manaus.am.gov.br\/semasc\/espaco-pcd-soumanaus\/#primaryimage"},"image":{"@id":"https:\/\/www.manaus.am.gov.br\/semasc\/espaco-pcd-soumanaus\/#primaryimage"},"thumbnailUrl":"https:\/\/www.manaus.am.gov.br\/semasc\/wp-content\/uploads\/sites\/17\/2025\/09\/espaco-PcD-3.jpg","datePublished":"2025-09-06T04:02:48+00:00","dateModified":"2025-09-06T04:02:49+00:00","description":"O #SouManaus Passo a Pa\u00e7o 2025 conta o espa\u00e7o exclusivo para Pessoa com Defici\u00eancia (PcD) e portadores de TEA em seus principais palcos.","breadcrumb":{"@id":"https:\/\/www.manaus.am.gov.br\/semasc\/espaco-pcd-soumanaus\/#breadcrumb"},"inLanguage":"pt-BR","potentialAction":[{"@type":"ReadAction","target":["https:\/\/www.manaus.am.gov.br\/semasc\/espaco-pcd-soumanaus\/"]}]},{"@type":"ImageObject","inLanguage":"pt-BR","@id":"https:\/\/www.manaus.am.gov.br\/semasc\/espaco-pcd-soumanaus\/#primaryimage","url":"https:\/\/www.manaus.am.gov.br\/semasc\/wp-content\/uploads\/sites\/17\/2025\/09\/espaco-PcD-3.jpg","contentUrl":"https:\/\/www.manaus.am.gov.br\/semasc\/wp-content\/uploads\/sites\/17\/2025\/09\/espaco-PcD-3.jpg","width":800,"height":600,"caption":"espa\u00e7o PcD"},{"@type":"BreadcrumbList","@id":"https:\/\/www.manaus.am.gov.br\/semasc\/espaco-pcd-soumanaus\/#breadcrumb","itemListElement":[{"@type":"ListItem","position":1,"name":"Home","item":"https:\/\/www.manaus.am.gov.br\/semasc\/"},{"@type":"ListItem","position":2,"name":"#SouManaus Passo a Pa\u00e7o 2025 oferece inclus\u00e3o e acessibilidade por meio de espa\u00e7o PcD em palcos do festival"}]},{"@type":"WebSite","@id":"https:\/\/www.manaus.am.gov.br\/semasc\/#website","url":"https:\/\/www.manaus.am.gov.br\/semasc\/","name":"SEMASC","description":"Secretaria Municipal da Mulher, Assist\u00eancia Social e Cidadania.","publisher":{"@id":"https:\/\/www.manaus.am.gov.br\/semasc\/#organization"},"alternateName":"Secretaria Municipal da Mulher, Assist\u00eancia Social e Cidadania","potentialAction":[{"@type":"SearchAction","target":{"@type":"EntryPoint","urlTemplate":"https:\/\/www.manaus.am.gov.br\/semasc\/?s={search_term_string}"},"query-input":"required name=search_term_string"}],"inLanguage":"pt-BR"},{"@type":"Organization","@id":"https:\/\/www.manaus.am.gov.br\/semasc\/#organization","name":"Prefeitura de Manaus","alternateName":"Prefeitura Municipal de Manaus","url":"https:\/\/www.manaus.am.gov.br\/semasc\/","logo":{"@type":"ImageObject","inLanguage":"pt-BR","@id":"https:\/\/www.manaus.am.gov.br\/semasc\/#\/schema\/logo\/image\/","url":"https:\/\/www.manaus.am.gov.br\/semasc\/wp-content\/uploads\/sites\/17\/2024\/07\/favicon.png","contentUrl":"https:\/\/www.manaus.am.gov.br\/semasc\/wp-content\/uploads\/sites\/17\/2024\/07\/favicon.png","width":300,"height":300,"caption":"Prefeitura de Manaus"},"image":{"@id":"https:\/\/www.manaus.am.gov.br\/semasc\/#\/schema\/logo\/image\/"},"sameAs":["https:\/\/www.facebook.com\/semascmanaus","https:\/\/www.instagram.com\/semascmanaus\/"]},{"@type":"Person","@id":"https:\/\/www.manaus.am.gov.br\/semasc\/#\/schema\/person\/a5ee5376db6e21af026374b369f30882","name":"Thiago Fernando","image":{"@type":"ImageObject","inLanguage":"pt-BR","@id":"https:\/\/www.manaus.am.gov.br\/semasc\/#\/schema\/person\/image\/","url":"https:\/\/secure.gravatar.com\/avatar\/f5aab8722444041451501c077052ac07?s=96&d=mm&r=g","contentUrl":"https:\/\/secure.gravatar.com\/avatar\/f5aab8722444041451501c077052ac07?s=96&d=mm&r=g","caption":"Thiago Fernando"}}]}},"_links":{"self":[{"href":"https:\/\/www.manaus.am.gov.br\/semasc\/wp-json\/wp\/v2\/posts\/211624"}],"collection":[{"href":"https:\/\/www.manaus.am.gov.br\/semasc\/wp-json\/wp\/v2\/posts"}],"about":[{"href":"https:\/\/www.manaus.am.gov.br\/semasc\/wp-json\/wp\/v2\/types\/post"}],"author":[{"embeddable":true,"href":"https:\/\/www.manaus.am.gov.br\/semasc\/wp-json\/wp\/v2\/users\/57"}],"replies":[{"embeddable":true,"href":"https:\/\/www.manaus.am.gov.br\/semasc\/wp-json\/wp\/v2\/comments?post=211624"}],"version-history":[{"count":0,"href":"https:\/\/www.manaus.am.gov.br\/semasc\/wp-json\/wp\/v2\/posts\/211624\/revisions"}],"wp:featuredmedia":[{"embeddable":true,"href":"https:\/\/www.manaus.am.gov.br\/semasc\/wp-json\/wp\/v2\/media\/211625"}],"wp:attachment":[{"href":"https:\/\/www.manaus.am.gov.br\/semasc\/wp-json\/wp\/v2\/media?parent=211624"}],"wp:term":[{"taxonomy":"category","embeddable":true,"href":"https:\/\/www.manaus.am.gov.br\/semasc\/wp-json\/wp\/v2\/categories?post=211624"},{"taxonomy":"post_tag","embeddable":true,"href":"https:\/\/www.manaus.am.gov.br\/semasc\/wp-json\/wp\/v2\/tags?post=211624"}],"curies":[{"name":"wp","href":"https:\/\/api.w.org\/{rel}","templated":true}]}}