{"id":211583,"date":"2025-08-04T18:35:21","date_gmt":"2025-08-04T22:35:21","guid":{"rendered":"https:\/\/www.manaus.am.gov.br\/semasc\/atendimento-a-pessoas-em-situacao-de-rua\/"},"modified":"2025-08-04T18:35:22","modified_gmt":"2025-08-04T22:35:22","slug":"atendimento-a-pessoas-em-situacao-de-rua","status":"publish","type":"post","link":"https:\/\/www.manaus.am.gov.br\/semasc\/atendimento-a-pessoas-em-situacao-de-rua\/","title":{"rendered":"Prefeitura de Manaus realiza \u2018Mutir\u00e3o no Bairro\u2019 com atendimento a pessoas em situa\u00e7\u00e3o de rua no Centro da cidade"},"content":{"rendered":"\n<p>A Prefeitura de Manaus, por meio da Secretaria Municipal da Mulher, Assist\u00eancia Social e Cidadania (Semasc), deu in\u00edcio, nesta segunda-feira, 4\/8, \u00e0 nova etapa do programa \u201cMutir\u00e3o no Bairro\u201d, com uma grande a\u00e7\u00e3o de abordagem social no Centro da cidade.<br><br>Nesta primeira fase, as equipes da secretaria atuaram em quatro \u00e1reas priorit\u00e1rias, mapeadas pelo Centro de Coopera\u00e7\u00e3o da Cidade (CCC): orla da Manaus Moderna, pra\u00e7a da Pol\u00edcia, pra\u00e7a da Matriz e pra\u00e7a dos Rem\u00e9dios.<br><br>O secret\u00e1rio da Semasc, Saullo Vianna, destacou que o enfrentamento \u00e0 situa\u00e7\u00e3o de rua passa, necessariamente, pelo combate ao tr\u00e1fico de drogas e ao crime organizado. Segundo ele, o trabalho integrado entre as secretarias \u00e9 essencial para transformar a realidade da regi\u00e3o central da cidade.<br><br>\u201cMuitas vezes se aponta que o problema do Centro s\u00e3o as pessoas em situa\u00e7\u00e3o de rua, mas a raiz est\u00e1 no tr\u00e1fico de drogas e no crime organizado. Essas pessoas s\u00e3o v\u00edtimas dessa realidade e, por isso, nossa equipe de abordagem social atua oferecendo acolhimento, tratamento e oportunidades. A Prefeitura de Manaus, com a participa\u00e7\u00e3o de 16 secretarias, est\u00e1 realizando uma grande opera\u00e7\u00e3o de reordenamento e ocupa\u00e7\u00e3o e a Semasc t\u00eam um papel essencial nesse processo. Estamos aqui para estender a m\u00e3o, reconstruir v\u00ednculos e garantir um atendimento cont\u00ednuo e humanizado para quem mais precisa\u201d, afirmou o secret\u00e1rio.<br><br>Foram realizados cerca de 100 atendimentos sociais, com foco na escuta qualificada, identifica\u00e7\u00e3o de necessidades e encaminhamentos para abrigos e institui\u00e7\u00f5es parceiras especializadas no tratamento da depend\u00eancia qu\u00edmica.<br><br>A a\u00e7\u00e3o tamb\u00e9m contou com um ponto fixo de atendimento na galeria dos Rem\u00e9dios, onde foram oferecidos servi\u00e7os de orienta\u00e7\u00e3o e atualiza\u00e7\u00e3o do Cadastro \u00danico, porta de entrada para benef\u00edcios sociais do Governo Federal, como o Bolsa Fam\u00edlia.<br><br>A opera\u00e7\u00e3o conta com a participa\u00e7\u00e3o de 16 secretarias municipais e tem como objetivo requalificar 49 ruas do Centro de Manaus, por meio de uma a\u00e7\u00e3o coordenada que envolve servi\u00e7os de infraestrutura, limpeza urbana, mobilidade, ordenamento do espa\u00e7o p\u00fablico e assist\u00eancia social, promovendo mais dignidade e qualidade de vida para a popula\u00e7\u00e3o.<\/p>\n\n\n\n<p>&#8212; &#8212; &#8212;<br><strong>Texto &#8211; <\/strong>Syrrames Mendon\u00e7a\/ Semasc<br><strong>Fotos &#8211; <\/strong>Diego Lima\/ Semasc&nbsp;<\/p>\n","protected":false},"excerpt":{"rendered":"","protected":false},"author":68,"featured_media":211584,"comment_status":"closed","ping_status":"closed","sticky":false,"template":"","format":"standard","meta":{"footnotes":""},"categories":[34],"tags":[7,1378,18],"acf":[],"yoast_head":"<!-- This site is optimized with the Yoast SEO plugin v23.0 - https:\/\/yoast.com\/wordpress\/plugins\/seo\/ -->\n<title>Prefeitura de Manaus realiza \u2018Mutir\u00e3o no Bairro\u2019 com atendimento a pessoas em situa\u00e7\u00e3o de rua no Centro da cidade<\/title>\n<meta name=\"description\" content=\"A Prefeitura de Manaus, por meio da Secretaria Municipal da Mulher, Assist\u00eancia Social e Cidadania (Semasc), deu in\u00edcio, nesta segunda-feira, 4\/8, \u00e0 nova etapa do programa \u201cMutir\u00e3o no Bairro\u201d, com uma grande a\u00e7\u00e3o de abordagem social no Centro da cidade.\" \/>\n<meta name=\"robots\" content=\"noindex, follow\" \/>\n<meta property=\"og:locale\" content=\"pt_BR\" \/>\n<meta property=\"og:type\" content=\"article\" \/>\n<meta property=\"og:title\" content=\"Prefeitura de Manaus realiza \u2018Mutir\u00e3o no Bairro\u2019 com atendimento a pessoas em situa\u00e7\u00e3o de rua no Centro da cidade\" \/>\n<meta property=\"og:description\" content=\"A Prefeitura de Manaus, por meio da Secretaria Municipal da Mulher, Assist\u00eancia Social e Cidadania (Semasc), deu in\u00edcio, nesta segunda-feira, 4\/8, \u00e0 nova etapa do programa \u201cMutir\u00e3o no Bairro\u201d, com uma grande a\u00e7\u00e3o de abordagem social no Centro da cidade.\" \/>\n<meta property=\"og:url\" content=\"https:\/\/www.manaus.am.gov.br\/semasc\/atendimento-a-pessoas-em-situacao-de-rua\/\" \/>\n<meta property=\"og:site_name\" content=\"SEMASC\" \/>\n<meta property=\"article:publisher\" content=\"https:\/\/www.facebook.com\/semascmanaus\" \/>\n<meta property=\"article:published_time\" content=\"2025-08-04T22:35:21+00:00\" \/>\n<meta property=\"article:modified_time\" content=\"2025-08-04T22:35:22+00:00\" \/>\n<meta property=\"og:image\" content=\"https:\/\/www.manaus.am.gov.br\/semasc\/wp-content\/uploads\/sites\/17\/2025\/08\/MG_9284.jpeg\" \/>\n\t<meta property=\"og:image:width\" content=\"2976\" \/>\n\t<meta property=\"og:image:height\" content=\"1984\" \/>\n\t<meta property=\"og:image:type\" content=\"image\/jpeg\" \/>\n<meta name=\"author\" content=\"bvalente\" \/>\n<meta name=\"twitter:card\" content=\"summary_large_image\" \/>\n<meta name=\"twitter:label1\" content=\"Written by\" \/>\n\t<meta name=\"twitter:data1\" content=\"bvalente\" \/>\n\t<meta name=\"twitter:label2\" content=\"Est. reading time\" \/>\n\t<meta name=\"twitter:data2\" content=\"3 minutos\" \/>\n<script type=\"application\/ld+json\" class=\"yoast-schema-graph\">{\"@context\":\"https:\/\/schema.org\",\"@graph\":[{\"@type\":\"Article\",\"@id\":\"https:\/\/www.manaus.am.gov.br\/semasc\/atendimento-a-pessoas-em-situacao-de-rua\/#article\",\"isPartOf\":{\"@id\":\"https:\/\/www.manaus.am.gov.br\/semasc\/atendimento-a-pessoas-em-situacao-de-rua\/\"},\"author\":{\"name\":\"bvalente\",\"@id\":\"https:\/\/www.manaus.am.gov.br\/semasc\/#\/schema\/person\/466a0e03ae4b6062809046bd560ac955\"},\"headline\":\"Prefeitura de Manaus realiza \u2018Mutir\u00e3o no Bairro\u2019 com atendimento a pessoas em situa\u00e7\u00e3o de rua no Centro da cidade\",\"datePublished\":\"2025-08-04T22:35:21+00:00\",\"dateModified\":\"2025-08-04T22:35:22+00:00\",\"mainEntityOfPage\":{\"@id\":\"https:\/\/www.manaus.am.gov.br\/semasc\/atendimento-a-pessoas-em-situacao-de-rua\/\"},\"wordCount\":411,\"publisher\":{\"@id\":\"https:\/\/www.manaus.am.gov.br\/semasc\/#organization\"},\"image\":{\"@id\":\"https:\/\/www.manaus.am.gov.br\/semasc\/atendimento-a-pessoas-em-situacao-de-rua\/#primaryimage\"},\"thumbnailUrl\":\"https:\/\/www.manaus.am.gov.br\/semasc\/wp-content\/uploads\/sites\/17\/2025\/08\/MG_9284.jpeg\",\"keywords\":[\"prefeitura de manaus\",\"Prefeitura de Manaus realiza \u2018Mutir\u00e3o no Bairro\u2019 com atendimento a pessoas em situa\u00e7\u00e3o de rua no Centro da cidade\",\"Semasc\"],\"articleSection\":[\"Assist\u00eancia Social\"],\"inLanguage\":\"pt-BR\"},{\"@type\":\"WebPage\",\"@id\":\"https:\/\/www.manaus.am.gov.br\/semasc\/atendimento-a-pessoas-em-situacao-de-rua\/\",\"url\":\"https:\/\/www.manaus.am.gov.br\/semasc\/atendimento-a-pessoas-em-situacao-de-rua\/\",\"name\":\"Prefeitura de Manaus realiza \u2018Mutir\u00e3o no Bairro\u2019 com atendimento a pessoas em situa\u00e7\u00e3o de rua no Centro da cidade\",\"isPartOf\":{\"@id\":\"https:\/\/www.manaus.am.gov.br\/semasc\/#website\"},\"primaryImageOfPage\":{\"@id\":\"https:\/\/www.manaus.am.gov.br\/semasc\/atendimento-a-pessoas-em-situacao-de-rua\/#primaryimage\"},\"image\":{\"@id\":\"https:\/\/www.manaus.am.gov.br\/semasc\/atendimento-a-pessoas-em-situacao-de-rua\/#primaryimage\"},\"thumbnailUrl\":\"https:\/\/www.manaus.am.gov.br\/semasc\/wp-content\/uploads\/sites\/17\/2025\/08\/MG_9284.jpeg\",\"datePublished\":\"2025-08-04T22:35:21+00:00\",\"dateModified\":\"2025-08-04T22:35:22+00:00\",\"description\":\"A Prefeitura de Manaus, por meio da Secretaria Municipal da Mulher, Assist\u00eancia Social e Cidadania (Semasc), deu in\u00edcio, nesta segunda-feira, 4\/8, \u00e0 nova etapa do programa \u201cMutir\u00e3o no Bairro\u201d, com uma grande a\u00e7\u00e3o de abordagem social no Centro da cidade.\",\"breadcrumb\":{\"@id\":\"https:\/\/www.manaus.am.gov.br\/semasc\/atendimento-a-pessoas-em-situacao-de-rua\/#breadcrumb\"},\"inLanguage\":\"pt-BR\",\"potentialAction\":[{\"@type\":\"ReadAction\",\"target\":[\"https:\/\/www.manaus.am.gov.br\/semasc\/atendimento-a-pessoas-em-situacao-de-rua\/\"]}]},{\"@type\":\"ImageObject\",\"inLanguage\":\"pt-BR\",\"@id\":\"https:\/\/www.manaus.am.gov.br\/semasc\/atendimento-a-pessoas-em-situacao-de-rua\/#primaryimage\",\"url\":\"https:\/\/www.manaus.am.gov.br\/semasc\/wp-content\/uploads\/sites\/17\/2025\/08\/MG_9284.jpeg\",\"contentUrl\":\"https:\/\/www.manaus.am.gov.br\/semasc\/wp-content\/uploads\/sites\/17\/2025\/08\/MG_9284.jpeg\",\"width\":2976,\"height\":1984},{\"@type\":\"BreadcrumbList\",\"@id\":\"https:\/\/www.manaus.am.gov.br\/semasc\/atendimento-a-pessoas-em-situacao-de-rua\/#breadcrumb\",\"itemListElement\":[{\"@type\":\"ListItem\",\"position\":1,\"name\":\"Home\",\"item\":\"https:\/\/www.manaus.am.gov.br\/semasc\/\"},{\"@type\":\"ListItem\",\"position\":2,\"name\":\"Prefeitura de Manaus realiza \u2018Mutir\u00e3o no Bairro\u2019 com atendimento a pessoas em situa\u00e7\u00e3o de rua no Centro da cidade\"}]},{\"@type\":\"WebSite\",\"@id\":\"https:\/\/www.manaus.am.gov.br\/semasc\/#website\",\"url\":\"https:\/\/www.manaus.am.gov.br\/semasc\/\",\"name\":\"SEMASC\",\"description\":\"Secretaria Municipal da Mulher, Assist\u00eancia Social e Cidadania.\",\"publisher\":{\"@id\":\"https:\/\/www.manaus.am.gov.br\/semasc\/#organization\"},\"alternateName\":\"Secretaria Municipal da Mulher, Assist\u00eancia Social e Cidadania\",\"potentialAction\":[{\"@type\":\"SearchAction\",\"target\":{\"@type\":\"EntryPoint\",\"urlTemplate\":\"https:\/\/www.manaus.am.gov.br\/semasc\/?s={search_term_string}\"},\"query-input\":\"required name=search_term_string\"}],\"inLanguage\":\"pt-BR\"},{\"@type\":\"Organization\",\"@id\":\"https:\/\/www.manaus.am.gov.br\/semasc\/#organization\",\"name\":\"Prefeitura de Manaus\",\"alternateName\":\"Prefeitura Municipal de Manaus\",\"url\":\"https:\/\/www.manaus.am.gov.br\/semasc\/\",\"logo\":{\"@type\":\"ImageObject\",\"inLanguage\":\"pt-BR\",\"@id\":\"https:\/\/www.manaus.am.gov.br\/semasc\/#\/schema\/logo\/image\/\",\"url\":\"https:\/\/www.manaus.am.gov.br\/semasc\/wp-content\/uploads\/sites\/17\/2024\/07\/favicon.png\",\"contentUrl\":\"https:\/\/www.manaus.am.gov.br\/semasc\/wp-content\/uploads\/sites\/17\/2024\/07\/favicon.png\",\"width\":300,\"height\":300,\"caption\":\"Prefeitura de Manaus\"},\"image\":{\"@id\":\"https:\/\/www.manaus.am.gov.br\/semasc\/#\/schema\/logo\/image\/\"},\"sameAs\":[\"https:\/\/www.facebook.com\/semascmanaus\",\"https:\/\/www.instagram.com\/semascmanaus\/\"]},{\"@type\":\"Person\",\"@id\":\"https:\/\/www.manaus.am.gov.br\/semasc\/#\/schema\/person\/466a0e03ae4b6062809046bd560ac955\",\"name\":\"bvalente\",\"image\":{\"@type\":\"ImageObject\",\"inLanguage\":\"pt-BR\",\"@id\":\"https:\/\/www.manaus.am.gov.br\/semasc\/#\/schema\/person\/image\/\",\"url\":\"https:\/\/secure.gravatar.com\/avatar\/3e69bc2b014bdad41adfec3a39de07d2?s=96&d=mm&r=g\",\"contentUrl\":\"https:\/\/secure.gravatar.com\/avatar\/3e69bc2b014bdad41adfec3a39de07d2?s=96&d=mm&r=g\",\"caption\":\"bvalente\"}}]}<\/script>\n<!-- \/ Yoast SEO plugin. -->","yoast_head_json":{"title":"Prefeitura de Manaus realiza \u2018Mutir\u00e3o no Bairro\u2019 com atendimento a pessoas em situa\u00e7\u00e3o de rua no Centro da cidade","description":"A Prefeitura de Manaus, por meio da Secretaria Municipal da Mulher, Assist\u00eancia Social e Cidadania (Semasc), deu in\u00edcio, nesta segunda-feira, 4\/8, \u00e0 nova etapa do programa \u201cMutir\u00e3o no Bairro\u201d, com uma grande a\u00e7\u00e3o de abordagem social no Centro da cidade.","robots":{"index":"noindex","follow":"follow"},"og_locale":"pt_BR","og_type":"article","og_title":"Prefeitura de Manaus realiza \u2018Mutir\u00e3o no Bairro\u2019 com atendimento a pessoas em situa\u00e7\u00e3o de rua no Centro da cidade","og_description":"A Prefeitura de Manaus, por meio da Secretaria Municipal da Mulher, Assist\u00eancia Social e Cidadania (Semasc), deu in\u00edcio, nesta segunda-feira, 4\/8, \u00e0 nova etapa do programa \u201cMutir\u00e3o no Bairro\u201d, com uma grande a\u00e7\u00e3o de abordagem social no Centro da cidade.","og_url":"https:\/\/www.manaus.am.gov.br\/semasc\/atendimento-a-pessoas-em-situacao-de-rua\/","og_site_name":"SEMASC","article_publisher":"https:\/\/www.facebook.com\/semascmanaus","article_published_time":"2025-08-04T22:35:21+00:00","article_modified_time":"2025-08-04T22:35:22+00:00","og_image":[{"width":2976,"height":1984,"url":"https:\/\/www.manaus.am.gov.br\/semasc\/wp-content\/uploads\/sites\/17\/2025\/08\/MG_9284.jpeg","type":"image\/jpeg"}],"author":"bvalente","twitter_card":"summary_large_image","twitter_misc":{"Written by":"bvalente","Est. reading time":"3 minutos"},"schema":{"@context":"https:\/\/schema.org","@graph":[{"@type":"Article","@id":"https:\/\/www.manaus.am.gov.br\/semasc\/atendimento-a-pessoas-em-situacao-de-rua\/#article","isPartOf":{"@id":"https:\/\/www.manaus.am.gov.br\/semasc\/atendimento-a-pessoas-em-situacao-de-rua\/"},"author":{"name":"bvalente","@id":"https:\/\/www.manaus.am.gov.br\/semasc\/#\/schema\/person\/466a0e03ae4b6062809046bd560ac955"},"headline":"Prefeitura de Manaus realiza \u2018Mutir\u00e3o no Bairro\u2019 com atendimento a pessoas em situa\u00e7\u00e3o de rua no Centro da cidade","datePublished":"2025-08-04T22:35:21+00:00","dateModified":"2025-08-04T22:35:22+00:00","mainEntityOfPage":{"@id":"https:\/\/www.manaus.am.gov.br\/semasc\/atendimento-a-pessoas-em-situacao-de-rua\/"},"wordCount":411,"publisher":{"@id":"https:\/\/www.manaus.am.gov.br\/semasc\/#organization"},"image":{"@id":"https:\/\/www.manaus.am.gov.br\/semasc\/atendimento-a-pessoas-em-situacao-de-rua\/#primaryimage"},"thumbnailUrl":"https:\/\/www.manaus.am.gov.br\/semasc\/wp-content\/uploads\/sites\/17\/2025\/08\/MG_9284.jpeg","keywords":["prefeitura de manaus","Prefeitura de Manaus realiza \u2018Mutir\u00e3o no Bairro\u2019 com atendimento a pessoas em situa\u00e7\u00e3o de rua no Centro da cidade","Semasc"],"articleSection":["Assist\u00eancia Social"],"inLanguage":"pt-BR"},{"@type":"WebPage","@id":"https:\/\/www.manaus.am.gov.br\/semasc\/atendimento-a-pessoas-em-situacao-de-rua\/","url":"https:\/\/www.manaus.am.gov.br\/semasc\/atendimento-a-pessoas-em-situacao-de-rua\/","name":"Prefeitura de Manaus realiza \u2018Mutir\u00e3o no Bairro\u2019 com atendimento a pessoas em situa\u00e7\u00e3o de rua no Centro da cidade","isPartOf":{"@id":"https:\/\/www.manaus.am.gov.br\/semasc\/#website"},"primaryImageOfPage":{"@id":"https:\/\/www.manaus.am.gov.br\/semasc\/atendimento-a-pessoas-em-situacao-de-rua\/#primaryimage"},"image":{"@id":"https:\/\/www.manaus.am.gov.br\/semasc\/atendimento-a-pessoas-em-situacao-de-rua\/#primaryimage"},"thumbnailUrl":"https:\/\/www.manaus.am.gov.br\/semasc\/wp-content\/uploads\/sites\/17\/2025\/08\/MG_9284.jpeg","datePublished":"2025-08-04T22:35:21+00:00","dateModified":"2025-08-04T22:35:22+00:00","description":"A Prefeitura de Manaus, por meio da Secretaria Municipal da Mulher, Assist\u00eancia Social e Cidadania (Semasc), deu in\u00edcio, nesta segunda-feira, 4\/8, \u00e0 nova etapa do programa \u201cMutir\u00e3o no Bairro\u201d, com uma grande a\u00e7\u00e3o de abordagem social no Centro da cidade.","breadcrumb":{"@id":"https:\/\/www.manaus.am.gov.br\/semasc\/atendimento-a-pessoas-em-situacao-de-rua\/#breadcrumb"},"inLanguage":"pt-BR","potentialAction":[{"@type":"ReadAction","target":["https:\/\/www.manaus.am.gov.br\/semasc\/atendimento-a-pessoas-em-situacao-de-rua\/"]}]},{"@type":"ImageObject","inLanguage":"pt-BR","@id":"https:\/\/www.manaus.am.gov.br\/semasc\/atendimento-a-pessoas-em-situacao-de-rua\/#primaryimage","url":"https:\/\/www.manaus.am.gov.br\/semasc\/wp-content\/uploads\/sites\/17\/2025\/08\/MG_9284.jpeg","contentUrl":"https:\/\/www.manaus.am.gov.br\/semasc\/wp-content\/uploads\/sites\/17\/2025\/08\/MG_9284.jpeg","width":2976,"height":1984},{"@type":"BreadcrumbList","@id":"https:\/\/www.manaus.am.gov.br\/semasc\/atendimento-a-pessoas-em-situacao-de-rua\/#breadcrumb","itemListElement":[{"@type":"ListItem","position":1,"name":"Home","item":"https:\/\/www.manaus.am.gov.br\/semasc\/"},{"@type":"ListItem","position":2,"name":"Prefeitura de Manaus realiza \u2018Mutir\u00e3o no Bairro\u2019 com atendimento a pessoas em situa\u00e7\u00e3o de rua no Centro da cidade"}]},{"@type":"WebSite","@id":"https:\/\/www.manaus.am.gov.br\/semasc\/#website","url":"https:\/\/www.manaus.am.gov.br\/semasc\/","name":"SEMASC","description":"Secretaria Municipal da Mulher, Assist\u00eancia Social e Cidadania.","publisher":{"@id":"https:\/\/www.manaus.am.gov.br\/semasc\/#organization"},"alternateName":"Secretaria Municipal da Mulher, Assist\u00eancia Social e Cidadania","potentialAction":[{"@type":"SearchAction","target":{"@type":"EntryPoint","urlTemplate":"https:\/\/www.manaus.am.gov.br\/semasc\/?s={search_term_string}"},"query-input":"required name=search_term_string"}],"inLanguage":"pt-BR"},{"@type":"Organization","@id":"https:\/\/www.manaus.am.gov.br\/semasc\/#organization","name":"Prefeitura de Manaus","alternateName":"Prefeitura Municipal de Manaus","url":"https:\/\/www.manaus.am.gov.br\/semasc\/","logo":{"@type":"ImageObject","inLanguage":"pt-BR","@id":"https:\/\/www.manaus.am.gov.br\/semasc\/#\/schema\/logo\/image\/","url":"https:\/\/www.manaus.am.gov.br\/semasc\/wp-content\/uploads\/sites\/17\/2024\/07\/favicon.png","contentUrl":"https:\/\/www.manaus.am.gov.br\/semasc\/wp-content\/uploads\/sites\/17\/2024\/07\/favicon.png","width":300,"height":300,"caption":"Prefeitura de Manaus"},"image":{"@id":"https:\/\/www.manaus.am.gov.br\/semasc\/#\/schema\/logo\/image\/"},"sameAs":["https:\/\/www.facebook.com\/semascmanaus","https:\/\/www.instagram.com\/semascmanaus\/"]},{"@type":"Person","@id":"https:\/\/www.manaus.am.gov.br\/semasc\/#\/schema\/person\/466a0e03ae4b6062809046bd560ac955","name":"bvalente","image":{"@type":"ImageObject","inLanguage":"pt-BR","@id":"https:\/\/www.manaus.am.gov.br\/semasc\/#\/schema\/person\/image\/","url":"https:\/\/secure.gravatar.com\/avatar\/3e69bc2b014bdad41adfec3a39de07d2?s=96&d=mm&r=g","contentUrl":"https:\/\/secure.gravatar.com\/avatar\/3e69bc2b014bdad41adfec3a39de07d2?s=96&d=mm&r=g","caption":"bvalente"}}]}},"_links":{"self":[{"href":"https:\/\/www.manaus.am.gov.br\/semasc\/wp-json\/wp\/v2\/posts\/211583"}],"collection":[{"href":"https:\/\/www.manaus.am.gov.br\/semasc\/wp-json\/wp\/v2\/posts"}],"about":[{"href":"https:\/\/www.manaus.am.gov.br\/semasc\/wp-json\/wp\/v2\/types\/post"}],"author":[{"embeddable":true,"href":"https:\/\/www.manaus.am.gov.br\/semasc\/wp-json\/wp\/v2\/users\/68"}],"replies":[{"embeddable":true,"href":"https:\/\/www.manaus.am.gov.br\/semasc\/wp-json\/wp\/v2\/comments?post=211583"}],"version-history":[{"count":0,"href":"https:\/\/www.manaus.am.gov.br\/semasc\/wp-json\/wp\/v2\/posts\/211583\/revisions"}],"wp:featuredmedia":[{"embeddable":true,"href":"https:\/\/www.manaus.am.gov.br\/semasc\/wp-json\/wp\/v2\/media\/211584"}],"wp:attachment":[{"href":"https:\/\/www.manaus.am.gov.br\/semasc\/wp-json\/wp\/v2\/media?parent=211583"}],"wp:term":[{"taxonomy":"category","embeddable":true,"href":"https:\/\/www.manaus.am.gov.br\/semasc\/wp-json\/wp\/v2\/categories?post=211583"},{"taxonomy":"post_tag","embeddable":true,"href":"https:\/\/www.manaus.am.gov.br\/semasc\/wp-json\/wp\/v2\/tags?post=211583"}],"curies":[{"name":"wp","href":"https:\/\/api.w.org\/{rel}","templated":true}]}}