{"id":211575,"date":"2025-08-01T11:16:09","date_gmt":"2025-08-01T15:16:09","guid":{"rendered":"https:\/\/www.manaus.am.gov.br\/semasc\/politicas-publicas-seguranca-alimentar\/"},"modified":"2025-08-01T11:16:09","modified_gmt":"2025-08-01T15:16:09","slug":"politicas-publicas-seguranca-alimentar","status":"publish","type":"post","link":"https:\/\/www.manaus.am.gov.br\/semasc\/politicas-publicas-seguranca-alimentar\/","title":{"rendered":"Pol\u00edticas p\u00fablicas da Prefeitura de Manaus contribuem para seguran\u00e7a alimentar na capital"},"content":{"rendered":"\n<p>No m\u00eas em que o Brasil celebra a sa\u00edda do Mapa da Fome, a Prefeitura de Manaus, por meio da Secretaria Municipal da Mulher, Assist\u00eancia Social e Cidadania (Semasc), destaca e refor\u00e7a o trabalho voltado para seguran\u00e7a alimentar que t\u00eam contribu\u00eddo diretamente para esse avan\u00e7o hist\u00f3rico, com 4 milh\u00f5es de refei\u00e7\u00f5es servidas de forma gratuita \u00e0 popula\u00e7\u00e3o. A sa\u00edda do Brasil do Mapa da Fome se deu a partir da m\u00e9dia entre os anos de 2022, 2023 e 2024, quando menos de 2,5% da popula\u00e7\u00e3o brasileira esteve em risco de subnutri\u00e7\u00e3o ou com acesso insuficiente \u00e0 alimenta\u00e7\u00e3o.<\/p>\n\n\n\n<p>Em Manaus, a Semasc tem atuado diariamente com a\u00e7\u00f5es voltadas \u00e0 seguran\u00e7a alimentar e nutricional da popula\u00e7\u00e3o em situa\u00e7\u00e3o de vulnerabilidade. Atualmente, o munic\u00edpio conta com 12 unidades do programa \u201cPrato do Povo\u201d, que oferecem refei\u00e7\u00f5es gratuitas e est\u00e3o distribu\u00eddas por todas as zonas da cidade. Al\u00e9m disso, h\u00e1 cinco \u201cCozinhas Comunit\u00e1rias\u201d e um \u201cRestaurante Popular\u201d, este \u00faltimo oferecendo refei\u00e7\u00f5es a pre\u00e7o simb\u00f3lico.<\/p>\n\n\n\n<p>O secret\u00e1rio da Semasc, Saullo Vianna, enfatiza o compromisso com a seguran\u00e7a alimentar por meio de programas voltados \u00e0 popula\u00e7\u00e3o em situa\u00e7\u00e3o de vulnerabilidade.<\/p>\n\n\n\n<p><br>\u201cA sa\u00edda do Brasil do Mapa da Fome \u00e9 uma conquista hist\u00f3rica, e aqui em Manaus n\u00f3s estamos fazendo a nossa parte para que esse resultado seja permanente. Por meio do programa \u2018Manaus por Voc\u00ea\u2019, vamos fortalecer a\u00e7\u00f5es como o \u2018Prato do Povo\u2019 e as \u2018Cozinhas Comunit\u00e1rias\u2019, al\u00e9m da cria\u00e7\u00e3o do \u2018Banco de Alimentos\u2019 da capital, que vai receber doa\u00e7\u00f5es de feiras e mercados para garantir mais seguran\u00e7a alimentar \u00e0 popula\u00e7\u00e3o em situa\u00e7\u00e3o de vulnerabilidade\u201d, afirma o secret\u00e1rio.<\/p>\n\n\n\n<p>Com 12 unidades espalhadas por todas as zonas da cidade, o \u201cPrato do Povo\u201d oferece diariamente 12 mil refei\u00e7\u00f5es gratuitas \u00e0 popula\u00e7\u00e3o em situa\u00e7\u00e3o de vulnerabilidade social e inseguran\u00e7a alimentar. Al\u00e9m da oferta de alimenta\u00e7\u00e3o, as unidades tamb\u00e9m promovem a\u00e7\u00f5es de educa\u00e7\u00e3o nutricional, orientando os usu\u00e1rios sobre h\u00e1bitos alimentares saud\u00e1veis e o direito \u00e0 alimenta\u00e7\u00e3o adequada.<\/p>\n\n\n\n<p>As \u201cCozinhas Comunit\u00e1rias\u201d t\u00eam como objetivo contribuir para a redu\u00e7\u00e3o da vulnerabilidade social e da inseguran\u00e7a alimentar e nutricional em diversas \u00e1reas da cidade. Com cinco unidades em funcionamento, o servi\u00e7o oferece refei\u00e7\u00f5es nos cinco dias \u00fateis da semana, seguindo um card\u00e1pio balanceado e orientado por nutricionistas. Os usu\u00e1rios s\u00e3o acompanhados, periodicamente, com foco na promo\u00e7\u00e3o da sa\u00fade e na melhoria da qualidade de vida, at\u00e9 que atinjam n\u00edveis satisfat\u00f3rios de nutri\u00e7\u00e3o.<\/p>\n\n\n\n<p>Os \u201cRestaurantes Populares\u201d s\u00e3o voltados \u00e0 oferta de refei\u00e7\u00f5es saud\u00e1veis, balanceadas e acess\u00edveis. Com valor simb\u00f3lico de R$ 1, atendem principalmente trabalhadores urbanos e pessoas em situa\u00e7\u00e3o de vulnerabilidade social, assegurando o direito humano \u00e0 alimenta\u00e7\u00e3o adequada. O servi\u00e7o tamb\u00e9m contribui para a redu\u00e7\u00e3o da inseguran\u00e7a alimentar e para a melhoria da qualidade de vida, com card\u00e1pios elaborados por nutricionistas, garantindo refei\u00e7\u00f5es nutritivas e adequadas \u00e0s necessidades da popula\u00e7\u00e3o.<\/p>\n\n\n\n<figure class=\"wp-block-image size-large\"><img loading=\"lazy\" decoding=\"async\" width=\"1024\" height=\"682\" src=\"https:\/\/www.manaus.am.gov.br\/semasc\/wp-content\/uploads\/sites\/17\/2025\/08\/Seguranca-alimentar-1-1024x682.jpeg\" alt=\"\" class=\"wp-image-211577\" srcset=\"https:\/\/www.manaus.am.gov.br\/semasc\/wp-content\/uploads\/sites\/17\/2025\/08\/Seguranca-alimentar-1-1024x682.jpeg 1024w, https:\/\/www.manaus.am.gov.br\/semasc\/wp-content\/uploads\/sites\/17\/2025\/08\/Seguranca-alimentar-1-300x200.jpeg 300w, https:\/\/www.manaus.am.gov.br\/semasc\/wp-content\/uploads\/sites\/17\/2025\/08\/Seguranca-alimentar-1-768x512.jpeg 768w, https:\/\/www.manaus.am.gov.br\/semasc\/wp-content\/uploads\/sites\/17\/2025\/08\/Seguranca-alimentar-1-1536x1023.jpeg 1536w, https:\/\/www.manaus.am.gov.br\/semasc\/wp-content\/uploads\/sites\/17\/2025\/08\/Seguranca-alimentar-1.jpeg 1600w\" sizes=\"(max-width: 1024px) 100vw, 1024px\" \/><\/figure>\n\n\n\n<p>&#8212; &#8212; &#8212;<\/p>\n\n\n\n<p><strong>Texto<\/strong>\u00a0\u2013 Syrrames Nobre\/Semasc<\/p>\n\n\n\n<p><strong>Fotos<\/strong> \u2013 Diego Lima\/Semasc<\/p>\n","protected":false},"excerpt":{"rendered":"","protected":false},"author":39,"featured_media":211576,"comment_status":"closed","ping_status":"closed","sticky":false,"template":"","format":"standard","meta":{"footnotes":""},"categories":[194],"tags":[805,7,1377,392,18],"acf":[],"yoast_head":"<!-- This site is optimized with the Yoast SEO plugin v23.0 - https:\/\/yoast.com\/wordpress\/plugins\/seo\/ -->\n<title>Pol\u00edticas p\u00fablicas contribuem para seguran\u00e7a alimentar na capital<\/title>\n<meta name=\"description\" content=\"Pol\u00edticas p\u00fablicas da Prefeitura de Manaus, por meio da Semasc, contribuem para seguran\u00e7a alimentar na capital.\" \/>\n<meta name=\"robots\" content=\"noindex, follow\" \/>\n<meta property=\"og:locale\" content=\"pt_BR\" \/>\n<meta property=\"og:type\" content=\"article\" \/>\n<meta property=\"og:title\" content=\"Pol\u00edticas p\u00fablicas contribuem para seguran\u00e7a alimentar na capital\" \/>\n<meta property=\"og:description\" content=\"Pol\u00edticas p\u00fablicas da Prefeitura de Manaus, por meio da Semasc, contribuem para seguran\u00e7a alimentar na capital.\" \/>\n<meta property=\"og:url\" content=\"https:\/\/www.manaus.am.gov.br\/semasc\/politicas-publicas-seguranca-alimentar\/\" \/>\n<meta property=\"og:site_name\" content=\"SEMASC\" \/>\n<meta property=\"article:publisher\" content=\"https:\/\/www.facebook.com\/semascmanaus\" \/>\n<meta property=\"article:published_time\" content=\"2025-08-01T15:16:09+00:00\" \/>\n<meta property=\"og:image\" content=\"https:\/\/www.manaus.am.gov.br\/semasc\/wp-content\/uploads\/sites\/17\/2025\/08\/Seguranca-alimentar-5.jpeg\" \/>\n\t<meta property=\"og:image:width\" content=\"1600\" \/>\n\t<meta property=\"og:image:height\" content=\"1066\" \/>\n\t<meta property=\"og:image:type\" content=\"image\/jpeg\" \/>\n<meta name=\"author\" content=\"Bruna Greco\" \/>\n<meta name=\"twitter:card\" content=\"summary_large_image\" \/>\n<meta name=\"twitter:label1\" content=\"Written by\" \/>\n\t<meta name=\"twitter:data1\" content=\"Bruna Greco\" \/>\n\t<meta name=\"twitter:label2\" content=\"Est. reading time\" \/>\n\t<meta name=\"twitter:data2\" content=\"3 minutos\" \/>\n<script type=\"application\/ld+json\" class=\"yoast-schema-graph\">{\"@context\":\"https:\/\/schema.org\",\"@graph\":[{\"@type\":\"Article\",\"@id\":\"https:\/\/www.manaus.am.gov.br\/semasc\/politicas-publicas-seguranca-alimentar\/#article\",\"isPartOf\":{\"@id\":\"https:\/\/www.manaus.am.gov.br\/semasc\/politicas-publicas-seguranca-alimentar\/\"},\"author\":{\"name\":\"Bruna Greco\",\"@id\":\"https:\/\/www.manaus.am.gov.br\/semasc\/#\/schema\/person\/05d223aea2bf115f9883a6ff3683d81b\"},\"headline\":\"Pol\u00edticas p\u00fablicas da Prefeitura de Manaus contribuem para seguran\u00e7a alimentar na capital\",\"datePublished\":\"2025-08-01T15:16:09+00:00\",\"dateModified\":\"2025-08-01T15:16:09+00:00\",\"mainEntityOfPage\":{\"@id\":\"https:\/\/www.manaus.am.gov.br\/semasc\/politicas-publicas-seguranca-alimentar\/\"},\"wordCount\":553,\"publisher\":{\"@id\":\"https:\/\/www.manaus.am.gov.br\/semasc\/#organization\"},\"image\":{\"@id\":\"https:\/\/www.manaus.am.gov.br\/semasc\/politicas-publicas-seguranca-alimentar\/#primaryimage\"},\"thumbnailUrl\":\"https:\/\/www.manaus.am.gov.br\/semasc\/wp-content\/uploads\/sites\/17\/2025\/08\/Seguranca-alimentar-5.jpeg\",\"keywords\":[\"Pol\u00edticas P\u00fablicas\",\"prefeitura de manaus\",\"sa\u00edda do Mapa da Fome\",\"Seguran\u00e7a Alimentar\",\"Semasc\"],\"articleSection\":[\"Assist\u00eancia\"],\"inLanguage\":\"pt-BR\"},{\"@type\":\"WebPage\",\"@id\":\"https:\/\/www.manaus.am.gov.br\/semasc\/politicas-publicas-seguranca-alimentar\/\",\"url\":\"https:\/\/www.manaus.am.gov.br\/semasc\/politicas-publicas-seguranca-alimentar\/\",\"name\":\"Pol\u00edticas p\u00fablicas contribuem para seguran\u00e7a alimentar na capital\",\"isPartOf\":{\"@id\":\"https:\/\/www.manaus.am.gov.br\/semasc\/#website\"},\"primaryImageOfPage\":{\"@id\":\"https:\/\/www.manaus.am.gov.br\/semasc\/politicas-publicas-seguranca-alimentar\/#primaryimage\"},\"image\":{\"@id\":\"https:\/\/www.manaus.am.gov.br\/semasc\/politicas-publicas-seguranca-alimentar\/#primaryimage\"},\"thumbnailUrl\":\"https:\/\/www.manaus.am.gov.br\/semasc\/wp-content\/uploads\/sites\/17\/2025\/08\/Seguranca-alimentar-5.jpeg\",\"datePublished\":\"2025-08-01T15:16:09+00:00\",\"dateModified\":\"2025-08-01T15:16:09+00:00\",\"description\":\"Pol\u00edticas p\u00fablicas da Prefeitura de Manaus, por meio da Semasc, contribuem para seguran\u00e7a alimentar na capital.\",\"breadcrumb\":{\"@id\":\"https:\/\/www.manaus.am.gov.br\/semasc\/politicas-publicas-seguranca-alimentar\/#breadcrumb\"},\"inLanguage\":\"pt-BR\",\"potentialAction\":[{\"@type\":\"ReadAction\",\"target\":[\"https:\/\/www.manaus.am.gov.br\/semasc\/politicas-publicas-seguranca-alimentar\/\"]}]},{\"@type\":\"ImageObject\",\"inLanguage\":\"pt-BR\",\"@id\":\"https:\/\/www.manaus.am.gov.br\/semasc\/politicas-publicas-seguranca-alimentar\/#primaryimage\",\"url\":\"https:\/\/www.manaus.am.gov.br\/semasc\/wp-content\/uploads\/sites\/17\/2025\/08\/Seguranca-alimentar-5.jpeg\",\"contentUrl\":\"https:\/\/www.manaus.am.gov.br\/semasc\/wp-content\/uploads\/sites\/17\/2025\/08\/Seguranca-alimentar-5.jpeg\",\"width\":1600,\"height\":1066,\"caption\":\"#paratodosverem - Idosa se alimentando em espa\u00e7o p\u00fablico coordenado pela Prefeitura de Manaus\"},{\"@type\":\"BreadcrumbList\",\"@id\":\"https:\/\/www.manaus.am.gov.br\/semasc\/politicas-publicas-seguranca-alimentar\/#breadcrumb\",\"itemListElement\":[{\"@type\":\"ListItem\",\"position\":1,\"name\":\"Home\",\"item\":\"https:\/\/www.manaus.am.gov.br\/semasc\/\"},{\"@type\":\"ListItem\",\"position\":2,\"name\":\"Pol\u00edticas p\u00fablicas da Prefeitura de Manaus contribuem para seguran\u00e7a alimentar na capital\"}]},{\"@type\":\"WebSite\",\"@id\":\"https:\/\/www.manaus.am.gov.br\/semasc\/#website\",\"url\":\"https:\/\/www.manaus.am.gov.br\/semasc\/\",\"name\":\"SEMASC\",\"description\":\"Secretaria Municipal da Mulher, Assist\u00eancia Social e Cidadania.\",\"publisher\":{\"@id\":\"https:\/\/www.manaus.am.gov.br\/semasc\/#organization\"},\"alternateName\":\"Secretaria Municipal da Mulher, Assist\u00eancia Social e Cidadania\",\"potentialAction\":[{\"@type\":\"SearchAction\",\"target\":{\"@type\":\"EntryPoint\",\"urlTemplate\":\"https:\/\/www.manaus.am.gov.br\/semasc\/?s={search_term_string}\"},\"query-input\":\"required name=search_term_string\"}],\"inLanguage\":\"pt-BR\"},{\"@type\":\"Organization\",\"@id\":\"https:\/\/www.manaus.am.gov.br\/semasc\/#organization\",\"name\":\"Prefeitura de Manaus\",\"alternateName\":\"Prefeitura Municipal de Manaus\",\"url\":\"https:\/\/www.manaus.am.gov.br\/semasc\/\",\"logo\":{\"@type\":\"ImageObject\",\"inLanguage\":\"pt-BR\",\"@id\":\"https:\/\/www.manaus.am.gov.br\/semasc\/#\/schema\/logo\/image\/\",\"url\":\"https:\/\/www.manaus.am.gov.br\/semasc\/wp-content\/uploads\/sites\/17\/2024\/07\/favicon.png\",\"contentUrl\":\"https:\/\/www.manaus.am.gov.br\/semasc\/wp-content\/uploads\/sites\/17\/2024\/07\/favicon.png\",\"width\":300,\"height\":300,\"caption\":\"Prefeitura de Manaus\"},\"image\":{\"@id\":\"https:\/\/www.manaus.am.gov.br\/semasc\/#\/schema\/logo\/image\/\"},\"sameAs\":[\"https:\/\/www.facebook.com\/semascmanaus\",\"https:\/\/www.instagram.com\/semascmanaus\/\"]},{\"@type\":\"Person\",\"@id\":\"https:\/\/www.manaus.am.gov.br\/semasc\/#\/schema\/person\/05d223aea2bf115f9883a6ff3683d81b\",\"name\":\"Bruna Greco\",\"image\":{\"@type\":\"ImageObject\",\"inLanguage\":\"pt-BR\",\"@id\":\"https:\/\/www.manaus.am.gov.br\/semasc\/#\/schema\/person\/image\/\",\"url\":\"https:\/\/secure.gravatar.com\/avatar\/9c877d1a6adc2a055330e5c09a8653ce?s=96&d=mm&r=g\",\"contentUrl\":\"https:\/\/secure.gravatar.com\/avatar\/9c877d1a6adc2a055330e5c09a8653ce?s=96&d=mm&r=g\",\"caption\":\"Bruna Greco\"}}]}<\/script>\n<!-- \/ Yoast SEO plugin. -->","yoast_head_json":{"title":"Pol\u00edticas p\u00fablicas contribuem para seguran\u00e7a alimentar na capital","description":"Pol\u00edticas p\u00fablicas da Prefeitura de Manaus, por meio da Semasc, contribuem para seguran\u00e7a alimentar na capital.","robots":{"index":"noindex","follow":"follow"},"og_locale":"pt_BR","og_type":"article","og_title":"Pol\u00edticas p\u00fablicas contribuem para seguran\u00e7a alimentar na capital","og_description":"Pol\u00edticas p\u00fablicas da Prefeitura de Manaus, por meio da Semasc, contribuem para seguran\u00e7a alimentar na capital.","og_url":"https:\/\/www.manaus.am.gov.br\/semasc\/politicas-publicas-seguranca-alimentar\/","og_site_name":"SEMASC","article_publisher":"https:\/\/www.facebook.com\/semascmanaus","article_published_time":"2025-08-01T15:16:09+00:00","og_image":[{"width":1600,"height":1066,"url":"https:\/\/www.manaus.am.gov.br\/semasc\/wp-content\/uploads\/sites\/17\/2025\/08\/Seguranca-alimentar-5.jpeg","type":"image\/jpeg"}],"author":"Bruna Greco","twitter_card":"summary_large_image","twitter_misc":{"Written by":"Bruna Greco","Est. reading time":"3 minutos"},"schema":{"@context":"https:\/\/schema.org","@graph":[{"@type":"Article","@id":"https:\/\/www.manaus.am.gov.br\/semasc\/politicas-publicas-seguranca-alimentar\/#article","isPartOf":{"@id":"https:\/\/www.manaus.am.gov.br\/semasc\/politicas-publicas-seguranca-alimentar\/"},"author":{"name":"Bruna Greco","@id":"https:\/\/www.manaus.am.gov.br\/semasc\/#\/schema\/person\/05d223aea2bf115f9883a6ff3683d81b"},"headline":"Pol\u00edticas p\u00fablicas da Prefeitura de Manaus contribuem para seguran\u00e7a alimentar na capital","datePublished":"2025-08-01T15:16:09+00:00","dateModified":"2025-08-01T15:16:09+00:00","mainEntityOfPage":{"@id":"https:\/\/www.manaus.am.gov.br\/semasc\/politicas-publicas-seguranca-alimentar\/"},"wordCount":553,"publisher":{"@id":"https:\/\/www.manaus.am.gov.br\/semasc\/#organization"},"image":{"@id":"https:\/\/www.manaus.am.gov.br\/semasc\/politicas-publicas-seguranca-alimentar\/#primaryimage"},"thumbnailUrl":"https:\/\/www.manaus.am.gov.br\/semasc\/wp-content\/uploads\/sites\/17\/2025\/08\/Seguranca-alimentar-5.jpeg","keywords":["Pol\u00edticas P\u00fablicas","prefeitura de manaus","sa\u00edda do Mapa da Fome","Seguran\u00e7a Alimentar","Semasc"],"articleSection":["Assist\u00eancia"],"inLanguage":"pt-BR"},{"@type":"WebPage","@id":"https:\/\/www.manaus.am.gov.br\/semasc\/politicas-publicas-seguranca-alimentar\/","url":"https:\/\/www.manaus.am.gov.br\/semasc\/politicas-publicas-seguranca-alimentar\/","name":"Pol\u00edticas p\u00fablicas contribuem para seguran\u00e7a alimentar na capital","isPartOf":{"@id":"https:\/\/www.manaus.am.gov.br\/semasc\/#website"},"primaryImageOfPage":{"@id":"https:\/\/www.manaus.am.gov.br\/semasc\/politicas-publicas-seguranca-alimentar\/#primaryimage"},"image":{"@id":"https:\/\/www.manaus.am.gov.br\/semasc\/politicas-publicas-seguranca-alimentar\/#primaryimage"},"thumbnailUrl":"https:\/\/www.manaus.am.gov.br\/semasc\/wp-content\/uploads\/sites\/17\/2025\/08\/Seguranca-alimentar-5.jpeg","datePublished":"2025-08-01T15:16:09+00:00","dateModified":"2025-08-01T15:16:09+00:00","description":"Pol\u00edticas p\u00fablicas da Prefeitura de Manaus, por meio da Semasc, contribuem para seguran\u00e7a alimentar na capital.","breadcrumb":{"@id":"https:\/\/www.manaus.am.gov.br\/semasc\/politicas-publicas-seguranca-alimentar\/#breadcrumb"},"inLanguage":"pt-BR","potentialAction":[{"@type":"ReadAction","target":["https:\/\/www.manaus.am.gov.br\/semasc\/politicas-publicas-seguranca-alimentar\/"]}]},{"@type":"ImageObject","inLanguage":"pt-BR","@id":"https:\/\/www.manaus.am.gov.br\/semasc\/politicas-publicas-seguranca-alimentar\/#primaryimage","url":"https:\/\/www.manaus.am.gov.br\/semasc\/wp-content\/uploads\/sites\/17\/2025\/08\/Seguranca-alimentar-5.jpeg","contentUrl":"https:\/\/www.manaus.am.gov.br\/semasc\/wp-content\/uploads\/sites\/17\/2025\/08\/Seguranca-alimentar-5.jpeg","width":1600,"height":1066,"caption":"#paratodosverem - Idosa se alimentando em espa\u00e7o p\u00fablico coordenado pela Prefeitura de Manaus"},{"@type":"BreadcrumbList","@id":"https:\/\/www.manaus.am.gov.br\/semasc\/politicas-publicas-seguranca-alimentar\/#breadcrumb","itemListElement":[{"@type":"ListItem","position":1,"name":"Home","item":"https:\/\/www.manaus.am.gov.br\/semasc\/"},{"@type":"ListItem","position":2,"name":"Pol\u00edticas p\u00fablicas da Prefeitura de Manaus contribuem para seguran\u00e7a alimentar na capital"}]},{"@type":"WebSite","@id":"https:\/\/www.manaus.am.gov.br\/semasc\/#website","url":"https:\/\/www.manaus.am.gov.br\/semasc\/","name":"SEMASC","description":"Secretaria Municipal da Mulher, Assist\u00eancia Social e Cidadania.","publisher":{"@id":"https:\/\/www.manaus.am.gov.br\/semasc\/#organization"},"alternateName":"Secretaria Municipal da Mulher, Assist\u00eancia Social e Cidadania","potentialAction":[{"@type":"SearchAction","target":{"@type":"EntryPoint","urlTemplate":"https:\/\/www.manaus.am.gov.br\/semasc\/?s={search_term_string}"},"query-input":"required name=search_term_string"}],"inLanguage":"pt-BR"},{"@type":"Organization","@id":"https:\/\/www.manaus.am.gov.br\/semasc\/#organization","name":"Prefeitura de Manaus","alternateName":"Prefeitura Municipal de Manaus","url":"https:\/\/www.manaus.am.gov.br\/semasc\/","logo":{"@type":"ImageObject","inLanguage":"pt-BR","@id":"https:\/\/www.manaus.am.gov.br\/semasc\/#\/schema\/logo\/image\/","url":"https:\/\/www.manaus.am.gov.br\/semasc\/wp-content\/uploads\/sites\/17\/2024\/07\/favicon.png","contentUrl":"https:\/\/www.manaus.am.gov.br\/semasc\/wp-content\/uploads\/sites\/17\/2024\/07\/favicon.png","width":300,"height":300,"caption":"Prefeitura de Manaus"},"image":{"@id":"https:\/\/www.manaus.am.gov.br\/semasc\/#\/schema\/logo\/image\/"},"sameAs":["https:\/\/www.facebook.com\/semascmanaus","https:\/\/www.instagram.com\/semascmanaus\/"]},{"@type":"Person","@id":"https:\/\/www.manaus.am.gov.br\/semasc\/#\/schema\/person\/05d223aea2bf115f9883a6ff3683d81b","name":"Bruna Greco","image":{"@type":"ImageObject","inLanguage":"pt-BR","@id":"https:\/\/www.manaus.am.gov.br\/semasc\/#\/schema\/person\/image\/","url":"https:\/\/secure.gravatar.com\/avatar\/9c877d1a6adc2a055330e5c09a8653ce?s=96&d=mm&r=g","contentUrl":"https:\/\/secure.gravatar.com\/avatar\/9c877d1a6adc2a055330e5c09a8653ce?s=96&d=mm&r=g","caption":"Bruna Greco"}}]}},"_links":{"self":[{"href":"https:\/\/www.manaus.am.gov.br\/semasc\/wp-json\/wp\/v2\/posts\/211575"}],"collection":[{"href":"https:\/\/www.manaus.am.gov.br\/semasc\/wp-json\/wp\/v2\/posts"}],"about":[{"href":"https:\/\/www.manaus.am.gov.br\/semasc\/wp-json\/wp\/v2\/types\/post"}],"author":[{"embeddable":true,"href":"https:\/\/www.manaus.am.gov.br\/semasc\/wp-json\/wp\/v2\/users\/39"}],"replies":[{"embeddable":true,"href":"https:\/\/www.manaus.am.gov.br\/semasc\/wp-json\/wp\/v2\/comments?post=211575"}],"version-history":[{"count":1,"href":"https:\/\/www.manaus.am.gov.br\/semasc\/wp-json\/wp\/v2\/posts\/211575\/revisions"}],"predecessor-version":[{"id":211578,"href":"https:\/\/www.manaus.am.gov.br\/semasc\/wp-json\/wp\/v2\/posts\/211575\/revisions\/211578"}],"wp:featuredmedia":[{"embeddable":true,"href":"https:\/\/www.manaus.am.gov.br\/semasc\/wp-json\/wp\/v2\/media\/211576"}],"wp:attachment":[{"href":"https:\/\/www.manaus.am.gov.br\/semasc\/wp-json\/wp\/v2\/media?parent=211575"}],"wp:term":[{"taxonomy":"category","embeddable":true,"href":"https:\/\/www.manaus.am.gov.br\/semasc\/wp-json\/wp\/v2\/categories?post=211575"},{"taxonomy":"post_tag","embeddable":true,"href":"https:\/\/www.manaus.am.gov.br\/semasc\/wp-json\/wp\/v2\/tags?post=211575"}],"curies":[{"name":"wp","href":"https:\/\/api.w.org\/{rel}","templated":true}]}}