{"id":211555,"date":"2025-07-18T18:43:17","date_gmt":"2025-07-18T22:43:17","guid":{"rendered":"https:\/\/www.manaus.am.gov.br\/semasc\/auxilio-as-familias-afetadas-rio-negro\/"},"modified":"2025-07-18T18:43:17","modified_gmt":"2025-07-18T22:43:17","slug":"auxilio-as-familias-afetadas-rio-negro","status":"publish","type":"post","link":"https:\/\/www.manaus.am.gov.br\/semasc\/auxilio-as-familias-afetadas-rio-negro\/","title":{"rendered":"Prefeitura de Manaus leva aux\u00edlio \u00e0s fam\u00edlias afetadas pela cheia no rio Negro"},"content":{"rendered":"\n<p>A Prefeitura de Manaus, por meio do Fundo Manaus Solid\u00e1ria (FMS) e da Secretaria Municipal da Mulher, Assist\u00eancia Social e Cidadania (Semasc), deu continuidade, nesta sexta-feira, 18\/7, \u00e0s a\u00e7\u00f5es da opera\u00e7\u00e3o \u201cCheia 2025\u201d, contemplando 150 fam\u00edlias ribeirinhas no rio Negro. As comunidades est\u00e3o sendo atendidas desde a segunda-feira, 13, com a distribui\u00e7\u00e3o de cestas b\u00e1sicas, kits de higiene e limpeza.<br><br>A a\u00e7\u00e3o tem o objetivo de minimizar os efeitos da cheia e garantir assist\u00eancia direta \u00e0s comunidades mais afetadas. A presidente do FMS, Viviana Lira, destacou que a iniciativa faz parte do plano emergencial da Prefeitura de Manaus.<br><br>\u201cHoje, n\u00f3s estamos iniciando aqui na comunidade S\u00e3o Sebasti\u00e3o do Cuiera, estamos presentes, n\u00f3s estaremos em outras comunidades tamb\u00e9m, refor\u00e7ando esse trabalho, refor\u00e7ando esse apoio que \u00e9 t\u00e3o importante para as fam\u00edlias ribeirinhas. Estamos atendendo, al\u00e9m da comunidade S\u00e3o Sebasti\u00e3o do Cuiera, as comunidades ao redor. S\u00e3o quatro comunidades, cerca de 150 fam\u00edlias atendidas\u201d, afirmou Viviana.<br><br>No total, 11 comunidades foram alcan\u00e7adas nesta sexta-feira, sendo S\u00e3o Sebasti\u00e3o do Cuieiras; Tr\u00eas Unidos; Nova Cana\u00e3 do Cuieiras; Nova Esperan\u00e7a do Cuieiras; S\u00e3o Francisco do Chita; Mucura; S\u00e3o Francisco do Solim\u00f5eszinho; Bela Vista Do Jaraqui; Caio\u00e9; Tatul\u00e2ndia e Araras.<br><br>Na oportunidade, o secret\u00e1rio da Semasc, Saullo Vianna, destacou que as a\u00e7\u00f5es seguem tanto na zona rural quanto na urbana.<br><br>\u201cN\u00f3s estamos fazendo uma opera\u00e7\u00e3o para que a gente possa levar ajuda humanit\u00e1ria para as pessoas que foram afetadas de alguma forma, direta ou indiretamente, pela cheia. N\u00f3s estamos fazendo essa a\u00e7\u00e3o em 36 comunidades da zona rural e tamb\u00e9m em nove bairros da zona urbana. Foram feitas nos \u00faltimos dias todas as comunidades do rio Amazonas e hoje n\u00f3s iniciamos as comunidades do rio Negro e n\u00f3s vamos atender com entrega de cesta b\u00e1sica, kit higiene, kit limpeza e \u00e1gua mineral\u201d, destacou Saullo.<br><\/p>\n\n\n\n<figure class=\"wp-block-image size-full\"><img loading=\"lazy\" decoding=\"async\" width=\"799\" height=\"533\" src=\"https:\/\/www.manaus.am.gov.br\/semasc\/wp-content\/uploads\/sites\/17\/2025\/07\/54663998343_cd8c00dfb3_c.jpg\" alt=\"\" class=\"wp-image-211556\" srcset=\"https:\/\/www.manaus.am.gov.br\/semasc\/wp-content\/uploads\/sites\/17\/2025\/07\/54663998343_cd8c00dfb3_c.jpg 799w, https:\/\/www.manaus.am.gov.br\/semasc\/wp-content\/uploads\/sites\/17\/2025\/07\/54663998343_cd8c00dfb3_c-300x200.jpg 300w, https:\/\/www.manaus.am.gov.br\/semasc\/wp-content\/uploads\/sites\/17\/2025\/07\/54663998343_cd8c00dfb3_c-768x512.jpg 768w\" sizes=\"(max-width: 799px) 100vw, 799px\" \/><\/figure>\n\n\n\n<p><br>Na comunidade S\u00e3o Francisco do Chita, a agricultora Rosilde da Silva, de 56 anos, agradeceu as entregas humanit\u00e1rias.<br><br>&#8220;Eu fico muito agradecida, pois nessa cheia j\u00e1 chegou ajuda. Agrade\u00e7o a Deus em primeiro lugar e, em segundo, ao prefeito, ele sempre se lembra da gente, tanto na seca como na cheia, muito obrigada \u00e0 toda equipe da Prefeitura de Manaus&#8221;, falou Rosilde.<br><br>A dona de casa Suely Gomes Pontes, de 45 anos, enfatizou a import\u00e2ncia dos kits de alimenta\u00e7\u00e3o entregues para sua fam\u00edlia.<br><br>&#8220;Para mim, \u00e9 uma alegria receber uma cesta b\u00e1sica. A cheia acabou com minha planta\u00e7\u00e3o de piment\u00e3o e tomate, o rio subiu e chegou na beira da minha casa. Estou emocionada que a prefeitura trouxe essa cesta para gente ficar mais animada e bem amparada&#8221;, relatou Suely.<br><br>Morador da comunidade S\u00e3o Sebasti\u00e3o do rio Cuieiras, Jo\u00e3o Silva, destacou a import\u00e2ncia do apoio.<br><br>&#8220;Essa emo\u00e7\u00e3o ficou engatada, primeiramente agrade\u00e7o a Deus e em segundo ao nosso prefeito David Almeida. Porque Deus est\u00e1 usando a vida dele para ajudar o ribeirinho, ajudar com essa cesta b\u00e1sica, com esse rancho, porque hoje em dia muitos n\u00e3o t\u00eam arroz nem feij\u00e3o, mas hoje n\u00f3s temos ajuda do nosso prefeito&#8221;, relatou Jo\u00e3o.<br><br>As equipes seguem mobilizadas para atender as fam\u00edlias afetadas, refor\u00e7ando o compromisso da Prefeitura de Manaus em proteger e cuidar da popula\u00e7\u00e3o.<br><br>\u2014 \u2014 \u2014<br><strong>Texto \u2013<\/strong> Marcilene Frutuoso\/Semcom<br><strong>Fotos \u2013<\/strong> Cl\u00f3vis Miranda\/Semcom<br><strong>Dispon\u00edveis em &#8211; <\/strong><a href=\"https:\/\/flic.kr\/s\/aHBqjCn2b4\">https:\/\/flic.kr\/s\/aHBqjCn2b4<\/a><\/p>\n","protected":false},"excerpt":{"rendered":"","protected":false},"author":68,"featured_media":211557,"comment_status":"closed","ping_status":"closed","sticky":false,"template":"","format":"standard","meta":{"footnotes":""},"categories":[194],"tags":[7,1370],"acf":[],"yoast_head":"<!-- This site is optimized with the Yoast SEO plugin v23.0 - https:\/\/yoast.com\/wordpress\/plugins\/seo\/ -->\n<title>Prefeitura de Manaus leva aux\u00edlio \u00e0s fam\u00edlias afetadas pela cheia no rio Negro<\/title>\n<meta name=\"description\" content=\"A Prefeitura de Manaus, por meio do Fundo Manaus Solid\u00e1ria (FMS) e da Secretaria Municipal da Mulher, Assist\u00eancia Social e Cidadania (Semasc), deu continuidade, nesta sexta-feira, 18\/7, \u00e0s a\u00e7\u00f5es da opera\u00e7\u00e3o \u201cCheia 2025\u201d, contemplando 150 fam\u00edlias ribeirinhas no rio Negro. As comunidades est\u00e3o sendo atendidas desde a segunda-feira, 13, com a distribui\u00e7\u00e3o de cestas b\u00e1sicas, kits de higiene e limpeza.\" \/>\n<meta name=\"robots\" content=\"noindex, follow\" \/>\n<meta property=\"og:locale\" content=\"pt_BR\" \/>\n<meta property=\"og:type\" content=\"article\" \/>\n<meta property=\"og:title\" content=\"Prefeitura de Manaus leva aux\u00edlio \u00e0s fam\u00edlias afetadas pela cheia no rio Negro\" \/>\n<meta property=\"og:description\" content=\"A Prefeitura de Manaus, por meio do Fundo Manaus Solid\u00e1ria (FMS) e da Secretaria Municipal da Mulher, Assist\u00eancia Social e Cidadania (Semasc), deu continuidade, nesta sexta-feira, 18\/7, \u00e0s a\u00e7\u00f5es da opera\u00e7\u00e3o \u201cCheia 2025\u201d, contemplando 150 fam\u00edlias ribeirinhas no rio Negro. As comunidades est\u00e3o sendo atendidas desde a segunda-feira, 13, com a distribui\u00e7\u00e3o de cestas b\u00e1sicas, kits de higiene e limpeza.\" \/>\n<meta property=\"og:url\" content=\"https:\/\/www.manaus.am.gov.br\/semasc\/auxilio-as-familias-afetadas-rio-negro\/\" \/>\n<meta property=\"og:site_name\" content=\"SEMASC\" \/>\n<meta property=\"article:publisher\" content=\"https:\/\/www.facebook.com\/semascmanaus\" \/>\n<meta property=\"article:published_time\" content=\"2025-07-18T22:43:17+00:00\" \/>\n<meta property=\"og:image\" content=\"https:\/\/www.manaus.am.gov.br\/semasc\/wp-content\/uploads\/sites\/17\/2025\/07\/54662946617_c5d2a24356_c.jpg\" \/>\n\t<meta property=\"og:image:width\" content=\"799\" \/>\n\t<meta property=\"og:image:height\" content=\"533\" \/>\n\t<meta property=\"og:image:type\" content=\"image\/jpeg\" \/>\n<meta name=\"author\" content=\"bvalente\" \/>\n<meta name=\"twitter:card\" content=\"summary_large_image\" \/>\n<meta name=\"twitter:label1\" content=\"Written by\" \/>\n\t<meta name=\"twitter:data1\" content=\"bvalente\" \/>\n\t<meta name=\"twitter:label2\" content=\"Est. reading time\" \/>\n\t<meta name=\"twitter:data2\" content=\"4 minutos\" \/>\n<script type=\"application\/ld+json\" class=\"yoast-schema-graph\">{\"@context\":\"https:\/\/schema.org\",\"@graph\":[{\"@type\":\"Article\",\"@id\":\"https:\/\/www.manaus.am.gov.br\/semasc\/auxilio-as-familias-afetadas-rio-negro\/#article\",\"isPartOf\":{\"@id\":\"https:\/\/www.manaus.am.gov.br\/semasc\/auxilio-as-familias-afetadas-rio-negro\/\"},\"author\":{\"name\":\"bvalente\",\"@id\":\"https:\/\/www.manaus.am.gov.br\/semasc\/#\/schema\/person\/466a0e03ae4b6062809046bd560ac955\"},\"headline\":\"Prefeitura de Manaus leva aux\u00edlio \u00e0s fam\u00edlias afetadas pela cheia no rio Negro\",\"datePublished\":\"2025-07-18T22:43:17+00:00\",\"dateModified\":\"2025-07-18T22:43:17+00:00\",\"mainEntityOfPage\":{\"@id\":\"https:\/\/www.manaus.am.gov.br\/semasc\/auxilio-as-familias-afetadas-rio-negro\/\"},\"wordCount\":610,\"publisher\":{\"@id\":\"https:\/\/www.manaus.am.gov.br\/semasc\/#organization\"},\"image\":{\"@id\":\"https:\/\/www.manaus.am.gov.br\/semasc\/auxilio-as-familias-afetadas-rio-negro\/#primaryimage\"},\"thumbnailUrl\":\"https:\/\/www.manaus.am.gov.br\/semasc\/wp-content\/uploads\/sites\/17\/2025\/07\/54662946617_c5d2a24356_c.jpg\",\"keywords\":[\"prefeitura de manaus\",\"Prefeitura de Manaus leva aux\u00edlio \u00e0s fam\u00edlias afetadas pela cheia no rio Negro\"],\"articleSection\":[\"Assist\u00eancia\"],\"inLanguage\":\"pt-BR\"},{\"@type\":\"WebPage\",\"@id\":\"https:\/\/www.manaus.am.gov.br\/semasc\/auxilio-as-familias-afetadas-rio-negro\/\",\"url\":\"https:\/\/www.manaus.am.gov.br\/semasc\/auxilio-as-familias-afetadas-rio-negro\/\",\"name\":\"Prefeitura de Manaus leva aux\u00edlio \u00e0s fam\u00edlias afetadas pela cheia no rio Negro\",\"isPartOf\":{\"@id\":\"https:\/\/www.manaus.am.gov.br\/semasc\/#website\"},\"primaryImageOfPage\":{\"@id\":\"https:\/\/www.manaus.am.gov.br\/semasc\/auxilio-as-familias-afetadas-rio-negro\/#primaryimage\"},\"image\":{\"@id\":\"https:\/\/www.manaus.am.gov.br\/semasc\/auxilio-as-familias-afetadas-rio-negro\/#primaryimage\"},\"thumbnailUrl\":\"https:\/\/www.manaus.am.gov.br\/semasc\/wp-content\/uploads\/sites\/17\/2025\/07\/54662946617_c5d2a24356_c.jpg\",\"datePublished\":\"2025-07-18T22:43:17+00:00\",\"dateModified\":\"2025-07-18T22:43:17+00:00\",\"description\":\"A Prefeitura de Manaus, por meio do Fundo Manaus Solid\u00e1ria (FMS) e da Secretaria Municipal da Mulher, Assist\u00eancia Social e Cidadania (Semasc), deu continuidade, nesta sexta-feira, 18\/7, \u00e0s a\u00e7\u00f5es da opera\u00e7\u00e3o \u201cCheia 2025\u201d, contemplando 150 fam\u00edlias ribeirinhas no rio Negro. As comunidades est\u00e3o sendo atendidas desde a segunda-feira, 13, com a distribui\u00e7\u00e3o de cestas b\u00e1sicas, kits de higiene e limpeza.\",\"breadcrumb\":{\"@id\":\"https:\/\/www.manaus.am.gov.br\/semasc\/auxilio-as-familias-afetadas-rio-negro\/#breadcrumb\"},\"inLanguage\":\"pt-BR\",\"potentialAction\":[{\"@type\":\"ReadAction\",\"target\":[\"https:\/\/www.manaus.am.gov.br\/semasc\/auxilio-as-familias-afetadas-rio-negro\/\"]}]},{\"@type\":\"ImageObject\",\"inLanguage\":\"pt-BR\",\"@id\":\"https:\/\/www.manaus.am.gov.br\/semasc\/auxilio-as-familias-afetadas-rio-negro\/#primaryimage\",\"url\":\"https:\/\/www.manaus.am.gov.br\/semasc\/wp-content\/uploads\/sites\/17\/2025\/07\/54662946617_c5d2a24356_c.jpg\",\"contentUrl\":\"https:\/\/www.manaus.am.gov.br\/semasc\/wp-content\/uploads\/sites\/17\/2025\/07\/54662946617_c5d2a24356_c.jpg\",\"width\":799,\"height\":533},{\"@type\":\"BreadcrumbList\",\"@id\":\"https:\/\/www.manaus.am.gov.br\/semasc\/auxilio-as-familias-afetadas-rio-negro\/#breadcrumb\",\"itemListElement\":[{\"@type\":\"ListItem\",\"position\":1,\"name\":\"Home\",\"item\":\"https:\/\/www.manaus.am.gov.br\/semasc\/\"},{\"@type\":\"ListItem\",\"position\":2,\"name\":\"Prefeitura de Manaus leva aux\u00edlio \u00e0s fam\u00edlias afetadas pela cheia no rio Negro\"}]},{\"@type\":\"WebSite\",\"@id\":\"https:\/\/www.manaus.am.gov.br\/semasc\/#website\",\"url\":\"https:\/\/www.manaus.am.gov.br\/semasc\/\",\"name\":\"SEMASC\",\"description\":\"Secretaria Municipal da Mulher, Assist\u00eancia Social e Cidadania.\",\"publisher\":{\"@id\":\"https:\/\/www.manaus.am.gov.br\/semasc\/#organization\"},\"alternateName\":\"Secretaria Municipal da Mulher, Assist\u00eancia Social e Cidadania\",\"potentialAction\":[{\"@type\":\"SearchAction\",\"target\":{\"@type\":\"EntryPoint\",\"urlTemplate\":\"https:\/\/www.manaus.am.gov.br\/semasc\/?s={search_term_string}\"},\"query-input\":\"required name=search_term_string\"}],\"inLanguage\":\"pt-BR\"},{\"@type\":\"Organization\",\"@id\":\"https:\/\/www.manaus.am.gov.br\/semasc\/#organization\",\"name\":\"Prefeitura de Manaus\",\"alternateName\":\"Prefeitura Municipal de Manaus\",\"url\":\"https:\/\/www.manaus.am.gov.br\/semasc\/\",\"logo\":{\"@type\":\"ImageObject\",\"inLanguage\":\"pt-BR\",\"@id\":\"https:\/\/www.manaus.am.gov.br\/semasc\/#\/schema\/logo\/image\/\",\"url\":\"https:\/\/www.manaus.am.gov.br\/semasc\/wp-content\/uploads\/sites\/17\/2024\/07\/favicon.png\",\"contentUrl\":\"https:\/\/www.manaus.am.gov.br\/semasc\/wp-content\/uploads\/sites\/17\/2024\/07\/favicon.png\",\"width\":300,\"height\":300,\"caption\":\"Prefeitura de Manaus\"},\"image\":{\"@id\":\"https:\/\/www.manaus.am.gov.br\/semasc\/#\/schema\/logo\/image\/\"},\"sameAs\":[\"https:\/\/www.facebook.com\/semascmanaus\",\"https:\/\/www.instagram.com\/semascmanaus\/\"]},{\"@type\":\"Person\",\"@id\":\"https:\/\/www.manaus.am.gov.br\/semasc\/#\/schema\/person\/466a0e03ae4b6062809046bd560ac955\",\"name\":\"bvalente\",\"image\":{\"@type\":\"ImageObject\",\"inLanguage\":\"pt-BR\",\"@id\":\"https:\/\/www.manaus.am.gov.br\/semasc\/#\/schema\/person\/image\/\",\"url\":\"https:\/\/secure.gravatar.com\/avatar\/3e69bc2b014bdad41adfec3a39de07d2?s=96&d=mm&r=g\",\"contentUrl\":\"https:\/\/secure.gravatar.com\/avatar\/3e69bc2b014bdad41adfec3a39de07d2?s=96&d=mm&r=g\",\"caption\":\"bvalente\"}}]}<\/script>\n<!-- \/ Yoast SEO plugin. -->","yoast_head_json":{"title":"Prefeitura de Manaus leva aux\u00edlio \u00e0s fam\u00edlias afetadas pela cheia no rio Negro","description":"A Prefeitura de Manaus, por meio do Fundo Manaus Solid\u00e1ria (FMS) e da Secretaria Municipal da Mulher, Assist\u00eancia Social e Cidadania (Semasc), deu continuidade, nesta sexta-feira, 18\/7, \u00e0s a\u00e7\u00f5es da opera\u00e7\u00e3o \u201cCheia 2025\u201d, contemplando 150 fam\u00edlias ribeirinhas no rio Negro. As comunidades est\u00e3o sendo atendidas desde a segunda-feira, 13, com a distribui\u00e7\u00e3o de cestas b\u00e1sicas, kits de higiene e limpeza.","robots":{"index":"noindex","follow":"follow"},"og_locale":"pt_BR","og_type":"article","og_title":"Prefeitura de Manaus leva aux\u00edlio \u00e0s fam\u00edlias afetadas pela cheia no rio Negro","og_description":"A Prefeitura de Manaus, por meio do Fundo Manaus Solid\u00e1ria (FMS) e da Secretaria Municipal da Mulher, Assist\u00eancia Social e Cidadania (Semasc), deu continuidade, nesta sexta-feira, 18\/7, \u00e0s a\u00e7\u00f5es da opera\u00e7\u00e3o \u201cCheia 2025\u201d, contemplando 150 fam\u00edlias ribeirinhas no rio Negro. As comunidades est\u00e3o sendo atendidas desde a segunda-feira, 13, com a distribui\u00e7\u00e3o de cestas b\u00e1sicas, kits de higiene e limpeza.","og_url":"https:\/\/www.manaus.am.gov.br\/semasc\/auxilio-as-familias-afetadas-rio-negro\/","og_site_name":"SEMASC","article_publisher":"https:\/\/www.facebook.com\/semascmanaus","article_published_time":"2025-07-18T22:43:17+00:00","og_image":[{"width":799,"height":533,"url":"https:\/\/www.manaus.am.gov.br\/semasc\/wp-content\/uploads\/sites\/17\/2025\/07\/54662946617_c5d2a24356_c.jpg","type":"image\/jpeg"}],"author":"bvalente","twitter_card":"summary_large_image","twitter_misc":{"Written by":"bvalente","Est. reading time":"4 minutos"},"schema":{"@context":"https:\/\/schema.org","@graph":[{"@type":"Article","@id":"https:\/\/www.manaus.am.gov.br\/semasc\/auxilio-as-familias-afetadas-rio-negro\/#article","isPartOf":{"@id":"https:\/\/www.manaus.am.gov.br\/semasc\/auxilio-as-familias-afetadas-rio-negro\/"},"author":{"name":"bvalente","@id":"https:\/\/www.manaus.am.gov.br\/semasc\/#\/schema\/person\/466a0e03ae4b6062809046bd560ac955"},"headline":"Prefeitura de Manaus leva aux\u00edlio \u00e0s fam\u00edlias afetadas pela cheia no rio Negro","datePublished":"2025-07-18T22:43:17+00:00","dateModified":"2025-07-18T22:43:17+00:00","mainEntityOfPage":{"@id":"https:\/\/www.manaus.am.gov.br\/semasc\/auxilio-as-familias-afetadas-rio-negro\/"},"wordCount":610,"publisher":{"@id":"https:\/\/www.manaus.am.gov.br\/semasc\/#organization"},"image":{"@id":"https:\/\/www.manaus.am.gov.br\/semasc\/auxilio-as-familias-afetadas-rio-negro\/#primaryimage"},"thumbnailUrl":"https:\/\/www.manaus.am.gov.br\/semasc\/wp-content\/uploads\/sites\/17\/2025\/07\/54662946617_c5d2a24356_c.jpg","keywords":["prefeitura de manaus","Prefeitura de Manaus leva aux\u00edlio \u00e0s fam\u00edlias afetadas pela cheia no rio Negro"],"articleSection":["Assist\u00eancia"],"inLanguage":"pt-BR"},{"@type":"WebPage","@id":"https:\/\/www.manaus.am.gov.br\/semasc\/auxilio-as-familias-afetadas-rio-negro\/","url":"https:\/\/www.manaus.am.gov.br\/semasc\/auxilio-as-familias-afetadas-rio-negro\/","name":"Prefeitura de Manaus leva aux\u00edlio \u00e0s fam\u00edlias afetadas pela cheia no rio Negro","isPartOf":{"@id":"https:\/\/www.manaus.am.gov.br\/semasc\/#website"},"primaryImageOfPage":{"@id":"https:\/\/www.manaus.am.gov.br\/semasc\/auxilio-as-familias-afetadas-rio-negro\/#primaryimage"},"image":{"@id":"https:\/\/www.manaus.am.gov.br\/semasc\/auxilio-as-familias-afetadas-rio-negro\/#primaryimage"},"thumbnailUrl":"https:\/\/www.manaus.am.gov.br\/semasc\/wp-content\/uploads\/sites\/17\/2025\/07\/54662946617_c5d2a24356_c.jpg","datePublished":"2025-07-18T22:43:17+00:00","dateModified":"2025-07-18T22:43:17+00:00","description":"A Prefeitura de Manaus, por meio do Fundo Manaus Solid\u00e1ria (FMS) e da Secretaria Municipal da Mulher, Assist\u00eancia Social e Cidadania (Semasc), deu continuidade, nesta sexta-feira, 18\/7, \u00e0s a\u00e7\u00f5es da opera\u00e7\u00e3o \u201cCheia 2025\u201d, contemplando 150 fam\u00edlias ribeirinhas no rio Negro. As comunidades est\u00e3o sendo atendidas desde a segunda-feira, 13, com a distribui\u00e7\u00e3o de cestas b\u00e1sicas, kits de higiene e limpeza.","breadcrumb":{"@id":"https:\/\/www.manaus.am.gov.br\/semasc\/auxilio-as-familias-afetadas-rio-negro\/#breadcrumb"},"inLanguage":"pt-BR","potentialAction":[{"@type":"ReadAction","target":["https:\/\/www.manaus.am.gov.br\/semasc\/auxilio-as-familias-afetadas-rio-negro\/"]}]},{"@type":"ImageObject","inLanguage":"pt-BR","@id":"https:\/\/www.manaus.am.gov.br\/semasc\/auxilio-as-familias-afetadas-rio-negro\/#primaryimage","url":"https:\/\/www.manaus.am.gov.br\/semasc\/wp-content\/uploads\/sites\/17\/2025\/07\/54662946617_c5d2a24356_c.jpg","contentUrl":"https:\/\/www.manaus.am.gov.br\/semasc\/wp-content\/uploads\/sites\/17\/2025\/07\/54662946617_c5d2a24356_c.jpg","width":799,"height":533},{"@type":"BreadcrumbList","@id":"https:\/\/www.manaus.am.gov.br\/semasc\/auxilio-as-familias-afetadas-rio-negro\/#breadcrumb","itemListElement":[{"@type":"ListItem","position":1,"name":"Home","item":"https:\/\/www.manaus.am.gov.br\/semasc\/"},{"@type":"ListItem","position":2,"name":"Prefeitura de Manaus leva aux\u00edlio \u00e0s fam\u00edlias afetadas pela cheia no rio Negro"}]},{"@type":"WebSite","@id":"https:\/\/www.manaus.am.gov.br\/semasc\/#website","url":"https:\/\/www.manaus.am.gov.br\/semasc\/","name":"SEMASC","description":"Secretaria Municipal da Mulher, Assist\u00eancia Social e Cidadania.","publisher":{"@id":"https:\/\/www.manaus.am.gov.br\/semasc\/#organization"},"alternateName":"Secretaria Municipal da Mulher, Assist\u00eancia Social e Cidadania","potentialAction":[{"@type":"SearchAction","target":{"@type":"EntryPoint","urlTemplate":"https:\/\/www.manaus.am.gov.br\/semasc\/?s={search_term_string}"},"query-input":"required name=search_term_string"}],"inLanguage":"pt-BR"},{"@type":"Organization","@id":"https:\/\/www.manaus.am.gov.br\/semasc\/#organization","name":"Prefeitura de Manaus","alternateName":"Prefeitura Municipal de Manaus","url":"https:\/\/www.manaus.am.gov.br\/semasc\/","logo":{"@type":"ImageObject","inLanguage":"pt-BR","@id":"https:\/\/www.manaus.am.gov.br\/semasc\/#\/schema\/logo\/image\/","url":"https:\/\/www.manaus.am.gov.br\/semasc\/wp-content\/uploads\/sites\/17\/2024\/07\/favicon.png","contentUrl":"https:\/\/www.manaus.am.gov.br\/semasc\/wp-content\/uploads\/sites\/17\/2024\/07\/favicon.png","width":300,"height":300,"caption":"Prefeitura de Manaus"},"image":{"@id":"https:\/\/www.manaus.am.gov.br\/semasc\/#\/schema\/logo\/image\/"},"sameAs":["https:\/\/www.facebook.com\/semascmanaus","https:\/\/www.instagram.com\/semascmanaus\/"]},{"@type":"Person","@id":"https:\/\/www.manaus.am.gov.br\/semasc\/#\/schema\/person\/466a0e03ae4b6062809046bd560ac955","name":"bvalente","image":{"@type":"ImageObject","inLanguage":"pt-BR","@id":"https:\/\/www.manaus.am.gov.br\/semasc\/#\/schema\/person\/image\/","url":"https:\/\/secure.gravatar.com\/avatar\/3e69bc2b014bdad41adfec3a39de07d2?s=96&d=mm&r=g","contentUrl":"https:\/\/secure.gravatar.com\/avatar\/3e69bc2b014bdad41adfec3a39de07d2?s=96&d=mm&r=g","caption":"bvalente"}}]}},"_links":{"self":[{"href":"https:\/\/www.manaus.am.gov.br\/semasc\/wp-json\/wp\/v2\/posts\/211555"}],"collection":[{"href":"https:\/\/www.manaus.am.gov.br\/semasc\/wp-json\/wp\/v2\/posts"}],"about":[{"href":"https:\/\/www.manaus.am.gov.br\/semasc\/wp-json\/wp\/v2\/types\/post"}],"author":[{"embeddable":true,"href":"https:\/\/www.manaus.am.gov.br\/semasc\/wp-json\/wp\/v2\/users\/68"}],"replies":[{"embeddable":true,"href":"https:\/\/www.manaus.am.gov.br\/semasc\/wp-json\/wp\/v2\/comments?post=211555"}],"version-history":[{"count":1,"href":"https:\/\/www.manaus.am.gov.br\/semasc\/wp-json\/wp\/v2\/posts\/211555\/revisions"}],"predecessor-version":[{"id":211558,"href":"https:\/\/www.manaus.am.gov.br\/semasc\/wp-json\/wp\/v2\/posts\/211555\/revisions\/211558"}],"wp:featuredmedia":[{"embeddable":true,"href":"https:\/\/www.manaus.am.gov.br\/semasc\/wp-json\/wp\/v2\/media\/211557"}],"wp:attachment":[{"href":"https:\/\/www.manaus.am.gov.br\/semasc\/wp-json\/wp\/v2\/media?parent=211555"}],"wp:term":[{"taxonomy":"category","embeddable":true,"href":"https:\/\/www.manaus.am.gov.br\/semasc\/wp-json\/wp\/v2\/categories?post=211555"},{"taxonomy":"post_tag","embeddable":true,"href":"https:\/\/www.manaus.am.gov.br\/semasc\/wp-json\/wp\/v2\/tags?post=211555"}],"curies":[{"name":"wp","href":"https:\/\/api.w.org\/{rel}","templated":true}]}}