{"id":211551,"date":"2025-07-17T17:15:12","date_gmt":"2025-07-17T21:15:12","guid":{"rendered":"https:\/\/www.manaus.am.gov.br\/semasc\/apoio-familias-afetadas-cheia-rio-amazonas\/"},"modified":"2025-07-17T17:15:12","modified_gmt":"2025-07-17T21:15:12","slug":"apoio-familias-afetadas-cheia-rio-amazonas","status":"publish","type":"post","link":"https:\/\/www.manaus.am.gov.br\/semasc\/apoio-familias-afetadas-cheia-rio-amazonas\/","title":{"rendered":"Prefeitura de Manaus refor\u00e7a apoio \u00e0s fam\u00edlias afetadas pela cheia no rio Amazonas"},"content":{"rendered":"\n<p>A Prefeitura de Manaus, por meio do Fundo Manaus Solid\u00e1ria (FMS) e da Secretaria Municipal da Mulher, Assist\u00eancia Social e Cidadania (Semasc), deu continuidade, nesta quinta-feira, 17\/7, \u00e0 nova fase da opera\u00e7\u00e3o \u201cCheia 2025\u201d, contemplando 400 fam\u00edlias ribeirinhas no rio Amazonas. As comunidades ribeirinhas est\u00e3o sendo atendidas desde a segunda-feira, 13\/7, com a distribui\u00e7\u00e3o de cestas b\u00e1sicas, kits de higiene e limpeza.<\/p>\n\n\n\n<p>A presidente do FMS, Viviane Lira, acompanhou a opera\u00e7\u00e3o e destacou que a iniciativa faz parte do plano emergencial da prefeitura para minimizar os efeitos da cheia e garantir assist\u00eancia direta \u00e0s comunidades mais afetadas.<\/p>\n\n\n\n<p>&#8220;A cheia deixa marcas e quem mais sofre s\u00e3o as comunidades ribeirinhas, onde perdem suas planta\u00e7\u00f5es, pois \u00e9 dali que vem o sustento deles. N\u00f3s iniciamos na segunda-feira essa opera\u00e7\u00e3o, e j\u00e1 atendemos mais de 400 fam\u00edlias. Hoje, n\u00f3s fechamos com 19 comunidades atendidas pela Prefeitura de Manaus, encerramos as comunidades ribeirinhas do rio Amazonas e amanh\u00e3 n\u00f3s estaremos indo para o rio Negro\u201d, afirmou Viviane.<\/p>\n\n\n\n<p>No total, cerca de 200 fam\u00edlias foram alcan\u00e7adas nas comunidades de S\u00e3o Pedro, S\u00e3o Francisco Tabocal, Assentamento Nazar\u00e9, S\u00e3o Raimundo, Uni\u00e3o e Progresso e Jatuarana.<\/p>\n\n\n\n<p>A a\u00e7\u00e3o das entregas \u00e0s fam\u00edlias afetadas pela cheia contou com o apoio e participa\u00e7\u00e3o do conselheiro tutelar rural das \u00e1reas ribeirinhas, Manoel J\u00fanior.<\/p>\n\n\n\n<p>&#8220;Hoje, a gente consegue ver a felicidade estampada no rosto de cada um, que recebeu uma cesta b\u00e1sica, um kit de limpeza e um kit de higiene da Prefeitura de Manaus. Isso para n\u00f3s \u00e9 muito gratificante, uma vez que acompanhamos todas essas fam\u00edlias, e fazer com que tenha alimenta\u00e7\u00e3o na sua mesa, para alimentar seus filhos, \u00e9 sempre muito gratificante&#8221;, destacou Manoel.<\/p>\n\n\n\n<p>A aposentada Maria Estela Pereira, de 65 anos, comemorou a quantidade de itens dentro da cesta b\u00e1sica. &#8220;Eu estava precisando, sou muito grata pela a\u00e7\u00e3o da prefeitura e ser\u00e3o dois meses sem comprar rancho&#8221;, relatou Maria.<\/p>\n\n\n\n<p>Alcineide de Souza, de 52 anos, agradeceu pela a\u00e7\u00e3o que veio em boa hora diante da situa\u00e7\u00e3o cr\u00edtica da cheia dos rios.<\/p>\n\n\n\n<p>&#8220;A gente se sente feliz de poder receber voc\u00eas aqui. \u00c9 uma coisa que n\u00e3o esper\u00e1vamos, mas Deus \u00e9 maravilhoso, Ele faz tudo na hora certa. Estou feliz de t\u00ea-los aqui com a gente, recebendo-os na nossa casa. O rancho \u00e9 t\u00e3o grande que vou dividir com a minha filha que precisa tamb\u00e9m. Agrade\u00e7o a Deus em primeiro lugar, e, em segundo lugar, \u00e0 equipe do prefeito David Almeida, eu espero um dia poder agradecer ele pessoalmente&#8221;, disse Neide.<\/p>\n\n\n\n<p>As equipes seguem mobilizadas para atender as fam\u00edlias afetadas, refor\u00e7ando o compromisso da Prefeitura de Manaus em proteger e cuidar da popula\u00e7\u00e3o.<\/p>\n\n\n\n<figure class=\"wp-block-image size-large\"><img loading=\"lazy\" decoding=\"async\" width=\"1024\" height=\"683\" src=\"https:\/\/www.manaus.am.gov.br\/semasc\/wp-content\/uploads\/sites\/17\/2025\/07\/WhatsApp-Image-2025-07-17-at-13.48.53-1024x683.jpeg\" alt=\"\" class=\"wp-image-211552\" srcset=\"https:\/\/www.manaus.am.gov.br\/semasc\/wp-content\/uploads\/sites\/17\/2025\/07\/WhatsApp-Image-2025-07-17-at-13.48.53-1024x683.jpeg 1024w, https:\/\/www.manaus.am.gov.br\/semasc\/wp-content\/uploads\/sites\/17\/2025\/07\/WhatsApp-Image-2025-07-17-at-13.48.53-300x200.jpeg 300w, https:\/\/www.manaus.am.gov.br\/semasc\/wp-content\/uploads\/sites\/17\/2025\/07\/WhatsApp-Image-2025-07-17-at-13.48.53-768x512.jpeg 768w, https:\/\/www.manaus.am.gov.br\/semasc\/wp-content\/uploads\/sites\/17\/2025\/07\/WhatsApp-Image-2025-07-17-at-13.48.53-1536x1024.jpeg 1536w, https:\/\/www.manaus.am.gov.br\/semasc\/wp-content\/uploads\/sites\/17\/2025\/07\/WhatsApp-Image-2025-07-17-at-13.48.53-2048x1365.jpeg 2048w\" sizes=\"(max-width: 1024px) 100vw, 1024px\" \/><\/figure>\n\n\n\n<p>&#8212; &#8212; &#8212;<\/p>\n\n\n\n<p><strong>Texto <\/strong>\u2013 Marcilene Frutuoso\/Semcom<\/p>\n\n\n\n<p><strong>Fotos<\/strong> \u2013 Cl\u00f3vis Miranda\/Semcom<\/p>\n\n\n\n<p><strong>Dispon\u00edveis em &#8211; <\/strong><a href=\"https:\/\/flic.kr\/s\/aHBqjCmNQw\">https:\/\/flic.kr\/s\/aHBqjCmNQw<\/a><\/p>\n","protected":false},"excerpt":{"rendered":"","protected":false},"author":39,"featured_media":211553,"comment_status":"closed","ping_status":"closed","sticky":false,"template":"","format":"standard","meta":{"footnotes":""},"categories":[469],"tags":[1148,1368,1369,1259,7,18],"acf":[],"yoast_head":"<!-- This site is optimized with the Yoast SEO plugin v23.0 - https:\/\/yoast.com\/wordpress\/plugins\/seo\/ -->\n<title>Apoio \u00e0s fam\u00edlias afetadas pela cheia no rio Amazonas<\/title>\n<meta name=\"description\" content=\"Prefeitura de Manaus, por meio do FMS e Semasc, refor\u00e7a apoio \u00e0s fam\u00edlias afetadas pela cheia no rio Amazonas.\" \/>\n<meta name=\"robots\" content=\"noindex, follow\" \/>\n<meta property=\"og:locale\" content=\"pt_BR\" \/>\n<meta property=\"og:type\" content=\"article\" \/>\n<meta property=\"og:title\" content=\"Apoio \u00e0s fam\u00edlias afetadas pela cheia no rio Amazonas\" \/>\n<meta property=\"og:description\" content=\"Prefeitura de Manaus, por meio do FMS e Semasc, refor\u00e7a apoio \u00e0s fam\u00edlias afetadas pela cheia no rio Amazonas.\" \/>\n<meta property=\"og:url\" content=\"https:\/\/www.manaus.am.gov.br\/semasc\/apoio-familias-afetadas-cheia-rio-amazonas\/\" \/>\n<meta property=\"og:site_name\" content=\"SEMASC\" \/>\n<meta property=\"article:publisher\" content=\"https:\/\/www.facebook.com\/semascmanaus\" \/>\n<meta property=\"article:published_time\" content=\"2025-07-17T21:15:12+00:00\" \/>\n<meta property=\"og:image\" content=\"https:\/\/www.manaus.am.gov.br\/semasc\/wp-content\/uploads\/sites\/17\/2025\/07\/WhatsApp-Image-2025-07-17-at-13.47.27.jpeg\" \/>\n\t<meta property=\"og:image:width\" content=\"4160\" \/>\n\t<meta property=\"og:image:height\" content=\"2773\" \/>\n\t<meta property=\"og:image:type\" content=\"image\/jpeg\" \/>\n<meta name=\"author\" content=\"Bruna Greco\" \/>\n<meta name=\"twitter:card\" content=\"summary_large_image\" \/>\n<meta name=\"twitter:label1\" content=\"Written by\" \/>\n\t<meta name=\"twitter:data1\" content=\"Bruna Greco\" \/>\n\t<meta name=\"twitter:label2\" content=\"Est. reading time\" \/>\n\t<meta name=\"twitter:data2\" content=\"3 minutos\" \/>\n<script type=\"application\/ld+json\" class=\"yoast-schema-graph\">{\"@context\":\"https:\/\/schema.org\",\"@graph\":[{\"@type\":\"Article\",\"@id\":\"https:\/\/www.manaus.am.gov.br\/semasc\/apoio-familias-afetadas-cheia-rio-amazonas\/#article\",\"isPartOf\":{\"@id\":\"https:\/\/www.manaus.am.gov.br\/semasc\/apoio-familias-afetadas-cheia-rio-amazonas\/\"},\"author\":{\"name\":\"Bruna Greco\",\"@id\":\"https:\/\/www.manaus.am.gov.br\/semasc\/#\/schema\/person\/05d223aea2bf115f9883a6ff3683d81b\"},\"headline\":\"Prefeitura de Manaus refor\u00e7a apoio \u00e0s fam\u00edlias afetadas pela cheia no rio Amazonas\",\"datePublished\":\"2025-07-17T21:15:12+00:00\",\"dateModified\":\"2025-07-17T21:15:12+00:00\",\"mainEntityOfPage\":{\"@id\":\"https:\/\/www.manaus.am.gov.br\/semasc\/apoio-familias-afetadas-cheia-rio-amazonas\/\"},\"wordCount\":499,\"publisher\":{\"@id\":\"https:\/\/www.manaus.am.gov.br\/semasc\/#organization\"},\"image\":{\"@id\":\"https:\/\/www.manaus.am.gov.br\/semasc\/apoio-familias-afetadas-cheia-rio-amazonas\/#primaryimage\"},\"thumbnailUrl\":\"https:\/\/www.manaus.am.gov.br\/semasc\/wp-content\/uploads\/sites\/17\/2025\/07\/WhatsApp-Image-2025-07-17-at-13.47.27.jpeg\",\"keywords\":[\"apoio\",\"cheia no rio Amazonas\",\"fam\u00edlias afetadas\",\"Fundo Manaus Solid\u00e1ria\",\"prefeitura de manaus\",\"Semasc\"],\"articleSection\":[\"Opera\u00e7\u00e3o\"],\"inLanguage\":\"pt-BR\"},{\"@type\":\"WebPage\",\"@id\":\"https:\/\/www.manaus.am.gov.br\/semasc\/apoio-familias-afetadas-cheia-rio-amazonas\/\",\"url\":\"https:\/\/www.manaus.am.gov.br\/semasc\/apoio-familias-afetadas-cheia-rio-amazonas\/\",\"name\":\"Apoio \u00e0s fam\u00edlias afetadas pela cheia no rio Amazonas\",\"isPartOf\":{\"@id\":\"https:\/\/www.manaus.am.gov.br\/semasc\/#website\"},\"primaryImageOfPage\":{\"@id\":\"https:\/\/www.manaus.am.gov.br\/semasc\/apoio-familias-afetadas-cheia-rio-amazonas\/#primaryimage\"},\"image\":{\"@id\":\"https:\/\/www.manaus.am.gov.br\/semasc\/apoio-familias-afetadas-cheia-rio-amazonas\/#primaryimage\"},\"thumbnailUrl\":\"https:\/\/www.manaus.am.gov.br\/semasc\/wp-content\/uploads\/sites\/17\/2025\/07\/WhatsApp-Image-2025-07-17-at-13.47.27.jpeg\",\"datePublished\":\"2025-07-17T21:15:12+00:00\",\"dateModified\":\"2025-07-17T21:15:12+00:00\",\"description\":\"Prefeitura de Manaus, por meio do FMS e Semasc, refor\u00e7a apoio \u00e0s fam\u00edlias afetadas pela cheia no rio Amazonas.\",\"breadcrumb\":{\"@id\":\"https:\/\/www.manaus.am.gov.br\/semasc\/apoio-familias-afetadas-cheia-rio-amazonas\/#breadcrumb\"},\"inLanguage\":\"pt-BR\",\"potentialAction\":[{\"@type\":\"ReadAction\",\"target\":[\"https:\/\/www.manaus.am.gov.br\/semasc\/apoio-familias-afetadas-cheia-rio-amazonas\/\"]}]},{\"@type\":\"ImageObject\",\"inLanguage\":\"pt-BR\",\"@id\":\"https:\/\/www.manaus.am.gov.br\/semasc\/apoio-familias-afetadas-cheia-rio-amazonas\/#primaryimage\",\"url\":\"https:\/\/www.manaus.am.gov.br\/semasc\/wp-content\/uploads\/sites\/17\/2025\/07\/WhatsApp-Image-2025-07-17-at-13.47.27.jpeg\",\"contentUrl\":\"https:\/\/www.manaus.am.gov.br\/semasc\/wp-content\/uploads\/sites\/17\/2025\/07\/WhatsApp-Image-2025-07-17-at-13.47.27.jpeg\",\"width\":4160,\"height\":2773,\"caption\":\"#paratodosverem - Equipes do Fundo Manaus Solid\u00e1ria e Semasc entregando kits para fam\u00edlias do rio Amazonas afetadas pela cheia\"},{\"@type\":\"BreadcrumbList\",\"@id\":\"https:\/\/www.manaus.am.gov.br\/semasc\/apoio-familias-afetadas-cheia-rio-amazonas\/#breadcrumb\",\"itemListElement\":[{\"@type\":\"ListItem\",\"position\":1,\"name\":\"Home\",\"item\":\"https:\/\/www.manaus.am.gov.br\/semasc\/\"},{\"@type\":\"ListItem\",\"position\":2,\"name\":\"Prefeitura de Manaus refor\u00e7a apoio \u00e0s fam\u00edlias afetadas pela cheia no rio Amazonas\"}]},{\"@type\":\"WebSite\",\"@id\":\"https:\/\/www.manaus.am.gov.br\/semasc\/#website\",\"url\":\"https:\/\/www.manaus.am.gov.br\/semasc\/\",\"name\":\"SEMASC\",\"description\":\"Secretaria Municipal da Mulher, Assist\u00eancia Social e Cidadania.\",\"publisher\":{\"@id\":\"https:\/\/www.manaus.am.gov.br\/semasc\/#organization\"},\"alternateName\":\"Secretaria Municipal da Mulher, Assist\u00eancia Social e Cidadania\",\"potentialAction\":[{\"@type\":\"SearchAction\",\"target\":{\"@type\":\"EntryPoint\",\"urlTemplate\":\"https:\/\/www.manaus.am.gov.br\/semasc\/?s={search_term_string}\"},\"query-input\":\"required name=search_term_string\"}],\"inLanguage\":\"pt-BR\"},{\"@type\":\"Organization\",\"@id\":\"https:\/\/www.manaus.am.gov.br\/semasc\/#organization\",\"name\":\"Prefeitura de Manaus\",\"alternateName\":\"Prefeitura Municipal de Manaus\",\"url\":\"https:\/\/www.manaus.am.gov.br\/semasc\/\",\"logo\":{\"@type\":\"ImageObject\",\"inLanguage\":\"pt-BR\",\"@id\":\"https:\/\/www.manaus.am.gov.br\/semasc\/#\/schema\/logo\/image\/\",\"url\":\"https:\/\/www.manaus.am.gov.br\/semasc\/wp-content\/uploads\/sites\/17\/2024\/07\/favicon.png\",\"contentUrl\":\"https:\/\/www.manaus.am.gov.br\/semasc\/wp-content\/uploads\/sites\/17\/2024\/07\/favicon.png\",\"width\":300,\"height\":300,\"caption\":\"Prefeitura de Manaus\"},\"image\":{\"@id\":\"https:\/\/www.manaus.am.gov.br\/semasc\/#\/schema\/logo\/image\/\"},\"sameAs\":[\"https:\/\/www.facebook.com\/semascmanaus\",\"https:\/\/www.instagram.com\/semascmanaus\/\"]},{\"@type\":\"Person\",\"@id\":\"https:\/\/www.manaus.am.gov.br\/semasc\/#\/schema\/person\/05d223aea2bf115f9883a6ff3683d81b\",\"name\":\"Bruna Greco\",\"image\":{\"@type\":\"ImageObject\",\"inLanguage\":\"pt-BR\",\"@id\":\"https:\/\/www.manaus.am.gov.br\/semasc\/#\/schema\/person\/image\/\",\"url\":\"https:\/\/secure.gravatar.com\/avatar\/9c877d1a6adc2a055330e5c09a8653ce?s=96&d=mm&r=g\",\"contentUrl\":\"https:\/\/secure.gravatar.com\/avatar\/9c877d1a6adc2a055330e5c09a8653ce?s=96&d=mm&r=g\",\"caption\":\"Bruna Greco\"}}]}<\/script>\n<!-- \/ Yoast SEO plugin. -->","yoast_head_json":{"title":"Apoio \u00e0s fam\u00edlias afetadas pela cheia no rio Amazonas","description":"Prefeitura de Manaus, por meio do FMS e Semasc, refor\u00e7a apoio \u00e0s fam\u00edlias afetadas pela cheia no rio Amazonas.","robots":{"index":"noindex","follow":"follow"},"og_locale":"pt_BR","og_type":"article","og_title":"Apoio \u00e0s fam\u00edlias afetadas pela cheia no rio Amazonas","og_description":"Prefeitura de Manaus, por meio do FMS e Semasc, refor\u00e7a apoio \u00e0s fam\u00edlias afetadas pela cheia no rio Amazonas.","og_url":"https:\/\/www.manaus.am.gov.br\/semasc\/apoio-familias-afetadas-cheia-rio-amazonas\/","og_site_name":"SEMASC","article_publisher":"https:\/\/www.facebook.com\/semascmanaus","article_published_time":"2025-07-17T21:15:12+00:00","og_image":[{"width":4160,"height":2773,"url":"https:\/\/www.manaus.am.gov.br\/semasc\/wp-content\/uploads\/sites\/17\/2025\/07\/WhatsApp-Image-2025-07-17-at-13.47.27.jpeg","type":"image\/jpeg"}],"author":"Bruna Greco","twitter_card":"summary_large_image","twitter_misc":{"Written by":"Bruna Greco","Est. reading time":"3 minutos"},"schema":{"@context":"https:\/\/schema.org","@graph":[{"@type":"Article","@id":"https:\/\/www.manaus.am.gov.br\/semasc\/apoio-familias-afetadas-cheia-rio-amazonas\/#article","isPartOf":{"@id":"https:\/\/www.manaus.am.gov.br\/semasc\/apoio-familias-afetadas-cheia-rio-amazonas\/"},"author":{"name":"Bruna Greco","@id":"https:\/\/www.manaus.am.gov.br\/semasc\/#\/schema\/person\/05d223aea2bf115f9883a6ff3683d81b"},"headline":"Prefeitura de Manaus refor\u00e7a apoio \u00e0s fam\u00edlias afetadas pela cheia no rio Amazonas","datePublished":"2025-07-17T21:15:12+00:00","dateModified":"2025-07-17T21:15:12+00:00","mainEntityOfPage":{"@id":"https:\/\/www.manaus.am.gov.br\/semasc\/apoio-familias-afetadas-cheia-rio-amazonas\/"},"wordCount":499,"publisher":{"@id":"https:\/\/www.manaus.am.gov.br\/semasc\/#organization"},"image":{"@id":"https:\/\/www.manaus.am.gov.br\/semasc\/apoio-familias-afetadas-cheia-rio-amazonas\/#primaryimage"},"thumbnailUrl":"https:\/\/www.manaus.am.gov.br\/semasc\/wp-content\/uploads\/sites\/17\/2025\/07\/WhatsApp-Image-2025-07-17-at-13.47.27.jpeg","keywords":["apoio","cheia no rio Amazonas","fam\u00edlias afetadas","Fundo Manaus Solid\u00e1ria","prefeitura de manaus","Semasc"],"articleSection":["Opera\u00e7\u00e3o"],"inLanguage":"pt-BR"},{"@type":"WebPage","@id":"https:\/\/www.manaus.am.gov.br\/semasc\/apoio-familias-afetadas-cheia-rio-amazonas\/","url":"https:\/\/www.manaus.am.gov.br\/semasc\/apoio-familias-afetadas-cheia-rio-amazonas\/","name":"Apoio \u00e0s fam\u00edlias afetadas pela cheia no rio Amazonas","isPartOf":{"@id":"https:\/\/www.manaus.am.gov.br\/semasc\/#website"},"primaryImageOfPage":{"@id":"https:\/\/www.manaus.am.gov.br\/semasc\/apoio-familias-afetadas-cheia-rio-amazonas\/#primaryimage"},"image":{"@id":"https:\/\/www.manaus.am.gov.br\/semasc\/apoio-familias-afetadas-cheia-rio-amazonas\/#primaryimage"},"thumbnailUrl":"https:\/\/www.manaus.am.gov.br\/semasc\/wp-content\/uploads\/sites\/17\/2025\/07\/WhatsApp-Image-2025-07-17-at-13.47.27.jpeg","datePublished":"2025-07-17T21:15:12+00:00","dateModified":"2025-07-17T21:15:12+00:00","description":"Prefeitura de Manaus, por meio do FMS e Semasc, refor\u00e7a apoio \u00e0s fam\u00edlias afetadas pela cheia no rio Amazonas.","breadcrumb":{"@id":"https:\/\/www.manaus.am.gov.br\/semasc\/apoio-familias-afetadas-cheia-rio-amazonas\/#breadcrumb"},"inLanguage":"pt-BR","potentialAction":[{"@type":"ReadAction","target":["https:\/\/www.manaus.am.gov.br\/semasc\/apoio-familias-afetadas-cheia-rio-amazonas\/"]}]},{"@type":"ImageObject","inLanguage":"pt-BR","@id":"https:\/\/www.manaus.am.gov.br\/semasc\/apoio-familias-afetadas-cheia-rio-amazonas\/#primaryimage","url":"https:\/\/www.manaus.am.gov.br\/semasc\/wp-content\/uploads\/sites\/17\/2025\/07\/WhatsApp-Image-2025-07-17-at-13.47.27.jpeg","contentUrl":"https:\/\/www.manaus.am.gov.br\/semasc\/wp-content\/uploads\/sites\/17\/2025\/07\/WhatsApp-Image-2025-07-17-at-13.47.27.jpeg","width":4160,"height":2773,"caption":"#paratodosverem - Equipes do Fundo Manaus Solid\u00e1ria e Semasc entregando kits para fam\u00edlias do rio Amazonas afetadas pela cheia"},{"@type":"BreadcrumbList","@id":"https:\/\/www.manaus.am.gov.br\/semasc\/apoio-familias-afetadas-cheia-rio-amazonas\/#breadcrumb","itemListElement":[{"@type":"ListItem","position":1,"name":"Home","item":"https:\/\/www.manaus.am.gov.br\/semasc\/"},{"@type":"ListItem","position":2,"name":"Prefeitura de Manaus refor\u00e7a apoio \u00e0s fam\u00edlias afetadas pela cheia no rio Amazonas"}]},{"@type":"WebSite","@id":"https:\/\/www.manaus.am.gov.br\/semasc\/#website","url":"https:\/\/www.manaus.am.gov.br\/semasc\/","name":"SEMASC","description":"Secretaria Municipal da Mulher, Assist\u00eancia Social e Cidadania.","publisher":{"@id":"https:\/\/www.manaus.am.gov.br\/semasc\/#organization"},"alternateName":"Secretaria Municipal da Mulher, Assist\u00eancia Social e Cidadania","potentialAction":[{"@type":"SearchAction","target":{"@type":"EntryPoint","urlTemplate":"https:\/\/www.manaus.am.gov.br\/semasc\/?s={search_term_string}"},"query-input":"required name=search_term_string"}],"inLanguage":"pt-BR"},{"@type":"Organization","@id":"https:\/\/www.manaus.am.gov.br\/semasc\/#organization","name":"Prefeitura de Manaus","alternateName":"Prefeitura Municipal de Manaus","url":"https:\/\/www.manaus.am.gov.br\/semasc\/","logo":{"@type":"ImageObject","inLanguage":"pt-BR","@id":"https:\/\/www.manaus.am.gov.br\/semasc\/#\/schema\/logo\/image\/","url":"https:\/\/www.manaus.am.gov.br\/semasc\/wp-content\/uploads\/sites\/17\/2024\/07\/favicon.png","contentUrl":"https:\/\/www.manaus.am.gov.br\/semasc\/wp-content\/uploads\/sites\/17\/2024\/07\/favicon.png","width":300,"height":300,"caption":"Prefeitura de Manaus"},"image":{"@id":"https:\/\/www.manaus.am.gov.br\/semasc\/#\/schema\/logo\/image\/"},"sameAs":["https:\/\/www.facebook.com\/semascmanaus","https:\/\/www.instagram.com\/semascmanaus\/"]},{"@type":"Person","@id":"https:\/\/www.manaus.am.gov.br\/semasc\/#\/schema\/person\/05d223aea2bf115f9883a6ff3683d81b","name":"Bruna Greco","image":{"@type":"ImageObject","inLanguage":"pt-BR","@id":"https:\/\/www.manaus.am.gov.br\/semasc\/#\/schema\/person\/image\/","url":"https:\/\/secure.gravatar.com\/avatar\/9c877d1a6adc2a055330e5c09a8653ce?s=96&d=mm&r=g","contentUrl":"https:\/\/secure.gravatar.com\/avatar\/9c877d1a6adc2a055330e5c09a8653ce?s=96&d=mm&r=g","caption":"Bruna Greco"}}]}},"_links":{"self":[{"href":"https:\/\/www.manaus.am.gov.br\/semasc\/wp-json\/wp\/v2\/posts\/211551"}],"collection":[{"href":"https:\/\/www.manaus.am.gov.br\/semasc\/wp-json\/wp\/v2\/posts"}],"about":[{"href":"https:\/\/www.manaus.am.gov.br\/semasc\/wp-json\/wp\/v2\/types\/post"}],"author":[{"embeddable":true,"href":"https:\/\/www.manaus.am.gov.br\/semasc\/wp-json\/wp\/v2\/users\/39"}],"replies":[{"embeddable":true,"href":"https:\/\/www.manaus.am.gov.br\/semasc\/wp-json\/wp\/v2\/comments?post=211551"}],"version-history":[{"count":1,"href":"https:\/\/www.manaus.am.gov.br\/semasc\/wp-json\/wp\/v2\/posts\/211551\/revisions"}],"predecessor-version":[{"id":211554,"href":"https:\/\/www.manaus.am.gov.br\/semasc\/wp-json\/wp\/v2\/posts\/211551\/revisions\/211554"}],"wp:featuredmedia":[{"embeddable":true,"href":"https:\/\/www.manaus.am.gov.br\/semasc\/wp-json\/wp\/v2\/media\/211553"}],"wp:attachment":[{"href":"https:\/\/www.manaus.am.gov.br\/semasc\/wp-json\/wp\/v2\/media?parent=211551"}],"wp:term":[{"taxonomy":"category","embeddable":true,"href":"https:\/\/www.manaus.am.gov.br\/semasc\/wp-json\/wp\/v2\/categories?post=211551"},{"taxonomy":"post_tag","embeddable":true,"href":"https:\/\/www.manaus.am.gov.br\/semasc\/wp-json\/wp\/v2\/tags?post=211551"}],"curies":[{"name":"wp","href":"https:\/\/api.w.org\/{rel}","templated":true}]}}