{"id":211526,"date":"2025-07-05T16:26:42","date_gmt":"2025-07-05T20:26:42","guid":{"rendered":"https:\/\/www.manaus.am.gov.br\/semasc\/primeira-edicao-manaus-cidada\/"},"modified":"2025-07-05T16:26:44","modified_gmt":"2025-07-05T20:26:44","slug":"primeira-edicao-manaus-cidada","status":"publish","type":"post","link":"https:\/\/www.manaus.am.gov.br\/semasc\/primeira-edicao-manaus-cidada\/","title":{"rendered":"Primeira edi\u00e7\u00e3o do \u2018Manaus Cidad\u00e3\u2019 realiza 6 mil atendimentos na zona Leste"},"content":{"rendered":"\n<p>Com objetivo de levar facilidade e acesso a servi\u00e7os gratuitos para o cidad\u00e3o, a Prefeitura de Manaus, por meio da Secretaria Municipal da Mulher, Assist\u00eancia Social e Cidadania (Semasc), promoveu, neste s\u00e1bado, 5\/7, a 1\u00ba edi\u00e7\u00e3o do mutir\u00e3o \u2018Manaus Cidad\u00e3\u2019, na escola municipal Madre Tereza de Calcut\u00e1, localizada na comunidade Nova Floresta, zona Leste. A a\u00e7\u00e3o faz parte do programa \u2018Manaus por Voc\u00ea\u2019, lan\u00e7ado nesta sexta-feira, 4\/7, que tem a finalidade de promover dignidade, inclus\u00e3o e efici\u00eancia \u00e0 popula\u00e7\u00e3o da capital.<\/p>\n\n\n\n<p>Com 6 mil atendimentos, a iniciativa ocorreu das 8h \u00e0s 12h, em parceria com diversas secretarias municipais e institui\u00e7\u00f5es parceiras, e disponibilizou mais de 50 servi\u00e7os em diferentes \u00e1reas, como: atualiza\u00e7\u00e3o e inser\u00e7\u00e3o no Cadastro \u00danico, consulta com cl\u00ednico geral e oftalmologista, vacina\u00e7\u00e3o de rotina e contra a Covid-19, alistamento militar, Amazonas Energia, \u00c1guas de Manaus, al\u00e9m de outros servi\u00e7os essenciais.<\/p>\n\n\n\n<p>Para a gerente da Semasc, Mac Neves, o mutir\u00e3o \u00e9 uma forma de aproximar o cidad\u00e3o a direitos b\u00e1sicos. \u201cA a\u00e7\u00e3o foi um sucesso e \u00e9 uma forma de levar servi\u00e7os gratuitos para os cidad\u00e3os aos finais de semana. A parceria entre as institui\u00e7\u00f5es \u00e9 muito importante para oferecer, cada vez mais, servi\u00e7os gratuitos e garantir dignidade para os moradores da regi\u00e3o\u201d, disse.<\/p>\n\n\n\n<p>O mutir\u00e3o tamb\u00e9m contou com embelezamento, trazendo corte de cabelo, design de sobrancelhas e esmalta\u00e7\u00e3o. Ainda teve atividades l\u00fadicas de educa\u00e7\u00e3o no tr\u00e2nsito para as crian\u00e7as, promovendo uma experi\u00eancia completa para todos os p\u00fablicos.<\/p>\n\n\n\n<p>A aut\u00f4noma Anne Barden, destaca a qualidade do atendimento no mutir\u00e3o. \u201cTem profissionais competentes para ajudar no servi\u00e7o que voc\u00ea precisa. Fui muito bem atendida nos locais que passei e a a\u00e7\u00e3o aqui no nosso bairro foi maravilhosa\u201d, frisou.<\/p>\n\n\n\n<p>Sobre o \u2018Manaus Cidad\u00e3\u2019<\/p>\n\n\n\n<p>O mutir\u00e3o itinerante com emiss\u00e3o de documentos, servi\u00e7os sociais e atendimentos diversos faz parte do pacote de programas do \u2018Manaus por Voc\u00ea\u2019, que tem a proposta de unificar, modernizar e ampliar o alcance das a\u00e7\u00f5es do munic\u00edpio, atrav\u00e9s de servi\u00e7os e projetos voltados ao p\u00fablico em situa\u00e7\u00e3o de vulnerabilidade social.<\/p>\n\n\n\n<p>&#8212; &#8212; &#8212;<\/p>\n\n\n\n<p><strong>Texto &#8211; <\/strong>Lucas Batista \/ Semasc<\/p>\n\n\n\n<p><strong>Fotos &#8211; <\/strong>Diego Lima \/ Semasc<\/p>\n","protected":false},"excerpt":{"rendered":"","protected":false},"author":25,"featured_media":211527,"comment_status":"closed","ping_status":"closed","sticky":false,"template":"","format":"standard","meta":{"footnotes":""},"categories":[87],"tags":[1362,1363,1364,18],"acf":[],"yoast_head":"<!-- This site is optimized with the Yoast SEO plugin v23.0 - https:\/\/yoast.com\/wordpress\/plugins\/seo\/ -->\n<title>Primeira edi\u00e7\u00e3o do \u2018Manaus Cidad\u00e3\u2019 realiza 6 mil atendimentos na zona Leste<\/title>\n<meta name=\"description\" content=\"Com objetivo de levar facilidade e acesso a servi\u00e7os gratuitos para o cidad\u00e3o, a Prefeitura de Manaus\" \/>\n<meta name=\"robots\" content=\"noindex, follow\" \/>\n<meta property=\"og:locale\" content=\"pt_BR\" \/>\n<meta property=\"og:type\" content=\"article\" \/>\n<meta property=\"og:title\" content=\"Primeira edi\u00e7\u00e3o do \u2018Manaus Cidad\u00e3\u2019 realiza 6 mil atendimentos na zona Leste\" \/>\n<meta property=\"og:description\" content=\"Com objetivo de levar facilidade e acesso a servi\u00e7os gratuitos para o cidad\u00e3o, a Prefeitura de Manaus\" \/>\n<meta property=\"og:url\" content=\"https:\/\/www.manaus.am.gov.br\/semasc\/primeira-edicao-manaus-cidada\/\" \/>\n<meta property=\"og:site_name\" content=\"SEMASC\" \/>\n<meta property=\"article:publisher\" content=\"https:\/\/www.facebook.com\/semascmanaus\" \/>\n<meta property=\"article:published_time\" content=\"2025-07-05T20:26:42+00:00\" \/>\n<meta property=\"article:modified_time\" content=\"2025-07-05T20:26:44+00:00\" \/>\n<meta property=\"og:image\" content=\"https:\/\/www.manaus.am.gov.br\/semasc\/wp-content\/uploads\/sites\/17\/2025\/07\/cidada5.jpeg\" \/>\n\t<meta property=\"og:image:width\" content=\"2784\" \/>\n\t<meta property=\"og:image:height\" content=\"1856\" \/>\n\t<meta property=\"og:image:type\" content=\"image\/jpeg\" \/>\n<meta name=\"author\" content=\"Maur\u00edcio Freire\" \/>\n<meta name=\"twitter:card\" content=\"summary_large_image\" \/>\n<meta name=\"twitter:label1\" content=\"Written by\" \/>\n\t<meta name=\"twitter:data1\" content=\"Maur\u00edcio Freire\" \/>\n\t<meta name=\"twitter:label2\" content=\"Est. reading time\" \/>\n\t<meta name=\"twitter:data2\" content=\"3 minutos\" \/>\n<script type=\"application\/ld+json\" class=\"yoast-schema-graph\">{\"@context\":\"https:\/\/schema.org\",\"@graph\":[{\"@type\":\"Article\",\"@id\":\"https:\/\/www.manaus.am.gov.br\/semasc\/primeira-edicao-manaus-cidada\/#article\",\"isPartOf\":{\"@id\":\"https:\/\/www.manaus.am.gov.br\/semasc\/primeira-edicao-manaus-cidada\/\"},\"author\":{\"name\":\"Maur\u00edcio Freire\",\"@id\":\"https:\/\/www.manaus.am.gov.br\/semasc\/#\/schema\/person\/587989a23a463cde5618e6a028977a9a\"},\"headline\":\"Primeira edi\u00e7\u00e3o do \u2018Manaus Cidad\u00e3\u2019 realiza 6 mil atendimentos na zona Leste\",\"datePublished\":\"2025-07-05T20:26:42+00:00\",\"dateModified\":\"2025-07-05T20:26:44+00:00\",\"mainEntityOfPage\":{\"@id\":\"https:\/\/www.manaus.am.gov.br\/semasc\/primeira-edicao-manaus-cidada\/\"},\"wordCount\":398,\"publisher\":{\"@id\":\"https:\/\/www.manaus.am.gov.br\/semasc\/#organization\"},\"image\":{\"@id\":\"https:\/\/www.manaus.am.gov.br\/semasc\/primeira-edicao-manaus-cidada\/#primaryimage\"},\"thumbnailUrl\":\"https:\/\/www.manaus.am.gov.br\/semasc\/wp-content\/uploads\/sites\/17\/2025\/07\/cidada5.jpeg\",\"keywords\":[\"escola municipal Madre Tereza de Calcut\u00e1\",\"manaus cidad\u00e3\",\"Nova Floresta\",\"Semasc\"],\"articleSection\":[\"Cidadania\"],\"inLanguage\":\"pt-BR\"},{\"@type\":\"WebPage\",\"@id\":\"https:\/\/www.manaus.am.gov.br\/semasc\/primeira-edicao-manaus-cidada\/\",\"url\":\"https:\/\/www.manaus.am.gov.br\/semasc\/primeira-edicao-manaus-cidada\/\",\"name\":\"Primeira edi\u00e7\u00e3o do \u2018Manaus Cidad\u00e3\u2019 realiza 6 mil atendimentos na zona Leste\",\"isPartOf\":{\"@id\":\"https:\/\/www.manaus.am.gov.br\/semasc\/#website\"},\"primaryImageOfPage\":{\"@id\":\"https:\/\/www.manaus.am.gov.br\/semasc\/primeira-edicao-manaus-cidada\/#primaryimage\"},\"image\":{\"@id\":\"https:\/\/www.manaus.am.gov.br\/semasc\/primeira-edicao-manaus-cidada\/#primaryimage\"},\"thumbnailUrl\":\"https:\/\/www.manaus.am.gov.br\/semasc\/wp-content\/uploads\/sites\/17\/2025\/07\/cidada5.jpeg\",\"datePublished\":\"2025-07-05T20:26:42+00:00\",\"dateModified\":\"2025-07-05T20:26:44+00:00\",\"description\":\"Com objetivo de levar facilidade e acesso a servi\u00e7os gratuitos para o cidad\u00e3o, a Prefeitura de Manaus\",\"breadcrumb\":{\"@id\":\"https:\/\/www.manaus.am.gov.br\/semasc\/primeira-edicao-manaus-cidada\/#breadcrumb\"},\"inLanguage\":\"pt-BR\",\"potentialAction\":[{\"@type\":\"ReadAction\",\"target\":[\"https:\/\/www.manaus.am.gov.br\/semasc\/primeira-edicao-manaus-cidada\/\"]}]},{\"@type\":\"ImageObject\",\"inLanguage\":\"pt-BR\",\"@id\":\"https:\/\/www.manaus.am.gov.br\/semasc\/primeira-edicao-manaus-cidada\/#primaryimage\",\"url\":\"https:\/\/www.manaus.am.gov.br\/semasc\/wp-content\/uploads\/sites\/17\/2025\/07\/cidada5.jpeg\",\"contentUrl\":\"https:\/\/www.manaus.am.gov.br\/semasc\/wp-content\/uploads\/sites\/17\/2025\/07\/cidada5.jpeg\",\"width\":2784,\"height\":1856,\"caption\":\"#paratodosverem a\u00e7\u00e3o e disponibilizou mais de 50 servi\u00e7os em diferentes \u00e1reas\"},{\"@type\":\"BreadcrumbList\",\"@id\":\"https:\/\/www.manaus.am.gov.br\/semasc\/primeira-edicao-manaus-cidada\/#breadcrumb\",\"itemListElement\":[{\"@type\":\"ListItem\",\"position\":1,\"name\":\"Home\",\"item\":\"https:\/\/www.manaus.am.gov.br\/semasc\/\"},{\"@type\":\"ListItem\",\"position\":2,\"name\":\"Primeira edi\u00e7\u00e3o do \u2018Manaus Cidad\u00e3\u2019 realiza 6 mil atendimentos na zona Leste\"}]},{\"@type\":\"WebSite\",\"@id\":\"https:\/\/www.manaus.am.gov.br\/semasc\/#website\",\"url\":\"https:\/\/www.manaus.am.gov.br\/semasc\/\",\"name\":\"SEMASC\",\"description\":\"Secretaria Municipal da Mulher, Assist\u00eancia Social e Cidadania.\",\"publisher\":{\"@id\":\"https:\/\/www.manaus.am.gov.br\/semasc\/#organization\"},\"alternateName\":\"Secretaria Municipal da Mulher, Assist\u00eancia Social e Cidadania\",\"potentialAction\":[{\"@type\":\"SearchAction\",\"target\":{\"@type\":\"EntryPoint\",\"urlTemplate\":\"https:\/\/www.manaus.am.gov.br\/semasc\/?s={search_term_string}\"},\"query-input\":\"required name=search_term_string\"}],\"inLanguage\":\"pt-BR\"},{\"@type\":\"Organization\",\"@id\":\"https:\/\/www.manaus.am.gov.br\/semasc\/#organization\",\"name\":\"Prefeitura de Manaus\",\"alternateName\":\"Prefeitura Municipal de Manaus\",\"url\":\"https:\/\/www.manaus.am.gov.br\/semasc\/\",\"logo\":{\"@type\":\"ImageObject\",\"inLanguage\":\"pt-BR\",\"@id\":\"https:\/\/www.manaus.am.gov.br\/semasc\/#\/schema\/logo\/image\/\",\"url\":\"https:\/\/www.manaus.am.gov.br\/semasc\/wp-content\/uploads\/sites\/17\/2024\/07\/favicon.png\",\"contentUrl\":\"https:\/\/www.manaus.am.gov.br\/semasc\/wp-content\/uploads\/sites\/17\/2024\/07\/favicon.png\",\"width\":300,\"height\":300,\"caption\":\"Prefeitura de Manaus\"},\"image\":{\"@id\":\"https:\/\/www.manaus.am.gov.br\/semasc\/#\/schema\/logo\/image\/\"},\"sameAs\":[\"https:\/\/www.facebook.com\/semascmanaus\",\"https:\/\/www.instagram.com\/semascmanaus\/\"]},{\"@type\":\"Person\",\"@id\":\"https:\/\/www.manaus.am.gov.br\/semasc\/#\/schema\/person\/587989a23a463cde5618e6a028977a9a\",\"name\":\"Maur\u00edcio Freire\",\"image\":{\"@type\":\"ImageObject\",\"inLanguage\":\"pt-BR\",\"@id\":\"https:\/\/www.manaus.am.gov.br\/semasc\/#\/schema\/person\/image\/\",\"url\":\"https:\/\/secure.gravatar.com\/avatar\/dc1481799a1f75c733ac3b2634cd6749?s=96&d=mm&r=g\",\"contentUrl\":\"https:\/\/secure.gravatar.com\/avatar\/dc1481799a1f75c733ac3b2634cd6749?s=96&d=mm&r=g\",\"caption\":\"Maur\u00edcio Freire\"}}]}<\/script>\n<!-- \/ Yoast SEO plugin. -->","yoast_head_json":{"title":"Primeira edi\u00e7\u00e3o do \u2018Manaus Cidad\u00e3\u2019 realiza 6 mil atendimentos na zona Leste","description":"Com objetivo de levar facilidade e acesso a servi\u00e7os gratuitos para o cidad\u00e3o, a Prefeitura de Manaus","robots":{"index":"noindex","follow":"follow"},"og_locale":"pt_BR","og_type":"article","og_title":"Primeira edi\u00e7\u00e3o do \u2018Manaus Cidad\u00e3\u2019 realiza 6 mil atendimentos na zona Leste","og_description":"Com objetivo de levar facilidade e acesso a servi\u00e7os gratuitos para o cidad\u00e3o, a Prefeitura de Manaus","og_url":"https:\/\/www.manaus.am.gov.br\/semasc\/primeira-edicao-manaus-cidada\/","og_site_name":"SEMASC","article_publisher":"https:\/\/www.facebook.com\/semascmanaus","article_published_time":"2025-07-05T20:26:42+00:00","article_modified_time":"2025-07-05T20:26:44+00:00","og_image":[{"width":2784,"height":1856,"url":"https:\/\/www.manaus.am.gov.br\/semasc\/wp-content\/uploads\/sites\/17\/2025\/07\/cidada5.jpeg","type":"image\/jpeg"}],"author":"Maur\u00edcio Freire","twitter_card":"summary_large_image","twitter_misc":{"Written by":"Maur\u00edcio Freire","Est. reading time":"3 minutos"},"schema":{"@context":"https:\/\/schema.org","@graph":[{"@type":"Article","@id":"https:\/\/www.manaus.am.gov.br\/semasc\/primeira-edicao-manaus-cidada\/#article","isPartOf":{"@id":"https:\/\/www.manaus.am.gov.br\/semasc\/primeira-edicao-manaus-cidada\/"},"author":{"name":"Maur\u00edcio Freire","@id":"https:\/\/www.manaus.am.gov.br\/semasc\/#\/schema\/person\/587989a23a463cde5618e6a028977a9a"},"headline":"Primeira edi\u00e7\u00e3o do \u2018Manaus Cidad\u00e3\u2019 realiza 6 mil atendimentos na zona Leste","datePublished":"2025-07-05T20:26:42+00:00","dateModified":"2025-07-05T20:26:44+00:00","mainEntityOfPage":{"@id":"https:\/\/www.manaus.am.gov.br\/semasc\/primeira-edicao-manaus-cidada\/"},"wordCount":398,"publisher":{"@id":"https:\/\/www.manaus.am.gov.br\/semasc\/#organization"},"image":{"@id":"https:\/\/www.manaus.am.gov.br\/semasc\/primeira-edicao-manaus-cidada\/#primaryimage"},"thumbnailUrl":"https:\/\/www.manaus.am.gov.br\/semasc\/wp-content\/uploads\/sites\/17\/2025\/07\/cidada5.jpeg","keywords":["escola municipal Madre Tereza de Calcut\u00e1","manaus cidad\u00e3","Nova Floresta","Semasc"],"articleSection":["Cidadania"],"inLanguage":"pt-BR"},{"@type":"WebPage","@id":"https:\/\/www.manaus.am.gov.br\/semasc\/primeira-edicao-manaus-cidada\/","url":"https:\/\/www.manaus.am.gov.br\/semasc\/primeira-edicao-manaus-cidada\/","name":"Primeira edi\u00e7\u00e3o do \u2018Manaus Cidad\u00e3\u2019 realiza 6 mil atendimentos na zona Leste","isPartOf":{"@id":"https:\/\/www.manaus.am.gov.br\/semasc\/#website"},"primaryImageOfPage":{"@id":"https:\/\/www.manaus.am.gov.br\/semasc\/primeira-edicao-manaus-cidada\/#primaryimage"},"image":{"@id":"https:\/\/www.manaus.am.gov.br\/semasc\/primeira-edicao-manaus-cidada\/#primaryimage"},"thumbnailUrl":"https:\/\/www.manaus.am.gov.br\/semasc\/wp-content\/uploads\/sites\/17\/2025\/07\/cidada5.jpeg","datePublished":"2025-07-05T20:26:42+00:00","dateModified":"2025-07-05T20:26:44+00:00","description":"Com objetivo de levar facilidade e acesso a servi\u00e7os gratuitos para o cidad\u00e3o, a Prefeitura de Manaus","breadcrumb":{"@id":"https:\/\/www.manaus.am.gov.br\/semasc\/primeira-edicao-manaus-cidada\/#breadcrumb"},"inLanguage":"pt-BR","potentialAction":[{"@type":"ReadAction","target":["https:\/\/www.manaus.am.gov.br\/semasc\/primeira-edicao-manaus-cidada\/"]}]},{"@type":"ImageObject","inLanguage":"pt-BR","@id":"https:\/\/www.manaus.am.gov.br\/semasc\/primeira-edicao-manaus-cidada\/#primaryimage","url":"https:\/\/www.manaus.am.gov.br\/semasc\/wp-content\/uploads\/sites\/17\/2025\/07\/cidada5.jpeg","contentUrl":"https:\/\/www.manaus.am.gov.br\/semasc\/wp-content\/uploads\/sites\/17\/2025\/07\/cidada5.jpeg","width":2784,"height":1856,"caption":"#paratodosverem a\u00e7\u00e3o e disponibilizou mais de 50 servi\u00e7os em diferentes \u00e1reas"},{"@type":"BreadcrumbList","@id":"https:\/\/www.manaus.am.gov.br\/semasc\/primeira-edicao-manaus-cidada\/#breadcrumb","itemListElement":[{"@type":"ListItem","position":1,"name":"Home","item":"https:\/\/www.manaus.am.gov.br\/semasc\/"},{"@type":"ListItem","position":2,"name":"Primeira edi\u00e7\u00e3o do \u2018Manaus Cidad\u00e3\u2019 realiza 6 mil atendimentos na zona Leste"}]},{"@type":"WebSite","@id":"https:\/\/www.manaus.am.gov.br\/semasc\/#website","url":"https:\/\/www.manaus.am.gov.br\/semasc\/","name":"SEMASC","description":"Secretaria Municipal da Mulher, Assist\u00eancia Social e Cidadania.","publisher":{"@id":"https:\/\/www.manaus.am.gov.br\/semasc\/#organization"},"alternateName":"Secretaria Municipal da Mulher, Assist\u00eancia Social e Cidadania","potentialAction":[{"@type":"SearchAction","target":{"@type":"EntryPoint","urlTemplate":"https:\/\/www.manaus.am.gov.br\/semasc\/?s={search_term_string}"},"query-input":"required name=search_term_string"}],"inLanguage":"pt-BR"},{"@type":"Organization","@id":"https:\/\/www.manaus.am.gov.br\/semasc\/#organization","name":"Prefeitura de Manaus","alternateName":"Prefeitura Municipal de Manaus","url":"https:\/\/www.manaus.am.gov.br\/semasc\/","logo":{"@type":"ImageObject","inLanguage":"pt-BR","@id":"https:\/\/www.manaus.am.gov.br\/semasc\/#\/schema\/logo\/image\/","url":"https:\/\/www.manaus.am.gov.br\/semasc\/wp-content\/uploads\/sites\/17\/2024\/07\/favicon.png","contentUrl":"https:\/\/www.manaus.am.gov.br\/semasc\/wp-content\/uploads\/sites\/17\/2024\/07\/favicon.png","width":300,"height":300,"caption":"Prefeitura de Manaus"},"image":{"@id":"https:\/\/www.manaus.am.gov.br\/semasc\/#\/schema\/logo\/image\/"},"sameAs":["https:\/\/www.facebook.com\/semascmanaus","https:\/\/www.instagram.com\/semascmanaus\/"]},{"@type":"Person","@id":"https:\/\/www.manaus.am.gov.br\/semasc\/#\/schema\/person\/587989a23a463cde5618e6a028977a9a","name":"Maur\u00edcio Freire","image":{"@type":"ImageObject","inLanguage":"pt-BR","@id":"https:\/\/www.manaus.am.gov.br\/semasc\/#\/schema\/person\/image\/","url":"https:\/\/secure.gravatar.com\/avatar\/dc1481799a1f75c733ac3b2634cd6749?s=96&d=mm&r=g","contentUrl":"https:\/\/secure.gravatar.com\/avatar\/dc1481799a1f75c733ac3b2634cd6749?s=96&d=mm&r=g","caption":"Maur\u00edcio Freire"}}]}},"_links":{"self":[{"href":"https:\/\/www.manaus.am.gov.br\/semasc\/wp-json\/wp\/v2\/posts\/211526"}],"collection":[{"href":"https:\/\/www.manaus.am.gov.br\/semasc\/wp-json\/wp\/v2\/posts"}],"about":[{"href":"https:\/\/www.manaus.am.gov.br\/semasc\/wp-json\/wp\/v2\/types\/post"}],"author":[{"embeddable":true,"href":"https:\/\/www.manaus.am.gov.br\/semasc\/wp-json\/wp\/v2\/users\/25"}],"replies":[{"embeddable":true,"href":"https:\/\/www.manaus.am.gov.br\/semasc\/wp-json\/wp\/v2\/comments?post=211526"}],"version-history":[{"count":0,"href":"https:\/\/www.manaus.am.gov.br\/semasc\/wp-json\/wp\/v2\/posts\/211526\/revisions"}],"wp:featuredmedia":[{"embeddable":true,"href":"https:\/\/www.manaus.am.gov.br\/semasc\/wp-json\/wp\/v2\/media\/211527"}],"wp:attachment":[{"href":"https:\/\/www.manaus.am.gov.br\/semasc\/wp-json\/wp\/v2\/media?parent=211526"}],"wp:term":[{"taxonomy":"category","embeddable":true,"href":"https:\/\/www.manaus.am.gov.br\/semasc\/wp-json\/wp\/v2\/categories?post=211526"},{"taxonomy":"post_tag","embeddable":true,"href":"https:\/\/www.manaus.am.gov.br\/semasc\/wp-json\/wp\/v2\/tags?post=211526"}],"curies":[{"name":"wp","href":"https:\/\/api.w.org\/{rel}","templated":true}]}}