{"id":211524,"date":"2025-07-04T16:49:35","date_gmt":"2025-07-04T20:49:35","guid":{"rendered":"https:\/\/www.manaus.am.gov.br\/semasc\/manaus-por-voce-tarifa-social\/"},"modified":"2025-07-04T16:49:37","modified_gmt":"2025-07-04T20:49:37","slug":"manaus-por-voce-tarifa-social","status":"publish","type":"post","link":"https:\/\/www.manaus.am.gov.br\/semasc\/manaus-por-voce-tarifa-social\/","title":{"rendered":"Prefeito David Almeida lan\u00e7a \u201cManaus Por Voc\u00ea\u201d e anuncia tarifa social de \u00f4nibus para 400 mil pessoas"},"content":{"rendered":"\n<p>A Prefeitura de Manaus deu um passo hist\u00f3rico na consolida\u00e7\u00e3o das pol\u00edticas p\u00fablicas voltadas \u00e0s pessoas em situa\u00e7\u00e3o de vulnerabilidade social. Nesta sexta-feira, 4\/7, o prefeito David Almeida lan\u00e7ou o programa \u201cManaus Por Voc\u00ea\u201d, uma iniciativa da Secretaria Municipal da Mulher, Assist\u00eancia Social e Cidadania (Semasc), que amplia a atua\u00e7\u00e3o da rede de prote\u00e7\u00e3o social do munic\u00edpio. O evento contou com a presen\u00e7a do ministro do Desenvolvimento e Assist\u00eancia Social, Wellington Dias, al\u00e9m de senadores, deputados, vereadores, prefeitos do interior e diversas lideran\u00e7as comunit\u00e1rias.<\/p>\n\n\n\n<p>David Almeida destacou que a Prefeitura de Manaus est\u00e1 determinada a ser refer\u00eancia nacional em assist\u00eancia social. O an\u00fancio mais celebrado foi o do Cart\u00e3o PassaF\u00e1cil Social, que garantir\u00e1 tarifa reduzida no transporte coletivo para at\u00e9 400 mil pessoas cadastradas no Cad\u00danico.<\/p>\n\n\n\n<p>\u201cHoje \u00e9 um dia emblem\u00e1tico. Estamos lan\u00e7ando um dos maiores programas de assist\u00eancia social da hist\u00f3ria da nossa cidade e garantindo, de forma concreta, mais dignidade \u00e0 popula\u00e7\u00e3o. Com o PassaF\u00e1cil Social, levamos justi\u00e7a social para onde ela \u00e9 mais necess\u00e1ria. Essa \u00e9 a marca da nossa gest\u00e3o\u201d, declarou Almeida.<\/p>\n\n\n\n<p>O ministro Wellington Dias ressaltou a import\u00e2ncia da parceria federativa e da atua\u00e7\u00e3o conjunta entre Uni\u00e3o, estados e munic\u00edpios. Segundo ele, s\u00f3 em 2025, o Governo Federal destinou R$ 8,3 bilh\u00f5es ao Amazonas por meio do Bolsa Fam\u00edlia e BPC, sendo R$ 3,65 bilh\u00f5es apenas para a capital, o que movimenta a economia local e contribui para a distribui\u00e7\u00e3o de renda.<\/p>\n\n\n\n<p>\u201cManaus d\u00e1 hoje um exemplo para o Brasil. A integra\u00e7\u00e3o entre prefeitura, governo federal, secretarias e sociedade civil est\u00e1 dando resultado. Estamos tirando milh\u00f5es de brasileiros da inseguran\u00e7a alimentar, e Manaus cumpre um papel de destaque nesse processo\u201d, disse o ministro.<\/p>\n\n\n\n<p>O programa \u201cManaus Por Voc\u00ea\u201d surge como um guarda-chuva que organiza e fortalece diversas iniciativas voltadas aos p\u00fablicos mais vulner\u00e1veis da cidade. O titular da Semasc, Saullo Vianna, respons\u00e1vel pela condu\u00e7\u00e3o do projeto, detalhou os principais eixos, como seguran\u00e7a alimentar, inclus\u00e3o produtiva, cidadania e apoio \u00e0 inf\u00e2ncia, juventude e terceira idade.<\/p>\n\n\n\n<p>\u201cO Manaus Por Voc\u00ea representa a nova cara da assist\u00eancia social da nossa cidade. \u00c9 um programa constru\u00eddo com base em dados reais, com foco nas mais de 500 mil fam\u00edlias cadastradas no Cad\u00danico. Unificamos os esfor\u00e7os das secretarias para acolher, incluir e transformar a vida de quem mais precisa\u201d, afirmou Saullo Vianna.<\/p>\n\n\n\n<p>Durante a solenidade, foram entregues 18 vans e dois ve\u00edculos de apoio, adquiridos com emendas do senador Eduardo Braga, al\u00e9m de duas lanchas para atendimento ribeirinho, viabilizadas com recursos do senador Omar Aziz. Tamb\u00e9m foram entregues 10 ve\u00edculos destinados aos Conselhos Tutelares, fortalecendo a rede de prote\u00e7\u00e3o b\u00e1sica e especializada.<\/p>\n\n\n\n<p>O senador Omar Aziz refor\u00e7ou que o maior legado de um gestor p\u00fablico \u00e9 transformar a vida das pessoas.<\/p>\n\n\n\n<p>\u201cA assist\u00eancia social \u00e9 a obra mais importante que um governo pode realizar. \u00c9 isso que o prefeito David Almeida est\u00e1 fazendo aqui: mudando vidas com pol\u00edticas p\u00fablicas integradas e com sensibilidade social.\u201d<\/p>\n\n\n\n<p><strong>Prote\u00e7\u00e3o social<\/strong><\/p>\n\n\n\n<p>Entre os principais destaques, o programa inclui o \u201cLeite em Casa\u2019, que garante a entrega domiciliar de leite infantil pelos Correios, eliminando filas e deslocamentos desnecess\u00e1rios para m\u00e3es e fam\u00edlias com crian\u00e7as pequenas. O \u201cManaus Cidad\u00e3\u2019 funciona como um mutir\u00e3o itinerante de cidadania, levando emiss\u00e3o de documentos, atendimentos sociais e diversos servi\u00e7os p\u00fablicos para as comunidades mais afastadas.<\/p>\n\n\n\n<p>O programa \u201cM\u00e3e Manaura\u201d oferece enxoval completo e um cart\u00e3o-benef\u00edcio para m\u00e3es no in\u00edcio da maternidade, enquanto o \u201cManaus Acolhe\u201d fortalece a rede de acolhimento de crian\u00e7as e adolescentes, por meio de apoio direto a fam\u00edlias acolhedoras e parcerias com organiza\u00e7\u00f5es da sociedade civil. O \u201cCelebra Idade\u201d desenvolve a\u00e7\u00f5es culturais e de valoriza\u00e7\u00e3o da terceira idade, promovendo envelhecimento ativo e saud\u00e1vel.<\/p>\n\n\n\n<p>J\u00e1 o \u201cViva 15\u201d oferece oficinas, acompanhamento psicossocial e um baile especial para meninas em situa\u00e7\u00e3o de vulnerabilidade que completam 15 anos, promovendo autoestima e protagonismo juvenil. O \u201cPassaF\u00e1cil Social\u201d, grande novidade anunciada por David Almeida, estabelece uma tarifa social no transporte coletivo no valor de R$ 4,50 por dia, exclusiva para inscritos no Cad\u00danico.<\/p>\n\n\n\n<p>O \u201cProsperar Manaus\u2019 \u00e9 a frente do programa voltada \u00e0 inclus\u00e3o produtiva, com cursos de qualifica\u00e7\u00e3o profissional em \u00e1reas como tecnologia, marketing digital e empreendedorismo, em parceria com institui\u00e7\u00f5es como SESC, SENAI, Sebrae, CDL, ACA e Grupo Chibat\u00e3o, promovendo oportunidades reais de gera\u00e7\u00e3o de renda e inser\u00e7\u00e3o no mercado de trabalho.<\/p>\n\n\n\n<p>Na \u00e1rea da seguran\u00e7a alimentar, o programa assegura a continuidade das 12 unidades do \u201cPrato do Povo\u201d, que j\u00e1 serviram mais de 3,5 milh\u00f5es de refei\u00e7\u00f5es gratuitas. Al\u00e9m disso, contempla o funcionamento do \u201cBanco de Alimentos\u201d, a distribui\u00e7\u00e3o da \u201cCesta Verde\u2019 com produtos da agricultura familiar e melhorias nas cozinhas comunit\u00e1rias. Em infraestrutura social, est\u00e3o previstas reformas e amplia\u00e7\u00f5es em equipamentos como os Centros Pop, CADs, CRAS, CREAS, Casas Cidad\u00e3s e Conselhos Tutelares.<\/p>\n\n\n\n<p>Outro avan\u00e7o importante \u00e9 a regulamenta\u00e7\u00e3o local da Lei do Marco Regulat\u00f3rio das Organiza\u00e7\u00f5es da Sociedade Civil (MIROSC), que ap\u00f3s 11 anos da san\u00e7\u00e3o federal, agora passa a ter regramento espec\u00edfico no munic\u00edpio. Isso garante mais seguran\u00e7a jur\u00eddica, transpar\u00eancia e efici\u00eancia nas parcerias com as organiza\u00e7\u00f5es sociais que atuam em Manaus.<\/p>\n\n\n\n<p>Encerrando o evento, David Almeida agradeceu o apoio da bancada federal e reiterou o compromisso da Prefeitura com quem mais precisa.<\/p>\n\n\n\n<p>\u201cSeguiremos trabalhando com responsabilidade e coragem, olhando nos olhos das pessoas e promovendo a\u00e7\u00f5es que fazem a diferen\u00e7a. Porque na Prefeitura de Manaus, o trabalho n\u00e3o para.\u201d<\/p>\n\n\n\n<p>&#8212; &#8212; &#8212;<\/p>\n\n\n\n<p><strong>Texto &#8211;<\/strong> Emanuelle Baires \/ Semcom-Prefeito<\/p>\n\n\n\n<p><strong>Fotos &#8211;<\/strong> Ant\u00f4nio Pereira \/ Semcom-Prefeito<\/p>\n\n\n\n<p><strong>Dispon\u00edveis em<\/strong> \u2013 <a href=\"https:\/\/flic.kr\/s\/aHBqjCkjSJ\">https:\/\/flic.kr\/s\/aHBqjCkjSJ<\/a><\/p>\n","protected":false},"excerpt":{"rendered":"","protected":false},"author":57,"featured_media":211525,"comment_status":"closed","ping_status":"closed","sticky":false,"template":"","format":"standard","meta":{"footnotes":""},"categories":[34],"tags":[1360,274,1361,7,18],"acf":[],"yoast_head":"<!-- This site is optimized with the Yoast SEO plugin v23.0 - https:\/\/yoast.com\/wordpress\/plugins\/seo\/ -->\n<title>David lan\u00e7a \u201cManaus Por Voc\u00ea\u201d e anuncia tarifa social de \u00f4nibus<\/title>\n<meta name=\"description\" content=\"Nesta sexta-feira, o prefeito David Almeida lan\u00e7ou o programa \u201cManaus Por Voc\u00ea\u201d, que amplia a atua\u00e7\u00e3o da rede de prote\u00e7\u00e3o social do munic\u00edpio.\" \/>\n<meta name=\"robots\" content=\"noindex, follow\" \/>\n<meta property=\"og:locale\" content=\"pt_BR\" \/>\n<meta property=\"og:type\" content=\"article\" \/>\n<meta property=\"og:title\" content=\"David lan\u00e7a \u201cManaus Por Voc\u00ea\u201d e anuncia tarifa social de \u00f4nibus\" \/>\n<meta property=\"og:description\" content=\"Nesta sexta-feira, o prefeito David Almeida lan\u00e7ou o programa \u201cManaus Por Voc\u00ea\u201d, que amplia a atua\u00e7\u00e3o da rede de prote\u00e7\u00e3o social do munic\u00edpio.\" \/>\n<meta property=\"og:url\" content=\"https:\/\/www.manaus.am.gov.br\/semasc\/manaus-por-voce-tarifa-social\/\" \/>\n<meta property=\"og:site_name\" content=\"SEMASC\" \/>\n<meta property=\"article:publisher\" content=\"https:\/\/www.facebook.com\/semascmanaus\" \/>\n<meta property=\"article:published_time\" content=\"2025-07-04T20:49:35+00:00\" \/>\n<meta property=\"article:modified_time\" content=\"2025-07-04T20:49:37+00:00\" \/>\n<meta property=\"og:image\" content=\"https:\/\/www.manaus.am.gov.br\/semasc\/wp-content\/uploads\/sites\/17\/2025\/07\/Manaus-Por-Voce-6.jpg\" \/>\n\t<meta property=\"og:image:width\" content=\"800\" \/>\n\t<meta property=\"og:image:height\" content=\"533\" \/>\n\t<meta property=\"og:image:type\" content=\"image\/jpeg\" \/>\n<meta name=\"author\" content=\"Thiago Fernando\" \/>\n<meta name=\"twitter:card\" content=\"summary_large_image\" \/>\n<meta name=\"twitter:label1\" content=\"Written by\" \/>\n\t<meta name=\"twitter:data1\" content=\"Thiago Fernando\" \/>\n\t<meta name=\"twitter:label2\" content=\"Est. reading time\" \/>\n\t<meta name=\"twitter:data2\" content=\"6 minutos\" \/>\n<script type=\"application\/ld+json\" class=\"yoast-schema-graph\">{\"@context\":\"https:\/\/schema.org\",\"@graph\":[{\"@type\":\"Article\",\"@id\":\"https:\/\/www.manaus.am.gov.br\/semasc\/manaus-por-voce-tarifa-social\/#article\",\"isPartOf\":{\"@id\":\"https:\/\/www.manaus.am.gov.br\/semasc\/manaus-por-voce-tarifa-social\/\"},\"author\":{\"name\":\"Thiago Fernando\",\"@id\":\"https:\/\/www.manaus.am.gov.br\/semasc\/#\/schema\/person\/a5ee5376db6e21af026374b369f30882\"},\"headline\":\"Prefeito David Almeida lan\u00e7a \u201cManaus Por Voc\u00ea\u201d e anuncia tarifa social de \u00f4nibus para 400 mil pessoas\",\"datePublished\":\"2025-07-04T20:49:35+00:00\",\"dateModified\":\"2025-07-04T20:49:37+00:00\",\"mainEntityOfPage\":{\"@id\":\"https:\/\/www.manaus.am.gov.br\/semasc\/manaus-por-voce-tarifa-social\/\"},\"wordCount\":1014,\"publisher\":{\"@id\":\"https:\/\/www.manaus.am.gov.br\/semasc\/#organization\"},\"image\":{\"@id\":\"https:\/\/www.manaus.am.gov.br\/semasc\/manaus-por-voce-tarifa-social\/#primaryimage\"},\"thumbnailUrl\":\"https:\/\/www.manaus.am.gov.br\/semasc\/wp-content\/uploads\/sites\/17\/2025\/07\/Manaus-Por-Voce-6.jpg\",\"keywords\":[\"Asssit\u00eancia Social\",\"David Almeida\",\"Manaus Por Voc\u00ea\",\"prefeitura de manaus\",\"Semasc\"],\"articleSection\":[\"Assist\u00eancia Social\"],\"inLanguage\":\"pt-BR\"},{\"@type\":\"WebPage\",\"@id\":\"https:\/\/www.manaus.am.gov.br\/semasc\/manaus-por-voce-tarifa-social\/\",\"url\":\"https:\/\/www.manaus.am.gov.br\/semasc\/manaus-por-voce-tarifa-social\/\",\"name\":\"David lan\u00e7a \u201cManaus Por Voc\u00ea\u201d e anuncia tarifa social de \u00f4nibus\",\"isPartOf\":{\"@id\":\"https:\/\/www.manaus.am.gov.br\/semasc\/#website\"},\"primaryImageOfPage\":{\"@id\":\"https:\/\/www.manaus.am.gov.br\/semasc\/manaus-por-voce-tarifa-social\/#primaryimage\"},\"image\":{\"@id\":\"https:\/\/www.manaus.am.gov.br\/semasc\/manaus-por-voce-tarifa-social\/#primaryimage\"},\"thumbnailUrl\":\"https:\/\/www.manaus.am.gov.br\/semasc\/wp-content\/uploads\/sites\/17\/2025\/07\/Manaus-Por-Voce-6.jpg\",\"datePublished\":\"2025-07-04T20:49:35+00:00\",\"dateModified\":\"2025-07-04T20:49:37+00:00\",\"description\":\"Nesta sexta-feira, o prefeito David Almeida lan\u00e7ou o programa \u201cManaus Por Voc\u00ea\u201d, que amplia a atua\u00e7\u00e3o da rede de prote\u00e7\u00e3o social do munic\u00edpio.\",\"breadcrumb\":{\"@id\":\"https:\/\/www.manaus.am.gov.br\/semasc\/manaus-por-voce-tarifa-social\/#breadcrumb\"},\"inLanguage\":\"pt-BR\",\"potentialAction\":[{\"@type\":\"ReadAction\",\"target\":[\"https:\/\/www.manaus.am.gov.br\/semasc\/manaus-por-voce-tarifa-social\/\"]}]},{\"@type\":\"ImageObject\",\"inLanguage\":\"pt-BR\",\"@id\":\"https:\/\/www.manaus.am.gov.br\/semasc\/manaus-por-voce-tarifa-social\/#primaryimage\",\"url\":\"https:\/\/www.manaus.am.gov.br\/semasc\/wp-content\/uploads\/sites\/17\/2025\/07\/Manaus-Por-Voce-6.jpg\",\"contentUrl\":\"https:\/\/www.manaus.am.gov.br\/semasc\/wp-content\/uploads\/sites\/17\/2025\/07\/Manaus-Por-Voce-6.jpg\",\"width\":800,\"height\":533,\"caption\":\"Manaus Por Voc\u00ea\"},{\"@type\":\"BreadcrumbList\",\"@id\":\"https:\/\/www.manaus.am.gov.br\/semasc\/manaus-por-voce-tarifa-social\/#breadcrumb\",\"itemListElement\":[{\"@type\":\"ListItem\",\"position\":1,\"name\":\"Home\",\"item\":\"https:\/\/www.manaus.am.gov.br\/semasc\/\"},{\"@type\":\"ListItem\",\"position\":2,\"name\":\"Prefeito David Almeida lan\u00e7a \u201cManaus Por Voc\u00ea\u201d e anuncia tarifa social de \u00f4nibus para 400 mil pessoas\"}]},{\"@type\":\"WebSite\",\"@id\":\"https:\/\/www.manaus.am.gov.br\/semasc\/#website\",\"url\":\"https:\/\/www.manaus.am.gov.br\/semasc\/\",\"name\":\"SEMASC\",\"description\":\"Secretaria Municipal da Mulher, Assist\u00eancia Social e Cidadania.\",\"publisher\":{\"@id\":\"https:\/\/www.manaus.am.gov.br\/semasc\/#organization\"},\"alternateName\":\"Secretaria Municipal da Mulher, Assist\u00eancia Social e Cidadania\",\"potentialAction\":[{\"@type\":\"SearchAction\",\"target\":{\"@type\":\"EntryPoint\",\"urlTemplate\":\"https:\/\/www.manaus.am.gov.br\/semasc\/?s={search_term_string}\"},\"query-input\":\"required name=search_term_string\"}],\"inLanguage\":\"pt-BR\"},{\"@type\":\"Organization\",\"@id\":\"https:\/\/www.manaus.am.gov.br\/semasc\/#organization\",\"name\":\"Prefeitura de Manaus\",\"alternateName\":\"Prefeitura Municipal de Manaus\",\"url\":\"https:\/\/www.manaus.am.gov.br\/semasc\/\",\"logo\":{\"@type\":\"ImageObject\",\"inLanguage\":\"pt-BR\",\"@id\":\"https:\/\/www.manaus.am.gov.br\/semasc\/#\/schema\/logo\/image\/\",\"url\":\"https:\/\/www.manaus.am.gov.br\/semasc\/wp-content\/uploads\/sites\/17\/2024\/07\/favicon.png\",\"contentUrl\":\"https:\/\/www.manaus.am.gov.br\/semasc\/wp-content\/uploads\/sites\/17\/2024\/07\/favicon.png\",\"width\":300,\"height\":300,\"caption\":\"Prefeitura de Manaus\"},\"image\":{\"@id\":\"https:\/\/www.manaus.am.gov.br\/semasc\/#\/schema\/logo\/image\/\"},\"sameAs\":[\"https:\/\/www.facebook.com\/semascmanaus\",\"https:\/\/www.instagram.com\/semascmanaus\/\"]},{\"@type\":\"Person\",\"@id\":\"https:\/\/www.manaus.am.gov.br\/semasc\/#\/schema\/person\/a5ee5376db6e21af026374b369f30882\",\"name\":\"Thiago Fernando\",\"image\":{\"@type\":\"ImageObject\",\"inLanguage\":\"pt-BR\",\"@id\":\"https:\/\/www.manaus.am.gov.br\/semasc\/#\/schema\/person\/image\/\",\"url\":\"https:\/\/secure.gravatar.com\/avatar\/f5aab8722444041451501c077052ac07?s=96&d=mm&r=g\",\"contentUrl\":\"https:\/\/secure.gravatar.com\/avatar\/f5aab8722444041451501c077052ac07?s=96&d=mm&r=g\",\"caption\":\"Thiago Fernando\"}}]}<\/script>\n<!-- \/ Yoast SEO plugin. -->","yoast_head_json":{"title":"David lan\u00e7a \u201cManaus Por Voc\u00ea\u201d e anuncia tarifa social de \u00f4nibus","description":"Nesta sexta-feira, o prefeito David Almeida lan\u00e7ou o programa \u201cManaus Por Voc\u00ea\u201d, que amplia a atua\u00e7\u00e3o da rede de prote\u00e7\u00e3o social do munic\u00edpio.","robots":{"index":"noindex","follow":"follow"},"og_locale":"pt_BR","og_type":"article","og_title":"David lan\u00e7a \u201cManaus Por Voc\u00ea\u201d e anuncia tarifa social de \u00f4nibus","og_description":"Nesta sexta-feira, o prefeito David Almeida lan\u00e7ou o programa \u201cManaus Por Voc\u00ea\u201d, que amplia a atua\u00e7\u00e3o da rede de prote\u00e7\u00e3o social do munic\u00edpio.","og_url":"https:\/\/www.manaus.am.gov.br\/semasc\/manaus-por-voce-tarifa-social\/","og_site_name":"SEMASC","article_publisher":"https:\/\/www.facebook.com\/semascmanaus","article_published_time":"2025-07-04T20:49:35+00:00","article_modified_time":"2025-07-04T20:49:37+00:00","og_image":[{"width":800,"height":533,"url":"https:\/\/www.manaus.am.gov.br\/semasc\/wp-content\/uploads\/sites\/17\/2025\/07\/Manaus-Por-Voce-6.jpg","type":"image\/jpeg"}],"author":"Thiago Fernando","twitter_card":"summary_large_image","twitter_misc":{"Written by":"Thiago Fernando","Est. reading time":"6 minutos"},"schema":{"@context":"https:\/\/schema.org","@graph":[{"@type":"Article","@id":"https:\/\/www.manaus.am.gov.br\/semasc\/manaus-por-voce-tarifa-social\/#article","isPartOf":{"@id":"https:\/\/www.manaus.am.gov.br\/semasc\/manaus-por-voce-tarifa-social\/"},"author":{"name":"Thiago Fernando","@id":"https:\/\/www.manaus.am.gov.br\/semasc\/#\/schema\/person\/a5ee5376db6e21af026374b369f30882"},"headline":"Prefeito David Almeida lan\u00e7a \u201cManaus Por Voc\u00ea\u201d e anuncia tarifa social de \u00f4nibus para 400 mil pessoas","datePublished":"2025-07-04T20:49:35+00:00","dateModified":"2025-07-04T20:49:37+00:00","mainEntityOfPage":{"@id":"https:\/\/www.manaus.am.gov.br\/semasc\/manaus-por-voce-tarifa-social\/"},"wordCount":1014,"publisher":{"@id":"https:\/\/www.manaus.am.gov.br\/semasc\/#organization"},"image":{"@id":"https:\/\/www.manaus.am.gov.br\/semasc\/manaus-por-voce-tarifa-social\/#primaryimage"},"thumbnailUrl":"https:\/\/www.manaus.am.gov.br\/semasc\/wp-content\/uploads\/sites\/17\/2025\/07\/Manaus-Por-Voce-6.jpg","keywords":["Asssit\u00eancia Social","David Almeida","Manaus Por Voc\u00ea","prefeitura de manaus","Semasc"],"articleSection":["Assist\u00eancia Social"],"inLanguage":"pt-BR"},{"@type":"WebPage","@id":"https:\/\/www.manaus.am.gov.br\/semasc\/manaus-por-voce-tarifa-social\/","url":"https:\/\/www.manaus.am.gov.br\/semasc\/manaus-por-voce-tarifa-social\/","name":"David lan\u00e7a \u201cManaus Por Voc\u00ea\u201d e anuncia tarifa social de \u00f4nibus","isPartOf":{"@id":"https:\/\/www.manaus.am.gov.br\/semasc\/#website"},"primaryImageOfPage":{"@id":"https:\/\/www.manaus.am.gov.br\/semasc\/manaus-por-voce-tarifa-social\/#primaryimage"},"image":{"@id":"https:\/\/www.manaus.am.gov.br\/semasc\/manaus-por-voce-tarifa-social\/#primaryimage"},"thumbnailUrl":"https:\/\/www.manaus.am.gov.br\/semasc\/wp-content\/uploads\/sites\/17\/2025\/07\/Manaus-Por-Voce-6.jpg","datePublished":"2025-07-04T20:49:35+00:00","dateModified":"2025-07-04T20:49:37+00:00","description":"Nesta sexta-feira, o prefeito David Almeida lan\u00e7ou o programa \u201cManaus Por Voc\u00ea\u201d, que amplia a atua\u00e7\u00e3o da rede de prote\u00e7\u00e3o social do munic\u00edpio.","breadcrumb":{"@id":"https:\/\/www.manaus.am.gov.br\/semasc\/manaus-por-voce-tarifa-social\/#breadcrumb"},"inLanguage":"pt-BR","potentialAction":[{"@type":"ReadAction","target":["https:\/\/www.manaus.am.gov.br\/semasc\/manaus-por-voce-tarifa-social\/"]}]},{"@type":"ImageObject","inLanguage":"pt-BR","@id":"https:\/\/www.manaus.am.gov.br\/semasc\/manaus-por-voce-tarifa-social\/#primaryimage","url":"https:\/\/www.manaus.am.gov.br\/semasc\/wp-content\/uploads\/sites\/17\/2025\/07\/Manaus-Por-Voce-6.jpg","contentUrl":"https:\/\/www.manaus.am.gov.br\/semasc\/wp-content\/uploads\/sites\/17\/2025\/07\/Manaus-Por-Voce-6.jpg","width":800,"height":533,"caption":"Manaus Por Voc\u00ea"},{"@type":"BreadcrumbList","@id":"https:\/\/www.manaus.am.gov.br\/semasc\/manaus-por-voce-tarifa-social\/#breadcrumb","itemListElement":[{"@type":"ListItem","position":1,"name":"Home","item":"https:\/\/www.manaus.am.gov.br\/semasc\/"},{"@type":"ListItem","position":2,"name":"Prefeito David Almeida lan\u00e7a \u201cManaus Por Voc\u00ea\u201d e anuncia tarifa social de \u00f4nibus para 400 mil pessoas"}]},{"@type":"WebSite","@id":"https:\/\/www.manaus.am.gov.br\/semasc\/#website","url":"https:\/\/www.manaus.am.gov.br\/semasc\/","name":"SEMASC","description":"Secretaria Municipal da Mulher, Assist\u00eancia Social e Cidadania.","publisher":{"@id":"https:\/\/www.manaus.am.gov.br\/semasc\/#organization"},"alternateName":"Secretaria Municipal da Mulher, Assist\u00eancia Social e Cidadania","potentialAction":[{"@type":"SearchAction","target":{"@type":"EntryPoint","urlTemplate":"https:\/\/www.manaus.am.gov.br\/semasc\/?s={search_term_string}"},"query-input":"required name=search_term_string"}],"inLanguage":"pt-BR"},{"@type":"Organization","@id":"https:\/\/www.manaus.am.gov.br\/semasc\/#organization","name":"Prefeitura de Manaus","alternateName":"Prefeitura Municipal de Manaus","url":"https:\/\/www.manaus.am.gov.br\/semasc\/","logo":{"@type":"ImageObject","inLanguage":"pt-BR","@id":"https:\/\/www.manaus.am.gov.br\/semasc\/#\/schema\/logo\/image\/","url":"https:\/\/www.manaus.am.gov.br\/semasc\/wp-content\/uploads\/sites\/17\/2024\/07\/favicon.png","contentUrl":"https:\/\/www.manaus.am.gov.br\/semasc\/wp-content\/uploads\/sites\/17\/2024\/07\/favicon.png","width":300,"height":300,"caption":"Prefeitura de Manaus"},"image":{"@id":"https:\/\/www.manaus.am.gov.br\/semasc\/#\/schema\/logo\/image\/"},"sameAs":["https:\/\/www.facebook.com\/semascmanaus","https:\/\/www.instagram.com\/semascmanaus\/"]},{"@type":"Person","@id":"https:\/\/www.manaus.am.gov.br\/semasc\/#\/schema\/person\/a5ee5376db6e21af026374b369f30882","name":"Thiago Fernando","image":{"@type":"ImageObject","inLanguage":"pt-BR","@id":"https:\/\/www.manaus.am.gov.br\/semasc\/#\/schema\/person\/image\/","url":"https:\/\/secure.gravatar.com\/avatar\/f5aab8722444041451501c077052ac07?s=96&d=mm&r=g","contentUrl":"https:\/\/secure.gravatar.com\/avatar\/f5aab8722444041451501c077052ac07?s=96&d=mm&r=g","caption":"Thiago Fernando"}}]}},"_links":{"self":[{"href":"https:\/\/www.manaus.am.gov.br\/semasc\/wp-json\/wp\/v2\/posts\/211524"}],"collection":[{"href":"https:\/\/www.manaus.am.gov.br\/semasc\/wp-json\/wp\/v2\/posts"}],"about":[{"href":"https:\/\/www.manaus.am.gov.br\/semasc\/wp-json\/wp\/v2\/types\/post"}],"author":[{"embeddable":true,"href":"https:\/\/www.manaus.am.gov.br\/semasc\/wp-json\/wp\/v2\/users\/57"}],"replies":[{"embeddable":true,"href":"https:\/\/www.manaus.am.gov.br\/semasc\/wp-json\/wp\/v2\/comments?post=211524"}],"version-history":[{"count":0,"href":"https:\/\/www.manaus.am.gov.br\/semasc\/wp-json\/wp\/v2\/posts\/211524\/revisions"}],"wp:featuredmedia":[{"embeddable":true,"href":"https:\/\/www.manaus.am.gov.br\/semasc\/wp-json\/wp\/v2\/media\/211525"}],"wp:attachment":[{"href":"https:\/\/www.manaus.am.gov.br\/semasc\/wp-json\/wp\/v2\/media?parent=211524"}],"wp:term":[{"taxonomy":"category","embeddable":true,"href":"https:\/\/www.manaus.am.gov.br\/semasc\/wp-json\/wp\/v2\/categories?post=211524"},{"taxonomy":"post_tag","embeddable":true,"href":"https:\/\/www.manaus.am.gov.br\/semasc\/wp-json\/wp\/v2\/tags?post=211524"}],"curies":[{"name":"wp","href":"https:\/\/api.w.org\/{rel}","templated":true}]}}