{"id":211518,"date":"2025-07-03T10:28:58","date_gmt":"2025-07-03T14:28:58","guid":{"rendered":"https:\/\/www.manaus.am.gov.br\/semasc\/pessoas-com-tea-atendimento\/"},"modified":"2025-07-03T10:28:59","modified_gmt":"2025-07-03T14:28:59","slug":"pessoas-com-tea-atendimento","status":"publish","type":"post","link":"https:\/\/www.manaus.am.gov.br\/semasc\/pessoas-com-tea-atendimento\/","title":{"rendered":"Prefeitura de Manaus promove qualifica\u00e7\u00e3o para atendimento especializado a pessoas com autismo"},"content":{"rendered":"\n<p>A <a href=\"https:\/\/www.instagram.com\/prefeiturademanaus\/\">Prefeitura de Manaus<\/a>, por meio da <a href=\"https:\/\/www.manaus.am.gov.br\/semasc\/\">Secretaria Municipal da Mulher, Assist\u00eancia Social e Cidadania (Semasc),<\/a> realizou, nesta quarta-feira, 2\/7, no audit\u00f3rio do Parque do Idoso, localizado na rua Rio Mar, Nossa Senhora das Gra\u00e7as, zona Centro-Sul da capital, uma capacita\u00e7\u00e3o voltada \u00e0 qualifica\u00e7\u00e3o de servidores da assist\u00eancia social no atendimento a pessoas com Transtorno do Espectro Autista (TEA).<\/p>\n\n\n\n<p>Com carga hor\u00e1ria total de 10 horas, a capacita\u00e7\u00e3o teve como objetivo fortalecer uma abordagem humanizada, acess\u00edvel e respeitosa aos usu\u00e1rios dos servi\u00e7os da Semasc, em especial \u00e0s pessoas com autismo. A iniciativa visa preparar os agentes p\u00fablicos para lidar de forma mais sens\u00edvel e eficaz com as demandas espec\u00edficas desse p\u00fablico.<\/p>\n\n\n\n<p>&#8220;Essa oportunidade que n\u00f3s estamos tendo aqui \u00e9 justamente para qualificar o nosso atendimento a esse p\u00fablico, principalmente quem est\u00e1 na nossa linha de frente, que s\u00e3o os CRAS e os CREAS. No atendimento ao p\u00fablico e \u00e0s fam\u00edlias, n\u00f3s nos deparamos com v\u00e1rias pessoas no espectro. Ent\u00e3o, com essa capacita\u00e7\u00e3o, nossos servidores saber\u00e3o como lidar com esse p\u00fablico e como atender da melhor forma poss\u00edvel, garantindo dignidade, acolhimento e suporte necess\u00e1rio&#8221;, afirma Jucimaria Menezes, diretora do Departamento de Prote\u00e7\u00e3o Social B\u00e1sica.<\/p>\n\n\n\n<p>Participam da forma\u00e7\u00e3o os profissionais que atuam diretamente com a popula\u00e7\u00e3o, como t\u00e9cnicos e agentes de recep\u00e7\u00e3o dos Centros de Refer\u00eancia de Assist\u00eancia Social (CRAS), coordenadores de unidades da secretaria, t\u00e9cnicos do Cadastro \u00danico, entrevistadores sociais e equipes da Prote\u00e7\u00e3o Social Especial, respons\u00e1veis pelas abordagens sociais.<\/p>\n\n\n\n<p>A entrega dos certificados ocorrer\u00e1 nesta sexta-feira, 4\/7, durante o lan\u00e7amento do programa &#8220;Manaus Por Voc\u00ea&#8221;, no Studio 5 Centro de Conven\u00e7\u00f5es, localizado na zona Sul.<\/p>\n\n\n\n<p>&#8212; &#8212; &#8212;<\/p>\n\n\n\n<p><strong>Texto e Fotos \u2013<\/strong> Divulga\u00e7\u00e3o \/ Semasc<\/p>\n","protected":false},"excerpt":{"rendered":"","protected":false},"author":57,"featured_media":211519,"comment_status":"closed","ping_status":"closed","sticky":false,"template":"","format":"standard","meta":{"footnotes":""},"categories":[76],"tags":[584,563,1359,7,18],"acf":[],"yoast_head":"<!-- This site is optimized with the Yoast SEO plugin v23.0 - https:\/\/yoast.com\/wordpress\/plugins\/seo\/ -->\n<title>PMM promove qualifica\u00e7\u00e3o para atendimento a pessoas com TEA<\/title>\n<meta name=\"description\" content=\"A Prefeitura de Manaus realizou, nesta quarta-feira, 2\/7, uma capacita\u00e7\u00e3o voltada \u00e0 qualifica\u00e7\u00e3o do atendimento a pessoas com TEA.\" \/>\n<meta name=\"robots\" content=\"noindex, follow\" \/>\n<meta property=\"og:locale\" content=\"pt_BR\" \/>\n<meta property=\"og:type\" content=\"article\" \/>\n<meta property=\"og:title\" content=\"PMM promove qualifica\u00e7\u00e3o para atendimento a pessoas com TEA\" \/>\n<meta property=\"og:description\" content=\"A Prefeitura de Manaus realizou, nesta quarta-feira, 2\/7, uma capacita\u00e7\u00e3o voltada \u00e0 qualifica\u00e7\u00e3o do atendimento a pessoas com TEA.\" \/>\n<meta property=\"og:url\" content=\"https:\/\/www.manaus.am.gov.br\/semasc\/pessoas-com-tea-atendimento\/\" \/>\n<meta property=\"og:site_name\" content=\"SEMASC\" \/>\n<meta property=\"article:publisher\" content=\"https:\/\/www.facebook.com\/semascmanaus\" \/>\n<meta property=\"article:published_time\" content=\"2025-07-03T14:28:58+00:00\" \/>\n<meta property=\"article:modified_time\" content=\"2025-07-03T14:28:59+00:00\" \/>\n<meta property=\"og:image\" content=\"https:\/\/www.manaus.am.gov.br\/semasc\/wp-content\/uploads\/sites\/17\/2025\/07\/pessoas-com-TEA-3.jpg\" \/>\n\t<meta property=\"og:image:width\" content=\"2784\" \/>\n\t<meta property=\"og:image:height\" content=\"1856\" \/>\n\t<meta property=\"og:image:type\" content=\"image\/jpeg\" \/>\n<meta name=\"author\" content=\"Thiago Fernando\" \/>\n<meta name=\"twitter:card\" content=\"summary_large_image\" \/>\n<meta name=\"twitter:label1\" content=\"Written by\" \/>\n\t<meta name=\"twitter:data1\" content=\"Thiago Fernando\" \/>\n\t<meta name=\"twitter:label2\" content=\"Est. reading time\" \/>\n\t<meta name=\"twitter:data2\" content=\"2 minutos\" \/>\n<script type=\"application\/ld+json\" class=\"yoast-schema-graph\">{\"@context\":\"https:\/\/schema.org\",\"@graph\":[{\"@type\":\"Article\",\"@id\":\"https:\/\/www.manaus.am.gov.br\/semasc\/pessoas-com-tea-atendimento\/#article\",\"isPartOf\":{\"@id\":\"https:\/\/www.manaus.am.gov.br\/semasc\/pessoas-com-tea-atendimento\/\"},\"author\":{\"name\":\"Thiago Fernando\",\"@id\":\"https:\/\/www.manaus.am.gov.br\/semasc\/#\/schema\/person\/a5ee5376db6e21af026374b369f30882\"},\"headline\":\"Prefeitura de Manaus promove qualifica\u00e7\u00e3o para atendimento especializado a pessoas com autismo\",\"datePublished\":\"2025-07-03T14:28:58+00:00\",\"dateModified\":\"2025-07-03T14:28:59+00:00\",\"mainEntityOfPage\":{\"@id\":\"https:\/\/www.manaus.am.gov.br\/semasc\/pessoas-com-tea-atendimento\/\"},\"wordCount\":322,\"publisher\":{\"@id\":\"https:\/\/www.manaus.am.gov.br\/semasc\/#organization\"},\"image\":{\"@id\":\"https:\/\/www.manaus.am.gov.br\/semasc\/pessoas-com-tea-atendimento\/#primaryimage\"},\"thumbnailUrl\":\"https:\/\/www.manaus.am.gov.br\/semasc\/wp-content\/uploads\/sites\/17\/2025\/07\/pessoas-com-TEA-3.jpg\",\"keywords\":[\"atendimento\",\"autismo\",\"Pessoas com TEA\",\"prefeitura de manaus\",\"Semasc\"],\"articleSection\":[\"Capacita\u00e7\u00e3o\"],\"inLanguage\":\"pt-BR\"},{\"@type\":\"WebPage\",\"@id\":\"https:\/\/www.manaus.am.gov.br\/semasc\/pessoas-com-tea-atendimento\/\",\"url\":\"https:\/\/www.manaus.am.gov.br\/semasc\/pessoas-com-tea-atendimento\/\",\"name\":\"PMM promove qualifica\u00e7\u00e3o para atendimento a pessoas com TEA\",\"isPartOf\":{\"@id\":\"https:\/\/www.manaus.am.gov.br\/semasc\/#website\"},\"primaryImageOfPage\":{\"@id\":\"https:\/\/www.manaus.am.gov.br\/semasc\/pessoas-com-tea-atendimento\/#primaryimage\"},\"image\":{\"@id\":\"https:\/\/www.manaus.am.gov.br\/semasc\/pessoas-com-tea-atendimento\/#primaryimage\"},\"thumbnailUrl\":\"https:\/\/www.manaus.am.gov.br\/semasc\/wp-content\/uploads\/sites\/17\/2025\/07\/pessoas-com-TEA-3.jpg\",\"datePublished\":\"2025-07-03T14:28:58+00:00\",\"dateModified\":\"2025-07-03T14:28:59+00:00\",\"description\":\"A Prefeitura de Manaus realizou, nesta quarta-feira, 2\/7, uma capacita\u00e7\u00e3o voltada \u00e0 qualifica\u00e7\u00e3o do atendimento a pessoas com TEA.\",\"breadcrumb\":{\"@id\":\"https:\/\/www.manaus.am.gov.br\/semasc\/pessoas-com-tea-atendimento\/#breadcrumb\"},\"inLanguage\":\"pt-BR\",\"potentialAction\":[{\"@type\":\"ReadAction\",\"target\":[\"https:\/\/www.manaus.am.gov.br\/semasc\/pessoas-com-tea-atendimento\/\"]}]},{\"@type\":\"ImageObject\",\"inLanguage\":\"pt-BR\",\"@id\":\"https:\/\/www.manaus.am.gov.br\/semasc\/pessoas-com-tea-atendimento\/#primaryimage\",\"url\":\"https:\/\/www.manaus.am.gov.br\/semasc\/wp-content\/uploads\/sites\/17\/2025\/07\/pessoas-com-TEA-3.jpg\",\"contentUrl\":\"https:\/\/www.manaus.am.gov.br\/semasc\/wp-content\/uploads\/sites\/17\/2025\/07\/pessoas-com-TEA-3.jpg\",\"width\":2784,\"height\":1856,\"caption\":\"pessoas com TEA\"},{\"@type\":\"BreadcrumbList\",\"@id\":\"https:\/\/www.manaus.am.gov.br\/semasc\/pessoas-com-tea-atendimento\/#breadcrumb\",\"itemListElement\":[{\"@type\":\"ListItem\",\"position\":1,\"name\":\"Home\",\"item\":\"https:\/\/www.manaus.am.gov.br\/semasc\/\"},{\"@type\":\"ListItem\",\"position\":2,\"name\":\"Prefeitura de Manaus promove qualifica\u00e7\u00e3o para atendimento especializado a pessoas com autismo\"}]},{\"@type\":\"WebSite\",\"@id\":\"https:\/\/www.manaus.am.gov.br\/semasc\/#website\",\"url\":\"https:\/\/www.manaus.am.gov.br\/semasc\/\",\"name\":\"SEMASC\",\"description\":\"Secretaria Municipal da Mulher, Assist\u00eancia Social e Cidadania.\",\"publisher\":{\"@id\":\"https:\/\/www.manaus.am.gov.br\/semasc\/#organization\"},\"alternateName\":\"Secretaria Municipal da Mulher, Assist\u00eancia Social e Cidadania\",\"potentialAction\":[{\"@type\":\"SearchAction\",\"target\":{\"@type\":\"EntryPoint\",\"urlTemplate\":\"https:\/\/www.manaus.am.gov.br\/semasc\/?s={search_term_string}\"},\"query-input\":\"required name=search_term_string\"}],\"inLanguage\":\"pt-BR\"},{\"@type\":\"Organization\",\"@id\":\"https:\/\/www.manaus.am.gov.br\/semasc\/#organization\",\"name\":\"Prefeitura de Manaus\",\"alternateName\":\"Prefeitura Municipal de Manaus\",\"url\":\"https:\/\/www.manaus.am.gov.br\/semasc\/\",\"logo\":{\"@type\":\"ImageObject\",\"inLanguage\":\"pt-BR\",\"@id\":\"https:\/\/www.manaus.am.gov.br\/semasc\/#\/schema\/logo\/image\/\",\"url\":\"https:\/\/www.manaus.am.gov.br\/semasc\/wp-content\/uploads\/sites\/17\/2024\/07\/favicon.png\",\"contentUrl\":\"https:\/\/www.manaus.am.gov.br\/semasc\/wp-content\/uploads\/sites\/17\/2024\/07\/favicon.png\",\"width\":300,\"height\":300,\"caption\":\"Prefeitura de Manaus\"},\"image\":{\"@id\":\"https:\/\/www.manaus.am.gov.br\/semasc\/#\/schema\/logo\/image\/\"},\"sameAs\":[\"https:\/\/www.facebook.com\/semascmanaus\",\"https:\/\/www.instagram.com\/semascmanaus\/\"]},{\"@type\":\"Person\",\"@id\":\"https:\/\/www.manaus.am.gov.br\/semasc\/#\/schema\/person\/a5ee5376db6e21af026374b369f30882\",\"name\":\"Thiago Fernando\",\"image\":{\"@type\":\"ImageObject\",\"inLanguage\":\"pt-BR\",\"@id\":\"https:\/\/www.manaus.am.gov.br\/semasc\/#\/schema\/person\/image\/\",\"url\":\"https:\/\/secure.gravatar.com\/avatar\/f5aab8722444041451501c077052ac07?s=96&d=mm&r=g\",\"contentUrl\":\"https:\/\/secure.gravatar.com\/avatar\/f5aab8722444041451501c077052ac07?s=96&d=mm&r=g\",\"caption\":\"Thiago Fernando\"}}]}<\/script>\n<!-- \/ Yoast SEO plugin. -->","yoast_head_json":{"title":"PMM promove qualifica\u00e7\u00e3o para atendimento a pessoas com TEA","description":"A Prefeitura de Manaus realizou, nesta quarta-feira, 2\/7, uma capacita\u00e7\u00e3o voltada \u00e0 qualifica\u00e7\u00e3o do atendimento a pessoas com TEA.","robots":{"index":"noindex","follow":"follow"},"og_locale":"pt_BR","og_type":"article","og_title":"PMM promove qualifica\u00e7\u00e3o para atendimento a pessoas com TEA","og_description":"A Prefeitura de Manaus realizou, nesta quarta-feira, 2\/7, uma capacita\u00e7\u00e3o voltada \u00e0 qualifica\u00e7\u00e3o do atendimento a pessoas com TEA.","og_url":"https:\/\/www.manaus.am.gov.br\/semasc\/pessoas-com-tea-atendimento\/","og_site_name":"SEMASC","article_publisher":"https:\/\/www.facebook.com\/semascmanaus","article_published_time":"2025-07-03T14:28:58+00:00","article_modified_time":"2025-07-03T14:28:59+00:00","og_image":[{"width":2784,"height":1856,"url":"https:\/\/www.manaus.am.gov.br\/semasc\/wp-content\/uploads\/sites\/17\/2025\/07\/pessoas-com-TEA-3.jpg","type":"image\/jpeg"}],"author":"Thiago Fernando","twitter_card":"summary_large_image","twitter_misc":{"Written by":"Thiago Fernando","Est. reading time":"2 minutos"},"schema":{"@context":"https:\/\/schema.org","@graph":[{"@type":"Article","@id":"https:\/\/www.manaus.am.gov.br\/semasc\/pessoas-com-tea-atendimento\/#article","isPartOf":{"@id":"https:\/\/www.manaus.am.gov.br\/semasc\/pessoas-com-tea-atendimento\/"},"author":{"name":"Thiago Fernando","@id":"https:\/\/www.manaus.am.gov.br\/semasc\/#\/schema\/person\/a5ee5376db6e21af026374b369f30882"},"headline":"Prefeitura de Manaus promove qualifica\u00e7\u00e3o para atendimento especializado a pessoas com autismo","datePublished":"2025-07-03T14:28:58+00:00","dateModified":"2025-07-03T14:28:59+00:00","mainEntityOfPage":{"@id":"https:\/\/www.manaus.am.gov.br\/semasc\/pessoas-com-tea-atendimento\/"},"wordCount":322,"publisher":{"@id":"https:\/\/www.manaus.am.gov.br\/semasc\/#organization"},"image":{"@id":"https:\/\/www.manaus.am.gov.br\/semasc\/pessoas-com-tea-atendimento\/#primaryimage"},"thumbnailUrl":"https:\/\/www.manaus.am.gov.br\/semasc\/wp-content\/uploads\/sites\/17\/2025\/07\/pessoas-com-TEA-3.jpg","keywords":["atendimento","autismo","Pessoas com TEA","prefeitura de manaus","Semasc"],"articleSection":["Capacita\u00e7\u00e3o"],"inLanguage":"pt-BR"},{"@type":"WebPage","@id":"https:\/\/www.manaus.am.gov.br\/semasc\/pessoas-com-tea-atendimento\/","url":"https:\/\/www.manaus.am.gov.br\/semasc\/pessoas-com-tea-atendimento\/","name":"PMM promove qualifica\u00e7\u00e3o para atendimento a pessoas com TEA","isPartOf":{"@id":"https:\/\/www.manaus.am.gov.br\/semasc\/#website"},"primaryImageOfPage":{"@id":"https:\/\/www.manaus.am.gov.br\/semasc\/pessoas-com-tea-atendimento\/#primaryimage"},"image":{"@id":"https:\/\/www.manaus.am.gov.br\/semasc\/pessoas-com-tea-atendimento\/#primaryimage"},"thumbnailUrl":"https:\/\/www.manaus.am.gov.br\/semasc\/wp-content\/uploads\/sites\/17\/2025\/07\/pessoas-com-TEA-3.jpg","datePublished":"2025-07-03T14:28:58+00:00","dateModified":"2025-07-03T14:28:59+00:00","description":"A Prefeitura de Manaus realizou, nesta quarta-feira, 2\/7, uma capacita\u00e7\u00e3o voltada \u00e0 qualifica\u00e7\u00e3o do atendimento a pessoas com TEA.","breadcrumb":{"@id":"https:\/\/www.manaus.am.gov.br\/semasc\/pessoas-com-tea-atendimento\/#breadcrumb"},"inLanguage":"pt-BR","potentialAction":[{"@type":"ReadAction","target":["https:\/\/www.manaus.am.gov.br\/semasc\/pessoas-com-tea-atendimento\/"]}]},{"@type":"ImageObject","inLanguage":"pt-BR","@id":"https:\/\/www.manaus.am.gov.br\/semasc\/pessoas-com-tea-atendimento\/#primaryimage","url":"https:\/\/www.manaus.am.gov.br\/semasc\/wp-content\/uploads\/sites\/17\/2025\/07\/pessoas-com-TEA-3.jpg","contentUrl":"https:\/\/www.manaus.am.gov.br\/semasc\/wp-content\/uploads\/sites\/17\/2025\/07\/pessoas-com-TEA-3.jpg","width":2784,"height":1856,"caption":"pessoas com TEA"},{"@type":"BreadcrumbList","@id":"https:\/\/www.manaus.am.gov.br\/semasc\/pessoas-com-tea-atendimento\/#breadcrumb","itemListElement":[{"@type":"ListItem","position":1,"name":"Home","item":"https:\/\/www.manaus.am.gov.br\/semasc\/"},{"@type":"ListItem","position":2,"name":"Prefeitura de Manaus promove qualifica\u00e7\u00e3o para atendimento especializado a pessoas com autismo"}]},{"@type":"WebSite","@id":"https:\/\/www.manaus.am.gov.br\/semasc\/#website","url":"https:\/\/www.manaus.am.gov.br\/semasc\/","name":"SEMASC","description":"Secretaria Municipal da Mulher, Assist\u00eancia Social e Cidadania.","publisher":{"@id":"https:\/\/www.manaus.am.gov.br\/semasc\/#organization"},"alternateName":"Secretaria Municipal da Mulher, Assist\u00eancia Social e Cidadania","potentialAction":[{"@type":"SearchAction","target":{"@type":"EntryPoint","urlTemplate":"https:\/\/www.manaus.am.gov.br\/semasc\/?s={search_term_string}"},"query-input":"required name=search_term_string"}],"inLanguage":"pt-BR"},{"@type":"Organization","@id":"https:\/\/www.manaus.am.gov.br\/semasc\/#organization","name":"Prefeitura de Manaus","alternateName":"Prefeitura Municipal de Manaus","url":"https:\/\/www.manaus.am.gov.br\/semasc\/","logo":{"@type":"ImageObject","inLanguage":"pt-BR","@id":"https:\/\/www.manaus.am.gov.br\/semasc\/#\/schema\/logo\/image\/","url":"https:\/\/www.manaus.am.gov.br\/semasc\/wp-content\/uploads\/sites\/17\/2024\/07\/favicon.png","contentUrl":"https:\/\/www.manaus.am.gov.br\/semasc\/wp-content\/uploads\/sites\/17\/2024\/07\/favicon.png","width":300,"height":300,"caption":"Prefeitura de Manaus"},"image":{"@id":"https:\/\/www.manaus.am.gov.br\/semasc\/#\/schema\/logo\/image\/"},"sameAs":["https:\/\/www.facebook.com\/semascmanaus","https:\/\/www.instagram.com\/semascmanaus\/"]},{"@type":"Person","@id":"https:\/\/www.manaus.am.gov.br\/semasc\/#\/schema\/person\/a5ee5376db6e21af026374b369f30882","name":"Thiago Fernando","image":{"@type":"ImageObject","inLanguage":"pt-BR","@id":"https:\/\/www.manaus.am.gov.br\/semasc\/#\/schema\/person\/image\/","url":"https:\/\/secure.gravatar.com\/avatar\/f5aab8722444041451501c077052ac07?s=96&d=mm&r=g","contentUrl":"https:\/\/secure.gravatar.com\/avatar\/f5aab8722444041451501c077052ac07?s=96&d=mm&r=g","caption":"Thiago Fernando"}}]}},"_links":{"self":[{"href":"https:\/\/www.manaus.am.gov.br\/semasc\/wp-json\/wp\/v2\/posts\/211518"}],"collection":[{"href":"https:\/\/www.manaus.am.gov.br\/semasc\/wp-json\/wp\/v2\/posts"}],"about":[{"href":"https:\/\/www.manaus.am.gov.br\/semasc\/wp-json\/wp\/v2\/types\/post"}],"author":[{"embeddable":true,"href":"https:\/\/www.manaus.am.gov.br\/semasc\/wp-json\/wp\/v2\/users\/57"}],"replies":[{"embeddable":true,"href":"https:\/\/www.manaus.am.gov.br\/semasc\/wp-json\/wp\/v2\/comments?post=211518"}],"version-history":[{"count":0,"href":"https:\/\/www.manaus.am.gov.br\/semasc\/wp-json\/wp\/v2\/posts\/211518\/revisions"}],"wp:featuredmedia":[{"embeddable":true,"href":"https:\/\/www.manaus.am.gov.br\/semasc\/wp-json\/wp\/v2\/media\/211519"}],"wp:attachment":[{"href":"https:\/\/www.manaus.am.gov.br\/semasc\/wp-json\/wp\/v2\/media?parent=211518"}],"wp:term":[{"taxonomy":"category","embeddable":true,"href":"https:\/\/www.manaus.am.gov.br\/semasc\/wp-json\/wp\/v2\/categories?post=211518"},{"taxonomy":"post_tag","embeddable":true,"href":"https:\/\/www.manaus.am.gov.br\/semasc\/wp-json\/wp\/v2\/tags?post=211518"}],"curies":[{"name":"wp","href":"https:\/\/api.w.org\/{rel}","templated":true}]}}