{"id":211502,"date":"2025-06-14T10:35:50","date_gmt":"2025-06-14T14:35:50","guid":{"rendered":"https:\/\/www.manaus.am.gov.br\/semasc\/acao-integrada-centro\/"},"modified":"2025-06-14T10:35:50","modified_gmt":"2025-06-14T14:35:50","slug":"acao-integrada-centro","status":"publish","type":"post","link":"https:\/\/www.manaus.am.gov.br\/semasc\/acao-integrada-centro\/","title":{"rendered":"Prefeitura de Manaus realiza a\u00e7\u00e3o integrada voltada \u00e0 popula\u00e7\u00e3o em situa\u00e7\u00e3o de rua no centro da cidade"},"content":{"rendered":"\n<p><strong><br><\/strong>A Prefeitura de Manaus, por meio da Secretaria Municipal da Mulher, Assist\u00eancia Social e Cidadania (Semasc), realizou, na sexta-feira, 13\/6, mais uma opera\u00e7\u00e3o de cidadania voltada \u00e0 popula\u00e7\u00e3o em situa\u00e7\u00e3o de rua, com o objetivo de garantir dignidade e acesso aos direitos dessa popula\u00e7\u00e3o.<br><br>A a\u00e7\u00e3o integrada para Pessoas em Situa\u00e7\u00e3o de Rua (PSR) percorreu a \u00e1rea da Manaus Moderna, no mercado Adolpho Lisboa e feira da Banana, que possuem uma grande concentra\u00e7\u00e3o de PSRs, com pontos de apoio para realizar um atendimento respeitoso e humanizado para quem mais precisa. A iniciativa contou com a presen\u00e7a das secretarias municipais de Sa\u00fade (Semsa), Seguran\u00e7a P\u00fablica e Defesa Social (Semseg), Trabalho, Empreendedorismo e Inova\u00e7\u00e3o (Semtepi), Agricultura, Abastecimento, Centro e Com\u00e9rcio Informal (Semacc), al\u00e9m do Fundo Manaus Solid\u00e1ria (FMS) e a Defensoria P\u00fablica do Estado (DPE-AM).<br><br>A diretora do Departamento de Prote\u00e7\u00e3o Social Especial, Helane Moreira, refor\u00e7ou que o objetivo da a\u00e7\u00e3o \u00e9 promover acolhimento e escuta. \u201cNossa equipe de abordagem social est\u00e1 sempre mapeando as \u00e1reas com pessoas em situa\u00e7\u00e3o de rua, realizando a escuta, entendendo a situa\u00e7\u00e3o das pessoas, e oferecendo acolhimento em nossos equipamentos. \u00c9 muito importante garantir os direitos dessa popula\u00e7\u00e3o, que muitas vezes \u00e9 invisibilizada\u201d.<br><br>Para a presidente do Fundo Manaus Solid\u00e1ria, Viviana Lira, essa a\u00e7\u00e3o integrada \u00e9 importante para garantir o atendimento a essa popula\u00e7\u00e3o e tratamento para os dependentes qu\u00edmicos. \u201cN\u00f3s estamos dando continuidade \u00e0 a\u00e7\u00e3o que teve no bairro Compensa, e n\u00e3o \u00e9 f\u00e1cil, existem muitos dependentes qu\u00edmicos aqui nessa \u00e1rea, \u00e9 uma situa\u00e7\u00e3o bem complicada, mas o Fundo Manaus Solid\u00e1ria est\u00e1 aqui para encaminhar os dependentes qu\u00edmicos que desejam tratamento para os institutos parceiros e que tamb\u00e9m fazem esse trabalho para resgatar vidas\u201d, destacou a presidente.<br><br>O Defensor P\u00fablico, Thiago Rosas, destacou a import\u00e2ncia do trabalho com a popula\u00e7\u00e3o de rua, para garantir humanidade, mesmo com diversas realidades presentes. \u201cO crescimento da popula\u00e7\u00e3o de rua \u00e9 um problema complexo da cidade de Manaus. N\u00f3s temos muitas realidades que trazem as pessoas \u00e0 rua, o v\u00edcio \u00e9 uma delas, mas tamb\u00e9m t\u00eam quest\u00f5es psiqui\u00e1tricas, as quest\u00f5es familiares, as quest\u00f5es de migra\u00e7\u00e3o do interior para Manaus, povos ind\u00edgenas, migrantes, mulheres em situa\u00e7\u00e3o de viol\u00eancia dom\u00e9stica, \u00e9 um complexo de realidades\u201d, informou o defensor.<\/p>\n\n\n\n<p>Durante a abordagem, foram realizadas mais de 50 escutas qualificadas para identificar as necessidades emergenciais, atendimento m\u00e9dico, aferi\u00e7\u00e3o de press\u00e3o e teste r\u00e1pido com o consult\u00f3rio de rua, al\u00e9m de encaminhamento para institui\u00e7\u00f5es parceiras para tratamentos de dependentes qu\u00edmicos.<\/p>\n\n\n\n<p>\u2014 \u2014 \u2014<\/p>\n\n\n\n<p><strong>Texto &#8211; <\/strong>Divulga\u00e7\u00e3o \/ Semasc<br><strong>Fotos &#8211; <\/strong>Cl\u00f3vis Miranda e<strong> <\/strong>Diego Lima\/ Semasc<br><strong>Dispon\u00edveis em &#8211; <\/strong><a href=\"https:\/\/flic.kr\/s\/aHBqjChSZL\">https:\/\/flic.kr\/s\/aHBqjChSZL<\/a><\/p>\n","protected":false},"excerpt":{"rendered":"","protected":false},"author":68,"featured_media":211503,"comment_status":"closed","ping_status":"closed","sticky":false,"template":"","format":"standard","meta":{"footnotes":""},"categories":[539],"tags":[737,7,1355],"acf":[],"yoast_head":"<!-- This site is optimized with the Yoast SEO plugin v23.0 - https:\/\/yoast.com\/wordpress\/plugins\/seo\/ -->\n<title>Prefeitura de Manaus realiza a\u00e7\u00e3o integrada voltada \u00e0 popula\u00e7\u00e3o em situa\u00e7\u00e3o de rua no centro da cidade<\/title>\n<meta name=\"description\" content=\"A Prefeitura de Manaus, por meio da Secretaria Municipal da Mulher, Assist\u00eancia Social e Cidadania (Semasc), realizou, na sexta-feira, 13\/6, mais uma opera\u00e7\u00e3o de cidadania voltada \u00e0 popula\u00e7\u00e3o em situa\u00e7\u00e3o de rua, com o objetivo de garantir dignidade e acesso aos direitos dessa popula\u00e7\u00e3o.\" \/>\n<meta name=\"robots\" content=\"noindex, follow\" \/>\n<meta property=\"og:locale\" content=\"pt_BR\" \/>\n<meta property=\"og:type\" content=\"article\" \/>\n<meta property=\"og:title\" content=\"Prefeitura de Manaus realiza a\u00e7\u00e3o integrada voltada \u00e0 popula\u00e7\u00e3o em situa\u00e7\u00e3o de rua no centro da cidade\" \/>\n<meta property=\"og:description\" content=\"A Prefeitura de Manaus, por meio da Secretaria Municipal da Mulher, Assist\u00eancia Social e Cidadania (Semasc), realizou, na sexta-feira, 13\/6, mais uma opera\u00e7\u00e3o de cidadania voltada \u00e0 popula\u00e7\u00e3o em situa\u00e7\u00e3o de rua, com o objetivo de garantir dignidade e acesso aos direitos dessa popula\u00e7\u00e3o.\" \/>\n<meta property=\"og:url\" content=\"https:\/\/www.manaus.am.gov.br\/semasc\/acao-integrada-centro\/\" \/>\n<meta property=\"og:site_name\" content=\"SEMASC\" \/>\n<meta property=\"article:publisher\" content=\"https:\/\/www.facebook.com\/semascmanaus\" \/>\n<meta property=\"article:published_time\" content=\"2025-06-14T14:35:50+00:00\" \/>\n<meta property=\"og:image\" content=\"https:\/\/www.manaus.am.gov.br\/semasc\/wp-content\/uploads\/sites\/17\/2025\/06\/54586499507_168738f2e2_c.jpg\" \/>\n\t<meta property=\"og:image:width\" content=\"799\" \/>\n\t<meta property=\"og:image:height\" content=\"533\" \/>\n\t<meta property=\"og:image:type\" content=\"image\/jpeg\" \/>\n<meta name=\"author\" content=\"bvalente\" \/>\n<meta name=\"twitter:card\" content=\"summary_large_image\" \/>\n<meta name=\"twitter:label1\" content=\"Written by\" \/>\n\t<meta name=\"twitter:data1\" content=\"bvalente\" \/>\n\t<meta name=\"twitter:label2\" content=\"Est. reading time\" \/>\n\t<meta name=\"twitter:data2\" content=\"3 minutos\" \/>\n<script type=\"application\/ld+json\" class=\"yoast-schema-graph\">{\"@context\":\"https:\/\/schema.org\",\"@graph\":[{\"@type\":\"Article\",\"@id\":\"https:\/\/www.manaus.am.gov.br\/semasc\/acao-integrada-centro\/#article\",\"isPartOf\":{\"@id\":\"https:\/\/www.manaus.am.gov.br\/semasc\/acao-integrada-centro\/\"},\"author\":{\"name\":\"bvalente\",\"@id\":\"https:\/\/www.manaus.am.gov.br\/semasc\/#\/schema\/person\/466a0e03ae4b6062809046bd560ac955\"},\"headline\":\"Prefeitura de Manaus realiza a\u00e7\u00e3o integrada voltada \u00e0 popula\u00e7\u00e3o em situa\u00e7\u00e3o de rua no centro da cidade\",\"datePublished\":\"2025-06-14T14:35:50+00:00\",\"dateModified\":\"2025-06-14T14:35:50+00:00\",\"mainEntityOfPage\":{\"@id\":\"https:\/\/www.manaus.am.gov.br\/semasc\/acao-integrada-centro\/\"},\"wordCount\":495,\"publisher\":{\"@id\":\"https:\/\/www.manaus.am.gov.br\/semasc\/#organization\"},\"image\":{\"@id\":\"https:\/\/www.manaus.am.gov.br\/semasc\/acao-integrada-centro\/#primaryimage\"},\"thumbnailUrl\":\"https:\/\/www.manaus.am.gov.br\/semasc\/wp-content\/uploads\/sites\/17\/2025\/06\/54586499507_168738f2e2_c.jpg\",\"keywords\":[\"Assist\u00eancia Social e Cidadania (Semasc)\",\"prefeitura de manaus\",\"Prefeitura de Manaus realiza a\u00e7\u00e3o integrada voltada \u00e0 popula\u00e7\u00e3o em situa\u00e7\u00e3o de rua no centro da cidade\"],\"articleSection\":[\"Atendimento\"],\"inLanguage\":\"pt-BR\"},{\"@type\":\"WebPage\",\"@id\":\"https:\/\/www.manaus.am.gov.br\/semasc\/acao-integrada-centro\/\",\"url\":\"https:\/\/www.manaus.am.gov.br\/semasc\/acao-integrada-centro\/\",\"name\":\"Prefeitura de Manaus realiza a\u00e7\u00e3o integrada voltada \u00e0 popula\u00e7\u00e3o em situa\u00e7\u00e3o de rua no centro da cidade\",\"isPartOf\":{\"@id\":\"https:\/\/www.manaus.am.gov.br\/semasc\/#website\"},\"primaryImageOfPage\":{\"@id\":\"https:\/\/www.manaus.am.gov.br\/semasc\/acao-integrada-centro\/#primaryimage\"},\"image\":{\"@id\":\"https:\/\/www.manaus.am.gov.br\/semasc\/acao-integrada-centro\/#primaryimage\"},\"thumbnailUrl\":\"https:\/\/www.manaus.am.gov.br\/semasc\/wp-content\/uploads\/sites\/17\/2025\/06\/54586499507_168738f2e2_c.jpg\",\"datePublished\":\"2025-06-14T14:35:50+00:00\",\"dateModified\":\"2025-06-14T14:35:50+00:00\",\"description\":\"A Prefeitura de Manaus, por meio da Secretaria Municipal da Mulher, Assist\u00eancia Social e Cidadania (Semasc), realizou, na sexta-feira, 13\/6, mais uma opera\u00e7\u00e3o de cidadania voltada \u00e0 popula\u00e7\u00e3o em situa\u00e7\u00e3o de rua, com o objetivo de garantir dignidade e acesso aos direitos dessa popula\u00e7\u00e3o.\",\"breadcrumb\":{\"@id\":\"https:\/\/www.manaus.am.gov.br\/semasc\/acao-integrada-centro\/#breadcrumb\"},\"inLanguage\":\"pt-BR\",\"potentialAction\":[{\"@type\":\"ReadAction\",\"target\":[\"https:\/\/www.manaus.am.gov.br\/semasc\/acao-integrada-centro\/\"]}]},{\"@type\":\"ImageObject\",\"inLanguage\":\"pt-BR\",\"@id\":\"https:\/\/www.manaus.am.gov.br\/semasc\/acao-integrada-centro\/#primaryimage\",\"url\":\"https:\/\/www.manaus.am.gov.br\/semasc\/wp-content\/uploads\/sites\/17\/2025\/06\/54586499507_168738f2e2_c.jpg\",\"contentUrl\":\"https:\/\/www.manaus.am.gov.br\/semasc\/wp-content\/uploads\/sites\/17\/2025\/06\/54586499507_168738f2e2_c.jpg\",\"width\":799,\"height\":533},{\"@type\":\"BreadcrumbList\",\"@id\":\"https:\/\/www.manaus.am.gov.br\/semasc\/acao-integrada-centro\/#breadcrumb\",\"itemListElement\":[{\"@type\":\"ListItem\",\"position\":1,\"name\":\"Home\",\"item\":\"https:\/\/www.manaus.am.gov.br\/semasc\/\"},{\"@type\":\"ListItem\",\"position\":2,\"name\":\"Prefeitura de Manaus realiza a\u00e7\u00e3o integrada voltada \u00e0 popula\u00e7\u00e3o em situa\u00e7\u00e3o de rua no centro da cidade\"}]},{\"@type\":\"WebSite\",\"@id\":\"https:\/\/www.manaus.am.gov.br\/semasc\/#website\",\"url\":\"https:\/\/www.manaus.am.gov.br\/semasc\/\",\"name\":\"SEMASC\",\"description\":\"Secretaria Municipal da Mulher, Assist\u00eancia Social e Cidadania.\",\"publisher\":{\"@id\":\"https:\/\/www.manaus.am.gov.br\/semasc\/#organization\"},\"alternateName\":\"Secretaria Municipal da Mulher, Assist\u00eancia Social e Cidadania\",\"potentialAction\":[{\"@type\":\"SearchAction\",\"target\":{\"@type\":\"EntryPoint\",\"urlTemplate\":\"https:\/\/www.manaus.am.gov.br\/semasc\/?s={search_term_string}\"},\"query-input\":\"required name=search_term_string\"}],\"inLanguage\":\"pt-BR\"},{\"@type\":\"Organization\",\"@id\":\"https:\/\/www.manaus.am.gov.br\/semasc\/#organization\",\"name\":\"Prefeitura de Manaus\",\"alternateName\":\"Prefeitura Municipal de Manaus\",\"url\":\"https:\/\/www.manaus.am.gov.br\/semasc\/\",\"logo\":{\"@type\":\"ImageObject\",\"inLanguage\":\"pt-BR\",\"@id\":\"https:\/\/www.manaus.am.gov.br\/semasc\/#\/schema\/logo\/image\/\",\"url\":\"https:\/\/www.manaus.am.gov.br\/semasc\/wp-content\/uploads\/sites\/17\/2024\/07\/favicon.png\",\"contentUrl\":\"https:\/\/www.manaus.am.gov.br\/semasc\/wp-content\/uploads\/sites\/17\/2024\/07\/favicon.png\",\"width\":300,\"height\":300,\"caption\":\"Prefeitura de Manaus\"},\"image\":{\"@id\":\"https:\/\/www.manaus.am.gov.br\/semasc\/#\/schema\/logo\/image\/\"},\"sameAs\":[\"https:\/\/www.facebook.com\/semascmanaus\",\"https:\/\/www.instagram.com\/semascmanaus\/\"]},{\"@type\":\"Person\",\"@id\":\"https:\/\/www.manaus.am.gov.br\/semasc\/#\/schema\/person\/466a0e03ae4b6062809046bd560ac955\",\"name\":\"bvalente\",\"image\":{\"@type\":\"ImageObject\",\"inLanguage\":\"pt-BR\",\"@id\":\"https:\/\/www.manaus.am.gov.br\/semasc\/#\/schema\/person\/image\/\",\"url\":\"https:\/\/secure.gravatar.com\/avatar\/3e69bc2b014bdad41adfec3a39de07d2?s=96&d=mm&r=g\",\"contentUrl\":\"https:\/\/secure.gravatar.com\/avatar\/3e69bc2b014bdad41adfec3a39de07d2?s=96&d=mm&r=g\",\"caption\":\"bvalente\"}}]}<\/script>\n<!-- \/ Yoast SEO plugin. -->","yoast_head_json":{"title":"Prefeitura de Manaus realiza a\u00e7\u00e3o integrada voltada \u00e0 popula\u00e7\u00e3o em situa\u00e7\u00e3o de rua no centro da cidade","description":"A Prefeitura de Manaus, por meio da Secretaria Municipal da Mulher, Assist\u00eancia Social e Cidadania (Semasc), realizou, na sexta-feira, 13\/6, mais uma opera\u00e7\u00e3o de cidadania voltada \u00e0 popula\u00e7\u00e3o em situa\u00e7\u00e3o de rua, com o objetivo de garantir dignidade e acesso aos direitos dessa popula\u00e7\u00e3o.","robots":{"index":"noindex","follow":"follow"},"og_locale":"pt_BR","og_type":"article","og_title":"Prefeitura de Manaus realiza a\u00e7\u00e3o integrada voltada \u00e0 popula\u00e7\u00e3o em situa\u00e7\u00e3o de rua no centro da cidade","og_description":"A Prefeitura de Manaus, por meio da Secretaria Municipal da Mulher, Assist\u00eancia Social e Cidadania (Semasc), realizou, na sexta-feira, 13\/6, mais uma opera\u00e7\u00e3o de cidadania voltada \u00e0 popula\u00e7\u00e3o em situa\u00e7\u00e3o de rua, com o objetivo de garantir dignidade e acesso aos direitos dessa popula\u00e7\u00e3o.","og_url":"https:\/\/www.manaus.am.gov.br\/semasc\/acao-integrada-centro\/","og_site_name":"SEMASC","article_publisher":"https:\/\/www.facebook.com\/semascmanaus","article_published_time":"2025-06-14T14:35:50+00:00","og_image":[{"width":799,"height":533,"url":"https:\/\/www.manaus.am.gov.br\/semasc\/wp-content\/uploads\/sites\/17\/2025\/06\/54586499507_168738f2e2_c.jpg","type":"image\/jpeg"}],"author":"bvalente","twitter_card":"summary_large_image","twitter_misc":{"Written by":"bvalente","Est. reading time":"3 minutos"},"schema":{"@context":"https:\/\/schema.org","@graph":[{"@type":"Article","@id":"https:\/\/www.manaus.am.gov.br\/semasc\/acao-integrada-centro\/#article","isPartOf":{"@id":"https:\/\/www.manaus.am.gov.br\/semasc\/acao-integrada-centro\/"},"author":{"name":"bvalente","@id":"https:\/\/www.manaus.am.gov.br\/semasc\/#\/schema\/person\/466a0e03ae4b6062809046bd560ac955"},"headline":"Prefeitura de Manaus realiza a\u00e7\u00e3o integrada voltada \u00e0 popula\u00e7\u00e3o em situa\u00e7\u00e3o de rua no centro da cidade","datePublished":"2025-06-14T14:35:50+00:00","dateModified":"2025-06-14T14:35:50+00:00","mainEntityOfPage":{"@id":"https:\/\/www.manaus.am.gov.br\/semasc\/acao-integrada-centro\/"},"wordCount":495,"publisher":{"@id":"https:\/\/www.manaus.am.gov.br\/semasc\/#organization"},"image":{"@id":"https:\/\/www.manaus.am.gov.br\/semasc\/acao-integrada-centro\/#primaryimage"},"thumbnailUrl":"https:\/\/www.manaus.am.gov.br\/semasc\/wp-content\/uploads\/sites\/17\/2025\/06\/54586499507_168738f2e2_c.jpg","keywords":["Assist\u00eancia Social e Cidadania (Semasc)","prefeitura de manaus","Prefeitura de Manaus realiza a\u00e7\u00e3o integrada voltada \u00e0 popula\u00e7\u00e3o em situa\u00e7\u00e3o de rua no centro da cidade"],"articleSection":["Atendimento"],"inLanguage":"pt-BR"},{"@type":"WebPage","@id":"https:\/\/www.manaus.am.gov.br\/semasc\/acao-integrada-centro\/","url":"https:\/\/www.manaus.am.gov.br\/semasc\/acao-integrada-centro\/","name":"Prefeitura de Manaus realiza a\u00e7\u00e3o integrada voltada \u00e0 popula\u00e7\u00e3o em situa\u00e7\u00e3o de rua no centro da cidade","isPartOf":{"@id":"https:\/\/www.manaus.am.gov.br\/semasc\/#website"},"primaryImageOfPage":{"@id":"https:\/\/www.manaus.am.gov.br\/semasc\/acao-integrada-centro\/#primaryimage"},"image":{"@id":"https:\/\/www.manaus.am.gov.br\/semasc\/acao-integrada-centro\/#primaryimage"},"thumbnailUrl":"https:\/\/www.manaus.am.gov.br\/semasc\/wp-content\/uploads\/sites\/17\/2025\/06\/54586499507_168738f2e2_c.jpg","datePublished":"2025-06-14T14:35:50+00:00","dateModified":"2025-06-14T14:35:50+00:00","description":"A Prefeitura de Manaus, por meio da Secretaria Municipal da Mulher, Assist\u00eancia Social e Cidadania (Semasc), realizou, na sexta-feira, 13\/6, mais uma opera\u00e7\u00e3o de cidadania voltada \u00e0 popula\u00e7\u00e3o em situa\u00e7\u00e3o de rua, com o objetivo de garantir dignidade e acesso aos direitos dessa popula\u00e7\u00e3o.","breadcrumb":{"@id":"https:\/\/www.manaus.am.gov.br\/semasc\/acao-integrada-centro\/#breadcrumb"},"inLanguage":"pt-BR","potentialAction":[{"@type":"ReadAction","target":["https:\/\/www.manaus.am.gov.br\/semasc\/acao-integrada-centro\/"]}]},{"@type":"ImageObject","inLanguage":"pt-BR","@id":"https:\/\/www.manaus.am.gov.br\/semasc\/acao-integrada-centro\/#primaryimage","url":"https:\/\/www.manaus.am.gov.br\/semasc\/wp-content\/uploads\/sites\/17\/2025\/06\/54586499507_168738f2e2_c.jpg","contentUrl":"https:\/\/www.manaus.am.gov.br\/semasc\/wp-content\/uploads\/sites\/17\/2025\/06\/54586499507_168738f2e2_c.jpg","width":799,"height":533},{"@type":"BreadcrumbList","@id":"https:\/\/www.manaus.am.gov.br\/semasc\/acao-integrada-centro\/#breadcrumb","itemListElement":[{"@type":"ListItem","position":1,"name":"Home","item":"https:\/\/www.manaus.am.gov.br\/semasc\/"},{"@type":"ListItem","position":2,"name":"Prefeitura de Manaus realiza a\u00e7\u00e3o integrada voltada \u00e0 popula\u00e7\u00e3o em situa\u00e7\u00e3o de rua no centro da cidade"}]},{"@type":"WebSite","@id":"https:\/\/www.manaus.am.gov.br\/semasc\/#website","url":"https:\/\/www.manaus.am.gov.br\/semasc\/","name":"SEMASC","description":"Secretaria Municipal da Mulher, Assist\u00eancia Social e Cidadania.","publisher":{"@id":"https:\/\/www.manaus.am.gov.br\/semasc\/#organization"},"alternateName":"Secretaria Municipal da Mulher, Assist\u00eancia Social e Cidadania","potentialAction":[{"@type":"SearchAction","target":{"@type":"EntryPoint","urlTemplate":"https:\/\/www.manaus.am.gov.br\/semasc\/?s={search_term_string}"},"query-input":"required name=search_term_string"}],"inLanguage":"pt-BR"},{"@type":"Organization","@id":"https:\/\/www.manaus.am.gov.br\/semasc\/#organization","name":"Prefeitura de Manaus","alternateName":"Prefeitura Municipal de Manaus","url":"https:\/\/www.manaus.am.gov.br\/semasc\/","logo":{"@type":"ImageObject","inLanguage":"pt-BR","@id":"https:\/\/www.manaus.am.gov.br\/semasc\/#\/schema\/logo\/image\/","url":"https:\/\/www.manaus.am.gov.br\/semasc\/wp-content\/uploads\/sites\/17\/2024\/07\/favicon.png","contentUrl":"https:\/\/www.manaus.am.gov.br\/semasc\/wp-content\/uploads\/sites\/17\/2024\/07\/favicon.png","width":300,"height":300,"caption":"Prefeitura de Manaus"},"image":{"@id":"https:\/\/www.manaus.am.gov.br\/semasc\/#\/schema\/logo\/image\/"},"sameAs":["https:\/\/www.facebook.com\/semascmanaus","https:\/\/www.instagram.com\/semascmanaus\/"]},{"@type":"Person","@id":"https:\/\/www.manaus.am.gov.br\/semasc\/#\/schema\/person\/466a0e03ae4b6062809046bd560ac955","name":"bvalente","image":{"@type":"ImageObject","inLanguage":"pt-BR","@id":"https:\/\/www.manaus.am.gov.br\/semasc\/#\/schema\/person\/image\/","url":"https:\/\/secure.gravatar.com\/avatar\/3e69bc2b014bdad41adfec3a39de07d2?s=96&d=mm&r=g","contentUrl":"https:\/\/secure.gravatar.com\/avatar\/3e69bc2b014bdad41adfec3a39de07d2?s=96&d=mm&r=g","caption":"bvalente"}}]}},"_links":{"self":[{"href":"https:\/\/www.manaus.am.gov.br\/semasc\/wp-json\/wp\/v2\/posts\/211502"}],"collection":[{"href":"https:\/\/www.manaus.am.gov.br\/semasc\/wp-json\/wp\/v2\/posts"}],"about":[{"href":"https:\/\/www.manaus.am.gov.br\/semasc\/wp-json\/wp\/v2\/types\/post"}],"author":[{"embeddable":true,"href":"https:\/\/www.manaus.am.gov.br\/semasc\/wp-json\/wp\/v2\/users\/68"}],"replies":[{"embeddable":true,"href":"https:\/\/www.manaus.am.gov.br\/semasc\/wp-json\/wp\/v2\/comments?post=211502"}],"version-history":[{"count":0,"href":"https:\/\/www.manaus.am.gov.br\/semasc\/wp-json\/wp\/v2\/posts\/211502\/revisions"}],"wp:featuredmedia":[{"embeddable":true,"href":"https:\/\/www.manaus.am.gov.br\/semasc\/wp-json\/wp\/v2\/media\/211503"}],"wp:attachment":[{"href":"https:\/\/www.manaus.am.gov.br\/semasc\/wp-json\/wp\/v2\/media?parent=211502"}],"wp:term":[{"taxonomy":"category","embeddable":true,"href":"https:\/\/www.manaus.am.gov.br\/semasc\/wp-json\/wp\/v2\/categories?post=211502"},{"taxonomy":"post_tag","embeddable":true,"href":"https:\/\/www.manaus.am.gov.br\/semasc\/wp-json\/wp\/v2\/tags?post=211502"}],"curies":[{"name":"wp","href":"https:\/\/api.w.org\/{rel}","templated":true}]}}