{"id":211496,"date":"2025-06-12T19:08:07","date_gmt":"2025-06-12T23:08:07","guid":{"rendered":"https:\/\/www.manaus.am.gov.br\/semasc\/dia-d-de-enfrentamento-ao-trabalho-infantil\/"},"modified":"2025-06-12T19:08:09","modified_gmt":"2025-06-12T23:08:09","slug":"dia-d-de-enfrentamento-ao-trabalho-infantil","status":"publish","type":"post","link":"https:\/\/www.manaus.am.gov.br\/semasc\/dia-d-de-enfrentamento-ao-trabalho-infantil\/","title":{"rendered":"Prefeitura de Manaus realiza \u2018Dia D de Enfrentamento ao Trabalho Infantil\u2019"},"content":{"rendered":"\n<p>A Prefeitura de Manaus, por meio da Secretaria Municipal da Mulher, Assist\u00eancia Social e Cidadania (Semasc), realizou, nesta quinta-feira, 12\/6, o \u201cDia\u202fD\u201d de Enfrentamento ao Trabalho Infantil, como parte da campanha \u201cO trocado que custa uma inf\u00e2ncia\u201d, no Casar\u00e3o da Inova\u00e7\u00e3o Cassina, localizado no centro hist\u00f3rico. A cerim\u00f4nia de abertura teve in\u00edcio \u00e0s 9h, com a exibi\u00e7\u00e3o do v\u00eddeo institucional da campanha, seguida pelos pronunciamentos de representantes da Semasc, do Minist\u00e9rio P\u00fablico do Trabalho (MPT-AM), do Tribunal de Justi\u00e7a do Amazonas (TJ-AM) e da sociedade civil.<\/p>\n\n\n\n<p>O evento tamb\u00e9m contou com apresenta\u00e7\u00f5es culturais protagonizadas por crian\u00e7as acolhidas por institui\u00e7\u00f5es da rede de prote\u00e7\u00e3o, que emocionaram o p\u00fablico presente ao expressar, por meio da arte, a import\u00e2ncia de garantir uma inf\u00e2ncia plena, protegida e livre de qualquer forma de explora\u00e7\u00e3o.<\/p>\n\n\n\n<p>\u201c\u00c9 fundamental que a sociedade compreenda que, ao entregar um trocado a uma crian\u00e7a ou a um respons\u00e1vel, est\u00e1, mesmo que involuntariamente, incentivando uma viola\u00e7\u00e3o de direitos. S\u00e3o realizadas abordagens sociais com essas fam\u00edlias, e dispomos de instrumentos e programas de apoio justamente para que nem pais nem filhos precisem recorrer \u00e0s ruas como meio de sustento. Por isso, a campanha tem como principal objetivo promover a conscientiza\u00e7\u00e3o da popula\u00e7\u00e3o e fortalecer a rede de prote\u00e7\u00e3o social, garantindo que crian\u00e7as e adolescentes tenham seus direitos respeitados e acesso a um desenvolvimento saud\u00e1vel e digno\u201d, destacou o titular da Semasc, Saullo Vianna.<\/p>\n\n\n\n<p>O \u201cDia D\u201d marca o in\u00edcio de uma mobiliza\u00e7\u00e3o cont\u00ednua, que se estender\u00e1 at\u00e9 dezembro, com foco especial em per\u00edodos cr\u00edticos, como festas e datas comerciais. A campanha inclui capacita\u00e7\u00f5es com comerciantes, oficinas em escolas, mobiliza\u00e7\u00f5es digitais e a\u00e7\u00f5es urbanas, como o \u201cSem\u00e1foro da Reflex\u00e3o\u201d, realizadas em pontos estrat\u00e9gicos da cidade.<\/p>\n\n\n\n<p>A desembargadora do TJ-AM, Joana Meirelles, ressaltou a import\u00e2ncia da uni\u00e3o entre as institui\u00e7\u00f5es p\u00fablicas e a sociedade civil no enfrentamento ao trabalho infantil, destacando que essa articula\u00e7\u00e3o fortalece a rede de prote\u00e7\u00e3o e contribui significativamente para a transforma\u00e7\u00e3o da realidade de crian\u00e7as e adolescentes em situa\u00e7\u00e3o de vulnerabilidade.<\/p>\n\n\n\n<p>\u201cA luta contra o trabalho infantil exige o esfor\u00e7o conjunto de todas as institui\u00e7\u00f5es comprometidas com a justi\u00e7a e a prote\u00e7\u00e3o dos direitos humanos. A articula\u00e7\u00e3o com o Tribunal de Justi\u00e7a do Amazonas, o Minist\u00e9rio P\u00fablico do Trabalho do Amazonas e parceiros da sociedade civil representa um passo fundamental na constru\u00e7\u00e3o de uma rede forte e atuante. Quando unimos nossos esfor\u00e7os, potencializamos os resultados e conseguimos transformar realidades. \u00c9 com uni\u00e3o e responsabilidade social que avan\u00e7amos na garantia de uma inf\u00e2ncia protegida, livre e respeitada\u201d, frisou.<\/p>\n\n\n\n<p>A procuradora do MPT-AM, Erika Emediato, salientou que a campanha cumpre um papel essencial na conscientiza\u00e7\u00e3o da sociedade sobre os impactos negativos do trabalho infantojuvenil na sa\u00fade f\u00edsica, mental e intelectual das crian\u00e7as e adolescentes. Ela enfatizou que, embora oferecer dinheiro a crian\u00e7as em situa\u00e7\u00e3o de trabalho nas ruas pare\u00e7a um gesto de solidariedade, na pr\u00e1tica, contribui para a perpetua\u00e7\u00e3o da explora\u00e7\u00e3o.<\/p>\n\n\n\n<p>\u201cEssa campanha \u00e9 de extrema relev\u00e2ncia para sensibilizar a sociedade sobre os preju\u00edzos do trabalho infantojuvenil \u00e0 sa\u00fade de crian\u00e7as e adolescentes, preju\u00edzos que abrangem aspectos f\u00edsicos, mentais e intelectuais. Muitas vezes, ao oferecer um trocado, a pessoa acredita estar ajudando, quando, na verdade, est\u00e1 contribuindo para a manuten\u00e7\u00e3o dessa pr\u00e1tica. Por isso, \u00e9 essencial que todos compreendam que existem formas mais eficazes de enfrentamento, como o encaminhamento dessas crian\u00e7as e adolescentes aos programas e servi\u00e7os ofertados pelo poder p\u00fablico\u201d, concluiu.<\/p>\n\n\n\n<p>&#8212; &#8212; &#8212;<\/p>\n\n\n\n<p><strong>Texto &#8211; <\/strong>Igor Costa \/ Semasc<\/p>\n\n\n\n<p><strong>Fotos &#8211; <\/strong>Diego Lima \/ Semasc e Jo\u00e3o Viana \/ Semcom<\/p>\n\n\n\n<p><strong>Dispon\u00edveis em<\/strong> &#8211; <a href=\"https:\/\/flic.kr\/s\/aHBqjChSef\">https:\/\/flic.kr\/s\/aHBqjChSef<\/a><\/p>\n","protected":false},"excerpt":{"rendered":"","protected":false},"author":57,"featured_media":211497,"comment_status":"closed","ping_status":"closed","sticky":false,"template":"","format":"standard","meta":{"footnotes":""},"categories":[24],"tags":[129,1354,7,18,130],"acf":[],"yoast_head":"<!-- This site is optimized with the Yoast SEO plugin v23.0 - https:\/\/yoast.com\/wordpress\/plugins\/seo\/ -->\n<title>PMM realiza \u2018Dia D de Enfrentamento ao Trabalho Infantil\u2019<\/title>\n<meta name=\"description\" content=\"A PMM realizou o \u201cDia\u202fD\u201d de Enfrentamento ao Trabalho Infantil, como parte da campanha \u201cO trocado que custa uma inf\u00e2ncia\u201d\" \/>\n<meta name=\"robots\" content=\"noindex, follow\" \/>\n<meta property=\"og:locale\" content=\"pt_BR\" \/>\n<meta property=\"og:type\" content=\"article\" \/>\n<meta property=\"og:title\" content=\"PMM realiza \u2018Dia D de Enfrentamento ao Trabalho Infantil\u2019\" \/>\n<meta property=\"og:description\" content=\"A PMM realizou o \u201cDia\u202fD\u201d de Enfrentamento ao Trabalho Infantil, como parte da campanha \u201cO trocado que custa uma inf\u00e2ncia\u201d\" \/>\n<meta property=\"og:url\" content=\"https:\/\/www.manaus.am.gov.br\/semasc\/dia-d-de-enfrentamento-ao-trabalho-infantil\/\" \/>\n<meta property=\"og:site_name\" content=\"SEMASC\" \/>\n<meta property=\"article:publisher\" content=\"https:\/\/www.facebook.com\/semascmanaus\" \/>\n<meta property=\"article:published_time\" content=\"2025-06-12T23:08:07+00:00\" \/>\n<meta property=\"article:modified_time\" content=\"2025-06-12T23:08:09+00:00\" \/>\n<meta property=\"og:image\" content=\"https:\/\/www.manaus.am.gov.br\/semasc\/wp-content\/uploads\/sites\/17\/2025\/06\/Dia-D-de-Enfrentamento-ao-Trabalho-Infantil-1.jpg\" \/>\n\t<meta property=\"og:image:width\" content=\"799\" \/>\n\t<meta property=\"og:image:height\" content=\"533\" \/>\n\t<meta property=\"og:image:type\" content=\"image\/jpeg\" \/>\n<meta name=\"author\" content=\"Thiago Fernando\" \/>\n<meta name=\"twitter:card\" content=\"summary_large_image\" \/>\n<meta name=\"twitter:label1\" content=\"Written by\" \/>\n\t<meta name=\"twitter:data1\" content=\"Thiago Fernando\" \/>\n\t<meta name=\"twitter:label2\" content=\"Est. reading time\" \/>\n\t<meta name=\"twitter:data2\" content=\"4 minutos\" \/>\n<script type=\"application\/ld+json\" class=\"yoast-schema-graph\">{\"@context\":\"https:\/\/schema.org\",\"@graph\":[{\"@type\":\"Article\",\"@id\":\"https:\/\/www.manaus.am.gov.br\/semasc\/dia-d-de-enfrentamento-ao-trabalho-infantil\/#article\",\"isPartOf\":{\"@id\":\"https:\/\/www.manaus.am.gov.br\/semasc\/dia-d-de-enfrentamento-ao-trabalho-infantil\/\"},\"author\":{\"name\":\"Thiago Fernando\",\"@id\":\"https:\/\/www.manaus.am.gov.br\/semasc\/#\/schema\/person\/a5ee5376db6e21af026374b369f30882\"},\"headline\":\"Prefeitura de Manaus realiza \u2018Dia D de Enfrentamento ao Trabalho Infantil\u2019\",\"datePublished\":\"2025-06-12T23:08:07+00:00\",\"dateModified\":\"2025-06-12T23:08:09+00:00\",\"mainEntityOfPage\":{\"@id\":\"https:\/\/www.manaus.am.gov.br\/semasc\/dia-d-de-enfrentamento-ao-trabalho-infantil\/\"},\"wordCount\":677,\"publisher\":{\"@id\":\"https:\/\/www.manaus.am.gov.br\/semasc\/#organization\"},\"image\":{\"@id\":\"https:\/\/www.manaus.am.gov.br\/semasc\/dia-d-de-enfrentamento-ao-trabalho-infantil\/#primaryimage\"},\"thumbnailUrl\":\"https:\/\/www.manaus.am.gov.br\/semasc\/wp-content\/uploads\/sites\/17\/2025\/06\/Dia-D-de-Enfrentamento-ao-Trabalho-Infantil-1.jpg\",\"keywords\":[\"campanha\",\"Dia D de Enfrentamento ao Trabalho Infantil\",\"prefeitura de manaus\",\"Semasc\",\"trabalho infantil\"],\"articleSection\":[\"Campanha\"],\"inLanguage\":\"pt-BR\"},{\"@type\":\"WebPage\",\"@id\":\"https:\/\/www.manaus.am.gov.br\/semasc\/dia-d-de-enfrentamento-ao-trabalho-infantil\/\",\"url\":\"https:\/\/www.manaus.am.gov.br\/semasc\/dia-d-de-enfrentamento-ao-trabalho-infantil\/\",\"name\":\"PMM realiza \u2018Dia D de Enfrentamento ao Trabalho Infantil\u2019\",\"isPartOf\":{\"@id\":\"https:\/\/www.manaus.am.gov.br\/semasc\/#website\"},\"primaryImageOfPage\":{\"@id\":\"https:\/\/www.manaus.am.gov.br\/semasc\/dia-d-de-enfrentamento-ao-trabalho-infantil\/#primaryimage\"},\"image\":{\"@id\":\"https:\/\/www.manaus.am.gov.br\/semasc\/dia-d-de-enfrentamento-ao-trabalho-infantil\/#primaryimage\"},\"thumbnailUrl\":\"https:\/\/www.manaus.am.gov.br\/semasc\/wp-content\/uploads\/sites\/17\/2025\/06\/Dia-D-de-Enfrentamento-ao-Trabalho-Infantil-1.jpg\",\"datePublished\":\"2025-06-12T23:08:07+00:00\",\"dateModified\":\"2025-06-12T23:08:09+00:00\",\"description\":\"A PMM realizou o \u201cDia\u202fD\u201d de Enfrentamento ao Trabalho Infantil, como parte da campanha \u201cO trocado que custa uma inf\u00e2ncia\u201d\",\"breadcrumb\":{\"@id\":\"https:\/\/www.manaus.am.gov.br\/semasc\/dia-d-de-enfrentamento-ao-trabalho-infantil\/#breadcrumb\"},\"inLanguage\":\"pt-BR\",\"potentialAction\":[{\"@type\":\"ReadAction\",\"target\":[\"https:\/\/www.manaus.am.gov.br\/semasc\/dia-d-de-enfrentamento-ao-trabalho-infantil\/\"]}]},{\"@type\":\"ImageObject\",\"inLanguage\":\"pt-BR\",\"@id\":\"https:\/\/www.manaus.am.gov.br\/semasc\/dia-d-de-enfrentamento-ao-trabalho-infantil\/#primaryimage\",\"url\":\"https:\/\/www.manaus.am.gov.br\/semasc\/wp-content\/uploads\/sites\/17\/2025\/06\/Dia-D-de-Enfrentamento-ao-Trabalho-Infantil-1.jpg\",\"contentUrl\":\"https:\/\/www.manaus.am.gov.br\/semasc\/wp-content\/uploads\/sites\/17\/2025\/06\/Dia-D-de-Enfrentamento-ao-Trabalho-Infantil-1.jpg\",\"width\":799,\"height\":533,\"caption\":\"Dia D de Enfrentamento ao Trabalho Infantil\"},{\"@type\":\"BreadcrumbList\",\"@id\":\"https:\/\/www.manaus.am.gov.br\/semasc\/dia-d-de-enfrentamento-ao-trabalho-infantil\/#breadcrumb\",\"itemListElement\":[{\"@type\":\"ListItem\",\"position\":1,\"name\":\"Home\",\"item\":\"https:\/\/www.manaus.am.gov.br\/semasc\/\"},{\"@type\":\"ListItem\",\"position\":2,\"name\":\"Prefeitura de Manaus realiza \u2018Dia D de Enfrentamento ao Trabalho Infantil\u2019\"}]},{\"@type\":\"WebSite\",\"@id\":\"https:\/\/www.manaus.am.gov.br\/semasc\/#website\",\"url\":\"https:\/\/www.manaus.am.gov.br\/semasc\/\",\"name\":\"SEMASC\",\"description\":\"Secretaria Municipal da Mulher, Assist\u00eancia Social e Cidadania.\",\"publisher\":{\"@id\":\"https:\/\/www.manaus.am.gov.br\/semasc\/#organization\"},\"alternateName\":\"Secretaria Municipal da Mulher, Assist\u00eancia Social e Cidadania\",\"potentialAction\":[{\"@type\":\"SearchAction\",\"target\":{\"@type\":\"EntryPoint\",\"urlTemplate\":\"https:\/\/www.manaus.am.gov.br\/semasc\/?s={search_term_string}\"},\"query-input\":\"required name=search_term_string\"}],\"inLanguage\":\"pt-BR\"},{\"@type\":\"Organization\",\"@id\":\"https:\/\/www.manaus.am.gov.br\/semasc\/#organization\",\"name\":\"Prefeitura de Manaus\",\"alternateName\":\"Prefeitura Municipal de Manaus\",\"url\":\"https:\/\/www.manaus.am.gov.br\/semasc\/\",\"logo\":{\"@type\":\"ImageObject\",\"inLanguage\":\"pt-BR\",\"@id\":\"https:\/\/www.manaus.am.gov.br\/semasc\/#\/schema\/logo\/image\/\",\"url\":\"https:\/\/www.manaus.am.gov.br\/semasc\/wp-content\/uploads\/sites\/17\/2024\/07\/favicon.png\",\"contentUrl\":\"https:\/\/www.manaus.am.gov.br\/semasc\/wp-content\/uploads\/sites\/17\/2024\/07\/favicon.png\",\"width\":300,\"height\":300,\"caption\":\"Prefeitura de Manaus\"},\"image\":{\"@id\":\"https:\/\/www.manaus.am.gov.br\/semasc\/#\/schema\/logo\/image\/\"},\"sameAs\":[\"https:\/\/www.facebook.com\/semascmanaus\",\"https:\/\/www.instagram.com\/semascmanaus\/\"]},{\"@type\":\"Person\",\"@id\":\"https:\/\/www.manaus.am.gov.br\/semasc\/#\/schema\/person\/a5ee5376db6e21af026374b369f30882\",\"name\":\"Thiago Fernando\",\"image\":{\"@type\":\"ImageObject\",\"inLanguage\":\"pt-BR\",\"@id\":\"https:\/\/www.manaus.am.gov.br\/semasc\/#\/schema\/person\/image\/\",\"url\":\"https:\/\/secure.gravatar.com\/avatar\/f5aab8722444041451501c077052ac07?s=96&d=mm&r=g\",\"contentUrl\":\"https:\/\/secure.gravatar.com\/avatar\/f5aab8722444041451501c077052ac07?s=96&d=mm&r=g\",\"caption\":\"Thiago Fernando\"}}]}<\/script>\n<!-- \/ Yoast SEO plugin. -->","yoast_head_json":{"title":"PMM realiza \u2018Dia D de Enfrentamento ao Trabalho Infantil\u2019","description":"A PMM realizou o \u201cDia\u202fD\u201d de Enfrentamento ao Trabalho Infantil, como parte da campanha \u201cO trocado que custa uma inf\u00e2ncia\u201d","robots":{"index":"noindex","follow":"follow"},"og_locale":"pt_BR","og_type":"article","og_title":"PMM realiza \u2018Dia D de Enfrentamento ao Trabalho Infantil\u2019","og_description":"A PMM realizou o \u201cDia\u202fD\u201d de Enfrentamento ao Trabalho Infantil, como parte da campanha \u201cO trocado que custa uma inf\u00e2ncia\u201d","og_url":"https:\/\/www.manaus.am.gov.br\/semasc\/dia-d-de-enfrentamento-ao-trabalho-infantil\/","og_site_name":"SEMASC","article_publisher":"https:\/\/www.facebook.com\/semascmanaus","article_published_time":"2025-06-12T23:08:07+00:00","article_modified_time":"2025-06-12T23:08:09+00:00","og_image":[{"width":799,"height":533,"url":"https:\/\/www.manaus.am.gov.br\/semasc\/wp-content\/uploads\/sites\/17\/2025\/06\/Dia-D-de-Enfrentamento-ao-Trabalho-Infantil-1.jpg","type":"image\/jpeg"}],"author":"Thiago Fernando","twitter_card":"summary_large_image","twitter_misc":{"Written by":"Thiago Fernando","Est. reading time":"4 minutos"},"schema":{"@context":"https:\/\/schema.org","@graph":[{"@type":"Article","@id":"https:\/\/www.manaus.am.gov.br\/semasc\/dia-d-de-enfrentamento-ao-trabalho-infantil\/#article","isPartOf":{"@id":"https:\/\/www.manaus.am.gov.br\/semasc\/dia-d-de-enfrentamento-ao-trabalho-infantil\/"},"author":{"name":"Thiago Fernando","@id":"https:\/\/www.manaus.am.gov.br\/semasc\/#\/schema\/person\/a5ee5376db6e21af026374b369f30882"},"headline":"Prefeitura de Manaus realiza \u2018Dia D de Enfrentamento ao Trabalho Infantil\u2019","datePublished":"2025-06-12T23:08:07+00:00","dateModified":"2025-06-12T23:08:09+00:00","mainEntityOfPage":{"@id":"https:\/\/www.manaus.am.gov.br\/semasc\/dia-d-de-enfrentamento-ao-trabalho-infantil\/"},"wordCount":677,"publisher":{"@id":"https:\/\/www.manaus.am.gov.br\/semasc\/#organization"},"image":{"@id":"https:\/\/www.manaus.am.gov.br\/semasc\/dia-d-de-enfrentamento-ao-trabalho-infantil\/#primaryimage"},"thumbnailUrl":"https:\/\/www.manaus.am.gov.br\/semasc\/wp-content\/uploads\/sites\/17\/2025\/06\/Dia-D-de-Enfrentamento-ao-Trabalho-Infantil-1.jpg","keywords":["campanha","Dia D de Enfrentamento ao Trabalho Infantil","prefeitura de manaus","Semasc","trabalho infantil"],"articleSection":["Campanha"],"inLanguage":"pt-BR"},{"@type":"WebPage","@id":"https:\/\/www.manaus.am.gov.br\/semasc\/dia-d-de-enfrentamento-ao-trabalho-infantil\/","url":"https:\/\/www.manaus.am.gov.br\/semasc\/dia-d-de-enfrentamento-ao-trabalho-infantil\/","name":"PMM realiza \u2018Dia D de Enfrentamento ao Trabalho Infantil\u2019","isPartOf":{"@id":"https:\/\/www.manaus.am.gov.br\/semasc\/#website"},"primaryImageOfPage":{"@id":"https:\/\/www.manaus.am.gov.br\/semasc\/dia-d-de-enfrentamento-ao-trabalho-infantil\/#primaryimage"},"image":{"@id":"https:\/\/www.manaus.am.gov.br\/semasc\/dia-d-de-enfrentamento-ao-trabalho-infantil\/#primaryimage"},"thumbnailUrl":"https:\/\/www.manaus.am.gov.br\/semasc\/wp-content\/uploads\/sites\/17\/2025\/06\/Dia-D-de-Enfrentamento-ao-Trabalho-Infantil-1.jpg","datePublished":"2025-06-12T23:08:07+00:00","dateModified":"2025-06-12T23:08:09+00:00","description":"A PMM realizou o \u201cDia\u202fD\u201d de Enfrentamento ao Trabalho Infantil, como parte da campanha \u201cO trocado que custa uma inf\u00e2ncia\u201d","breadcrumb":{"@id":"https:\/\/www.manaus.am.gov.br\/semasc\/dia-d-de-enfrentamento-ao-trabalho-infantil\/#breadcrumb"},"inLanguage":"pt-BR","potentialAction":[{"@type":"ReadAction","target":["https:\/\/www.manaus.am.gov.br\/semasc\/dia-d-de-enfrentamento-ao-trabalho-infantil\/"]}]},{"@type":"ImageObject","inLanguage":"pt-BR","@id":"https:\/\/www.manaus.am.gov.br\/semasc\/dia-d-de-enfrentamento-ao-trabalho-infantil\/#primaryimage","url":"https:\/\/www.manaus.am.gov.br\/semasc\/wp-content\/uploads\/sites\/17\/2025\/06\/Dia-D-de-Enfrentamento-ao-Trabalho-Infantil-1.jpg","contentUrl":"https:\/\/www.manaus.am.gov.br\/semasc\/wp-content\/uploads\/sites\/17\/2025\/06\/Dia-D-de-Enfrentamento-ao-Trabalho-Infantil-1.jpg","width":799,"height":533,"caption":"Dia D de Enfrentamento ao Trabalho Infantil"},{"@type":"BreadcrumbList","@id":"https:\/\/www.manaus.am.gov.br\/semasc\/dia-d-de-enfrentamento-ao-trabalho-infantil\/#breadcrumb","itemListElement":[{"@type":"ListItem","position":1,"name":"Home","item":"https:\/\/www.manaus.am.gov.br\/semasc\/"},{"@type":"ListItem","position":2,"name":"Prefeitura de Manaus realiza \u2018Dia D de Enfrentamento ao Trabalho Infantil\u2019"}]},{"@type":"WebSite","@id":"https:\/\/www.manaus.am.gov.br\/semasc\/#website","url":"https:\/\/www.manaus.am.gov.br\/semasc\/","name":"SEMASC","description":"Secretaria Municipal da Mulher, Assist\u00eancia Social e Cidadania.","publisher":{"@id":"https:\/\/www.manaus.am.gov.br\/semasc\/#organization"},"alternateName":"Secretaria Municipal da Mulher, Assist\u00eancia Social e Cidadania","potentialAction":[{"@type":"SearchAction","target":{"@type":"EntryPoint","urlTemplate":"https:\/\/www.manaus.am.gov.br\/semasc\/?s={search_term_string}"},"query-input":"required name=search_term_string"}],"inLanguage":"pt-BR"},{"@type":"Organization","@id":"https:\/\/www.manaus.am.gov.br\/semasc\/#organization","name":"Prefeitura de Manaus","alternateName":"Prefeitura Municipal de Manaus","url":"https:\/\/www.manaus.am.gov.br\/semasc\/","logo":{"@type":"ImageObject","inLanguage":"pt-BR","@id":"https:\/\/www.manaus.am.gov.br\/semasc\/#\/schema\/logo\/image\/","url":"https:\/\/www.manaus.am.gov.br\/semasc\/wp-content\/uploads\/sites\/17\/2024\/07\/favicon.png","contentUrl":"https:\/\/www.manaus.am.gov.br\/semasc\/wp-content\/uploads\/sites\/17\/2024\/07\/favicon.png","width":300,"height":300,"caption":"Prefeitura de Manaus"},"image":{"@id":"https:\/\/www.manaus.am.gov.br\/semasc\/#\/schema\/logo\/image\/"},"sameAs":["https:\/\/www.facebook.com\/semascmanaus","https:\/\/www.instagram.com\/semascmanaus\/"]},{"@type":"Person","@id":"https:\/\/www.manaus.am.gov.br\/semasc\/#\/schema\/person\/a5ee5376db6e21af026374b369f30882","name":"Thiago Fernando","image":{"@type":"ImageObject","inLanguage":"pt-BR","@id":"https:\/\/www.manaus.am.gov.br\/semasc\/#\/schema\/person\/image\/","url":"https:\/\/secure.gravatar.com\/avatar\/f5aab8722444041451501c077052ac07?s=96&d=mm&r=g","contentUrl":"https:\/\/secure.gravatar.com\/avatar\/f5aab8722444041451501c077052ac07?s=96&d=mm&r=g","caption":"Thiago Fernando"}}]}},"_links":{"self":[{"href":"https:\/\/www.manaus.am.gov.br\/semasc\/wp-json\/wp\/v2\/posts\/211496"}],"collection":[{"href":"https:\/\/www.manaus.am.gov.br\/semasc\/wp-json\/wp\/v2\/posts"}],"about":[{"href":"https:\/\/www.manaus.am.gov.br\/semasc\/wp-json\/wp\/v2\/types\/post"}],"author":[{"embeddable":true,"href":"https:\/\/www.manaus.am.gov.br\/semasc\/wp-json\/wp\/v2\/users\/57"}],"replies":[{"embeddable":true,"href":"https:\/\/www.manaus.am.gov.br\/semasc\/wp-json\/wp\/v2\/comments?post=211496"}],"version-history":[{"count":0,"href":"https:\/\/www.manaus.am.gov.br\/semasc\/wp-json\/wp\/v2\/posts\/211496\/revisions"}],"wp:featuredmedia":[{"embeddable":true,"href":"https:\/\/www.manaus.am.gov.br\/semasc\/wp-json\/wp\/v2\/media\/211497"}],"wp:attachment":[{"href":"https:\/\/www.manaus.am.gov.br\/semasc\/wp-json\/wp\/v2\/media?parent=211496"}],"wp:term":[{"taxonomy":"category","embeddable":true,"href":"https:\/\/www.manaus.am.gov.br\/semasc\/wp-json\/wp\/v2\/categories?post=211496"},{"taxonomy":"post_tag","embeddable":true,"href":"https:\/\/www.manaus.am.gov.br\/semasc\/wp-json\/wp\/v2\/tags?post=211496"}],"curies":[{"name":"wp","href":"https:\/\/api.w.org\/{rel}","templated":true}]}}