{"id":211484,"date":"2025-06-09T08:51:30","date_gmt":"2025-06-09T12:51:30","guid":{"rendered":"https:\/\/www.manaus.am.gov.br\/semasc\/prefeitura-manausmaiscidada-zonaleste\/"},"modified":"2025-06-09T08:51:31","modified_gmt":"2025-06-09T12:51:31","slug":"prefeitura-manausmaiscidada-zonaleste","status":"publish","type":"post","link":"https:\/\/www.manaus.am.gov.br\/semasc\/prefeitura-manausmaiscidada-zonaleste\/","title":{"rendered":"Prefeitura de Manaus promove a\u00e7\u00e3o do \u2018Manaus Mais Cidad\u00e3\u2019 na comunidade Valpara\u00edso, na zona Leste"},"content":{"rendered":"\n<p>Com o compromisso de garantir cidadania e ampliar o acesso da popula\u00e7\u00e3o a servi\u00e7os p\u00fablicos essenciais, a Prefeitura de Manaus, por meio da Secretaria Municipal da Mulher, Assist\u00eancia Social e Cidadania (Semasc), e em parceria com diversas secretarias municipais, realizou na manh\u00e3 de domingo, 8\/6, mais uma edi\u00e7\u00e3o do mutir\u00e3o \u201cManaus Mais Cidad\u00e3\u201d, na comunidade Valpara\u00edso, localizada no bairro Jorge Teixeira, zona Leste da capital.<\/p>\n\n\n\n<p>A a\u00e7\u00e3o ocorreu das 8h \u00e0s 12h, na rua Gl\u00f3ria, n\u00ba 4, e contou com grande participa\u00e7\u00e3o popular. Mais de 150 servi\u00e7os gratuitos foram oferecidos \u00e0 comunidade, abrangendo \u00e1reas como sa\u00fade, assist\u00eancia social, orienta\u00e7\u00e3o jur\u00eddica, documenta\u00e7\u00e3o civil, cultura e bem-estar.<\/p>\n\n\n\n<p>Entre os principais atendimentos estiveram a atualiza\u00e7\u00e3o do Cadastro \u00danico, orienta\u00e7\u00f5es sobre o Bolsa Fam\u00edlia, solicita\u00e7\u00e3o da Carteira do Idoso e encaminhamentos para emiss\u00e3o da segunda via de certid\u00e3o de nascimento. A popula\u00e7\u00e3o tamb\u00e9m teve acesso a orienta\u00e7\u00e3o jur\u00eddica sobre aposentadoria, aux\u00edlio-maternidade, Benef\u00edcio de Presta\u00e7\u00e3o Continuada (BPC) da Lei Org\u00e2nica da Assist\u00eancia Social (Loas) e outros benef\u00edcios sociais.<\/p>\n\n\n\n<p>Tamb\u00e9m foram realizados, por meio da Secretaria Municipal de Sa\u00fade (Semsa), a coleta de exames preventivos, atendimentos m\u00e9dicos, testagens r\u00e1pidas para HIV, s\u00edfilis, hepatites B e C, vacina\u00e7\u00e3o de rotina, triagens para hansen\u00edase e mal\u00e1ria, al\u00e9m da entrega de kits de higiene bucal.<\/p>\n\n\n\n<p>A Semasc esteve presente com atualiza\u00e7\u00e3o do Cadastro \u00danico, orienta\u00e7\u00f5es sobre o Bolsa Fam\u00edlia, solicita\u00e7\u00e3o da Carteira do Idoso e encaminhamentos para emiss\u00e3o da segunda via de certid\u00e3o de nascimento. A popula\u00e7\u00e3o tamb\u00e9m teve acesso a orienta\u00e7\u00e3o jur\u00eddica sobre aposentadoria, aux\u00edlio-maternidade, BPC\/Loas e outros benef\u00edcios sociais.<\/p>\n\n\n\n<p>O titular da Semasc, Saullo Vianna, destacou o sucesso da iniciativa e refor\u00e7ou o compromisso da Prefeitura de Manaus em aproximar os servi\u00e7os p\u00fablicos da popula\u00e7\u00e3o, especialmente das comunidades mais vulner\u00e1veis.<\/p>\n\n\n\n<p>\u201cConclu\u00edmos com sucesso mais uma edi\u00e7\u00e3o do \u2018Manaus Mais Cidad\u00e3\u2019, desta vez na zona Leste, ofertando mais de 150 servi\u00e7os nas \u00e1reas de sa\u00fade, assist\u00eancia social e cidadania \u00e0 popula\u00e7\u00e3o da comunidade Valpara\u00edso e bairros vizinhos. Assim como nas edi\u00e7\u00f5es anteriores, essa a\u00e7\u00e3o foi marcada pela forte presen\u00e7a da popula\u00e7\u00e3o e pelo compromisso da prefeitura em estar mais pr\u00f3xima de quem mais precisa. J\u00e1 estamos nos preparativos para a pr\u00f3xima edi\u00e7\u00e3o, que ser\u00e1 na zona Oeste, no bairro da Compensa, onde tamb\u00e9m celebraremos o anivers\u00e1rio do bairro com uma grande programa\u00e7\u00e3o de servi\u00e7os\u201d, afirmou.<\/p>\n\n\n\n<p>O coordenador-geral do mutir\u00e3o, Mois\u00e9s Gusm\u00e3o, tamb\u00e9m destacou o sucesso da a\u00e7\u00e3o, mesmo diante das adversidades clim\u00e1ticas, e enfatizou a import\u00e2ncia da iniciativa para ampliar o acesso da popula\u00e7\u00e3o aos servi\u00e7os p\u00fablicos.<\/p>\n\n\n\n<p>\u201cRealizamos com sucesso a 3\u00aa edi\u00e7\u00e3o do \u201cManaus Mais Cidad\u00e3\u201d, uma a\u00e7\u00e3o integrada da Prefeitura de Manaus que re\u00fane diversas secretarias e \u00f3rg\u00e3os parceiros, como Tribunal Regional Eleitoral do Amazonas (TRE-AM), Detran, Correios, Defensoria P\u00fablica, entre outros, oferecendo uma ampla gama de servi\u00e7os gratuitos \u00e0 popula\u00e7\u00e3o. Mesmo com a chuva, os moradores compareceram \u00e0 escola municipal Ivomar e Aribaldina, na comunidade Valpara\u00edso, zona Leste, com a participa\u00e7\u00e3o de aproximadamente 50 institui\u00e7\u00f5es. \u00c9 mais uma vez a Prefeitura de Manaus promovendo cidadania, garantindo dignidade e facilitando o acesso da popula\u00e7\u00e3o aos seus direitos\u201d, pontuou.<\/p>\n\n\n\n<p>Al\u00e9m dos atendimentos essenciais, a programa\u00e7\u00e3o tamb\u00e9m ofereceu corte de cabelo, design de sobrancelhas, esmalta\u00e7\u00e3o, feira da agricultura familiar, bazar e m\u00fasica ao vivo, com apoio da Funda\u00e7\u00e3o Municipal de Cultura, Turismo e Eventos (ManausCult).<\/p>\n\n\n\n<p>A moradora da comunidade Valpara\u00edso, C\u00edntia Ribeiro, aproveitou a a\u00e7\u00e3o para resolver diversas pend\u00eancias e elogiou a qualidade do atendimento recebido durante o mutir\u00e3o.<\/p>\n\n\n\n<p>\u201cAchei o atendimento excelente. Consegui alistar meu filho e emitir o t\u00edtulo de eleitor dele, algo que estava muito dif\u00edcil. Tamb\u00e9m fui atendida pelo ortopedista e, em todos os setores por onde passei, fui recebida com muito respeito e aten\u00e7\u00e3o. Mesmo estando um pouco perdida no in\u00edcio, sempre encontrei algu\u00e9m disposto a me ajudar com muita educa\u00e7\u00e3o. Est\u00e3o todos de parab\u00e9ns por esta a\u00e7\u00e3o maravilhosa\u201d, declarou.<\/p>\n\n\n\n<p>Ant\u00f4nio Moraes tamb\u00e9m foi um dos moradores que foi beneficiado pelos servi\u00e7os do mutir\u00e3o, e aproveitou a a\u00e7\u00e3o para destacar a import\u00e2ncia do evento para a comunidade.<\/p>\n\n\n\n<p>\u201cFazer parte dessa iniciativa \u00e9 muito gratificante. O evento foi maravilhoso, tudo muito bem organizado e com muitos servi\u00e7os \u00e0 disposi\u00e7\u00e3o da popula\u00e7\u00e3o. Quem n\u00e3o veio perdeu a oportunidade. O \u2018Manaus Mais Cidad\u00e3\u2019 ofereceu uma s\u00e9rie de benef\u00edcios para todos n\u00f3s. E acredito que a\u00e7\u00f5es aos s\u00e1bados e domingos s\u00e3o ainda melhores, porque muitas pessoas est\u00e3o em casa e t\u00eam mais disponibilidade para participar\u201d, concluiu.<\/p>\n\n\n\n<p>A iniciativa faz parte de um cronograma cont\u00ednuo da Prefeitura de Manaus para alcan\u00e7ar todas as zonas da cidade com servi\u00e7os p\u00fablicos de qualidade. Novas edi\u00e7\u00f5es do \u201cManaus Mais Cidad\u00e3\u201d j\u00e1 est\u00e3o programadas para as pr\u00f3ximas semanas.<\/p>\n\n\n\n<p>\u2013 \u2013 \u2013<\/p>\n\n\n\n<p><strong>Texto <\/strong>&#8211;\u00a0Camilli Vitoria\/ Semasc<\/p>\n\n\n\n<p><strong>Fotos <\/strong>\u2013\u00a0Valdo Le\u00e3o\/Semcom e Diego Lima \/ Semasc (em anexo)<\/p>\n\n\n\n<p><strong>Dispon\u00edveis em <\/strong>&#8211;\u00a0<a href=\"https:\/\/flic.kr\/s\/aHBqjChcsK\" target=\"_blank\" rel=\"noreferrer noopener\">https:\/\/flic.kr\/s\/aHBqjChcsK<\/a><\/p>\n","protected":false},"excerpt":{"rendered":"","protected":false},"author":23,"featured_media":211485,"comment_status":"closed","ping_status":"closed","sticky":false,"template":"","format":"standard","meta":{"footnotes":""},"categories":[87],"tags":[1348,117,75,7,18,291,323],"acf":[],"yoast_head":"<!-- This site is optimized with the Yoast SEO plugin v23.0 - https:\/\/yoast.com\/wordpress\/plugins\/seo\/ -->\n<title>Prefeitura de Manaus promove a\u00e7\u00e3o do \u2018Manaus Mais Cidad\u00e3\u2019 na comunidade Valpara\u00edso, na zona Leste<\/title>\n<meta name=\"description\" content=\"Com o compromisso de garantir cidadania e ampliar o acesso da popula\u00e7\u00e3o a servi\u00e7os p\u00fablicos essenciais, a Prefeitura de Manaus, por meio da Secretaria Municipal da Mulher, Assist\u00eancia Social e Cidadania (Semasc), e em parceria com diversas secretarias municipais, realizou na manh\u00e3 de domingo, 8\/6, mais uma edi\u00e7\u00e3o do mutir\u00e3o \u201cManaus Mais Cidad\u00e3\u201d, na comunidade Valpara\u00edso\" \/>\n<meta name=\"robots\" content=\"noindex, follow\" \/>\n<meta property=\"og:locale\" content=\"pt_BR\" \/>\n<meta property=\"og:type\" content=\"article\" \/>\n<meta property=\"og:title\" content=\"Prefeitura de Manaus promove a\u00e7\u00e3o do \u2018Manaus Mais Cidad\u00e3\u2019 na comunidade Valpara\u00edso, na zona Leste\" \/>\n<meta property=\"og:description\" content=\"Com o compromisso de garantir cidadania e ampliar o acesso da popula\u00e7\u00e3o a servi\u00e7os p\u00fablicos essenciais, a Prefeitura de Manaus, por meio da Secretaria Municipal da Mulher, Assist\u00eancia Social e Cidadania (Semasc), e em parceria com diversas secretarias municipais, realizou na manh\u00e3 de domingo, 8\/6, mais uma edi\u00e7\u00e3o do mutir\u00e3o \u201cManaus Mais Cidad\u00e3\u201d, na comunidade Valpara\u00edso\" \/>\n<meta property=\"og:url\" content=\"https:\/\/www.manaus.am.gov.br\/semasc\/prefeitura-manausmaiscidada-zonaleste\/\" \/>\n<meta property=\"og:site_name\" content=\"SEMASC\" \/>\n<meta property=\"article:publisher\" content=\"https:\/\/www.facebook.com\/semascmanaus\" \/>\n<meta property=\"article:published_time\" content=\"2025-06-09T12:51:30+00:00\" \/>\n<meta property=\"article:modified_time\" content=\"2025-06-09T12:51:31+00:00\" \/>\n<meta property=\"og:image\" content=\"https:\/\/www.manaus.am.gov.br\/semasc\/wp-content\/uploads\/sites\/17\/2025\/06\/54575592418_f1e9371c84_c.jpg\" \/>\n\t<meta property=\"og:image:width\" content=\"799\" \/>\n\t<meta property=\"og:image:height\" content=\"533\" \/>\n\t<meta property=\"og:image:type\" content=\"image\/jpeg\" \/>\n<meta name=\"author\" content=\"Adriana Costa\" \/>\n<meta name=\"twitter:card\" content=\"summary_large_image\" \/>\n<meta name=\"twitter:label1\" content=\"Written by\" \/>\n\t<meta name=\"twitter:data1\" content=\"Adriana Costa\" \/>\n\t<meta name=\"twitter:label2\" content=\"Est. reading time\" \/>\n\t<meta name=\"twitter:data2\" content=\"5 minutos\" \/>\n<script type=\"application\/ld+json\" class=\"yoast-schema-graph\">{\"@context\":\"https:\/\/schema.org\",\"@graph\":[{\"@type\":\"Article\",\"@id\":\"https:\/\/www.manaus.am.gov.br\/semasc\/prefeitura-manausmaiscidada-zonaleste\/#article\",\"isPartOf\":{\"@id\":\"https:\/\/www.manaus.am.gov.br\/semasc\/prefeitura-manausmaiscidada-zonaleste\/\"},\"author\":{\"name\":\"Adriana Costa\",\"@id\":\"https:\/\/www.manaus.am.gov.br\/semasc\/#\/schema\/person\/4e49f4e267757a06ca072ec61b2b9968\"},\"headline\":\"Prefeitura de Manaus promove a\u00e7\u00e3o do \u2018Manaus Mais Cidad\u00e3\u2019 na comunidade Valpara\u00edso, na zona Leste\",\"datePublished\":\"2025-06-09T12:51:30+00:00\",\"dateModified\":\"2025-06-09T12:51:31+00:00\",\"mainEntityOfPage\":{\"@id\":\"https:\/\/www.manaus.am.gov.br\/semasc\/prefeitura-manausmaiscidada-zonaleste\/\"},\"wordCount\":929,\"publisher\":{\"@id\":\"https:\/\/www.manaus.am.gov.br\/semasc\/#organization\"},\"image\":{\"@id\":\"https:\/\/www.manaus.am.gov.br\/semasc\/prefeitura-manausmaiscidada-zonaleste\/#primaryimage\"},\"thumbnailUrl\":\"https:\/\/www.manaus.am.gov.br\/semasc\/wp-content\/uploads\/sites\/17\/2025\/06\/54575592418_f1e9371c84_c.jpg\",\"keywords\":[\"comunidade Valpara\u00edso\",\"Manaus Mais Cidad\u00e3\",\"mutir\u00e3o\",\"prefeitura de manaus\",\"Semasc\",\"servi\u00e7os\",\"zona leste\"],\"articleSection\":[\"Cidadania\"],\"inLanguage\":\"pt-BR\"},{\"@type\":\"WebPage\",\"@id\":\"https:\/\/www.manaus.am.gov.br\/semasc\/prefeitura-manausmaiscidada-zonaleste\/\",\"url\":\"https:\/\/www.manaus.am.gov.br\/semasc\/prefeitura-manausmaiscidada-zonaleste\/\",\"name\":\"Prefeitura de Manaus promove a\u00e7\u00e3o do \u2018Manaus Mais Cidad\u00e3\u2019 na comunidade Valpara\u00edso, na zona Leste\",\"isPartOf\":{\"@id\":\"https:\/\/www.manaus.am.gov.br\/semasc\/#website\"},\"primaryImageOfPage\":{\"@id\":\"https:\/\/www.manaus.am.gov.br\/semasc\/prefeitura-manausmaiscidada-zonaleste\/#primaryimage\"},\"image\":{\"@id\":\"https:\/\/www.manaus.am.gov.br\/semasc\/prefeitura-manausmaiscidada-zonaleste\/#primaryimage\"},\"thumbnailUrl\":\"https:\/\/www.manaus.am.gov.br\/semasc\/wp-content\/uploads\/sites\/17\/2025\/06\/54575592418_f1e9371c84_c.jpg\",\"datePublished\":\"2025-06-09T12:51:30+00:00\",\"dateModified\":\"2025-06-09T12:51:31+00:00\",\"description\":\"Com o compromisso de garantir cidadania e ampliar o acesso da popula\u00e7\u00e3o a servi\u00e7os p\u00fablicos essenciais, a Prefeitura de Manaus, por meio da Secretaria Municipal da Mulher, Assist\u00eancia Social e Cidadania (Semasc), e em parceria com diversas secretarias municipais, realizou na manh\u00e3 de domingo, 8\/6, mais uma edi\u00e7\u00e3o do mutir\u00e3o \u201cManaus Mais Cidad\u00e3\u201d, na comunidade Valpara\u00edso\",\"breadcrumb\":{\"@id\":\"https:\/\/www.manaus.am.gov.br\/semasc\/prefeitura-manausmaiscidada-zonaleste\/#breadcrumb\"},\"inLanguage\":\"pt-BR\",\"potentialAction\":[{\"@type\":\"ReadAction\",\"target\":[\"https:\/\/www.manaus.am.gov.br\/semasc\/prefeitura-manausmaiscidada-zonaleste\/\"]}]},{\"@type\":\"ImageObject\",\"inLanguage\":\"pt-BR\",\"@id\":\"https:\/\/www.manaus.am.gov.br\/semasc\/prefeitura-manausmaiscidada-zonaleste\/#primaryimage\",\"url\":\"https:\/\/www.manaus.am.gov.br\/semasc\/wp-content\/uploads\/sites\/17\/2025\/06\/54575592418_f1e9371c84_c.jpg\",\"contentUrl\":\"https:\/\/www.manaus.am.gov.br\/semasc\/wp-content\/uploads\/sites\/17\/2025\/06\/54575592418_f1e9371c84_c.jpg\",\"width\":799,\"height\":533},{\"@type\":\"BreadcrumbList\",\"@id\":\"https:\/\/www.manaus.am.gov.br\/semasc\/prefeitura-manausmaiscidada-zonaleste\/#breadcrumb\",\"itemListElement\":[{\"@type\":\"ListItem\",\"position\":1,\"name\":\"Home\",\"item\":\"https:\/\/www.manaus.am.gov.br\/semasc\/\"},{\"@type\":\"ListItem\",\"position\":2,\"name\":\"Prefeitura de Manaus promove a\u00e7\u00e3o do \u2018Manaus Mais Cidad\u00e3\u2019 na comunidade Valpara\u00edso, na zona Leste\"}]},{\"@type\":\"WebSite\",\"@id\":\"https:\/\/www.manaus.am.gov.br\/semasc\/#website\",\"url\":\"https:\/\/www.manaus.am.gov.br\/semasc\/\",\"name\":\"SEMASC\",\"description\":\"Secretaria Municipal da Mulher, Assist\u00eancia Social e Cidadania.\",\"publisher\":{\"@id\":\"https:\/\/www.manaus.am.gov.br\/semasc\/#organization\"},\"alternateName\":\"Secretaria Municipal da Mulher, Assist\u00eancia Social e Cidadania\",\"potentialAction\":[{\"@type\":\"SearchAction\",\"target\":{\"@type\":\"EntryPoint\",\"urlTemplate\":\"https:\/\/www.manaus.am.gov.br\/semasc\/?s={search_term_string}\"},\"query-input\":\"required name=search_term_string\"}],\"inLanguage\":\"pt-BR\"},{\"@type\":\"Organization\",\"@id\":\"https:\/\/www.manaus.am.gov.br\/semasc\/#organization\",\"name\":\"Prefeitura de Manaus\",\"alternateName\":\"Prefeitura Municipal de Manaus\",\"url\":\"https:\/\/www.manaus.am.gov.br\/semasc\/\",\"logo\":{\"@type\":\"ImageObject\",\"inLanguage\":\"pt-BR\",\"@id\":\"https:\/\/www.manaus.am.gov.br\/semasc\/#\/schema\/logo\/image\/\",\"url\":\"https:\/\/www.manaus.am.gov.br\/semasc\/wp-content\/uploads\/sites\/17\/2024\/07\/favicon.png\",\"contentUrl\":\"https:\/\/www.manaus.am.gov.br\/semasc\/wp-content\/uploads\/sites\/17\/2024\/07\/favicon.png\",\"width\":300,\"height\":300,\"caption\":\"Prefeitura de Manaus\"},\"image\":{\"@id\":\"https:\/\/www.manaus.am.gov.br\/semasc\/#\/schema\/logo\/image\/\"},\"sameAs\":[\"https:\/\/www.facebook.com\/semascmanaus\",\"https:\/\/www.instagram.com\/semascmanaus\/\"]},{\"@type\":\"Person\",\"@id\":\"https:\/\/www.manaus.am.gov.br\/semasc\/#\/schema\/person\/4e49f4e267757a06ca072ec61b2b9968\",\"name\":\"Adriana Costa\",\"image\":{\"@type\":\"ImageObject\",\"inLanguage\":\"pt-BR\",\"@id\":\"https:\/\/www.manaus.am.gov.br\/semasc\/#\/schema\/person\/image\/\",\"url\":\"https:\/\/secure.gravatar.com\/avatar\/576258617ef7194f718179e766d57bd4?s=96&d=mm&r=g\",\"contentUrl\":\"https:\/\/secure.gravatar.com\/avatar\/576258617ef7194f718179e766d57bd4?s=96&d=mm&r=g\",\"caption\":\"Adriana Costa\"}}]}<\/script>\n<!-- \/ Yoast SEO plugin. -->","yoast_head_json":{"title":"Prefeitura de Manaus promove a\u00e7\u00e3o do \u2018Manaus Mais Cidad\u00e3\u2019 na comunidade Valpara\u00edso, na zona Leste","description":"Com o compromisso de garantir cidadania e ampliar o acesso da popula\u00e7\u00e3o a servi\u00e7os p\u00fablicos essenciais, a Prefeitura de Manaus, por meio da Secretaria Municipal da Mulher, Assist\u00eancia Social e Cidadania (Semasc), e em parceria com diversas secretarias municipais, realizou na manh\u00e3 de domingo, 8\/6, mais uma edi\u00e7\u00e3o do mutir\u00e3o \u201cManaus Mais Cidad\u00e3\u201d, na comunidade Valpara\u00edso","robots":{"index":"noindex","follow":"follow"},"og_locale":"pt_BR","og_type":"article","og_title":"Prefeitura de Manaus promove a\u00e7\u00e3o do \u2018Manaus Mais Cidad\u00e3\u2019 na comunidade Valpara\u00edso, na zona Leste","og_description":"Com o compromisso de garantir cidadania e ampliar o acesso da popula\u00e7\u00e3o a servi\u00e7os p\u00fablicos essenciais, a Prefeitura de Manaus, por meio da Secretaria Municipal da Mulher, Assist\u00eancia Social e Cidadania (Semasc), e em parceria com diversas secretarias municipais, realizou na manh\u00e3 de domingo, 8\/6, mais uma edi\u00e7\u00e3o do mutir\u00e3o \u201cManaus Mais Cidad\u00e3\u201d, na comunidade Valpara\u00edso","og_url":"https:\/\/www.manaus.am.gov.br\/semasc\/prefeitura-manausmaiscidada-zonaleste\/","og_site_name":"SEMASC","article_publisher":"https:\/\/www.facebook.com\/semascmanaus","article_published_time":"2025-06-09T12:51:30+00:00","article_modified_time":"2025-06-09T12:51:31+00:00","og_image":[{"width":799,"height":533,"url":"https:\/\/www.manaus.am.gov.br\/semasc\/wp-content\/uploads\/sites\/17\/2025\/06\/54575592418_f1e9371c84_c.jpg","type":"image\/jpeg"}],"author":"Adriana Costa","twitter_card":"summary_large_image","twitter_misc":{"Written by":"Adriana Costa","Est. reading time":"5 minutos"},"schema":{"@context":"https:\/\/schema.org","@graph":[{"@type":"Article","@id":"https:\/\/www.manaus.am.gov.br\/semasc\/prefeitura-manausmaiscidada-zonaleste\/#article","isPartOf":{"@id":"https:\/\/www.manaus.am.gov.br\/semasc\/prefeitura-manausmaiscidada-zonaleste\/"},"author":{"name":"Adriana Costa","@id":"https:\/\/www.manaus.am.gov.br\/semasc\/#\/schema\/person\/4e49f4e267757a06ca072ec61b2b9968"},"headline":"Prefeitura de Manaus promove a\u00e7\u00e3o do \u2018Manaus Mais Cidad\u00e3\u2019 na comunidade Valpara\u00edso, na zona Leste","datePublished":"2025-06-09T12:51:30+00:00","dateModified":"2025-06-09T12:51:31+00:00","mainEntityOfPage":{"@id":"https:\/\/www.manaus.am.gov.br\/semasc\/prefeitura-manausmaiscidada-zonaleste\/"},"wordCount":929,"publisher":{"@id":"https:\/\/www.manaus.am.gov.br\/semasc\/#organization"},"image":{"@id":"https:\/\/www.manaus.am.gov.br\/semasc\/prefeitura-manausmaiscidada-zonaleste\/#primaryimage"},"thumbnailUrl":"https:\/\/www.manaus.am.gov.br\/semasc\/wp-content\/uploads\/sites\/17\/2025\/06\/54575592418_f1e9371c84_c.jpg","keywords":["comunidade Valpara\u00edso","Manaus Mais Cidad\u00e3","mutir\u00e3o","prefeitura de manaus","Semasc","servi\u00e7os","zona leste"],"articleSection":["Cidadania"],"inLanguage":"pt-BR"},{"@type":"WebPage","@id":"https:\/\/www.manaus.am.gov.br\/semasc\/prefeitura-manausmaiscidada-zonaleste\/","url":"https:\/\/www.manaus.am.gov.br\/semasc\/prefeitura-manausmaiscidada-zonaleste\/","name":"Prefeitura de Manaus promove a\u00e7\u00e3o do \u2018Manaus Mais Cidad\u00e3\u2019 na comunidade Valpara\u00edso, na zona Leste","isPartOf":{"@id":"https:\/\/www.manaus.am.gov.br\/semasc\/#website"},"primaryImageOfPage":{"@id":"https:\/\/www.manaus.am.gov.br\/semasc\/prefeitura-manausmaiscidada-zonaleste\/#primaryimage"},"image":{"@id":"https:\/\/www.manaus.am.gov.br\/semasc\/prefeitura-manausmaiscidada-zonaleste\/#primaryimage"},"thumbnailUrl":"https:\/\/www.manaus.am.gov.br\/semasc\/wp-content\/uploads\/sites\/17\/2025\/06\/54575592418_f1e9371c84_c.jpg","datePublished":"2025-06-09T12:51:30+00:00","dateModified":"2025-06-09T12:51:31+00:00","description":"Com o compromisso de garantir cidadania e ampliar o acesso da popula\u00e7\u00e3o a servi\u00e7os p\u00fablicos essenciais, a Prefeitura de Manaus, por meio da Secretaria Municipal da Mulher, Assist\u00eancia Social e Cidadania (Semasc), e em parceria com diversas secretarias municipais, realizou na manh\u00e3 de domingo, 8\/6, mais uma edi\u00e7\u00e3o do mutir\u00e3o \u201cManaus Mais Cidad\u00e3\u201d, na comunidade Valpara\u00edso","breadcrumb":{"@id":"https:\/\/www.manaus.am.gov.br\/semasc\/prefeitura-manausmaiscidada-zonaleste\/#breadcrumb"},"inLanguage":"pt-BR","potentialAction":[{"@type":"ReadAction","target":["https:\/\/www.manaus.am.gov.br\/semasc\/prefeitura-manausmaiscidada-zonaleste\/"]}]},{"@type":"ImageObject","inLanguage":"pt-BR","@id":"https:\/\/www.manaus.am.gov.br\/semasc\/prefeitura-manausmaiscidada-zonaleste\/#primaryimage","url":"https:\/\/www.manaus.am.gov.br\/semasc\/wp-content\/uploads\/sites\/17\/2025\/06\/54575592418_f1e9371c84_c.jpg","contentUrl":"https:\/\/www.manaus.am.gov.br\/semasc\/wp-content\/uploads\/sites\/17\/2025\/06\/54575592418_f1e9371c84_c.jpg","width":799,"height":533},{"@type":"BreadcrumbList","@id":"https:\/\/www.manaus.am.gov.br\/semasc\/prefeitura-manausmaiscidada-zonaleste\/#breadcrumb","itemListElement":[{"@type":"ListItem","position":1,"name":"Home","item":"https:\/\/www.manaus.am.gov.br\/semasc\/"},{"@type":"ListItem","position":2,"name":"Prefeitura de Manaus promove a\u00e7\u00e3o do \u2018Manaus Mais Cidad\u00e3\u2019 na comunidade Valpara\u00edso, na zona Leste"}]},{"@type":"WebSite","@id":"https:\/\/www.manaus.am.gov.br\/semasc\/#website","url":"https:\/\/www.manaus.am.gov.br\/semasc\/","name":"SEMASC","description":"Secretaria Municipal da Mulher, Assist\u00eancia Social e Cidadania.","publisher":{"@id":"https:\/\/www.manaus.am.gov.br\/semasc\/#organization"},"alternateName":"Secretaria Municipal da Mulher, Assist\u00eancia Social e Cidadania","potentialAction":[{"@type":"SearchAction","target":{"@type":"EntryPoint","urlTemplate":"https:\/\/www.manaus.am.gov.br\/semasc\/?s={search_term_string}"},"query-input":"required name=search_term_string"}],"inLanguage":"pt-BR"},{"@type":"Organization","@id":"https:\/\/www.manaus.am.gov.br\/semasc\/#organization","name":"Prefeitura de Manaus","alternateName":"Prefeitura Municipal de Manaus","url":"https:\/\/www.manaus.am.gov.br\/semasc\/","logo":{"@type":"ImageObject","inLanguage":"pt-BR","@id":"https:\/\/www.manaus.am.gov.br\/semasc\/#\/schema\/logo\/image\/","url":"https:\/\/www.manaus.am.gov.br\/semasc\/wp-content\/uploads\/sites\/17\/2024\/07\/favicon.png","contentUrl":"https:\/\/www.manaus.am.gov.br\/semasc\/wp-content\/uploads\/sites\/17\/2024\/07\/favicon.png","width":300,"height":300,"caption":"Prefeitura de Manaus"},"image":{"@id":"https:\/\/www.manaus.am.gov.br\/semasc\/#\/schema\/logo\/image\/"},"sameAs":["https:\/\/www.facebook.com\/semascmanaus","https:\/\/www.instagram.com\/semascmanaus\/"]},{"@type":"Person","@id":"https:\/\/www.manaus.am.gov.br\/semasc\/#\/schema\/person\/4e49f4e267757a06ca072ec61b2b9968","name":"Adriana Costa","image":{"@type":"ImageObject","inLanguage":"pt-BR","@id":"https:\/\/www.manaus.am.gov.br\/semasc\/#\/schema\/person\/image\/","url":"https:\/\/secure.gravatar.com\/avatar\/576258617ef7194f718179e766d57bd4?s=96&d=mm&r=g","contentUrl":"https:\/\/secure.gravatar.com\/avatar\/576258617ef7194f718179e766d57bd4?s=96&d=mm&r=g","caption":"Adriana Costa"}}]}},"_links":{"self":[{"href":"https:\/\/www.manaus.am.gov.br\/semasc\/wp-json\/wp\/v2\/posts\/211484"}],"collection":[{"href":"https:\/\/www.manaus.am.gov.br\/semasc\/wp-json\/wp\/v2\/posts"}],"about":[{"href":"https:\/\/www.manaus.am.gov.br\/semasc\/wp-json\/wp\/v2\/types\/post"}],"author":[{"embeddable":true,"href":"https:\/\/www.manaus.am.gov.br\/semasc\/wp-json\/wp\/v2\/users\/23"}],"replies":[{"embeddable":true,"href":"https:\/\/www.manaus.am.gov.br\/semasc\/wp-json\/wp\/v2\/comments?post=211484"}],"version-history":[{"count":0,"href":"https:\/\/www.manaus.am.gov.br\/semasc\/wp-json\/wp\/v2\/posts\/211484\/revisions"}],"wp:featuredmedia":[{"embeddable":true,"href":"https:\/\/www.manaus.am.gov.br\/semasc\/wp-json\/wp\/v2\/media\/211485"}],"wp:attachment":[{"href":"https:\/\/www.manaus.am.gov.br\/semasc\/wp-json\/wp\/v2\/media?parent=211484"}],"wp:term":[{"taxonomy":"category","embeddable":true,"href":"https:\/\/www.manaus.am.gov.br\/semasc\/wp-json\/wp\/v2\/categories?post=211484"},{"taxonomy":"post_tag","embeddable":true,"href":"https:\/\/www.manaus.am.gov.br\/semasc\/wp-json\/wp\/v2\/tags?post=211484"}],"curies":[{"name":"wp","href":"https:\/\/api.w.org\/{rel}","templated":true}]}}