{"id":211470,"date":"2025-05-25T16:22:48","date_gmt":"2025-05-25T20:22:48","guid":{"rendered":"https:\/\/www.manaus.am.gov.br\/semasc\/acao-social-ramal-de-ubere\/"},"modified":"2025-05-25T16:22:49","modified_gmt":"2025-05-25T20:22:49","slug":"acao-social-ramal-de-ubere","status":"publish","type":"post","link":"https:\/\/www.manaus.am.gov.br\/semasc\/acao-social-ramal-de-ubere\/","title":{"rendered":"Prefeitura de Manaus realiza a\u00e7\u00e3o social com sucesso no Ramal do Uber\u00ea"},"content":{"rendered":"\n<p>Com o objetivo de levar cidadania e garantir acesso a direitos b\u00e1sicos, a Prefeitura de Manaus, por meio da Secretaria Municipal da Mulher, Assist\u00eancia Social e Cidadania (Semasc) e em parceria com diversas secretarias municipais, promoveu, na manh\u00e3 deste domingo, 25\/5, uma grande a\u00e7\u00e3o social na Associa\u00e7\u00e3o dos Agricultores e Produtores Rurais do Ramal do Uber\u00ea, localizada no bairro Jorge Teixeira, zona Leste da capital. A iniciativa foi bem recebida pelos moradores e atraiu um grande p\u00fablico, oferecendo uma ampla gama de servi\u00e7os gratuitos \u00e0 comunidade.<\/p>\n\n\n\n<p>A programa\u00e7\u00e3o teve in\u00edcio \u00e0s 9h e seguiu at\u00e9 as 12h, com atendimentos em diversas \u00e1reas essenciais. Entre os servi\u00e7os ofertados estavam consultas com cl\u00ednico geral e pediatra, vacina\u00e7\u00e3o de rotina e contra a Covid-19, al\u00e9m de testes r\u00e1pidos para mal\u00e1ria. A popula\u00e7\u00e3o tamb\u00e9m teve acesso \u00e0 atualiza\u00e7\u00e3o e inclus\u00e3o no Cadastro \u00danico\/Bolsa Fam\u00edlia, al\u00e9m de orienta\u00e7\u00f5es sobre programas sociais e benef\u00edcios.<\/p>\n\n\n\n<p>A subsecret\u00e1ria Dermi Rayol destacou o compromisso da atual gest\u00e3o municipal em alcan\u00e7ar as comunidades mais afastadas de Manaus, levando servi\u00e7os que durante muito tempo n\u00e3o chegavam at\u00e9 essas regi\u00f5es.<\/p>\n\n\n\n<p>\u201cA nossa miss\u00e3o \u00e9 estar onde o povo est\u00e1. Neste domingo, levamos diversos servi\u00e7os da prefeitura at\u00e9 a comunidade do Uber\u00ea, com o apoio dos nossos servidores, que se dedicaram voluntariamente para garantir cidadania e dignidade aos moradores. Ontem estivemos no S\u00e3o L\u00e1zaro, na Zona Sul, hoje foi a vez do Brasileirinho, e na pr\u00f3xima semana estaremos em outra regi\u00e3o da capital. J\u00e1 temos um calend\u00e1rio programado para garantir que os servi\u00e7os cheguem a todas as zonas da cidade\u201d, afirmou.<\/p>\n\n\n\n<p>A a\u00e7\u00e3o tamb\u00e9m contou com a participa\u00e7\u00e3o do Conselho Tutelar da Zona Leste 2, que prestou atendimentos voltados \u00e0 prote\u00e7\u00e3o da crian\u00e7a e do adolescente. Orienta\u00e7\u00f5es jur\u00eddicas sobre aposentadoria e benef\u00edcios assistenciais tamb\u00e9m estiveram dispon\u00edveis ao p\u00fablico.<\/p>\n\n\n\n<p>Para a moradora Maria Rodrigues, de 68 anos, o evento representou a realiza\u00e7\u00e3o de um sonho antigo. Segundo ela, muitos moradores nunca haviam tido acesso a esse tipo de atendimento dentro da pr\u00f3pria comunidade.<\/p>\n\n\n\n<p>\u201cDurante anos sonhamos com isso, mas sempre havia algum impedimento. Hoje, ver tudo isso acontecendo aqui \u00e9 a realiza\u00e7\u00e3o de um sonho. Agrade\u00e7o \u00e0 presidente do ramal e a todos os envolvidos nesse momento t\u00e3o especial\u201d, declarou emocionada.<\/p>\n\n\n\n<p>Al\u00e9m dos atendimentos em sa\u00fade e assist\u00eancia social, a programa\u00e7\u00e3o incluiu cuidados com o bem-estar da popula\u00e7\u00e3o, como corte de cabelo, design de sobrancelhas e esmalta\u00e7\u00e3o.<\/p>\n\n\n\n<p>Maria Tereza, de 61 anos, agricultora e moradora da localidade, tamb\u00e9m comemorou a iniciativa.<\/p>\n\n\n\n<p>\u201cFoi um dia maravilhoso. Consegui resolver pend\u00eancias com a minha documenta\u00e7\u00e3o e vi muitos vizinhos sendo atendidos. Quem mora em \u00e1reas mais afastadas enfrenta muitas dificuldades para acessar esses servi\u00e7os, por isso a\u00e7\u00f5es como essa fazem toda a diferen\u00e7a\u201d, ressaltou.<\/p>\n\n\n\n<p>A iniciativa refor\u00e7a o compromisso da Prefeitura de Manaus em garantir o acesso da popula\u00e7\u00e3o a servi\u00e7os p\u00fablicos de qualidade, promovendo cidadania, dignidade e inclus\u00e3o social, especialmente nas \u00e1reas mais distantes do centro urbano.<\/p>\n\n\n\n<p>\u2013- &#8212; &#8212;<\/p>\n\n\n\n<p><strong>Texto &#8211;<\/strong> Camilli Vitoria\/ Semasc<\/p>\n\n\n\n<p><strong>Fotos &#8211;<\/strong> Diego Lima \/ Semasc e Clovis Miranda \/ Semcom<\/p>\n\n\n\n<p><strong>Dispon\u00edveis em <\/strong>\u2013 <a href=\"https:\/\/flic.kr\/s\/aHBqjCftku\">https:\/\/flic.kr\/s\/aHBqjCftku<\/a><\/p>\n","protected":false},"excerpt":{"rendered":"","protected":false},"author":57,"featured_media":211471,"comment_status":"closed","ping_status":"closed","sticky":false,"template":"","format":"standard","meta":{"footnotes":""},"categories":[1207],"tags":[1347,7],"acf":[],"yoast_head":"<!-- This site is optimized with the Yoast SEO plugin v23.0 - https:\/\/yoast.com\/wordpress\/plugins\/seo\/ -->\n<title>Prefeitura realiza a\u00e7\u00e3o social com sucesso no Ramal do Uber\u00ea<\/title>\n<meta name=\"description\" content=\"A Prefeitura promoveu, na manh\u00e3 deste domingo, 25\/5, uma grande a\u00e7\u00e3o social no Ramal do Uber\u00ea, localizada no bairro Jorge Teixeira.\" \/>\n<meta name=\"robots\" content=\"noindex, follow\" \/>\n<meta property=\"og:locale\" content=\"pt_BR\" \/>\n<meta property=\"og:type\" content=\"article\" \/>\n<meta property=\"og:title\" content=\"Prefeitura realiza a\u00e7\u00e3o social com sucesso no Ramal do Uber\u00ea\" \/>\n<meta property=\"og:description\" content=\"A Prefeitura promoveu, na manh\u00e3 deste domingo, 25\/5, uma grande a\u00e7\u00e3o social no Ramal do Uber\u00ea, localizada no bairro Jorge Teixeira.\" \/>\n<meta property=\"og:url\" content=\"https:\/\/www.manaus.am.gov.br\/semasc\/acao-social-ramal-de-ubere\/\" \/>\n<meta property=\"og:site_name\" content=\"SEMASC\" \/>\n<meta property=\"article:publisher\" content=\"https:\/\/www.facebook.com\/semascmanaus\" \/>\n<meta property=\"article:published_time\" content=\"2025-05-25T20:22:48+00:00\" \/>\n<meta property=\"article:modified_time\" content=\"2025-05-25T20:22:49+00:00\" \/>\n<meta property=\"og:image\" content=\"https:\/\/www.manaus.am.gov.br\/semasc\/wp-content\/uploads\/sites\/17\/2025\/05\/acao-social-ramal-de-ubere-1.jpg\" \/>\n\t<meta property=\"og:image:width\" content=\"799\" \/>\n\t<meta property=\"og:image:height\" content=\"533\" \/>\n\t<meta property=\"og:image:type\" content=\"image\/jpeg\" \/>\n<meta name=\"author\" content=\"Thiago Fernando\" \/>\n<meta name=\"twitter:card\" content=\"summary_large_image\" \/>\n<meta name=\"twitter:label1\" content=\"Written by\" \/>\n\t<meta name=\"twitter:data1\" content=\"Thiago Fernando\" \/>\n\t<meta name=\"twitter:label2\" content=\"Est. reading time\" \/>\n\t<meta name=\"twitter:data2\" content=\"3 minutos\" \/>\n<script type=\"application\/ld+json\" class=\"yoast-schema-graph\">{\"@context\":\"https:\/\/schema.org\",\"@graph\":[{\"@type\":\"Article\",\"@id\":\"https:\/\/www.manaus.am.gov.br\/semasc\/acao-social-ramal-de-ubere\/#article\",\"isPartOf\":{\"@id\":\"https:\/\/www.manaus.am.gov.br\/semasc\/acao-social-ramal-de-ubere\/\"},\"author\":{\"name\":\"Thiago Fernando\",\"@id\":\"https:\/\/www.manaus.am.gov.br\/semasc\/#\/schema\/person\/a5ee5376db6e21af026374b369f30882\"},\"headline\":\"Prefeitura de Manaus realiza a\u00e7\u00e3o social com sucesso no Ramal do Uber\u00ea\",\"datePublished\":\"2025-05-25T20:22:48+00:00\",\"dateModified\":\"2025-05-25T20:22:49+00:00\",\"mainEntityOfPage\":{\"@id\":\"https:\/\/www.manaus.am.gov.br\/semasc\/acao-social-ramal-de-ubere\/\"},\"wordCount\":579,\"publisher\":{\"@id\":\"https:\/\/www.manaus.am.gov.br\/semasc\/#organization\"},\"image\":{\"@id\":\"https:\/\/www.manaus.am.gov.br\/semasc\/acao-social-ramal-de-ubere\/#primaryimage\"},\"thumbnailUrl\":\"https:\/\/www.manaus.am.gov.br\/semasc\/wp-content\/uploads\/sites\/17\/2025\/05\/acao-social-ramal-de-ubere-1.jpg\",\"keywords\":[\"a\u00e7\u00e3o social ramal de uber\u00ea\",\"prefeitura de manaus\"],\"articleSection\":[\"Social\"],\"inLanguage\":\"pt-BR\"},{\"@type\":\"WebPage\",\"@id\":\"https:\/\/www.manaus.am.gov.br\/semasc\/acao-social-ramal-de-ubere\/\",\"url\":\"https:\/\/www.manaus.am.gov.br\/semasc\/acao-social-ramal-de-ubere\/\",\"name\":\"Prefeitura realiza a\u00e7\u00e3o social com sucesso no Ramal do Uber\u00ea\",\"isPartOf\":{\"@id\":\"https:\/\/www.manaus.am.gov.br\/semasc\/#website\"},\"primaryImageOfPage\":{\"@id\":\"https:\/\/www.manaus.am.gov.br\/semasc\/acao-social-ramal-de-ubere\/#primaryimage\"},\"image\":{\"@id\":\"https:\/\/www.manaus.am.gov.br\/semasc\/acao-social-ramal-de-ubere\/#primaryimage\"},\"thumbnailUrl\":\"https:\/\/www.manaus.am.gov.br\/semasc\/wp-content\/uploads\/sites\/17\/2025\/05\/acao-social-ramal-de-ubere-1.jpg\",\"datePublished\":\"2025-05-25T20:22:48+00:00\",\"dateModified\":\"2025-05-25T20:22:49+00:00\",\"description\":\"A Prefeitura promoveu, na manh\u00e3 deste domingo, 25\/5, uma grande a\u00e7\u00e3o social no Ramal do Uber\u00ea, localizada no bairro Jorge Teixeira.\",\"breadcrumb\":{\"@id\":\"https:\/\/www.manaus.am.gov.br\/semasc\/acao-social-ramal-de-ubere\/#breadcrumb\"},\"inLanguage\":\"pt-BR\",\"potentialAction\":[{\"@type\":\"ReadAction\",\"target\":[\"https:\/\/www.manaus.am.gov.br\/semasc\/acao-social-ramal-de-ubere\/\"]}]},{\"@type\":\"ImageObject\",\"inLanguage\":\"pt-BR\",\"@id\":\"https:\/\/www.manaus.am.gov.br\/semasc\/acao-social-ramal-de-ubere\/#primaryimage\",\"url\":\"https:\/\/www.manaus.am.gov.br\/semasc\/wp-content\/uploads\/sites\/17\/2025\/05\/acao-social-ramal-de-ubere-1.jpg\",\"contentUrl\":\"https:\/\/www.manaus.am.gov.br\/semasc\/wp-content\/uploads\/sites\/17\/2025\/05\/acao-social-ramal-de-ubere-1.jpg\",\"width\":799,\"height\":533,\"caption\":\"a\u00e7\u00e3o social ramal de uber\u00ea\"},{\"@type\":\"BreadcrumbList\",\"@id\":\"https:\/\/www.manaus.am.gov.br\/semasc\/acao-social-ramal-de-ubere\/#breadcrumb\",\"itemListElement\":[{\"@type\":\"ListItem\",\"position\":1,\"name\":\"Home\",\"item\":\"https:\/\/www.manaus.am.gov.br\/semasc\/\"},{\"@type\":\"ListItem\",\"position\":2,\"name\":\"Prefeitura de Manaus realiza a\u00e7\u00e3o social com sucesso no Ramal do Uber\u00ea\"}]},{\"@type\":\"WebSite\",\"@id\":\"https:\/\/www.manaus.am.gov.br\/semasc\/#website\",\"url\":\"https:\/\/www.manaus.am.gov.br\/semasc\/\",\"name\":\"SEMASC\",\"description\":\"Secretaria Municipal da Mulher, Assist\u00eancia Social e Cidadania.\",\"publisher\":{\"@id\":\"https:\/\/www.manaus.am.gov.br\/semasc\/#organization\"},\"alternateName\":\"Secretaria Municipal da Mulher, Assist\u00eancia Social e Cidadania\",\"potentialAction\":[{\"@type\":\"SearchAction\",\"target\":{\"@type\":\"EntryPoint\",\"urlTemplate\":\"https:\/\/www.manaus.am.gov.br\/semasc\/?s={search_term_string}\"},\"query-input\":\"required name=search_term_string\"}],\"inLanguage\":\"pt-BR\"},{\"@type\":\"Organization\",\"@id\":\"https:\/\/www.manaus.am.gov.br\/semasc\/#organization\",\"name\":\"Prefeitura de Manaus\",\"alternateName\":\"Prefeitura Municipal de Manaus\",\"url\":\"https:\/\/www.manaus.am.gov.br\/semasc\/\",\"logo\":{\"@type\":\"ImageObject\",\"inLanguage\":\"pt-BR\",\"@id\":\"https:\/\/www.manaus.am.gov.br\/semasc\/#\/schema\/logo\/image\/\",\"url\":\"https:\/\/www.manaus.am.gov.br\/semasc\/wp-content\/uploads\/sites\/17\/2024\/07\/favicon.png\",\"contentUrl\":\"https:\/\/www.manaus.am.gov.br\/semasc\/wp-content\/uploads\/sites\/17\/2024\/07\/favicon.png\",\"width\":300,\"height\":300,\"caption\":\"Prefeitura de Manaus\"},\"image\":{\"@id\":\"https:\/\/www.manaus.am.gov.br\/semasc\/#\/schema\/logo\/image\/\"},\"sameAs\":[\"https:\/\/www.facebook.com\/semascmanaus\",\"https:\/\/www.instagram.com\/semascmanaus\/\"]},{\"@type\":\"Person\",\"@id\":\"https:\/\/www.manaus.am.gov.br\/semasc\/#\/schema\/person\/a5ee5376db6e21af026374b369f30882\",\"name\":\"Thiago Fernando\",\"image\":{\"@type\":\"ImageObject\",\"inLanguage\":\"pt-BR\",\"@id\":\"https:\/\/www.manaus.am.gov.br\/semasc\/#\/schema\/person\/image\/\",\"url\":\"https:\/\/secure.gravatar.com\/avatar\/f5aab8722444041451501c077052ac07?s=96&d=mm&r=g\",\"contentUrl\":\"https:\/\/secure.gravatar.com\/avatar\/f5aab8722444041451501c077052ac07?s=96&d=mm&r=g\",\"caption\":\"Thiago Fernando\"}}]}<\/script>\n<!-- \/ Yoast SEO plugin. -->","yoast_head_json":{"title":"Prefeitura realiza a\u00e7\u00e3o social com sucesso no Ramal do Uber\u00ea","description":"A Prefeitura promoveu, na manh\u00e3 deste domingo, 25\/5, uma grande a\u00e7\u00e3o social no Ramal do Uber\u00ea, localizada no bairro Jorge Teixeira.","robots":{"index":"noindex","follow":"follow"},"og_locale":"pt_BR","og_type":"article","og_title":"Prefeitura realiza a\u00e7\u00e3o social com sucesso no Ramal do Uber\u00ea","og_description":"A Prefeitura promoveu, na manh\u00e3 deste domingo, 25\/5, uma grande a\u00e7\u00e3o social no Ramal do Uber\u00ea, localizada no bairro Jorge Teixeira.","og_url":"https:\/\/www.manaus.am.gov.br\/semasc\/acao-social-ramal-de-ubere\/","og_site_name":"SEMASC","article_publisher":"https:\/\/www.facebook.com\/semascmanaus","article_published_time":"2025-05-25T20:22:48+00:00","article_modified_time":"2025-05-25T20:22:49+00:00","og_image":[{"width":799,"height":533,"url":"https:\/\/www.manaus.am.gov.br\/semasc\/wp-content\/uploads\/sites\/17\/2025\/05\/acao-social-ramal-de-ubere-1.jpg","type":"image\/jpeg"}],"author":"Thiago Fernando","twitter_card":"summary_large_image","twitter_misc":{"Written by":"Thiago Fernando","Est. reading time":"3 minutos"},"schema":{"@context":"https:\/\/schema.org","@graph":[{"@type":"Article","@id":"https:\/\/www.manaus.am.gov.br\/semasc\/acao-social-ramal-de-ubere\/#article","isPartOf":{"@id":"https:\/\/www.manaus.am.gov.br\/semasc\/acao-social-ramal-de-ubere\/"},"author":{"name":"Thiago Fernando","@id":"https:\/\/www.manaus.am.gov.br\/semasc\/#\/schema\/person\/a5ee5376db6e21af026374b369f30882"},"headline":"Prefeitura de Manaus realiza a\u00e7\u00e3o social com sucesso no Ramal do Uber\u00ea","datePublished":"2025-05-25T20:22:48+00:00","dateModified":"2025-05-25T20:22:49+00:00","mainEntityOfPage":{"@id":"https:\/\/www.manaus.am.gov.br\/semasc\/acao-social-ramal-de-ubere\/"},"wordCount":579,"publisher":{"@id":"https:\/\/www.manaus.am.gov.br\/semasc\/#organization"},"image":{"@id":"https:\/\/www.manaus.am.gov.br\/semasc\/acao-social-ramal-de-ubere\/#primaryimage"},"thumbnailUrl":"https:\/\/www.manaus.am.gov.br\/semasc\/wp-content\/uploads\/sites\/17\/2025\/05\/acao-social-ramal-de-ubere-1.jpg","keywords":["a\u00e7\u00e3o social ramal de uber\u00ea","prefeitura de manaus"],"articleSection":["Social"],"inLanguage":"pt-BR"},{"@type":"WebPage","@id":"https:\/\/www.manaus.am.gov.br\/semasc\/acao-social-ramal-de-ubere\/","url":"https:\/\/www.manaus.am.gov.br\/semasc\/acao-social-ramal-de-ubere\/","name":"Prefeitura realiza a\u00e7\u00e3o social com sucesso no Ramal do Uber\u00ea","isPartOf":{"@id":"https:\/\/www.manaus.am.gov.br\/semasc\/#website"},"primaryImageOfPage":{"@id":"https:\/\/www.manaus.am.gov.br\/semasc\/acao-social-ramal-de-ubere\/#primaryimage"},"image":{"@id":"https:\/\/www.manaus.am.gov.br\/semasc\/acao-social-ramal-de-ubere\/#primaryimage"},"thumbnailUrl":"https:\/\/www.manaus.am.gov.br\/semasc\/wp-content\/uploads\/sites\/17\/2025\/05\/acao-social-ramal-de-ubere-1.jpg","datePublished":"2025-05-25T20:22:48+00:00","dateModified":"2025-05-25T20:22:49+00:00","description":"A Prefeitura promoveu, na manh\u00e3 deste domingo, 25\/5, uma grande a\u00e7\u00e3o social no Ramal do Uber\u00ea, localizada no bairro Jorge Teixeira.","breadcrumb":{"@id":"https:\/\/www.manaus.am.gov.br\/semasc\/acao-social-ramal-de-ubere\/#breadcrumb"},"inLanguage":"pt-BR","potentialAction":[{"@type":"ReadAction","target":["https:\/\/www.manaus.am.gov.br\/semasc\/acao-social-ramal-de-ubere\/"]}]},{"@type":"ImageObject","inLanguage":"pt-BR","@id":"https:\/\/www.manaus.am.gov.br\/semasc\/acao-social-ramal-de-ubere\/#primaryimage","url":"https:\/\/www.manaus.am.gov.br\/semasc\/wp-content\/uploads\/sites\/17\/2025\/05\/acao-social-ramal-de-ubere-1.jpg","contentUrl":"https:\/\/www.manaus.am.gov.br\/semasc\/wp-content\/uploads\/sites\/17\/2025\/05\/acao-social-ramal-de-ubere-1.jpg","width":799,"height":533,"caption":"a\u00e7\u00e3o social ramal de uber\u00ea"},{"@type":"BreadcrumbList","@id":"https:\/\/www.manaus.am.gov.br\/semasc\/acao-social-ramal-de-ubere\/#breadcrumb","itemListElement":[{"@type":"ListItem","position":1,"name":"Home","item":"https:\/\/www.manaus.am.gov.br\/semasc\/"},{"@type":"ListItem","position":2,"name":"Prefeitura de Manaus realiza a\u00e7\u00e3o social com sucesso no Ramal do Uber\u00ea"}]},{"@type":"WebSite","@id":"https:\/\/www.manaus.am.gov.br\/semasc\/#website","url":"https:\/\/www.manaus.am.gov.br\/semasc\/","name":"SEMASC","description":"Secretaria Municipal da Mulher, Assist\u00eancia Social e Cidadania.","publisher":{"@id":"https:\/\/www.manaus.am.gov.br\/semasc\/#organization"},"alternateName":"Secretaria Municipal da Mulher, Assist\u00eancia Social e Cidadania","potentialAction":[{"@type":"SearchAction","target":{"@type":"EntryPoint","urlTemplate":"https:\/\/www.manaus.am.gov.br\/semasc\/?s={search_term_string}"},"query-input":"required name=search_term_string"}],"inLanguage":"pt-BR"},{"@type":"Organization","@id":"https:\/\/www.manaus.am.gov.br\/semasc\/#organization","name":"Prefeitura de Manaus","alternateName":"Prefeitura Municipal de Manaus","url":"https:\/\/www.manaus.am.gov.br\/semasc\/","logo":{"@type":"ImageObject","inLanguage":"pt-BR","@id":"https:\/\/www.manaus.am.gov.br\/semasc\/#\/schema\/logo\/image\/","url":"https:\/\/www.manaus.am.gov.br\/semasc\/wp-content\/uploads\/sites\/17\/2024\/07\/favicon.png","contentUrl":"https:\/\/www.manaus.am.gov.br\/semasc\/wp-content\/uploads\/sites\/17\/2024\/07\/favicon.png","width":300,"height":300,"caption":"Prefeitura de Manaus"},"image":{"@id":"https:\/\/www.manaus.am.gov.br\/semasc\/#\/schema\/logo\/image\/"},"sameAs":["https:\/\/www.facebook.com\/semascmanaus","https:\/\/www.instagram.com\/semascmanaus\/"]},{"@type":"Person","@id":"https:\/\/www.manaus.am.gov.br\/semasc\/#\/schema\/person\/a5ee5376db6e21af026374b369f30882","name":"Thiago Fernando","image":{"@type":"ImageObject","inLanguage":"pt-BR","@id":"https:\/\/www.manaus.am.gov.br\/semasc\/#\/schema\/person\/image\/","url":"https:\/\/secure.gravatar.com\/avatar\/f5aab8722444041451501c077052ac07?s=96&d=mm&r=g","contentUrl":"https:\/\/secure.gravatar.com\/avatar\/f5aab8722444041451501c077052ac07?s=96&d=mm&r=g","caption":"Thiago Fernando"}}]}},"_links":{"self":[{"href":"https:\/\/www.manaus.am.gov.br\/semasc\/wp-json\/wp\/v2\/posts\/211470"}],"collection":[{"href":"https:\/\/www.manaus.am.gov.br\/semasc\/wp-json\/wp\/v2\/posts"}],"about":[{"href":"https:\/\/www.manaus.am.gov.br\/semasc\/wp-json\/wp\/v2\/types\/post"}],"author":[{"embeddable":true,"href":"https:\/\/www.manaus.am.gov.br\/semasc\/wp-json\/wp\/v2\/users\/57"}],"replies":[{"embeddable":true,"href":"https:\/\/www.manaus.am.gov.br\/semasc\/wp-json\/wp\/v2\/comments?post=211470"}],"version-history":[{"count":0,"href":"https:\/\/www.manaus.am.gov.br\/semasc\/wp-json\/wp\/v2\/posts\/211470\/revisions"}],"wp:featuredmedia":[{"embeddable":true,"href":"https:\/\/www.manaus.am.gov.br\/semasc\/wp-json\/wp\/v2\/media\/211471"}],"wp:attachment":[{"href":"https:\/\/www.manaus.am.gov.br\/semasc\/wp-json\/wp\/v2\/media?parent=211470"}],"wp:term":[{"taxonomy":"category","embeddable":true,"href":"https:\/\/www.manaus.am.gov.br\/semasc\/wp-json\/wp\/v2\/categories?post=211470"},{"taxonomy":"post_tag","embeddable":true,"href":"https:\/\/www.manaus.am.gov.br\/semasc\/wp-json\/wp\/v2\/tags?post=211470"}],"curies":[{"name":"wp","href":"https:\/\/api.w.org\/{rel}","templated":true}]}}