{"id":211431,"date":"2025-05-16T14:02:20","date_gmt":"2025-05-16T18:02:20","guid":{"rendered":"https:\/\/www.manaus.am.gov.br\/semasc\/caminhada-conscientizacao-maio-laranja\/"},"modified":"2025-05-16T14:02:20","modified_gmt":"2025-05-16T18:02:20","slug":"caminhada-conscientizacao-maio-laranja","status":"publish","type":"post","link":"https:\/\/www.manaus.am.gov.br\/semasc\/caminhada-conscientizacao-maio-laranja\/","title":{"rendered":"Prefeitura de Manaus promove caminhada de conscientiza\u00e7\u00e3o sobre o \u2018Maio Laranja\u2019 na zona Sul"},"content":{"rendered":"\n<p>Dando continuidade \u00e0 programa\u00e7\u00e3o do \u201cMaio Laranja\u201d, a Prefeitura de Manaus, por meio da Secretaria Municipal da Mulher, Assist\u00eancia Social e Cidadania (Semasc), realizou, nesta sexta-feira, 16\/5, uma caminhada de sensibiliza\u00e7\u00e3o sobre o enfrentamento ao abuso e \u00e0 explora\u00e7\u00e3o sexual de crian\u00e7as e adolescentes. A a\u00e7\u00e3o foi organizada de forma conjunta pelo Centro de Refer\u00eancia de Assist\u00eancia Social (Cras) Japiim e pelo Centro de Refer\u00eancia Especializado de Assist\u00eancia Social (Creas) Sul.<\/p>\n\n\n\n<p>Realizada de maneira integrada com os usu\u00e1rios atendidos pelos dois equipamentos, a iniciativa teve como objetivo despertar a aten\u00e7\u00e3o das fam\u00edlias para a responsabilidade coletiva na prote\u00e7\u00e3o de crian\u00e7as e adolescentes contra qualquer forma de viol\u00eancia. Al\u00e9m disso, a atividade faz alus\u00e3o ao dia 18 de maio, Dia Nacional de Combate ao Abuso e \u00e0 Explora\u00e7\u00e3o Sexual de Crian\u00e7as e Adolescentes, institu\u00eddo em mem\u00f3ria do caso da menina Araceli Crespo.<\/p>\n\n\n\n<p>A coordenadora do Creas, Renata Souza, explicou que a mobiliza\u00e7\u00e3o visa contribuir para a redu\u00e7\u00e3o dos casos acompanhados pela rede de prote\u00e7\u00e3o, fortalecendo o direito \u00e0 inf\u00e2ncia e \u00e0 juventude.<\/p>\n\n\n\n<p>\u201cNosso objetivo \u00e9 sensibilizar, tanto a comunidade quanto os usu\u00e1rios do Creas sobre a gravidade da explora\u00e7\u00e3o sexual infantil. A inten\u00e7\u00e3o n\u00e3o \u00e9 apenas combater, mas tamb\u00e9m prevenir e diminuir a incid\u00eancia desses casos, que infelizmente ainda fazem parte da realidade de muitas crian\u00e7as. \u00c9 fundamental garantir que a inf\u00e2ncia e a juventude n\u00e3o sejam interrompidas por essas viola\u00e7\u00f5es\u201d, ressaltou Renata.<\/p>\n\n\n\n<p>Segundo a coordenadora do Cras, Gilcilene Santana, o trabalho desenvolvido pelo equipamento tem car\u00e1ter preventivo, e as a\u00e7\u00f5es educativas s\u00e3o essenciais para a conscientiza\u00e7\u00e3o da popula\u00e7\u00e3o.<\/p>\n\n\n\n<p>\u201cO Cras atua na preven\u00e7\u00e3o e promover iniciativas como essa \u00e9 indispens\u00e1vel para alertar a comunidade sobre a import\u00e2ncia da campanha. Infelizmente, os dados mostram que a maioria dos casos ocorre dentro do ambiente familiar, tendo como agressores, na maioria das vezes, pessoas pr\u00f3ximas \u00e0s v\u00edtimas\u201d, destacou a coordenadora.<\/p>\n\n\n\n<p>A dona de casa Edileusa P\u00e9res, de 64 anos, frisou a relev\u00e2ncia da a\u00e7\u00e3o para o bairro, ressaltando que atividades como essa ajudam a despertar a aten\u00e7\u00e3o da popula\u00e7\u00e3o sobre os cuidados com crian\u00e7as e adolescentes.<\/p>\n\n\n\n<p>\u201cIsso \u00e9 muito importante para a comunidade. Todos os anos participamos, porque sabemos o quanto a preven\u00e7\u00e3o \u00e9 necess\u00e1ria. Essas a\u00e7\u00f5es nos alertam e nos fazem enxergar melhor os cuidados que devemos ter com nossas crian\u00e7as e adolescentes. Agrade\u00e7o a todos os envolvidos na organiza\u00e7\u00e3o deste evento de conscientiza\u00e7\u00e3o\u201d, concluiu.<\/p>\n\n\n\n<figure class=\"wp-block-image size-large\"><img loading=\"lazy\" decoding=\"async\" width=\"1024\" height=\"683\" src=\"https:\/\/www.manaus.am.gov.br\/semasc\/wp-content\/uploads\/sites\/17\/2025\/05\/54523587701_90eb4a5d8f_k-1024x683.jpg\" alt=\"\" class=\"wp-image-211432\" srcset=\"https:\/\/www.manaus.am.gov.br\/semasc\/wp-content\/uploads\/sites\/17\/2025\/05\/54523587701_90eb4a5d8f_k-1024x683.jpg 1024w, https:\/\/www.manaus.am.gov.br\/semasc\/wp-content\/uploads\/sites\/17\/2025\/05\/54523587701_90eb4a5d8f_k-300x200.jpg 300w, https:\/\/www.manaus.am.gov.br\/semasc\/wp-content\/uploads\/sites\/17\/2025\/05\/54523587701_90eb4a5d8f_k-768x512.jpg 768w, https:\/\/www.manaus.am.gov.br\/semasc\/wp-content\/uploads\/sites\/17\/2025\/05\/54523587701_90eb4a5d8f_k-1536x1024.jpg 1536w, https:\/\/www.manaus.am.gov.br\/semasc\/wp-content\/uploads\/sites\/17\/2025\/05\/54523587701_90eb4a5d8f_k.jpg 2048w\" sizes=\"(max-width: 1024px) 100vw, 1024px\" \/><\/figure>\n\n\n\n<p>&#8212; &#8212; &#8212;<\/p>\n\n\n\n<p><strong>Texto &#8211;&nbsp;<\/strong>Igor Costa\/Semasc<\/p>\n\n\n\n<p><strong>Fotos &#8211;<\/strong> Diego Lima\/Semasc<\/p>\n\n\n\n<p><strong>Dispon\u00edveis em &#8211; <\/strong><a href=\"https:\/\/flic.kr\/s\/aHBqjCevGE\">https:\/\/flic.kr\/s\/aHBqjCevGE<\/a><\/p>\n","protected":false},"excerpt":{"rendered":"","protected":false},"author":39,"featured_media":211433,"comment_status":"closed","ping_status":"closed","sticky":false,"template":"","format":"standard","meta":{"footnotes":""},"categories":[261],"tags":[128,249,29,7,18],"acf":[],"yoast_head":"<!-- This site is optimized with the Yoast SEO plugin v23.0 - https:\/\/yoast.com\/wordpress\/plugins\/seo\/ -->\n<title>Caminhada de conscientiza\u00e7\u00e3o sobre o \u2018Maio Laranja\u2019 na zona Sul<\/title>\n<meta name=\"description\" content=\"Prefeitura de Manaus, por meio da Semasc, promove caminhada de conscientiza\u00e7\u00e3o sobre o \u2018Maio Laranja\u2019 na zona Sul.\" \/>\n<meta name=\"robots\" content=\"noindex, follow\" \/>\n<meta property=\"og:locale\" content=\"pt_BR\" \/>\n<meta property=\"og:type\" content=\"article\" \/>\n<meta property=\"og:title\" content=\"Caminhada de conscientiza\u00e7\u00e3o sobre o \u2018Maio Laranja\u2019 na zona Sul\" \/>\n<meta property=\"og:description\" content=\"Prefeitura de Manaus, por meio da Semasc, promove caminhada de conscientiza\u00e7\u00e3o sobre o \u2018Maio Laranja\u2019 na zona Sul.\" \/>\n<meta property=\"og:url\" content=\"https:\/\/www.manaus.am.gov.br\/semasc\/caminhada-conscientizacao-maio-laranja\/\" \/>\n<meta property=\"og:site_name\" content=\"SEMASC\" \/>\n<meta property=\"article:publisher\" content=\"https:\/\/www.facebook.com\/semascmanaus\" \/>\n<meta property=\"article:published_time\" content=\"2025-05-16T18:02:20+00:00\" \/>\n<meta property=\"og:image\" content=\"https:\/\/www.manaus.am.gov.br\/semasc\/wp-content\/uploads\/sites\/17\/2025\/05\/54523782109_1ed98b7300_k.jpg\" \/>\n\t<meta property=\"og:image:width\" content=\"2048\" \/>\n\t<meta property=\"og:image:height\" content=\"1365\" \/>\n\t<meta property=\"og:image:type\" content=\"image\/jpeg\" \/>\n<meta name=\"author\" content=\"Bruna Greco\" \/>\n<meta name=\"twitter:card\" content=\"summary_large_image\" \/>\n<meta name=\"twitter:label1\" content=\"Written by\" \/>\n\t<meta name=\"twitter:data1\" content=\"Bruna Greco\" \/>\n\t<meta name=\"twitter:label2\" content=\"Est. reading time\" \/>\n\t<meta name=\"twitter:data2\" content=\"3 minutos\" \/>\n<script type=\"application\/ld+json\" class=\"yoast-schema-graph\">{\"@context\":\"https:\/\/schema.org\",\"@graph\":[{\"@type\":\"Article\",\"@id\":\"https:\/\/www.manaus.am.gov.br\/semasc\/caminhada-conscientizacao-maio-laranja\/#article\",\"isPartOf\":{\"@id\":\"https:\/\/www.manaus.am.gov.br\/semasc\/caminhada-conscientizacao-maio-laranja\/\"},\"author\":{\"name\":\"Bruna Greco\",\"@id\":\"https:\/\/www.manaus.am.gov.br\/semasc\/#\/schema\/person\/05d223aea2bf115f9883a6ff3683d81b\"},\"headline\":\"Prefeitura de Manaus promove caminhada de conscientiza\u00e7\u00e3o sobre o \u2018Maio Laranja\u2019 na zona Sul\",\"datePublished\":\"2025-05-16T18:02:20+00:00\",\"dateModified\":\"2025-05-16T18:02:20+00:00\",\"mainEntityOfPage\":{\"@id\":\"https:\/\/www.manaus.am.gov.br\/semasc\/caminhada-conscientizacao-maio-laranja\/\"},\"wordCount\":476,\"publisher\":{\"@id\":\"https:\/\/www.manaus.am.gov.br\/semasc\/#organization\"},\"image\":{\"@id\":\"https:\/\/www.manaus.am.gov.br\/semasc\/caminhada-conscientizacao-maio-laranja\/#primaryimage\"},\"thumbnailUrl\":\"https:\/\/www.manaus.am.gov.br\/semasc\/wp-content\/uploads\/sites\/17\/2025\/05\/54523782109_1ed98b7300_k.jpg\",\"keywords\":[\"caminhada\",\"conscientiza\u00e7\u00e3o\",\"Maio Laranja\",\"prefeitura de manaus\",\"Semasc\"],\"articleSection\":[\"Sensibiliza\u00e7\u00e3o\"],\"inLanguage\":\"pt-BR\"},{\"@type\":\"WebPage\",\"@id\":\"https:\/\/www.manaus.am.gov.br\/semasc\/caminhada-conscientizacao-maio-laranja\/\",\"url\":\"https:\/\/www.manaus.am.gov.br\/semasc\/caminhada-conscientizacao-maio-laranja\/\",\"name\":\"Caminhada de conscientiza\u00e7\u00e3o sobre o \u2018Maio Laranja\u2019 na zona Sul\",\"isPartOf\":{\"@id\":\"https:\/\/www.manaus.am.gov.br\/semasc\/#website\"},\"primaryImageOfPage\":{\"@id\":\"https:\/\/www.manaus.am.gov.br\/semasc\/caminhada-conscientizacao-maio-laranja\/#primaryimage\"},\"image\":{\"@id\":\"https:\/\/www.manaus.am.gov.br\/semasc\/caminhada-conscientizacao-maio-laranja\/#primaryimage\"},\"thumbnailUrl\":\"https:\/\/www.manaus.am.gov.br\/semasc\/wp-content\/uploads\/sites\/17\/2025\/05\/54523782109_1ed98b7300_k.jpg\",\"datePublished\":\"2025-05-16T18:02:20+00:00\",\"dateModified\":\"2025-05-16T18:02:20+00:00\",\"description\":\"Prefeitura de Manaus, por meio da Semasc, promove caminhada de conscientiza\u00e7\u00e3o sobre o \u2018Maio Laranja\u2019 na zona Sul.\",\"breadcrumb\":{\"@id\":\"https:\/\/www.manaus.am.gov.br\/semasc\/caminhada-conscientizacao-maio-laranja\/#breadcrumb\"},\"inLanguage\":\"pt-BR\",\"potentialAction\":[{\"@type\":\"ReadAction\",\"target\":[\"https:\/\/www.manaus.am.gov.br\/semasc\/caminhada-conscientizacao-maio-laranja\/\"]}]},{\"@type\":\"ImageObject\",\"inLanguage\":\"pt-BR\",\"@id\":\"https:\/\/www.manaus.am.gov.br\/semasc\/caminhada-conscientizacao-maio-laranja\/#primaryimage\",\"url\":\"https:\/\/www.manaus.am.gov.br\/semasc\/wp-content\/uploads\/sites\/17\/2025\/05\/54523782109_1ed98b7300_k.jpg\",\"contentUrl\":\"https:\/\/www.manaus.am.gov.br\/semasc\/wp-content\/uploads\/sites\/17\/2025\/05\/54523782109_1ed98b7300_k.jpg\",\"width\":2048,\"height\":1365,\"caption\":\"#paratodosverem - Grande p\u00fablico participando de caminhada de conscientiza\u00e7\u00e3o da campanha Maio Amarelo\"},{\"@type\":\"BreadcrumbList\",\"@id\":\"https:\/\/www.manaus.am.gov.br\/semasc\/caminhada-conscientizacao-maio-laranja\/#breadcrumb\",\"itemListElement\":[{\"@type\":\"ListItem\",\"position\":1,\"name\":\"Home\",\"item\":\"https:\/\/www.manaus.am.gov.br\/semasc\/\"},{\"@type\":\"ListItem\",\"position\":2,\"name\":\"Prefeitura de Manaus promove caminhada de conscientiza\u00e7\u00e3o sobre o \u2018Maio Laranja\u2019 na zona Sul\"}]},{\"@type\":\"WebSite\",\"@id\":\"https:\/\/www.manaus.am.gov.br\/semasc\/#website\",\"url\":\"https:\/\/www.manaus.am.gov.br\/semasc\/\",\"name\":\"SEMASC\",\"description\":\"Secretaria Municipal da Mulher, Assist\u00eancia Social e Cidadania.\",\"publisher\":{\"@id\":\"https:\/\/www.manaus.am.gov.br\/semasc\/#organization\"},\"alternateName\":\"Secretaria Municipal da Mulher, Assist\u00eancia Social e Cidadania\",\"potentialAction\":[{\"@type\":\"SearchAction\",\"target\":{\"@type\":\"EntryPoint\",\"urlTemplate\":\"https:\/\/www.manaus.am.gov.br\/semasc\/?s={search_term_string}\"},\"query-input\":\"required name=search_term_string\"}],\"inLanguage\":\"pt-BR\"},{\"@type\":\"Organization\",\"@id\":\"https:\/\/www.manaus.am.gov.br\/semasc\/#organization\",\"name\":\"Prefeitura de Manaus\",\"alternateName\":\"Prefeitura Municipal de Manaus\",\"url\":\"https:\/\/www.manaus.am.gov.br\/semasc\/\",\"logo\":{\"@type\":\"ImageObject\",\"inLanguage\":\"pt-BR\",\"@id\":\"https:\/\/www.manaus.am.gov.br\/semasc\/#\/schema\/logo\/image\/\",\"url\":\"https:\/\/www.manaus.am.gov.br\/semasc\/wp-content\/uploads\/sites\/17\/2024\/07\/favicon.png\",\"contentUrl\":\"https:\/\/www.manaus.am.gov.br\/semasc\/wp-content\/uploads\/sites\/17\/2024\/07\/favicon.png\",\"width\":300,\"height\":300,\"caption\":\"Prefeitura de Manaus\"},\"image\":{\"@id\":\"https:\/\/www.manaus.am.gov.br\/semasc\/#\/schema\/logo\/image\/\"},\"sameAs\":[\"https:\/\/www.facebook.com\/semascmanaus\",\"https:\/\/www.instagram.com\/semascmanaus\/\"]},{\"@type\":\"Person\",\"@id\":\"https:\/\/www.manaus.am.gov.br\/semasc\/#\/schema\/person\/05d223aea2bf115f9883a6ff3683d81b\",\"name\":\"Bruna Greco\",\"image\":{\"@type\":\"ImageObject\",\"inLanguage\":\"pt-BR\",\"@id\":\"https:\/\/www.manaus.am.gov.br\/semasc\/#\/schema\/person\/image\/\",\"url\":\"https:\/\/secure.gravatar.com\/avatar\/9c877d1a6adc2a055330e5c09a8653ce?s=96&d=mm&r=g\",\"contentUrl\":\"https:\/\/secure.gravatar.com\/avatar\/9c877d1a6adc2a055330e5c09a8653ce?s=96&d=mm&r=g\",\"caption\":\"Bruna Greco\"}}]}<\/script>\n<!-- \/ Yoast SEO plugin. -->","yoast_head_json":{"title":"Caminhada de conscientiza\u00e7\u00e3o sobre o \u2018Maio Laranja\u2019 na zona Sul","description":"Prefeitura de Manaus, por meio da Semasc, promove caminhada de conscientiza\u00e7\u00e3o sobre o \u2018Maio Laranja\u2019 na zona Sul.","robots":{"index":"noindex","follow":"follow"},"og_locale":"pt_BR","og_type":"article","og_title":"Caminhada de conscientiza\u00e7\u00e3o sobre o \u2018Maio Laranja\u2019 na zona Sul","og_description":"Prefeitura de Manaus, por meio da Semasc, promove caminhada de conscientiza\u00e7\u00e3o sobre o \u2018Maio Laranja\u2019 na zona Sul.","og_url":"https:\/\/www.manaus.am.gov.br\/semasc\/caminhada-conscientizacao-maio-laranja\/","og_site_name":"SEMASC","article_publisher":"https:\/\/www.facebook.com\/semascmanaus","article_published_time":"2025-05-16T18:02:20+00:00","og_image":[{"width":2048,"height":1365,"url":"https:\/\/www.manaus.am.gov.br\/semasc\/wp-content\/uploads\/sites\/17\/2025\/05\/54523782109_1ed98b7300_k.jpg","type":"image\/jpeg"}],"author":"Bruna Greco","twitter_card":"summary_large_image","twitter_misc":{"Written by":"Bruna Greco","Est. reading time":"3 minutos"},"schema":{"@context":"https:\/\/schema.org","@graph":[{"@type":"Article","@id":"https:\/\/www.manaus.am.gov.br\/semasc\/caminhada-conscientizacao-maio-laranja\/#article","isPartOf":{"@id":"https:\/\/www.manaus.am.gov.br\/semasc\/caminhada-conscientizacao-maio-laranja\/"},"author":{"name":"Bruna Greco","@id":"https:\/\/www.manaus.am.gov.br\/semasc\/#\/schema\/person\/05d223aea2bf115f9883a6ff3683d81b"},"headline":"Prefeitura de Manaus promove caminhada de conscientiza\u00e7\u00e3o sobre o \u2018Maio Laranja\u2019 na zona Sul","datePublished":"2025-05-16T18:02:20+00:00","dateModified":"2025-05-16T18:02:20+00:00","mainEntityOfPage":{"@id":"https:\/\/www.manaus.am.gov.br\/semasc\/caminhada-conscientizacao-maio-laranja\/"},"wordCount":476,"publisher":{"@id":"https:\/\/www.manaus.am.gov.br\/semasc\/#organization"},"image":{"@id":"https:\/\/www.manaus.am.gov.br\/semasc\/caminhada-conscientizacao-maio-laranja\/#primaryimage"},"thumbnailUrl":"https:\/\/www.manaus.am.gov.br\/semasc\/wp-content\/uploads\/sites\/17\/2025\/05\/54523782109_1ed98b7300_k.jpg","keywords":["caminhada","conscientiza\u00e7\u00e3o","Maio Laranja","prefeitura de manaus","Semasc"],"articleSection":["Sensibiliza\u00e7\u00e3o"],"inLanguage":"pt-BR"},{"@type":"WebPage","@id":"https:\/\/www.manaus.am.gov.br\/semasc\/caminhada-conscientizacao-maio-laranja\/","url":"https:\/\/www.manaus.am.gov.br\/semasc\/caminhada-conscientizacao-maio-laranja\/","name":"Caminhada de conscientiza\u00e7\u00e3o sobre o \u2018Maio Laranja\u2019 na zona Sul","isPartOf":{"@id":"https:\/\/www.manaus.am.gov.br\/semasc\/#website"},"primaryImageOfPage":{"@id":"https:\/\/www.manaus.am.gov.br\/semasc\/caminhada-conscientizacao-maio-laranja\/#primaryimage"},"image":{"@id":"https:\/\/www.manaus.am.gov.br\/semasc\/caminhada-conscientizacao-maio-laranja\/#primaryimage"},"thumbnailUrl":"https:\/\/www.manaus.am.gov.br\/semasc\/wp-content\/uploads\/sites\/17\/2025\/05\/54523782109_1ed98b7300_k.jpg","datePublished":"2025-05-16T18:02:20+00:00","dateModified":"2025-05-16T18:02:20+00:00","description":"Prefeitura de Manaus, por meio da Semasc, promove caminhada de conscientiza\u00e7\u00e3o sobre o \u2018Maio Laranja\u2019 na zona Sul.","breadcrumb":{"@id":"https:\/\/www.manaus.am.gov.br\/semasc\/caminhada-conscientizacao-maio-laranja\/#breadcrumb"},"inLanguage":"pt-BR","potentialAction":[{"@type":"ReadAction","target":["https:\/\/www.manaus.am.gov.br\/semasc\/caminhada-conscientizacao-maio-laranja\/"]}]},{"@type":"ImageObject","inLanguage":"pt-BR","@id":"https:\/\/www.manaus.am.gov.br\/semasc\/caminhada-conscientizacao-maio-laranja\/#primaryimage","url":"https:\/\/www.manaus.am.gov.br\/semasc\/wp-content\/uploads\/sites\/17\/2025\/05\/54523782109_1ed98b7300_k.jpg","contentUrl":"https:\/\/www.manaus.am.gov.br\/semasc\/wp-content\/uploads\/sites\/17\/2025\/05\/54523782109_1ed98b7300_k.jpg","width":2048,"height":1365,"caption":"#paratodosverem - Grande p\u00fablico participando de caminhada de conscientiza\u00e7\u00e3o da campanha Maio Amarelo"},{"@type":"BreadcrumbList","@id":"https:\/\/www.manaus.am.gov.br\/semasc\/caminhada-conscientizacao-maio-laranja\/#breadcrumb","itemListElement":[{"@type":"ListItem","position":1,"name":"Home","item":"https:\/\/www.manaus.am.gov.br\/semasc\/"},{"@type":"ListItem","position":2,"name":"Prefeitura de Manaus promove caminhada de conscientiza\u00e7\u00e3o sobre o \u2018Maio Laranja\u2019 na zona Sul"}]},{"@type":"WebSite","@id":"https:\/\/www.manaus.am.gov.br\/semasc\/#website","url":"https:\/\/www.manaus.am.gov.br\/semasc\/","name":"SEMASC","description":"Secretaria Municipal da Mulher, Assist\u00eancia Social e Cidadania.","publisher":{"@id":"https:\/\/www.manaus.am.gov.br\/semasc\/#organization"},"alternateName":"Secretaria Municipal da Mulher, Assist\u00eancia Social e Cidadania","potentialAction":[{"@type":"SearchAction","target":{"@type":"EntryPoint","urlTemplate":"https:\/\/www.manaus.am.gov.br\/semasc\/?s={search_term_string}"},"query-input":"required name=search_term_string"}],"inLanguage":"pt-BR"},{"@type":"Organization","@id":"https:\/\/www.manaus.am.gov.br\/semasc\/#organization","name":"Prefeitura de Manaus","alternateName":"Prefeitura Municipal de Manaus","url":"https:\/\/www.manaus.am.gov.br\/semasc\/","logo":{"@type":"ImageObject","inLanguage":"pt-BR","@id":"https:\/\/www.manaus.am.gov.br\/semasc\/#\/schema\/logo\/image\/","url":"https:\/\/www.manaus.am.gov.br\/semasc\/wp-content\/uploads\/sites\/17\/2024\/07\/favicon.png","contentUrl":"https:\/\/www.manaus.am.gov.br\/semasc\/wp-content\/uploads\/sites\/17\/2024\/07\/favicon.png","width":300,"height":300,"caption":"Prefeitura de Manaus"},"image":{"@id":"https:\/\/www.manaus.am.gov.br\/semasc\/#\/schema\/logo\/image\/"},"sameAs":["https:\/\/www.facebook.com\/semascmanaus","https:\/\/www.instagram.com\/semascmanaus\/"]},{"@type":"Person","@id":"https:\/\/www.manaus.am.gov.br\/semasc\/#\/schema\/person\/05d223aea2bf115f9883a6ff3683d81b","name":"Bruna Greco","image":{"@type":"ImageObject","inLanguage":"pt-BR","@id":"https:\/\/www.manaus.am.gov.br\/semasc\/#\/schema\/person\/image\/","url":"https:\/\/secure.gravatar.com\/avatar\/9c877d1a6adc2a055330e5c09a8653ce?s=96&d=mm&r=g","contentUrl":"https:\/\/secure.gravatar.com\/avatar\/9c877d1a6adc2a055330e5c09a8653ce?s=96&d=mm&r=g","caption":"Bruna Greco"}}]}},"_links":{"self":[{"href":"https:\/\/www.manaus.am.gov.br\/semasc\/wp-json\/wp\/v2\/posts\/211431"}],"collection":[{"href":"https:\/\/www.manaus.am.gov.br\/semasc\/wp-json\/wp\/v2\/posts"}],"about":[{"href":"https:\/\/www.manaus.am.gov.br\/semasc\/wp-json\/wp\/v2\/types\/post"}],"author":[{"embeddable":true,"href":"https:\/\/www.manaus.am.gov.br\/semasc\/wp-json\/wp\/v2\/users\/39"}],"replies":[{"embeddable":true,"href":"https:\/\/www.manaus.am.gov.br\/semasc\/wp-json\/wp\/v2\/comments?post=211431"}],"version-history":[{"count":1,"href":"https:\/\/www.manaus.am.gov.br\/semasc\/wp-json\/wp\/v2\/posts\/211431\/revisions"}],"predecessor-version":[{"id":211434,"href":"https:\/\/www.manaus.am.gov.br\/semasc\/wp-json\/wp\/v2\/posts\/211431\/revisions\/211434"}],"wp:featuredmedia":[{"embeddable":true,"href":"https:\/\/www.manaus.am.gov.br\/semasc\/wp-json\/wp\/v2\/media\/211433"}],"wp:attachment":[{"href":"https:\/\/www.manaus.am.gov.br\/semasc\/wp-json\/wp\/v2\/media?parent=211431"}],"wp:term":[{"taxonomy":"category","embeddable":true,"href":"https:\/\/www.manaus.am.gov.br\/semasc\/wp-json\/wp\/v2\/categories?post=211431"},{"taxonomy":"post_tag","embeddable":true,"href":"https:\/\/www.manaus.am.gov.br\/semasc\/wp-json\/wp\/v2\/tags?post=211431"}],"curies":[{"name":"wp","href":"https:\/\/api.w.org\/{rel}","templated":true}]}}