{"id":211226,"date":"2025-02-22T14:28:28","date_gmt":"2025-02-22T18:28:28","guid":{"rendered":"https:\/\/www.manaus.am.gov.br\/semasc\/prefeitura-semasc-acaocontraexploracaoinfantil\/"},"modified":"2025-02-22T14:28:29","modified_gmt":"2025-02-22T18:28:29","slug":"prefeitura-semasc-acaocontraexploracaoinfantil","status":"publish","type":"post","link":"https:\/\/www.manaus.am.gov.br\/semasc\/prefeitura-semasc-acaocontraexploracaoinfantil\/","title":{"rendered":"Prefeitura de Manaus intensifica a\u00e7\u00f5es para coibir explora\u00e7\u00e3o infantil em sem\u00e1foros"},"content":{"rendered":"\n<p>A Prefeitura de Manaus, por meio da Secretaria Municipal da Mulher, Assist\u00eancia Social e Cidadania (Semasc), realizou, na noite de sexta-feira, 21\/2, uma opera\u00e7\u00e3o de abordagem social em seis pontos da cidade, com o objetivo de combater o uso de crian\u00e7as para a pr\u00e1tica de mendic\u00e2ncia em sem\u00e1foros. A a\u00e7\u00e3o contou com o apoio da Delegacia Especializada em Prote\u00e7\u00e3o \u00e0 Crian\u00e7a e ao Adolescente (Depca), conselheiros tutelares e o Tribunal de Justi\u00e7a do Estado do Amazonas (TJ-AM).<\/p>\n\n\n\n<p>Durante a opera\u00e7\u00e3o, 13 crian\u00e7as foram resgatadas e encaminhadas ao Servi\u00e7o de Acolhimento Institucional para Crian\u00e7as e Adolescentes (Saica), garantindo a seguran\u00e7a e prote\u00e7\u00e3o desses menores. Al\u00e9m disso, alguns respons\u00e1veis foram conduzidos \u00e0 Depca para prestar esclarecimentos e responder pelas infra\u00e7\u00f5es cometidas.<\/p>\n\n\n\n<p>O titular da Semasc, Saullo Vianna, destacou a gravidade da situa\u00e7\u00e3o e refor\u00e7ou o compromisso da Prefeitura de Manaus em combater essa pr\u00e1tica. \u201cEm algumas abordagens, identificamos adultos, homens e mulheres, que estavam com crian\u00e7as que nem eram seus filhos. Isso demonstra a exist\u00eancia de um mercado organizado, no qual utilizam menores para sensibilizar as pessoas e obter dinheiro. N\u00e3o podemos permitir que isso continue. Vamos intensificar ainda mais essas opera\u00e7\u00f5es para reduzir este tipo de situa\u00e7\u00e3o na cidade\u201d, afirmou.<\/p>\n\n\n\n<p>Vianna tamb\u00e9m adiantou que as a\u00e7\u00f5es ser\u00e3o expandidas para outras \u00e1reas da cidade. \u201cIremos realizar o mesmo tipo de abordagem com pessoas em situa\u00e7\u00e3o de rua no Centro de Manaus, garantindo que todas as crian\u00e7as tenham seus direitos protegidos\u201d, concluiu.<\/p>\n\n\n\n<p>A Prefeitura de Manaus refor\u00e7a o compromisso com a prote\u00e7\u00e3o da inf\u00e2ncia e adolesc\u00eancia e segue empenhada em intensificar as fiscaliza\u00e7\u00f5es e a\u00e7\u00f5es preventivas para erradicar essa pr\u00e1tica na capital amazonense.<\/p>\n\n\n\n<p>&#8212; &#8212; &#8212; <\/p>\n\n\n\n<p><strong>Texto\u00a0<\/strong>&#8211; Syrrames Mendon\u00e7a \/ Semasc<br><strong>Fotos\u00a0<\/strong>&#8211; \u00a0Diego Lima \/ Semasc<br>\u00a0<\/p>\n\n\n\n<p><strong>Dispon\u00edveis em<\/strong> &#8211; https:\/\/flic.kr\/s\/aHBqjC3jw6<\/p>\n","protected":false},"excerpt":{"rendered":"","protected":false},"author":23,"featured_media":211227,"comment_status":"closed","ping_status":"closed","sticky":false,"template":"","format":"standard","meta":{"footnotes":""},"categories":[34],"tags":[808,1271,749,7,1272,18],"acf":[],"yoast_head":"<!-- This site is optimized with the Yoast SEO plugin v23.0 - https:\/\/yoast.com\/wordpress\/plugins\/seo\/ -->\n<title>Prefeitura de Manaus intensifica a\u00e7\u00f5es para coibir explora\u00e7\u00e3o infantil em sem\u00e1foros<\/title>\n<meta name=\"description\" content=\"A Prefeitura de Manaus, por meio da Secretaria Municipal da Mulher, Assist\u00eancia Social e Cidadania (Semasc), realizou, na noite de sexta-feira, 21\/2, uma opera\u00e7\u00e3o de abordagem social em seis pontos da cidade, com o objetivo de combater o uso de crian\u00e7as para a pr\u00e1tica de mendic\u00e2ncia em sem\u00e1foros.\" \/>\n<meta name=\"robots\" content=\"noindex, follow\" \/>\n<meta property=\"og:locale\" content=\"pt_BR\" \/>\n<meta property=\"og:type\" content=\"article\" \/>\n<meta property=\"og:title\" content=\"Prefeitura de Manaus intensifica a\u00e7\u00f5es para coibir explora\u00e7\u00e3o infantil em sem\u00e1foros\" \/>\n<meta property=\"og:description\" content=\"A Prefeitura de Manaus, por meio da Secretaria Municipal da Mulher, Assist\u00eancia Social e Cidadania (Semasc), realizou, na noite de sexta-feira, 21\/2, uma opera\u00e7\u00e3o de abordagem social em seis pontos da cidade, com o objetivo de combater o uso de crian\u00e7as para a pr\u00e1tica de mendic\u00e2ncia em sem\u00e1foros.\" \/>\n<meta property=\"og:url\" content=\"https:\/\/www.manaus.am.gov.br\/semasc\/prefeitura-semasc-acaocontraexploracaoinfantil\/\" \/>\n<meta property=\"og:site_name\" content=\"SEMASC\" \/>\n<meta property=\"article:publisher\" content=\"https:\/\/www.facebook.com\/semascmanaus\" \/>\n<meta property=\"article:published_time\" content=\"2025-02-22T18:28:28+00:00\" \/>\n<meta property=\"article:modified_time\" content=\"2025-02-22T18:28:29+00:00\" \/>\n<meta property=\"og:image\" content=\"https:\/\/www.manaus.am.gov.br\/semasc\/wp-content\/uploads\/sites\/17\/2025\/02\/54343700926_1cce078bfa_c.jpg\" \/>\n\t<meta property=\"og:image:width\" content=\"799\" \/>\n\t<meta property=\"og:image:height\" content=\"533\" \/>\n\t<meta property=\"og:image:type\" content=\"image\/jpeg\" \/>\n<meta name=\"author\" content=\"Adriana Costa\" \/>\n<meta name=\"twitter:card\" content=\"summary_large_image\" \/>\n<meta name=\"twitter:label1\" content=\"Written by\" \/>\n\t<meta name=\"twitter:data1\" content=\"Adriana Costa\" \/>\n\t<meta name=\"twitter:label2\" content=\"Est. reading time\" \/>\n\t<meta name=\"twitter:data2\" content=\"2 minutos\" \/>\n<script type=\"application\/ld+json\" class=\"yoast-schema-graph\">{\"@context\":\"https:\/\/schema.org\",\"@graph\":[{\"@type\":\"Article\",\"@id\":\"https:\/\/www.manaus.am.gov.br\/semasc\/prefeitura-semasc-acaocontraexploracaoinfantil\/#article\",\"isPartOf\":{\"@id\":\"https:\/\/www.manaus.am.gov.br\/semasc\/prefeitura-semasc-acaocontraexploracaoinfantil\/\"},\"author\":{\"name\":\"Adriana Costa\",\"@id\":\"https:\/\/www.manaus.am.gov.br\/semasc\/#\/schema\/person\/4e49f4e267757a06ca072ec61b2b9968\"},\"headline\":\"Prefeitura de Manaus intensifica a\u00e7\u00f5es para coibir explora\u00e7\u00e3o infantil em sem\u00e1foros\",\"datePublished\":\"2025-02-22T18:28:28+00:00\",\"dateModified\":\"2025-02-22T18:28:29+00:00\",\"mainEntityOfPage\":{\"@id\":\"https:\/\/www.manaus.am.gov.br\/semasc\/prefeitura-semasc-acaocontraexploracaoinfantil\/\"},\"wordCount\":343,\"publisher\":{\"@id\":\"https:\/\/www.manaus.am.gov.br\/semasc\/#organization\"},\"image\":{\"@id\":\"https:\/\/www.manaus.am.gov.br\/semasc\/prefeitura-semasc-acaocontraexploracaoinfantil\/#primaryimage\"},\"thumbnailUrl\":\"https:\/\/www.manaus.am.gov.br\/semasc\/wp-content\/uploads\/sites\/17\/2025\/02\/54343700926_1cce078bfa_c.jpg\",\"keywords\":[\"a\u00e7\u00e3o\",\"combate\",\"explora\u00e7\u00e3o infantil\",\"prefeitura de manaus\",\"sem\u00e1foros\",\"Semasc\"],\"articleSection\":[\"Assist\u00eancia Social\"],\"inLanguage\":\"pt-BR\"},{\"@type\":\"WebPage\",\"@id\":\"https:\/\/www.manaus.am.gov.br\/semasc\/prefeitura-semasc-acaocontraexploracaoinfantil\/\",\"url\":\"https:\/\/www.manaus.am.gov.br\/semasc\/prefeitura-semasc-acaocontraexploracaoinfantil\/\",\"name\":\"Prefeitura de Manaus intensifica a\u00e7\u00f5es para coibir explora\u00e7\u00e3o infantil em sem\u00e1foros\",\"isPartOf\":{\"@id\":\"https:\/\/www.manaus.am.gov.br\/semasc\/#website\"},\"primaryImageOfPage\":{\"@id\":\"https:\/\/www.manaus.am.gov.br\/semasc\/prefeitura-semasc-acaocontraexploracaoinfantil\/#primaryimage\"},\"image\":{\"@id\":\"https:\/\/www.manaus.am.gov.br\/semasc\/prefeitura-semasc-acaocontraexploracaoinfantil\/#primaryimage\"},\"thumbnailUrl\":\"https:\/\/www.manaus.am.gov.br\/semasc\/wp-content\/uploads\/sites\/17\/2025\/02\/54343700926_1cce078bfa_c.jpg\",\"datePublished\":\"2025-02-22T18:28:28+00:00\",\"dateModified\":\"2025-02-22T18:28:29+00:00\",\"description\":\"A Prefeitura de Manaus, por meio da Secretaria Municipal da Mulher, Assist\u00eancia Social e Cidadania (Semasc), realizou, na noite de sexta-feira, 21\/2, uma opera\u00e7\u00e3o de abordagem social em seis pontos da cidade, com o objetivo de combater o uso de crian\u00e7as para a pr\u00e1tica de mendic\u00e2ncia em sem\u00e1foros.\",\"breadcrumb\":{\"@id\":\"https:\/\/www.manaus.am.gov.br\/semasc\/prefeitura-semasc-acaocontraexploracaoinfantil\/#breadcrumb\"},\"inLanguage\":\"pt-BR\",\"potentialAction\":[{\"@type\":\"ReadAction\",\"target\":[\"https:\/\/www.manaus.am.gov.br\/semasc\/prefeitura-semasc-acaocontraexploracaoinfantil\/\"]}]},{\"@type\":\"ImageObject\",\"inLanguage\":\"pt-BR\",\"@id\":\"https:\/\/www.manaus.am.gov.br\/semasc\/prefeitura-semasc-acaocontraexploracaoinfantil\/#primaryimage\",\"url\":\"https:\/\/www.manaus.am.gov.br\/semasc\/wp-content\/uploads\/sites\/17\/2025\/02\/54343700926_1cce078bfa_c.jpg\",\"contentUrl\":\"https:\/\/www.manaus.am.gov.br\/semasc\/wp-content\/uploads\/sites\/17\/2025\/02\/54343700926_1cce078bfa_c.jpg\",\"width\":799,\"height\":533},{\"@type\":\"BreadcrumbList\",\"@id\":\"https:\/\/www.manaus.am.gov.br\/semasc\/prefeitura-semasc-acaocontraexploracaoinfantil\/#breadcrumb\",\"itemListElement\":[{\"@type\":\"ListItem\",\"position\":1,\"name\":\"Home\",\"item\":\"https:\/\/www.manaus.am.gov.br\/semasc\/\"},{\"@type\":\"ListItem\",\"position\":2,\"name\":\"Prefeitura de Manaus intensifica a\u00e7\u00f5es para coibir explora\u00e7\u00e3o infantil em sem\u00e1foros\"}]},{\"@type\":\"WebSite\",\"@id\":\"https:\/\/www.manaus.am.gov.br\/semasc\/#website\",\"url\":\"https:\/\/www.manaus.am.gov.br\/semasc\/\",\"name\":\"SEMASC\",\"description\":\"Secretaria Municipal da Mulher, Assist\u00eancia Social e Cidadania.\",\"publisher\":{\"@id\":\"https:\/\/www.manaus.am.gov.br\/semasc\/#organization\"},\"alternateName\":\"Secretaria Municipal da Mulher, Assist\u00eancia Social e Cidadania\",\"potentialAction\":[{\"@type\":\"SearchAction\",\"target\":{\"@type\":\"EntryPoint\",\"urlTemplate\":\"https:\/\/www.manaus.am.gov.br\/semasc\/?s={search_term_string}\"},\"query-input\":\"required name=search_term_string\"}],\"inLanguage\":\"pt-BR\"},{\"@type\":\"Organization\",\"@id\":\"https:\/\/www.manaus.am.gov.br\/semasc\/#organization\",\"name\":\"Prefeitura de Manaus\",\"alternateName\":\"Prefeitura Municipal de Manaus\",\"url\":\"https:\/\/www.manaus.am.gov.br\/semasc\/\",\"logo\":{\"@type\":\"ImageObject\",\"inLanguage\":\"pt-BR\",\"@id\":\"https:\/\/www.manaus.am.gov.br\/semasc\/#\/schema\/logo\/image\/\",\"url\":\"https:\/\/www.manaus.am.gov.br\/semasc\/wp-content\/uploads\/sites\/17\/2024\/07\/favicon.png\",\"contentUrl\":\"https:\/\/www.manaus.am.gov.br\/semasc\/wp-content\/uploads\/sites\/17\/2024\/07\/favicon.png\",\"width\":300,\"height\":300,\"caption\":\"Prefeitura de Manaus\"},\"image\":{\"@id\":\"https:\/\/www.manaus.am.gov.br\/semasc\/#\/schema\/logo\/image\/\"},\"sameAs\":[\"https:\/\/www.facebook.com\/semascmanaus\",\"https:\/\/www.instagram.com\/semascmanaus\/\"]},{\"@type\":\"Person\",\"@id\":\"https:\/\/www.manaus.am.gov.br\/semasc\/#\/schema\/person\/4e49f4e267757a06ca072ec61b2b9968\",\"name\":\"Adriana Costa\",\"image\":{\"@type\":\"ImageObject\",\"inLanguage\":\"pt-BR\",\"@id\":\"https:\/\/www.manaus.am.gov.br\/semasc\/#\/schema\/person\/image\/\",\"url\":\"https:\/\/secure.gravatar.com\/avatar\/576258617ef7194f718179e766d57bd4?s=96&d=mm&r=g\",\"contentUrl\":\"https:\/\/secure.gravatar.com\/avatar\/576258617ef7194f718179e766d57bd4?s=96&d=mm&r=g\",\"caption\":\"Adriana Costa\"}}]}<\/script>\n<!-- \/ Yoast SEO plugin. -->","yoast_head_json":{"title":"Prefeitura de Manaus intensifica a\u00e7\u00f5es para coibir explora\u00e7\u00e3o infantil em sem\u00e1foros","description":"A Prefeitura de Manaus, por meio da Secretaria Municipal da Mulher, Assist\u00eancia Social e Cidadania (Semasc), realizou, na noite de sexta-feira, 21\/2, uma opera\u00e7\u00e3o de abordagem social em seis pontos da cidade, com o objetivo de combater o uso de crian\u00e7as para a pr\u00e1tica de mendic\u00e2ncia em sem\u00e1foros.","robots":{"index":"noindex","follow":"follow"},"og_locale":"pt_BR","og_type":"article","og_title":"Prefeitura de Manaus intensifica a\u00e7\u00f5es para coibir explora\u00e7\u00e3o infantil em sem\u00e1foros","og_description":"A Prefeitura de Manaus, por meio da Secretaria Municipal da Mulher, Assist\u00eancia Social e Cidadania (Semasc), realizou, na noite de sexta-feira, 21\/2, uma opera\u00e7\u00e3o de abordagem social em seis pontos da cidade, com o objetivo de combater o uso de crian\u00e7as para a pr\u00e1tica de mendic\u00e2ncia em sem\u00e1foros.","og_url":"https:\/\/www.manaus.am.gov.br\/semasc\/prefeitura-semasc-acaocontraexploracaoinfantil\/","og_site_name":"SEMASC","article_publisher":"https:\/\/www.facebook.com\/semascmanaus","article_published_time":"2025-02-22T18:28:28+00:00","article_modified_time":"2025-02-22T18:28:29+00:00","og_image":[{"width":799,"height":533,"url":"https:\/\/www.manaus.am.gov.br\/semasc\/wp-content\/uploads\/sites\/17\/2025\/02\/54343700926_1cce078bfa_c.jpg","type":"image\/jpeg"}],"author":"Adriana Costa","twitter_card":"summary_large_image","twitter_misc":{"Written by":"Adriana Costa","Est. reading time":"2 minutos"},"schema":{"@context":"https:\/\/schema.org","@graph":[{"@type":"Article","@id":"https:\/\/www.manaus.am.gov.br\/semasc\/prefeitura-semasc-acaocontraexploracaoinfantil\/#article","isPartOf":{"@id":"https:\/\/www.manaus.am.gov.br\/semasc\/prefeitura-semasc-acaocontraexploracaoinfantil\/"},"author":{"name":"Adriana Costa","@id":"https:\/\/www.manaus.am.gov.br\/semasc\/#\/schema\/person\/4e49f4e267757a06ca072ec61b2b9968"},"headline":"Prefeitura de Manaus intensifica a\u00e7\u00f5es para coibir explora\u00e7\u00e3o infantil em sem\u00e1foros","datePublished":"2025-02-22T18:28:28+00:00","dateModified":"2025-02-22T18:28:29+00:00","mainEntityOfPage":{"@id":"https:\/\/www.manaus.am.gov.br\/semasc\/prefeitura-semasc-acaocontraexploracaoinfantil\/"},"wordCount":343,"publisher":{"@id":"https:\/\/www.manaus.am.gov.br\/semasc\/#organization"},"image":{"@id":"https:\/\/www.manaus.am.gov.br\/semasc\/prefeitura-semasc-acaocontraexploracaoinfantil\/#primaryimage"},"thumbnailUrl":"https:\/\/www.manaus.am.gov.br\/semasc\/wp-content\/uploads\/sites\/17\/2025\/02\/54343700926_1cce078bfa_c.jpg","keywords":["a\u00e7\u00e3o","combate","explora\u00e7\u00e3o infantil","prefeitura de manaus","sem\u00e1foros","Semasc"],"articleSection":["Assist\u00eancia Social"],"inLanguage":"pt-BR"},{"@type":"WebPage","@id":"https:\/\/www.manaus.am.gov.br\/semasc\/prefeitura-semasc-acaocontraexploracaoinfantil\/","url":"https:\/\/www.manaus.am.gov.br\/semasc\/prefeitura-semasc-acaocontraexploracaoinfantil\/","name":"Prefeitura de Manaus intensifica a\u00e7\u00f5es para coibir explora\u00e7\u00e3o infantil em sem\u00e1foros","isPartOf":{"@id":"https:\/\/www.manaus.am.gov.br\/semasc\/#website"},"primaryImageOfPage":{"@id":"https:\/\/www.manaus.am.gov.br\/semasc\/prefeitura-semasc-acaocontraexploracaoinfantil\/#primaryimage"},"image":{"@id":"https:\/\/www.manaus.am.gov.br\/semasc\/prefeitura-semasc-acaocontraexploracaoinfantil\/#primaryimage"},"thumbnailUrl":"https:\/\/www.manaus.am.gov.br\/semasc\/wp-content\/uploads\/sites\/17\/2025\/02\/54343700926_1cce078bfa_c.jpg","datePublished":"2025-02-22T18:28:28+00:00","dateModified":"2025-02-22T18:28:29+00:00","description":"A Prefeitura de Manaus, por meio da Secretaria Municipal da Mulher, Assist\u00eancia Social e Cidadania (Semasc), realizou, na noite de sexta-feira, 21\/2, uma opera\u00e7\u00e3o de abordagem social em seis pontos da cidade, com o objetivo de combater o uso de crian\u00e7as para a pr\u00e1tica de mendic\u00e2ncia em sem\u00e1foros.","breadcrumb":{"@id":"https:\/\/www.manaus.am.gov.br\/semasc\/prefeitura-semasc-acaocontraexploracaoinfantil\/#breadcrumb"},"inLanguage":"pt-BR","potentialAction":[{"@type":"ReadAction","target":["https:\/\/www.manaus.am.gov.br\/semasc\/prefeitura-semasc-acaocontraexploracaoinfantil\/"]}]},{"@type":"ImageObject","inLanguage":"pt-BR","@id":"https:\/\/www.manaus.am.gov.br\/semasc\/prefeitura-semasc-acaocontraexploracaoinfantil\/#primaryimage","url":"https:\/\/www.manaus.am.gov.br\/semasc\/wp-content\/uploads\/sites\/17\/2025\/02\/54343700926_1cce078bfa_c.jpg","contentUrl":"https:\/\/www.manaus.am.gov.br\/semasc\/wp-content\/uploads\/sites\/17\/2025\/02\/54343700926_1cce078bfa_c.jpg","width":799,"height":533},{"@type":"BreadcrumbList","@id":"https:\/\/www.manaus.am.gov.br\/semasc\/prefeitura-semasc-acaocontraexploracaoinfantil\/#breadcrumb","itemListElement":[{"@type":"ListItem","position":1,"name":"Home","item":"https:\/\/www.manaus.am.gov.br\/semasc\/"},{"@type":"ListItem","position":2,"name":"Prefeitura de Manaus intensifica a\u00e7\u00f5es para coibir explora\u00e7\u00e3o infantil em sem\u00e1foros"}]},{"@type":"WebSite","@id":"https:\/\/www.manaus.am.gov.br\/semasc\/#website","url":"https:\/\/www.manaus.am.gov.br\/semasc\/","name":"SEMASC","description":"Secretaria Municipal da Mulher, Assist\u00eancia Social e Cidadania.","publisher":{"@id":"https:\/\/www.manaus.am.gov.br\/semasc\/#organization"},"alternateName":"Secretaria Municipal da Mulher, Assist\u00eancia Social e Cidadania","potentialAction":[{"@type":"SearchAction","target":{"@type":"EntryPoint","urlTemplate":"https:\/\/www.manaus.am.gov.br\/semasc\/?s={search_term_string}"},"query-input":"required name=search_term_string"}],"inLanguage":"pt-BR"},{"@type":"Organization","@id":"https:\/\/www.manaus.am.gov.br\/semasc\/#organization","name":"Prefeitura de Manaus","alternateName":"Prefeitura Municipal de Manaus","url":"https:\/\/www.manaus.am.gov.br\/semasc\/","logo":{"@type":"ImageObject","inLanguage":"pt-BR","@id":"https:\/\/www.manaus.am.gov.br\/semasc\/#\/schema\/logo\/image\/","url":"https:\/\/www.manaus.am.gov.br\/semasc\/wp-content\/uploads\/sites\/17\/2024\/07\/favicon.png","contentUrl":"https:\/\/www.manaus.am.gov.br\/semasc\/wp-content\/uploads\/sites\/17\/2024\/07\/favicon.png","width":300,"height":300,"caption":"Prefeitura de Manaus"},"image":{"@id":"https:\/\/www.manaus.am.gov.br\/semasc\/#\/schema\/logo\/image\/"},"sameAs":["https:\/\/www.facebook.com\/semascmanaus","https:\/\/www.instagram.com\/semascmanaus\/"]},{"@type":"Person","@id":"https:\/\/www.manaus.am.gov.br\/semasc\/#\/schema\/person\/4e49f4e267757a06ca072ec61b2b9968","name":"Adriana Costa","image":{"@type":"ImageObject","inLanguage":"pt-BR","@id":"https:\/\/www.manaus.am.gov.br\/semasc\/#\/schema\/person\/image\/","url":"https:\/\/secure.gravatar.com\/avatar\/576258617ef7194f718179e766d57bd4?s=96&d=mm&r=g","contentUrl":"https:\/\/secure.gravatar.com\/avatar\/576258617ef7194f718179e766d57bd4?s=96&d=mm&r=g","caption":"Adriana Costa"}}]}},"_links":{"self":[{"href":"https:\/\/www.manaus.am.gov.br\/semasc\/wp-json\/wp\/v2\/posts\/211226"}],"collection":[{"href":"https:\/\/www.manaus.am.gov.br\/semasc\/wp-json\/wp\/v2\/posts"}],"about":[{"href":"https:\/\/www.manaus.am.gov.br\/semasc\/wp-json\/wp\/v2\/types\/post"}],"author":[{"embeddable":true,"href":"https:\/\/www.manaus.am.gov.br\/semasc\/wp-json\/wp\/v2\/users\/23"}],"replies":[{"embeddable":true,"href":"https:\/\/www.manaus.am.gov.br\/semasc\/wp-json\/wp\/v2\/comments?post=211226"}],"version-history":[{"count":0,"href":"https:\/\/www.manaus.am.gov.br\/semasc\/wp-json\/wp\/v2\/posts\/211226\/revisions"}],"wp:featuredmedia":[{"embeddable":true,"href":"https:\/\/www.manaus.am.gov.br\/semasc\/wp-json\/wp\/v2\/media\/211227"}],"wp:attachment":[{"href":"https:\/\/www.manaus.am.gov.br\/semasc\/wp-json\/wp\/v2\/media?parent=211226"}],"wp:term":[{"taxonomy":"category","embeddable":true,"href":"https:\/\/www.manaus.am.gov.br\/semasc\/wp-json\/wp\/v2\/categories?post=211226"},{"taxonomy":"post_tag","embeddable":true,"href":"https:\/\/www.manaus.am.gov.br\/semasc\/wp-json\/wp\/v2\/tags?post=211226"}],"curies":[{"name":"wp","href":"https:\/\/api.w.org\/{rel}","templated":true}]}}