{"id":211043,"date":"2024-12-20T10:30:26","date_gmt":"2024-12-20T14:30:26","guid":{"rendered":"https:\/\/www.manaus.am.gov.br\/semasc\/?p=211043"},"modified":"2024-12-20T10:30:27","modified_gmt":"2024-12-20T14:30:27","slug":"idosas-atendidas-pelo-cras-alvorada-3-participam-de-baile-e-confraternizacao-natalina","status":"publish","type":"post","link":"https:\/\/www.manaus.am.gov.br\/semasc\/idosas-atendidas-pelo-cras-alvorada-3-participam-de-baile-e-confraternizacao-natalina\/","title":{"rendered":"Idosas atendidas pelo Cras Alvorada 3 participam de baile e confraterniza\u00e7\u00e3o natalina"},"content":{"rendered":"\n<p>A&nbsp;<a href=\"https:\/\/www.manaus.am.gov.br\/noticia\/celebracao\/prefeitura-celebracao-crasalvorada3\/\" target=\"_blank\" rel=\"noreferrer noopener\">Prefeitura de Manaus<\/a>, por meio da Secretaria Municipal da Mulher, Assist\u00eancia Social e Cidadania (Semasc), realizou, na manh\u00e3 desta quinta-feira, 19\/12, o encerramento das atividades anuais do grupo de idosas atendidas pelo Centro de Refer\u00eancia de Assist\u00eancia Social (Cras) Alvorada 3. A celebra\u00e7\u00e3o contou com um baile dan\u00e7ante, reunindo 92 usu\u00e1rias que participaram, intensamente, das atividades ao longo do ano.<\/p>\n\n\n\n<p>O evento foi realizado na Casa Cidad\u00e3o, espa\u00e7o tamb\u00e9m administrado pela equipe do Cras e localizado no bairro L\u00edrio do Vale, na zona Oeste. Durante a celebra\u00e7\u00e3o, a coordenadora da unidade, Socorro Batista, destacou os objetivos alcan\u00e7ados pelo grupo em 2024 e a import\u00e2ncia da festividade.<\/p>\n\n\n\n<p>\u201cO principal objetivo foi manter e fortalecer os v\u00ednculos familiares e comunit\u00e1rios ao longo de todo o ano. Este grupo se re\u00fane, semanalmente, e as participantes mostraram-se extremamente engajadas, refletindo a import\u00e2ncia dessas intera\u00e7\u00f5es para o bem-estar delas\u201d, afirmou Socorro.<\/p>\n\n\n\n<p>O evento de encerramento foi uma verdadeira comemora\u00e7\u00e3o da conviv\u00eancia e amizade, quando as idosas puderam dan\u00e7ar, se divertir e celebrar os la\u00e7os constru\u00eddos em 2024.<\/p>\n\n\n\n<p>\u201cEste momento foi pensado para celebrarmos juntos, em um clima de confraterniza\u00e7\u00e3o, ap\u00f3s um ano muito produtivo, em que conseguimos colocar em pr\u00e1tica todas as atividades planejadas com o apoio de uma equipe de orientadores sociais extremamente competente\u201d, explicou a assistente social Ligiane Cristina da Silva.<\/p>\n\n\n\n<p>Entre as idosas presentes, a aposentada Francisca Monteiro demonstrou sua alegria durante a programa\u00e7\u00e3o. \u201c\u00c9 uma alegria imensa participar deste grupo, que \u00e9 maravilhoso em todos os sentidos. As pessoas aqui s\u00e3o incr\u00edveis, e estar junto com os outros idosos \u00e9 sempre muito especial para mim. Eu me divirto bastante, adoro as brincadeiras e os momentos de descontra\u00e7\u00e3o. \u00c9 realmente maravilhoso para todos do bairro\u201d, finalizou.<\/p>\n\n\n\n<p>\u2013 \u2013 \u2013&nbsp;<\/p>\n\n\n\n<p><strong>Texto&nbsp;<\/strong>&#8211; Camili Vit\u00f3ria \/ Semasc<\/p>\n\n\n\n<p><strong>Fotos<\/strong>&nbsp;&#8211; Guilherme Pacheco\/ Semasc<\/p>\n","protected":false},"excerpt":{"rendered":"","protected":false},"author":56,"featured_media":211044,"comment_status":"closed","ping_status":"closed","sticky":false,"template":"","format":"standard","meta":{"footnotes":""},"categories":[34],"tags":[],"acf":[],"yoast_head":"<!-- This site is optimized with the Yoast SEO plugin v23.0 - https:\/\/yoast.com\/wordpress\/plugins\/seo\/ -->\n<title>Idosas atendidas pelo Cras Alvorada 3 participam de baile e confraterniza\u00e7\u00e3o natalina - SEMASC<\/title>\n<meta name=\"robots\" content=\"noindex, follow\" \/>\n<meta property=\"og:locale\" content=\"pt_BR\" \/>\n<meta property=\"og:type\" content=\"article\" \/>\n<meta property=\"og:title\" content=\"Idosas atendidas pelo Cras Alvorada 3 participam de baile e confraterniza\u00e7\u00e3o natalina - SEMASC\" \/>\n<meta property=\"og:url\" content=\"https:\/\/www.manaus.am.gov.br\/semasc\/idosas-atendidas-pelo-cras-alvorada-3-participam-de-baile-e-confraternizacao-natalina\/\" \/>\n<meta property=\"og:site_name\" content=\"SEMASC\" \/>\n<meta property=\"article:publisher\" content=\"https:\/\/www.facebook.com\/semascmanaus\" \/>\n<meta property=\"article:published_time\" content=\"2024-12-20T14:30:26+00:00\" \/>\n<meta property=\"article:modified_time\" content=\"2024-12-20T14:30:27+00:00\" \/>\n<meta property=\"og:image\" content=\"https:\/\/www.manaus.am.gov.br\/semasc\/wp-content\/uploads\/sites\/17\/2024\/12\/Cras-Alvorada-3-1.jpeg\" \/>\n\t<meta property=\"og:image:width\" content=\"2560\" \/>\n\t<meta property=\"og:image:height\" content=\"1706\" \/>\n\t<meta property=\"og:image:type\" content=\"image\/jpeg\" \/>\n<meta name=\"author\" content=\"leofierro\" \/>\n<meta name=\"twitter:card\" content=\"summary_large_image\" \/>\n<meta name=\"twitter:label1\" content=\"Written by\" \/>\n\t<meta name=\"twitter:data1\" content=\"leofierro\" \/>\n\t<meta name=\"twitter:label2\" content=\"Est. reading time\" \/>\n\t<meta name=\"twitter:data2\" content=\"2 minutos\" \/>\n<script type=\"application\/ld+json\" class=\"yoast-schema-graph\">{\"@context\":\"https:\/\/schema.org\",\"@graph\":[{\"@type\":\"Article\",\"@id\":\"https:\/\/www.manaus.am.gov.br\/semasc\/idosas-atendidas-pelo-cras-alvorada-3-participam-de-baile-e-confraternizacao-natalina\/#article\",\"isPartOf\":{\"@id\":\"https:\/\/www.manaus.am.gov.br\/semasc\/idosas-atendidas-pelo-cras-alvorada-3-participam-de-baile-e-confraternizacao-natalina\/\"},\"author\":{\"name\":\"leofierro\",\"@id\":\"https:\/\/www.manaus.am.gov.br\/semasc\/#\/schema\/person\/68c6a77f3dcf3f40a0d6e6ad5076718c\"},\"headline\":\"Idosas atendidas pelo Cras Alvorada 3 participam de baile e confraterniza\u00e7\u00e3o natalina\",\"datePublished\":\"2024-12-20T14:30:26+00:00\",\"dateModified\":\"2024-12-20T14:30:27+00:00\",\"mainEntityOfPage\":{\"@id\":\"https:\/\/www.manaus.am.gov.br\/semasc\/idosas-atendidas-pelo-cras-alvorada-3-participam-de-baile-e-confraternizacao-natalina\/\"},\"wordCount\":333,\"publisher\":{\"@id\":\"https:\/\/www.manaus.am.gov.br\/semasc\/#organization\"},\"image\":{\"@id\":\"https:\/\/www.manaus.am.gov.br\/semasc\/idosas-atendidas-pelo-cras-alvorada-3-participam-de-baile-e-confraternizacao-natalina\/#primaryimage\"},\"thumbnailUrl\":\"https:\/\/www.manaus.am.gov.br\/semasc\/wp-content\/uploads\/sites\/17\/2024\/12\/Cras-Alvorada-3-1.jpeg\",\"articleSection\":[\"Assist\u00eancia Social\"],\"inLanguage\":\"pt-BR\"},{\"@type\":\"WebPage\",\"@id\":\"https:\/\/www.manaus.am.gov.br\/semasc\/idosas-atendidas-pelo-cras-alvorada-3-participam-de-baile-e-confraternizacao-natalina\/\",\"url\":\"https:\/\/www.manaus.am.gov.br\/semasc\/idosas-atendidas-pelo-cras-alvorada-3-participam-de-baile-e-confraternizacao-natalina\/\",\"name\":\"Idosas atendidas pelo Cras Alvorada 3 participam de baile e confraterniza\u00e7\u00e3o natalina - SEMASC\",\"isPartOf\":{\"@id\":\"https:\/\/www.manaus.am.gov.br\/semasc\/#website\"},\"primaryImageOfPage\":{\"@id\":\"https:\/\/www.manaus.am.gov.br\/semasc\/idosas-atendidas-pelo-cras-alvorada-3-participam-de-baile-e-confraternizacao-natalina\/#primaryimage\"},\"image\":{\"@id\":\"https:\/\/www.manaus.am.gov.br\/semasc\/idosas-atendidas-pelo-cras-alvorada-3-participam-de-baile-e-confraternizacao-natalina\/#primaryimage\"},\"thumbnailUrl\":\"https:\/\/www.manaus.am.gov.br\/semasc\/wp-content\/uploads\/sites\/17\/2024\/12\/Cras-Alvorada-3-1.jpeg\",\"datePublished\":\"2024-12-20T14:30:26+00:00\",\"dateModified\":\"2024-12-20T14:30:27+00:00\",\"breadcrumb\":{\"@id\":\"https:\/\/www.manaus.am.gov.br\/semasc\/idosas-atendidas-pelo-cras-alvorada-3-participam-de-baile-e-confraternizacao-natalina\/#breadcrumb\"},\"inLanguage\":\"pt-BR\",\"potentialAction\":[{\"@type\":\"ReadAction\",\"target\":[\"https:\/\/www.manaus.am.gov.br\/semasc\/idosas-atendidas-pelo-cras-alvorada-3-participam-de-baile-e-confraternizacao-natalina\/\"]}]},{\"@type\":\"ImageObject\",\"inLanguage\":\"pt-BR\",\"@id\":\"https:\/\/www.manaus.am.gov.br\/semasc\/idosas-atendidas-pelo-cras-alvorada-3-participam-de-baile-e-confraternizacao-natalina\/#primaryimage\",\"url\":\"https:\/\/www.manaus.am.gov.br\/semasc\/wp-content\/uploads\/sites\/17\/2024\/12\/Cras-Alvorada-3-1.jpeg\",\"contentUrl\":\"https:\/\/www.manaus.am.gov.br\/semasc\/wp-content\/uploads\/sites\/17\/2024\/12\/Cras-Alvorada-3-1.jpeg\",\"width\":2560,\"height\":1706},{\"@type\":\"BreadcrumbList\",\"@id\":\"https:\/\/www.manaus.am.gov.br\/semasc\/idosas-atendidas-pelo-cras-alvorada-3-participam-de-baile-e-confraternizacao-natalina\/#breadcrumb\",\"itemListElement\":[{\"@type\":\"ListItem\",\"position\":1,\"name\":\"Home\",\"item\":\"https:\/\/www.manaus.am.gov.br\/semasc\/\"},{\"@type\":\"ListItem\",\"position\":2,\"name\":\"Idosas atendidas pelo Cras Alvorada 3 participam de baile e confraterniza\u00e7\u00e3o natalina\"}]},{\"@type\":\"WebSite\",\"@id\":\"https:\/\/www.manaus.am.gov.br\/semasc\/#website\",\"url\":\"https:\/\/www.manaus.am.gov.br\/semasc\/\",\"name\":\"SEMASC\",\"description\":\"Secretaria Municipal da Mulher, Assist\u00eancia Social e Cidadania.\",\"publisher\":{\"@id\":\"https:\/\/www.manaus.am.gov.br\/semasc\/#organization\"},\"alternateName\":\"Secretaria Municipal da Mulher, Assist\u00eancia Social e Cidadania\",\"potentialAction\":[{\"@type\":\"SearchAction\",\"target\":{\"@type\":\"EntryPoint\",\"urlTemplate\":\"https:\/\/www.manaus.am.gov.br\/semasc\/?s={search_term_string}\"},\"query-input\":\"required name=search_term_string\"}],\"inLanguage\":\"pt-BR\"},{\"@type\":\"Organization\",\"@id\":\"https:\/\/www.manaus.am.gov.br\/semasc\/#organization\",\"name\":\"Prefeitura de Manaus\",\"alternateName\":\"Prefeitura Municipal de Manaus\",\"url\":\"https:\/\/www.manaus.am.gov.br\/semasc\/\",\"logo\":{\"@type\":\"ImageObject\",\"inLanguage\":\"pt-BR\",\"@id\":\"https:\/\/www.manaus.am.gov.br\/semasc\/#\/schema\/logo\/image\/\",\"url\":\"https:\/\/www.manaus.am.gov.br\/semasc\/wp-content\/uploads\/sites\/17\/2024\/07\/favicon.png\",\"contentUrl\":\"https:\/\/www.manaus.am.gov.br\/semasc\/wp-content\/uploads\/sites\/17\/2024\/07\/favicon.png\",\"width\":300,\"height\":300,\"caption\":\"Prefeitura de Manaus\"},\"image\":{\"@id\":\"https:\/\/www.manaus.am.gov.br\/semasc\/#\/schema\/logo\/image\/\"},\"sameAs\":[\"https:\/\/www.facebook.com\/semascmanaus\",\"https:\/\/www.instagram.com\/semascmanaus\/\"]},{\"@type\":\"Person\",\"@id\":\"https:\/\/www.manaus.am.gov.br\/semasc\/#\/schema\/person\/68c6a77f3dcf3f40a0d6e6ad5076718c\",\"name\":\"leofierro\",\"image\":{\"@type\":\"ImageObject\",\"inLanguage\":\"pt-BR\",\"@id\":\"https:\/\/www.manaus.am.gov.br\/semasc\/#\/schema\/person\/image\/\",\"url\":\"https:\/\/secure.gravatar.com\/avatar\/30d8783eede7767036ae574037a3f2de?s=96&d=mm&r=g\",\"contentUrl\":\"https:\/\/secure.gravatar.com\/avatar\/30d8783eede7767036ae574037a3f2de?s=96&d=mm&r=g\",\"caption\":\"leofierro\"}}]}<\/script>\n<!-- \/ Yoast SEO plugin. -->","yoast_head_json":{"title":"Idosas atendidas pelo Cras Alvorada 3 participam de baile e confraterniza\u00e7\u00e3o natalina - SEMASC","robots":{"index":"noindex","follow":"follow"},"og_locale":"pt_BR","og_type":"article","og_title":"Idosas atendidas pelo Cras Alvorada 3 participam de baile e confraterniza\u00e7\u00e3o natalina - SEMASC","og_url":"https:\/\/www.manaus.am.gov.br\/semasc\/idosas-atendidas-pelo-cras-alvorada-3-participam-de-baile-e-confraternizacao-natalina\/","og_site_name":"SEMASC","article_publisher":"https:\/\/www.facebook.com\/semascmanaus","article_published_time":"2024-12-20T14:30:26+00:00","article_modified_time":"2024-12-20T14:30:27+00:00","og_image":[{"width":2560,"height":1706,"url":"https:\/\/www.manaus.am.gov.br\/semasc\/wp-content\/uploads\/sites\/17\/2024\/12\/Cras-Alvorada-3-1.jpeg","type":"image\/jpeg"}],"author":"leofierro","twitter_card":"summary_large_image","twitter_misc":{"Written by":"leofierro","Est. reading time":"2 minutos"},"schema":{"@context":"https:\/\/schema.org","@graph":[{"@type":"Article","@id":"https:\/\/www.manaus.am.gov.br\/semasc\/idosas-atendidas-pelo-cras-alvorada-3-participam-de-baile-e-confraternizacao-natalina\/#article","isPartOf":{"@id":"https:\/\/www.manaus.am.gov.br\/semasc\/idosas-atendidas-pelo-cras-alvorada-3-participam-de-baile-e-confraternizacao-natalina\/"},"author":{"name":"leofierro","@id":"https:\/\/www.manaus.am.gov.br\/semasc\/#\/schema\/person\/68c6a77f3dcf3f40a0d6e6ad5076718c"},"headline":"Idosas atendidas pelo Cras Alvorada 3 participam de baile e confraterniza\u00e7\u00e3o natalina","datePublished":"2024-12-20T14:30:26+00:00","dateModified":"2024-12-20T14:30:27+00:00","mainEntityOfPage":{"@id":"https:\/\/www.manaus.am.gov.br\/semasc\/idosas-atendidas-pelo-cras-alvorada-3-participam-de-baile-e-confraternizacao-natalina\/"},"wordCount":333,"publisher":{"@id":"https:\/\/www.manaus.am.gov.br\/semasc\/#organization"},"image":{"@id":"https:\/\/www.manaus.am.gov.br\/semasc\/idosas-atendidas-pelo-cras-alvorada-3-participam-de-baile-e-confraternizacao-natalina\/#primaryimage"},"thumbnailUrl":"https:\/\/www.manaus.am.gov.br\/semasc\/wp-content\/uploads\/sites\/17\/2024\/12\/Cras-Alvorada-3-1.jpeg","articleSection":["Assist\u00eancia Social"],"inLanguage":"pt-BR"},{"@type":"WebPage","@id":"https:\/\/www.manaus.am.gov.br\/semasc\/idosas-atendidas-pelo-cras-alvorada-3-participam-de-baile-e-confraternizacao-natalina\/","url":"https:\/\/www.manaus.am.gov.br\/semasc\/idosas-atendidas-pelo-cras-alvorada-3-participam-de-baile-e-confraternizacao-natalina\/","name":"Idosas atendidas pelo Cras Alvorada 3 participam de baile e confraterniza\u00e7\u00e3o natalina - SEMASC","isPartOf":{"@id":"https:\/\/www.manaus.am.gov.br\/semasc\/#website"},"primaryImageOfPage":{"@id":"https:\/\/www.manaus.am.gov.br\/semasc\/idosas-atendidas-pelo-cras-alvorada-3-participam-de-baile-e-confraternizacao-natalina\/#primaryimage"},"image":{"@id":"https:\/\/www.manaus.am.gov.br\/semasc\/idosas-atendidas-pelo-cras-alvorada-3-participam-de-baile-e-confraternizacao-natalina\/#primaryimage"},"thumbnailUrl":"https:\/\/www.manaus.am.gov.br\/semasc\/wp-content\/uploads\/sites\/17\/2024\/12\/Cras-Alvorada-3-1.jpeg","datePublished":"2024-12-20T14:30:26+00:00","dateModified":"2024-12-20T14:30:27+00:00","breadcrumb":{"@id":"https:\/\/www.manaus.am.gov.br\/semasc\/idosas-atendidas-pelo-cras-alvorada-3-participam-de-baile-e-confraternizacao-natalina\/#breadcrumb"},"inLanguage":"pt-BR","potentialAction":[{"@type":"ReadAction","target":["https:\/\/www.manaus.am.gov.br\/semasc\/idosas-atendidas-pelo-cras-alvorada-3-participam-de-baile-e-confraternizacao-natalina\/"]}]},{"@type":"ImageObject","inLanguage":"pt-BR","@id":"https:\/\/www.manaus.am.gov.br\/semasc\/idosas-atendidas-pelo-cras-alvorada-3-participam-de-baile-e-confraternizacao-natalina\/#primaryimage","url":"https:\/\/www.manaus.am.gov.br\/semasc\/wp-content\/uploads\/sites\/17\/2024\/12\/Cras-Alvorada-3-1.jpeg","contentUrl":"https:\/\/www.manaus.am.gov.br\/semasc\/wp-content\/uploads\/sites\/17\/2024\/12\/Cras-Alvorada-3-1.jpeg","width":2560,"height":1706},{"@type":"BreadcrumbList","@id":"https:\/\/www.manaus.am.gov.br\/semasc\/idosas-atendidas-pelo-cras-alvorada-3-participam-de-baile-e-confraternizacao-natalina\/#breadcrumb","itemListElement":[{"@type":"ListItem","position":1,"name":"Home","item":"https:\/\/www.manaus.am.gov.br\/semasc\/"},{"@type":"ListItem","position":2,"name":"Idosas atendidas pelo Cras Alvorada 3 participam de baile e confraterniza\u00e7\u00e3o natalina"}]},{"@type":"WebSite","@id":"https:\/\/www.manaus.am.gov.br\/semasc\/#website","url":"https:\/\/www.manaus.am.gov.br\/semasc\/","name":"SEMASC","description":"Secretaria Municipal da Mulher, Assist\u00eancia Social e Cidadania.","publisher":{"@id":"https:\/\/www.manaus.am.gov.br\/semasc\/#organization"},"alternateName":"Secretaria Municipal da Mulher, Assist\u00eancia Social e Cidadania","potentialAction":[{"@type":"SearchAction","target":{"@type":"EntryPoint","urlTemplate":"https:\/\/www.manaus.am.gov.br\/semasc\/?s={search_term_string}"},"query-input":"required name=search_term_string"}],"inLanguage":"pt-BR"},{"@type":"Organization","@id":"https:\/\/www.manaus.am.gov.br\/semasc\/#organization","name":"Prefeitura de Manaus","alternateName":"Prefeitura Municipal de Manaus","url":"https:\/\/www.manaus.am.gov.br\/semasc\/","logo":{"@type":"ImageObject","inLanguage":"pt-BR","@id":"https:\/\/www.manaus.am.gov.br\/semasc\/#\/schema\/logo\/image\/","url":"https:\/\/www.manaus.am.gov.br\/semasc\/wp-content\/uploads\/sites\/17\/2024\/07\/favicon.png","contentUrl":"https:\/\/www.manaus.am.gov.br\/semasc\/wp-content\/uploads\/sites\/17\/2024\/07\/favicon.png","width":300,"height":300,"caption":"Prefeitura de Manaus"},"image":{"@id":"https:\/\/www.manaus.am.gov.br\/semasc\/#\/schema\/logo\/image\/"},"sameAs":["https:\/\/www.facebook.com\/semascmanaus","https:\/\/www.instagram.com\/semascmanaus\/"]},{"@type":"Person","@id":"https:\/\/www.manaus.am.gov.br\/semasc\/#\/schema\/person\/68c6a77f3dcf3f40a0d6e6ad5076718c","name":"leofierro","image":{"@type":"ImageObject","inLanguage":"pt-BR","@id":"https:\/\/www.manaus.am.gov.br\/semasc\/#\/schema\/person\/image\/","url":"https:\/\/secure.gravatar.com\/avatar\/30d8783eede7767036ae574037a3f2de?s=96&d=mm&r=g","contentUrl":"https:\/\/secure.gravatar.com\/avatar\/30d8783eede7767036ae574037a3f2de?s=96&d=mm&r=g","caption":"leofierro"}}]}},"_links":{"self":[{"href":"https:\/\/www.manaus.am.gov.br\/semasc\/wp-json\/wp\/v2\/posts\/211043"}],"collection":[{"href":"https:\/\/www.manaus.am.gov.br\/semasc\/wp-json\/wp\/v2\/posts"}],"about":[{"href":"https:\/\/www.manaus.am.gov.br\/semasc\/wp-json\/wp\/v2\/types\/post"}],"author":[{"embeddable":true,"href":"https:\/\/www.manaus.am.gov.br\/semasc\/wp-json\/wp\/v2\/users\/56"}],"replies":[{"embeddable":true,"href":"https:\/\/www.manaus.am.gov.br\/semasc\/wp-json\/wp\/v2\/comments?post=211043"}],"version-history":[{"count":1,"href":"https:\/\/www.manaus.am.gov.br\/semasc\/wp-json\/wp\/v2\/posts\/211043\/revisions"}],"predecessor-version":[{"id":211045,"href":"https:\/\/www.manaus.am.gov.br\/semasc\/wp-json\/wp\/v2\/posts\/211043\/revisions\/211045"}],"wp:featuredmedia":[{"embeddable":true,"href":"https:\/\/www.manaus.am.gov.br\/semasc\/wp-json\/wp\/v2\/media\/211044"}],"wp:attachment":[{"href":"https:\/\/www.manaus.am.gov.br\/semasc\/wp-json\/wp\/v2\/media?parent=211043"}],"wp:term":[{"taxonomy":"category","embeddable":true,"href":"https:\/\/www.manaus.am.gov.br\/semasc\/wp-json\/wp\/v2\/categories?post=211043"},{"taxonomy":"post_tag","embeddable":true,"href":"https:\/\/www.manaus.am.gov.br\/semasc\/wp-json\/wp\/v2\/tags?post=211043"}],"curies":[{"name":"wp","href":"https:\/\/api.w.org\/{rel}","templated":true}]}}