{"id":210997,"date":"2024-12-12T14:14:59","date_gmt":"2024-12-12T18:14:59","guid":{"rendered":"https:\/\/www.manaus.am.gov.br\/semasc\/prefeitura-confraternizacao-crasjapiim\/"},"modified":"2025-01-02T10:42:24","modified_gmt":"2025-01-02T14:42:24","slug":"prefeitura-confraternizacao-crasjapiim","status":"publish","type":"post","link":"https:\/\/www.manaus.am.gov.br\/semasc\/prefeitura-confraternizacao-crasjapiim\/","title":{"rendered":"Prefeitura promove confraterniza\u00e7\u00e3o natalina no encerramento de atividades anuais do Cras Japiim"},"content":{"rendered":"\n<p>A Prefeitura de Manaus, por meio da Secretaria Municipal da Mulher, Assist\u00eancia Social e Cidadania (Semasc), realizou, nesta quinta-feira, 12\/12, uma confraterniza\u00e7\u00e3o natalina para celebrar o encerramento das atividades anuais do Servi\u00e7o de Conviv\u00eancia e Fortalecimento de&nbsp;V\u00ednculos, do Centro&nbsp;de Refer\u00eancia de Assist\u00eancia Social (Cras) Japiim, na zona Sul.<\/p>\n\n\n\n<p>O evento contou com a participa\u00e7\u00e3o do Centro Cultural Sidney Cerdeira, da Casa Cidad\u00e3, do bairro Japiim, e do Clube de M\u00e3es da Japiinl\u00e2ndia, com a presen\u00e7a de n\u00fameros art\u00edsticos e apresenta\u00e7\u00f5es culturais, al\u00e9m de um caf\u00e9 da manh\u00e3 para os participantes, mostrando a integra\u00e7\u00e3o entre as diversas iniciativas da comunidade.<\/p>\n\n\n\n<p>\u201cEles passam o ano inteiro participando de atividades, recebendo orienta\u00e7\u00f5es, assistindo a palestras. Esta celebra\u00e7\u00e3o \u00e9 uma forma de fechar esse ciclo com alegria, reunindo todos para uma confraterniza\u00e7\u00e3o especial\u201d, destacou a coordenadora do Cras Japiim, Gilcilene Santana.<\/p>\n\n\n\n<p>A coordenadora do grupo de idosos, Etelvina Fa\u00e7anha, salientou o impacto transformador que esses momentos de bem-estar e confraterniza\u00e7\u00e3o possuem na vida dos usu\u00e1rios.<\/p>\n\n\n\n<p>\u201c\u00c9 um prazer imenso fazer parte desse grupo. J\u00e1 s\u00e3o quase tr\u00eas anos participando, sendo dois como coordenadora. Cada dia aprendo mais com eles e sou muito grata por fazer parte desse projeto\u201d, frisou.<\/p>\n\n\n\n<p>\u2013 \u2013 \u2013<\/p>\n\n\n\n<p><strong>Texto<\/strong>\u00a0&#8211;\u00a0Igor Costa \/ Semasc<\/p>\n\n\n\n<p><strong>Fotos\u00a0<\/strong>&#8211; Diego Lima \/ Semasc<\/p>\n","protected":false},"excerpt":{"rendered":"","protected":false},"author":23,"featured_media":210998,"comment_status":"closed","ping_status":"closed","sticky":false,"template":"","format":"standard","meta":{"footnotes":""},"categories":[34],"tags":[841,637,102,7,18],"acf":[],"yoast_head":"<!-- This site is optimized with the Yoast SEO plugin v23.0 - https:\/\/yoast.com\/wordpress\/plugins\/seo\/ -->\n<title>Prefeitura promove confraterniza\u00e7\u00e3o natalina no encerramento de atividades anuais do Cras Japiim<\/title>\n<meta name=\"description\" content=\"A Prefeitura de Manaus, por meio da Secretaria Municipal da Mulher, Assist\u00eancia Social e Cidadania (Semasc), realizou, nesta quinta-feira, 12\/12, uma confraterniza\u00e7\u00e3o natalina para celebrar o encerramento das atividades anuais do Servi\u00e7o de Conviv\u00eancia e Fortalecimento de V\u00ednculos, do Centro de Refer\u00eancia de Assist\u00eancia Social (Cras) Japiim, na zona Sul.\" \/>\n<meta name=\"robots\" content=\"noindex, follow\" \/>\n<meta property=\"og:locale\" content=\"pt_BR\" \/>\n<meta property=\"og:type\" content=\"article\" \/>\n<meta property=\"og:title\" content=\"Prefeitura promove confraterniza\u00e7\u00e3o natalina no encerramento de atividades anuais do Cras Japiim\" \/>\n<meta property=\"og:description\" content=\"A Prefeitura de Manaus, por meio da Secretaria Municipal da Mulher, Assist\u00eancia Social e Cidadania (Semasc), realizou, nesta quinta-feira, 12\/12, uma confraterniza\u00e7\u00e3o natalina para celebrar o encerramento das atividades anuais do Servi\u00e7o de Conviv\u00eancia e Fortalecimento de V\u00ednculos, do Centro de Refer\u00eancia de Assist\u00eancia Social (Cras) Japiim, na zona Sul.\" \/>\n<meta property=\"og:url\" content=\"https:\/\/www.manaus.am.gov.br\/semasc\/prefeitura-confraternizacao-crasjapiim\/\" \/>\n<meta property=\"og:site_name\" content=\"SEMASC\" \/>\n<meta property=\"article:publisher\" content=\"https:\/\/www.facebook.com\/semascmanaus\" \/>\n<meta property=\"article:published_time\" content=\"2024-12-12T18:14:59+00:00\" \/>\n<meta property=\"article:modified_time\" content=\"2025-01-02T14:42:24+00:00\" \/>\n<meta property=\"og:image\" content=\"https:\/\/www.manaus.am.gov.br\/semasc\/wp-content\/uploads\/sites\/17\/2024\/12\/54200339318_188c6c008d_c.jpg\" \/>\n\t<meta property=\"og:image:width\" content=\"799\" \/>\n\t<meta property=\"og:image:height\" content=\"533\" \/>\n\t<meta property=\"og:image:type\" content=\"image\/jpeg\" \/>\n<meta name=\"author\" content=\"Adriana Costa\" \/>\n<meta name=\"twitter:card\" content=\"summary_large_image\" \/>\n<meta name=\"twitter:label1\" content=\"Written by\" \/>\n\t<meta name=\"twitter:data1\" content=\"Adriana Costa\" \/>\n\t<meta name=\"twitter:label2\" content=\"Est. reading time\" \/>\n\t<meta name=\"twitter:data2\" content=\"2 minutos\" \/>\n<script type=\"application\/ld+json\" class=\"yoast-schema-graph\">{\"@context\":\"https:\/\/schema.org\",\"@graph\":[{\"@type\":\"Article\",\"@id\":\"https:\/\/www.manaus.am.gov.br\/semasc\/prefeitura-confraternizacao-crasjapiim\/#article\",\"isPartOf\":{\"@id\":\"https:\/\/www.manaus.am.gov.br\/semasc\/prefeitura-confraternizacao-crasjapiim\/\"},\"author\":{\"name\":\"Adriana Costa\",\"@id\":\"https:\/\/www.manaus.am.gov.br\/semasc\/#\/schema\/person\/4e49f4e267757a06ca072ec61b2b9968\"},\"headline\":\"Prefeitura promove confraterniza\u00e7\u00e3o natalina no encerramento de atividades anuais do Cras Japiim\",\"datePublished\":\"2024-12-12T18:14:59+00:00\",\"dateModified\":\"2025-01-02T14:42:24+00:00\",\"mainEntityOfPage\":{\"@id\":\"https:\/\/www.manaus.am.gov.br\/semasc\/prefeitura-confraternizacao-crasjapiim\/\"},\"wordCount\":243,\"publisher\":{\"@id\":\"https:\/\/www.manaus.am.gov.br\/semasc\/#organization\"},\"image\":{\"@id\":\"https:\/\/www.manaus.am.gov.br\/semasc\/prefeitura-confraternizacao-crasjapiim\/#primaryimage\"},\"thumbnailUrl\":\"https:\/\/www.manaus.am.gov.br\/semasc\/wp-content\/uploads\/sites\/17\/2024\/12\/54200339318_188c6c008d_c.jpg\",\"keywords\":[\"confraterniza\u00e7\u00e3o\",\"Cras Japiim\",\"encerramento\",\"prefeitura de manaus\",\"Semasc\"],\"articleSection\":[\"Assist\u00eancia Social\"],\"inLanguage\":\"pt-BR\"},{\"@type\":\"WebPage\",\"@id\":\"https:\/\/www.manaus.am.gov.br\/semasc\/prefeitura-confraternizacao-crasjapiim\/\",\"url\":\"https:\/\/www.manaus.am.gov.br\/semasc\/prefeitura-confraternizacao-crasjapiim\/\",\"name\":\"Prefeitura promove confraterniza\u00e7\u00e3o natalina no encerramento de atividades anuais do Cras Japiim\",\"isPartOf\":{\"@id\":\"https:\/\/www.manaus.am.gov.br\/semasc\/#website\"},\"primaryImageOfPage\":{\"@id\":\"https:\/\/www.manaus.am.gov.br\/semasc\/prefeitura-confraternizacao-crasjapiim\/#primaryimage\"},\"image\":{\"@id\":\"https:\/\/www.manaus.am.gov.br\/semasc\/prefeitura-confraternizacao-crasjapiim\/#primaryimage\"},\"thumbnailUrl\":\"https:\/\/www.manaus.am.gov.br\/semasc\/wp-content\/uploads\/sites\/17\/2024\/12\/54200339318_188c6c008d_c.jpg\",\"datePublished\":\"2024-12-12T18:14:59+00:00\",\"dateModified\":\"2025-01-02T14:42:24+00:00\",\"description\":\"A Prefeitura de Manaus, por meio da Secretaria Municipal da Mulher, Assist\u00eancia Social e Cidadania (Semasc), realizou, nesta quinta-feira, 12\/12, uma confraterniza\u00e7\u00e3o natalina para celebrar o encerramento das atividades anuais do Servi\u00e7o de Conviv\u00eancia e Fortalecimento de V\u00ednculos, do Centro de Refer\u00eancia de Assist\u00eancia Social (Cras) Japiim, na zona Sul.\",\"breadcrumb\":{\"@id\":\"https:\/\/www.manaus.am.gov.br\/semasc\/prefeitura-confraternizacao-crasjapiim\/#breadcrumb\"},\"inLanguage\":\"pt-BR\",\"potentialAction\":[{\"@type\":\"ReadAction\",\"target\":[\"https:\/\/www.manaus.am.gov.br\/semasc\/prefeitura-confraternizacao-crasjapiim\/\"]}]},{\"@type\":\"ImageObject\",\"inLanguage\":\"pt-BR\",\"@id\":\"https:\/\/www.manaus.am.gov.br\/semasc\/prefeitura-confraternizacao-crasjapiim\/#primaryimage\",\"url\":\"https:\/\/www.manaus.am.gov.br\/semasc\/wp-content\/uploads\/sites\/17\/2024\/12\/54200339318_188c6c008d_c.jpg\",\"contentUrl\":\"https:\/\/www.manaus.am.gov.br\/semasc\/wp-content\/uploads\/sites\/17\/2024\/12\/54200339318_188c6c008d_c.jpg\",\"width\":799,\"height\":533},{\"@type\":\"BreadcrumbList\",\"@id\":\"https:\/\/www.manaus.am.gov.br\/semasc\/prefeitura-confraternizacao-crasjapiim\/#breadcrumb\",\"itemListElement\":[{\"@type\":\"ListItem\",\"position\":1,\"name\":\"Home\",\"item\":\"https:\/\/www.manaus.am.gov.br\/semasc\/\"},{\"@type\":\"ListItem\",\"position\":2,\"name\":\"Prefeitura promove confraterniza\u00e7\u00e3o natalina no encerramento de atividades anuais do Cras Japiim\"}]},{\"@type\":\"WebSite\",\"@id\":\"https:\/\/www.manaus.am.gov.br\/semasc\/#website\",\"url\":\"https:\/\/www.manaus.am.gov.br\/semasc\/\",\"name\":\"SEMASC\",\"description\":\"Secretaria Municipal da Mulher, Assist\u00eancia Social e Cidadania.\",\"publisher\":{\"@id\":\"https:\/\/www.manaus.am.gov.br\/semasc\/#organization\"},\"alternateName\":\"Secretaria Municipal da Mulher, Assist\u00eancia Social e Cidadania\",\"potentialAction\":[{\"@type\":\"SearchAction\",\"target\":{\"@type\":\"EntryPoint\",\"urlTemplate\":\"https:\/\/www.manaus.am.gov.br\/semasc\/?s={search_term_string}\"},\"query-input\":\"required name=search_term_string\"}],\"inLanguage\":\"pt-BR\"},{\"@type\":\"Organization\",\"@id\":\"https:\/\/www.manaus.am.gov.br\/semasc\/#organization\",\"name\":\"Prefeitura de Manaus\",\"alternateName\":\"Prefeitura Municipal de Manaus\",\"url\":\"https:\/\/www.manaus.am.gov.br\/semasc\/\",\"logo\":{\"@type\":\"ImageObject\",\"inLanguage\":\"pt-BR\",\"@id\":\"https:\/\/www.manaus.am.gov.br\/semasc\/#\/schema\/logo\/image\/\",\"url\":\"https:\/\/www.manaus.am.gov.br\/semasc\/wp-content\/uploads\/sites\/17\/2024\/07\/favicon.png\",\"contentUrl\":\"https:\/\/www.manaus.am.gov.br\/semasc\/wp-content\/uploads\/sites\/17\/2024\/07\/favicon.png\",\"width\":300,\"height\":300,\"caption\":\"Prefeitura de Manaus\"},\"image\":{\"@id\":\"https:\/\/www.manaus.am.gov.br\/semasc\/#\/schema\/logo\/image\/\"},\"sameAs\":[\"https:\/\/www.facebook.com\/semascmanaus\",\"https:\/\/www.instagram.com\/semascmanaus\/\"]},{\"@type\":\"Person\",\"@id\":\"https:\/\/www.manaus.am.gov.br\/semasc\/#\/schema\/person\/4e49f4e267757a06ca072ec61b2b9968\",\"name\":\"Adriana Costa\",\"image\":{\"@type\":\"ImageObject\",\"inLanguage\":\"pt-BR\",\"@id\":\"https:\/\/www.manaus.am.gov.br\/semasc\/#\/schema\/person\/image\/\",\"url\":\"https:\/\/secure.gravatar.com\/avatar\/576258617ef7194f718179e766d57bd4?s=96&d=mm&r=g\",\"contentUrl\":\"https:\/\/secure.gravatar.com\/avatar\/576258617ef7194f718179e766d57bd4?s=96&d=mm&r=g\",\"caption\":\"Adriana Costa\"}}]}<\/script>\n<!-- \/ Yoast SEO plugin. -->","yoast_head_json":{"title":"Prefeitura promove confraterniza\u00e7\u00e3o natalina no encerramento de atividades anuais do Cras Japiim","description":"A Prefeitura de Manaus, por meio da Secretaria Municipal da Mulher, Assist\u00eancia Social e Cidadania (Semasc), realizou, nesta quinta-feira, 12\/12, uma confraterniza\u00e7\u00e3o natalina para celebrar o encerramento das atividades anuais do Servi\u00e7o de Conviv\u00eancia e Fortalecimento de V\u00ednculos, do Centro de Refer\u00eancia de Assist\u00eancia Social (Cras) Japiim, na zona Sul.","robots":{"index":"noindex","follow":"follow"},"og_locale":"pt_BR","og_type":"article","og_title":"Prefeitura promove confraterniza\u00e7\u00e3o natalina no encerramento de atividades anuais do Cras Japiim","og_description":"A Prefeitura de Manaus, por meio da Secretaria Municipal da Mulher, Assist\u00eancia Social e Cidadania (Semasc), realizou, nesta quinta-feira, 12\/12, uma confraterniza\u00e7\u00e3o natalina para celebrar o encerramento das atividades anuais do Servi\u00e7o de Conviv\u00eancia e Fortalecimento de V\u00ednculos, do Centro de Refer\u00eancia de Assist\u00eancia Social (Cras) Japiim, na zona Sul.","og_url":"https:\/\/www.manaus.am.gov.br\/semasc\/prefeitura-confraternizacao-crasjapiim\/","og_site_name":"SEMASC","article_publisher":"https:\/\/www.facebook.com\/semascmanaus","article_published_time":"2024-12-12T18:14:59+00:00","article_modified_time":"2025-01-02T14:42:24+00:00","og_image":[{"width":799,"height":533,"url":"https:\/\/www.manaus.am.gov.br\/semasc\/wp-content\/uploads\/sites\/17\/2024\/12\/54200339318_188c6c008d_c.jpg","type":"image\/jpeg"}],"author":"Adriana Costa","twitter_card":"summary_large_image","twitter_misc":{"Written by":"Adriana Costa","Est. reading time":"2 minutos"},"schema":{"@context":"https:\/\/schema.org","@graph":[{"@type":"Article","@id":"https:\/\/www.manaus.am.gov.br\/semasc\/prefeitura-confraternizacao-crasjapiim\/#article","isPartOf":{"@id":"https:\/\/www.manaus.am.gov.br\/semasc\/prefeitura-confraternizacao-crasjapiim\/"},"author":{"name":"Adriana Costa","@id":"https:\/\/www.manaus.am.gov.br\/semasc\/#\/schema\/person\/4e49f4e267757a06ca072ec61b2b9968"},"headline":"Prefeitura promove confraterniza\u00e7\u00e3o natalina no encerramento de atividades anuais do Cras Japiim","datePublished":"2024-12-12T18:14:59+00:00","dateModified":"2025-01-02T14:42:24+00:00","mainEntityOfPage":{"@id":"https:\/\/www.manaus.am.gov.br\/semasc\/prefeitura-confraternizacao-crasjapiim\/"},"wordCount":243,"publisher":{"@id":"https:\/\/www.manaus.am.gov.br\/semasc\/#organization"},"image":{"@id":"https:\/\/www.manaus.am.gov.br\/semasc\/prefeitura-confraternizacao-crasjapiim\/#primaryimage"},"thumbnailUrl":"https:\/\/www.manaus.am.gov.br\/semasc\/wp-content\/uploads\/sites\/17\/2024\/12\/54200339318_188c6c008d_c.jpg","keywords":["confraterniza\u00e7\u00e3o","Cras Japiim","encerramento","prefeitura de manaus","Semasc"],"articleSection":["Assist\u00eancia Social"],"inLanguage":"pt-BR"},{"@type":"WebPage","@id":"https:\/\/www.manaus.am.gov.br\/semasc\/prefeitura-confraternizacao-crasjapiim\/","url":"https:\/\/www.manaus.am.gov.br\/semasc\/prefeitura-confraternizacao-crasjapiim\/","name":"Prefeitura promove confraterniza\u00e7\u00e3o natalina no encerramento de atividades anuais do Cras Japiim","isPartOf":{"@id":"https:\/\/www.manaus.am.gov.br\/semasc\/#website"},"primaryImageOfPage":{"@id":"https:\/\/www.manaus.am.gov.br\/semasc\/prefeitura-confraternizacao-crasjapiim\/#primaryimage"},"image":{"@id":"https:\/\/www.manaus.am.gov.br\/semasc\/prefeitura-confraternizacao-crasjapiim\/#primaryimage"},"thumbnailUrl":"https:\/\/www.manaus.am.gov.br\/semasc\/wp-content\/uploads\/sites\/17\/2024\/12\/54200339318_188c6c008d_c.jpg","datePublished":"2024-12-12T18:14:59+00:00","dateModified":"2025-01-02T14:42:24+00:00","description":"A Prefeitura de Manaus, por meio da Secretaria Municipal da Mulher, Assist\u00eancia Social e Cidadania (Semasc), realizou, nesta quinta-feira, 12\/12, uma confraterniza\u00e7\u00e3o natalina para celebrar o encerramento das atividades anuais do Servi\u00e7o de Conviv\u00eancia e Fortalecimento de V\u00ednculos, do Centro de Refer\u00eancia de Assist\u00eancia Social (Cras) Japiim, na zona Sul.","breadcrumb":{"@id":"https:\/\/www.manaus.am.gov.br\/semasc\/prefeitura-confraternizacao-crasjapiim\/#breadcrumb"},"inLanguage":"pt-BR","potentialAction":[{"@type":"ReadAction","target":["https:\/\/www.manaus.am.gov.br\/semasc\/prefeitura-confraternizacao-crasjapiim\/"]}]},{"@type":"ImageObject","inLanguage":"pt-BR","@id":"https:\/\/www.manaus.am.gov.br\/semasc\/prefeitura-confraternizacao-crasjapiim\/#primaryimage","url":"https:\/\/www.manaus.am.gov.br\/semasc\/wp-content\/uploads\/sites\/17\/2024\/12\/54200339318_188c6c008d_c.jpg","contentUrl":"https:\/\/www.manaus.am.gov.br\/semasc\/wp-content\/uploads\/sites\/17\/2024\/12\/54200339318_188c6c008d_c.jpg","width":799,"height":533},{"@type":"BreadcrumbList","@id":"https:\/\/www.manaus.am.gov.br\/semasc\/prefeitura-confraternizacao-crasjapiim\/#breadcrumb","itemListElement":[{"@type":"ListItem","position":1,"name":"Home","item":"https:\/\/www.manaus.am.gov.br\/semasc\/"},{"@type":"ListItem","position":2,"name":"Prefeitura promove confraterniza\u00e7\u00e3o natalina no encerramento de atividades anuais do Cras Japiim"}]},{"@type":"WebSite","@id":"https:\/\/www.manaus.am.gov.br\/semasc\/#website","url":"https:\/\/www.manaus.am.gov.br\/semasc\/","name":"SEMASC","description":"Secretaria Municipal da Mulher, Assist\u00eancia Social e Cidadania.","publisher":{"@id":"https:\/\/www.manaus.am.gov.br\/semasc\/#organization"},"alternateName":"Secretaria Municipal da Mulher, Assist\u00eancia Social e Cidadania","potentialAction":[{"@type":"SearchAction","target":{"@type":"EntryPoint","urlTemplate":"https:\/\/www.manaus.am.gov.br\/semasc\/?s={search_term_string}"},"query-input":"required name=search_term_string"}],"inLanguage":"pt-BR"},{"@type":"Organization","@id":"https:\/\/www.manaus.am.gov.br\/semasc\/#organization","name":"Prefeitura de Manaus","alternateName":"Prefeitura Municipal de Manaus","url":"https:\/\/www.manaus.am.gov.br\/semasc\/","logo":{"@type":"ImageObject","inLanguage":"pt-BR","@id":"https:\/\/www.manaus.am.gov.br\/semasc\/#\/schema\/logo\/image\/","url":"https:\/\/www.manaus.am.gov.br\/semasc\/wp-content\/uploads\/sites\/17\/2024\/07\/favicon.png","contentUrl":"https:\/\/www.manaus.am.gov.br\/semasc\/wp-content\/uploads\/sites\/17\/2024\/07\/favicon.png","width":300,"height":300,"caption":"Prefeitura de Manaus"},"image":{"@id":"https:\/\/www.manaus.am.gov.br\/semasc\/#\/schema\/logo\/image\/"},"sameAs":["https:\/\/www.facebook.com\/semascmanaus","https:\/\/www.instagram.com\/semascmanaus\/"]},{"@type":"Person","@id":"https:\/\/www.manaus.am.gov.br\/semasc\/#\/schema\/person\/4e49f4e267757a06ca072ec61b2b9968","name":"Adriana Costa","image":{"@type":"ImageObject","inLanguage":"pt-BR","@id":"https:\/\/www.manaus.am.gov.br\/semasc\/#\/schema\/person\/image\/","url":"https:\/\/secure.gravatar.com\/avatar\/576258617ef7194f718179e766d57bd4?s=96&d=mm&r=g","contentUrl":"https:\/\/secure.gravatar.com\/avatar\/576258617ef7194f718179e766d57bd4?s=96&d=mm&r=g","caption":"Adriana Costa"}}]}},"_links":{"self":[{"href":"https:\/\/www.manaus.am.gov.br\/semasc\/wp-json\/wp\/v2\/posts\/210997"}],"collection":[{"href":"https:\/\/www.manaus.am.gov.br\/semasc\/wp-json\/wp\/v2\/posts"}],"about":[{"href":"https:\/\/www.manaus.am.gov.br\/semasc\/wp-json\/wp\/v2\/types\/post"}],"author":[{"embeddable":true,"href":"https:\/\/www.manaus.am.gov.br\/semasc\/wp-json\/wp\/v2\/users\/23"}],"replies":[{"embeddable":true,"href":"https:\/\/www.manaus.am.gov.br\/semasc\/wp-json\/wp\/v2\/comments?post=210997"}],"version-history":[{"count":1,"href":"https:\/\/www.manaus.am.gov.br\/semasc\/wp-json\/wp\/v2\/posts\/210997\/revisions"}],"predecessor-version":[{"id":211007,"href":"https:\/\/www.manaus.am.gov.br\/semasc\/wp-json\/wp\/v2\/posts\/210997\/revisions\/211007"}],"wp:featuredmedia":[{"embeddable":true,"href":"https:\/\/www.manaus.am.gov.br\/semasc\/wp-json\/wp\/v2\/media\/210998"}],"wp:attachment":[{"href":"https:\/\/www.manaus.am.gov.br\/semasc\/wp-json\/wp\/v2\/media?parent=210997"}],"wp:term":[{"taxonomy":"category","embeddable":true,"href":"https:\/\/www.manaus.am.gov.br\/semasc\/wp-json\/wp\/v2\/categories?post=210997"},{"taxonomy":"post_tag","embeddable":true,"href":"https:\/\/www.manaus.am.gov.br\/semasc\/wp-json\/wp\/v2\/tags?post=210997"}],"curies":[{"name":"wp","href":"https:\/\/api.w.org\/{rel}","templated":true}]}}