{"id":210989,"date":"2024-12-11T13:30:48","date_gmt":"2024-12-11T17:30:48","guid":{"rendered":"https:\/\/www.manaus.am.gov.br\/semasc\/prefeitura-passeio-creas-centro\/"},"modified":"2024-12-20T10:31:12","modified_gmt":"2024-12-20T14:31:12","slug":"prefeitura-passeio-creas-centro","status":"publish","type":"post","link":"https:\/\/www.manaus.am.gov.br\/semasc\/prefeitura-passeio-creas-centro\/","title":{"rendered":"Prefeitura promove passeio para adolescentes em\u00a0cumprimento de medidas socioeducativas no Centro Hist\u00f3rico de Manaus"},"content":{"rendered":"\n<p>A Prefeitura de Manaus, por meio da Secretaria Municipal da Mulher, Assist\u00eancia Social e Cidadania (Semasc), realizou, nesta quarta-feira, 11\/12, um passeio cultural para usu\u00e1rios atendidos pelo Servi\u00e7o de Prote\u00e7\u00e3o Social a Adolescentes em Cumprimento de Medidas Socioeducativas acompanhados pelo Centro de Refer\u00eancia Especializado de Medidas Socioeducativas (Creas) Centro-Oeste.&nbsp;<\/p>\n\n\n\n<p>Composto por 17 jovens acompanhados dos respons\u00e1veis, o itiner\u00e1rio do grupo passou pelo Teatro Amazonas, o largo de S\u00e3o Sebasti\u00e3o e o Centro Cultural Pal\u00e1cio da Justi\u00e7a do Amazonas, todos localizados no Centro Hist\u00f3rico de Manaus.&nbsp;<\/p>\n\n\n\n<p>A a\u00e7\u00e3o, que integra o \u201cProjeto de Vida\u201d, marcou o encerramento e celebra\u00e7\u00e3o das atividades desenvolvidas ao longo do ano. Ap\u00f3s o passeio, as fam\u00edlias participaram de um almo\u00e7o natalino preparado pela equipe do Creas Centro-Oeste.&nbsp;<\/p>\n\n\n\n<p>\u201cEsse momento n\u00e3o representa apenas uma forma de encerrarmos as atividades realizadas durante o ano, como tamb\u00e9m \u00e9 uma oportunidade de confraterniza\u00e7\u00e3o para todos os participantes, sejam usu\u00e1rios ou servidores\u201d, destacou a coordenadora do Creas, Karla Bernardes.&nbsp;<\/p>\n\n\n\n<p>A assistente social Ela\u00edne Chagas frisou a import\u00e2ncia de a\u00e7\u00f5es cont\u00ednuas para os adolescentes acompanhados e o processo de ressocializa\u00e7\u00e3o desses jovens \u00e0 sociedade. Para Chagas, os sentimentos de pertencimento social e deten\u00e7\u00e3o de direitos s\u00e3o fundamentais.&nbsp;&nbsp;<\/p>\n\n\n\n<p>\u201cEsta visita \u00e9 fundamental para o desenvolvimento integral dos adolescentes, pois engloba elementos de todos os ciclos do projeto. Entre os objetivos da atividade, o acesso \u00e0 cultura visa garantir que os jovens tenham contato com a hist\u00f3ria e a riqueza cultural da nossa cidade, o que auxilia no desenvolvimento de um sentimento de identifica\u00e7\u00e3o e pertencimento\u201d, explicou.&nbsp;<\/p>\n\n\n\n<p>O adolescente S.M, 15 anos, compartilhou a admira\u00e7\u00e3o sentida ao visitar o Teatro Amazonas pela primeira vez.&nbsp; \u201cEu nunca tinha vindo ao Teatro Amazonas, \u00e9 a minha primeira vez. Estou gostando bastante da experi\u00eancia, porque estou aprendendo mais sobre o lugar onde eu moro, porque estou podendo conhecer um pouco mais da cultura local, da hist\u00f3ria\u201d, concluiu.&nbsp;<\/p>\n\n\n\n<p>\u2013 \u2013 \u2013&nbsp;<\/p>\n\n\n\n<p><strong>Texto <\/strong>&#8211;\u00a0Igor Costa \/ Semasc<\/p>\n\n\n\n<p><strong>Fotos <\/strong>&#8211;\u00a0Diego Lima \/ Semasc<\/p>\n","protected":false},"excerpt":{"rendered":"","protected":false},"author":23,"featured_media":210990,"comment_status":"closed","ping_status":"closed","sticky":false,"template":"","format":"standard","meta":{"footnotes":""},"categories":[194],"tags":[7,18],"acf":[],"yoast_head":"<!-- This site is optimized with the Yoast SEO plugin v23.0 - https:\/\/yoast.com\/wordpress\/plugins\/seo\/ -->\n<title>Prefeitura promove passeio para adolescentes em cumprimento de medidas socioeducativas no Centro Hist\u00f3rico de Manaus<\/title>\n<meta name=\"description\" content=\"A Prefeitura de Manaus, por meio da Secretaria Municipal da Mulher, Assist\u00eancia Social e Cidadania (Semasc), realizou, nesta quarta-feira, 11\/12, um passeio cultural para usu\u00e1rios atendidos pelo Servi\u00e7o de Prote\u00e7\u00e3o Social a Adolescentes em Cumprimento de Medidas Socioeducativas acompanhados pelo Centro de Refer\u00eancia Especializado de Medidas Socioeducativas (Creas) Centro-Oeste.\" \/>\n<meta name=\"robots\" content=\"noindex, follow\" \/>\n<meta property=\"og:locale\" content=\"pt_BR\" \/>\n<meta property=\"og:type\" content=\"article\" \/>\n<meta property=\"og:title\" content=\"Prefeitura promove passeio para adolescentes em cumprimento de medidas socioeducativas no Centro Hist\u00f3rico de Manaus\" \/>\n<meta property=\"og:description\" content=\"A Prefeitura de Manaus, por meio da Secretaria Municipal da Mulher, Assist\u00eancia Social e Cidadania (Semasc), realizou, nesta quarta-feira, 11\/12, um passeio cultural para usu\u00e1rios atendidos pelo Servi\u00e7o de Prote\u00e7\u00e3o Social a Adolescentes em Cumprimento de Medidas Socioeducativas acompanhados pelo Centro de Refer\u00eancia Especializado de Medidas Socioeducativas (Creas) Centro-Oeste.\" \/>\n<meta property=\"og:url\" content=\"https:\/\/www.manaus.am.gov.br\/semasc\/prefeitura-passeio-creas-centro\/\" \/>\n<meta property=\"og:site_name\" content=\"SEMASC\" \/>\n<meta property=\"article:publisher\" content=\"https:\/\/www.facebook.com\/semascmanaus\" \/>\n<meta property=\"article:published_time\" content=\"2024-12-11T17:30:48+00:00\" \/>\n<meta property=\"article:modified_time\" content=\"2024-12-20T14:31:12+00:00\" \/>\n<meta property=\"og:image\" content=\"https:\/\/www.manaus.am.gov.br\/semasc\/wp-content\/uploads\/sites\/17\/2024\/12\/54198208999_82e19b437f_c.jpg\" \/>\n\t<meta property=\"og:image:width\" content=\"799\" \/>\n\t<meta property=\"og:image:height\" content=\"533\" \/>\n\t<meta property=\"og:image:type\" content=\"image\/jpeg\" \/>\n<meta name=\"author\" content=\"Adriana Costa\" \/>\n<meta name=\"twitter:card\" content=\"summary_large_image\" \/>\n<meta name=\"twitter:label1\" content=\"Written by\" \/>\n\t<meta name=\"twitter:data1\" content=\"Adriana Costa\" \/>\n\t<meta name=\"twitter:label2\" content=\"Est. reading time\" \/>\n\t<meta name=\"twitter:data2\" content=\"2 minutos\" \/>\n<script type=\"application\/ld+json\" class=\"yoast-schema-graph\">{\"@context\":\"https:\/\/schema.org\",\"@graph\":[{\"@type\":\"Article\",\"@id\":\"https:\/\/www.manaus.am.gov.br\/semasc\/prefeitura-passeio-creas-centro\/#article\",\"isPartOf\":{\"@id\":\"https:\/\/www.manaus.am.gov.br\/semasc\/prefeitura-passeio-creas-centro\/\"},\"author\":{\"name\":\"Adriana Costa\",\"@id\":\"https:\/\/www.manaus.am.gov.br\/semasc\/#\/schema\/person\/4e49f4e267757a06ca072ec61b2b9968\"},\"headline\":\"Prefeitura promove passeio para adolescentes em\u00a0cumprimento de medidas socioeducativas no Centro Hist\u00f3rico de Manaus\",\"datePublished\":\"2024-12-11T17:30:48+00:00\",\"dateModified\":\"2024-12-20T14:31:12+00:00\",\"mainEntityOfPage\":{\"@id\":\"https:\/\/www.manaus.am.gov.br\/semasc\/prefeitura-passeio-creas-centro\/\"},\"wordCount\":372,\"publisher\":{\"@id\":\"https:\/\/www.manaus.am.gov.br\/semasc\/#organization\"},\"image\":{\"@id\":\"https:\/\/www.manaus.am.gov.br\/semasc\/prefeitura-passeio-creas-centro\/#primaryimage\"},\"thumbnailUrl\":\"https:\/\/www.manaus.am.gov.br\/semasc\/wp-content\/uploads\/sites\/17\/2024\/12\/54198208999_82e19b437f_c.jpg\",\"keywords\":[\"prefeitura de manaus\",\"Semasc\"],\"articleSection\":[\"Assist\u00eancia\"],\"inLanguage\":\"pt-BR\"},{\"@type\":\"WebPage\",\"@id\":\"https:\/\/www.manaus.am.gov.br\/semasc\/prefeitura-passeio-creas-centro\/\",\"url\":\"https:\/\/www.manaus.am.gov.br\/semasc\/prefeitura-passeio-creas-centro\/\",\"name\":\"Prefeitura promove passeio para adolescentes em cumprimento de medidas socioeducativas no Centro Hist\u00f3rico de Manaus\",\"isPartOf\":{\"@id\":\"https:\/\/www.manaus.am.gov.br\/semasc\/#website\"},\"primaryImageOfPage\":{\"@id\":\"https:\/\/www.manaus.am.gov.br\/semasc\/prefeitura-passeio-creas-centro\/#primaryimage\"},\"image\":{\"@id\":\"https:\/\/www.manaus.am.gov.br\/semasc\/prefeitura-passeio-creas-centro\/#primaryimage\"},\"thumbnailUrl\":\"https:\/\/www.manaus.am.gov.br\/semasc\/wp-content\/uploads\/sites\/17\/2024\/12\/54198208999_82e19b437f_c.jpg\",\"datePublished\":\"2024-12-11T17:30:48+00:00\",\"dateModified\":\"2024-12-20T14:31:12+00:00\",\"description\":\"A Prefeitura de Manaus, por meio da Secretaria Municipal da Mulher, Assist\u00eancia Social e Cidadania (Semasc), realizou, nesta quarta-feira, 11\/12, um passeio cultural para usu\u00e1rios atendidos pelo Servi\u00e7o de Prote\u00e7\u00e3o Social a Adolescentes em Cumprimento de Medidas Socioeducativas acompanhados pelo Centro de Refer\u00eancia Especializado de Medidas Socioeducativas (Creas) Centro-Oeste.\",\"breadcrumb\":{\"@id\":\"https:\/\/www.manaus.am.gov.br\/semasc\/prefeitura-passeio-creas-centro\/#breadcrumb\"},\"inLanguage\":\"pt-BR\",\"potentialAction\":[{\"@type\":\"ReadAction\",\"target\":[\"https:\/\/www.manaus.am.gov.br\/semasc\/prefeitura-passeio-creas-centro\/\"]}]},{\"@type\":\"ImageObject\",\"inLanguage\":\"pt-BR\",\"@id\":\"https:\/\/www.manaus.am.gov.br\/semasc\/prefeitura-passeio-creas-centro\/#primaryimage\",\"url\":\"https:\/\/www.manaus.am.gov.br\/semasc\/wp-content\/uploads\/sites\/17\/2024\/12\/54198208999_82e19b437f_c.jpg\",\"contentUrl\":\"https:\/\/www.manaus.am.gov.br\/semasc\/wp-content\/uploads\/sites\/17\/2024\/12\/54198208999_82e19b437f_c.jpg\",\"width\":799,\"height\":533},{\"@type\":\"BreadcrumbList\",\"@id\":\"https:\/\/www.manaus.am.gov.br\/semasc\/prefeitura-passeio-creas-centro\/#breadcrumb\",\"itemListElement\":[{\"@type\":\"ListItem\",\"position\":1,\"name\":\"Home\",\"item\":\"https:\/\/www.manaus.am.gov.br\/semasc\/\"},{\"@type\":\"ListItem\",\"position\":2,\"name\":\"Prefeitura promove passeio para adolescentes em\u00a0cumprimento de medidas socioeducativas no Centro Hist\u00f3rico de Manaus\"}]},{\"@type\":\"WebSite\",\"@id\":\"https:\/\/www.manaus.am.gov.br\/semasc\/#website\",\"url\":\"https:\/\/www.manaus.am.gov.br\/semasc\/\",\"name\":\"SEMASC\",\"description\":\"Secretaria Municipal da Mulher, Assist\u00eancia Social e Cidadania.\",\"publisher\":{\"@id\":\"https:\/\/www.manaus.am.gov.br\/semasc\/#organization\"},\"alternateName\":\"Secretaria Municipal da Mulher, Assist\u00eancia Social e Cidadania\",\"potentialAction\":[{\"@type\":\"SearchAction\",\"target\":{\"@type\":\"EntryPoint\",\"urlTemplate\":\"https:\/\/www.manaus.am.gov.br\/semasc\/?s={search_term_string}\"},\"query-input\":\"required name=search_term_string\"}],\"inLanguage\":\"pt-BR\"},{\"@type\":\"Organization\",\"@id\":\"https:\/\/www.manaus.am.gov.br\/semasc\/#organization\",\"name\":\"Prefeitura de Manaus\",\"alternateName\":\"Prefeitura Municipal de Manaus\",\"url\":\"https:\/\/www.manaus.am.gov.br\/semasc\/\",\"logo\":{\"@type\":\"ImageObject\",\"inLanguage\":\"pt-BR\",\"@id\":\"https:\/\/www.manaus.am.gov.br\/semasc\/#\/schema\/logo\/image\/\",\"url\":\"https:\/\/www.manaus.am.gov.br\/semasc\/wp-content\/uploads\/sites\/17\/2024\/07\/favicon.png\",\"contentUrl\":\"https:\/\/www.manaus.am.gov.br\/semasc\/wp-content\/uploads\/sites\/17\/2024\/07\/favicon.png\",\"width\":300,\"height\":300,\"caption\":\"Prefeitura de Manaus\"},\"image\":{\"@id\":\"https:\/\/www.manaus.am.gov.br\/semasc\/#\/schema\/logo\/image\/\"},\"sameAs\":[\"https:\/\/www.facebook.com\/semascmanaus\",\"https:\/\/www.instagram.com\/semascmanaus\/\"]},{\"@type\":\"Person\",\"@id\":\"https:\/\/www.manaus.am.gov.br\/semasc\/#\/schema\/person\/4e49f4e267757a06ca072ec61b2b9968\",\"name\":\"Adriana Costa\",\"image\":{\"@type\":\"ImageObject\",\"inLanguage\":\"pt-BR\",\"@id\":\"https:\/\/www.manaus.am.gov.br\/semasc\/#\/schema\/person\/image\/\",\"url\":\"https:\/\/secure.gravatar.com\/avatar\/576258617ef7194f718179e766d57bd4?s=96&d=mm&r=g\",\"contentUrl\":\"https:\/\/secure.gravatar.com\/avatar\/576258617ef7194f718179e766d57bd4?s=96&d=mm&r=g\",\"caption\":\"Adriana Costa\"}}]}<\/script>\n<!-- \/ Yoast SEO plugin. -->","yoast_head_json":{"title":"Prefeitura promove passeio para adolescentes em cumprimento de medidas socioeducativas no Centro Hist\u00f3rico de Manaus","description":"A Prefeitura de Manaus, por meio da Secretaria Municipal da Mulher, Assist\u00eancia Social e Cidadania (Semasc), realizou, nesta quarta-feira, 11\/12, um passeio cultural para usu\u00e1rios atendidos pelo Servi\u00e7o de Prote\u00e7\u00e3o Social a Adolescentes em Cumprimento de Medidas Socioeducativas acompanhados pelo Centro de Refer\u00eancia Especializado de Medidas Socioeducativas (Creas) Centro-Oeste.","robots":{"index":"noindex","follow":"follow"},"og_locale":"pt_BR","og_type":"article","og_title":"Prefeitura promove passeio para adolescentes em cumprimento de medidas socioeducativas no Centro Hist\u00f3rico de Manaus","og_description":"A Prefeitura de Manaus, por meio da Secretaria Municipal da Mulher, Assist\u00eancia Social e Cidadania (Semasc), realizou, nesta quarta-feira, 11\/12, um passeio cultural para usu\u00e1rios atendidos pelo Servi\u00e7o de Prote\u00e7\u00e3o Social a Adolescentes em Cumprimento de Medidas Socioeducativas acompanhados pelo Centro de Refer\u00eancia Especializado de Medidas Socioeducativas (Creas) Centro-Oeste.","og_url":"https:\/\/www.manaus.am.gov.br\/semasc\/prefeitura-passeio-creas-centro\/","og_site_name":"SEMASC","article_publisher":"https:\/\/www.facebook.com\/semascmanaus","article_published_time":"2024-12-11T17:30:48+00:00","article_modified_time":"2024-12-20T14:31:12+00:00","og_image":[{"width":799,"height":533,"url":"https:\/\/www.manaus.am.gov.br\/semasc\/wp-content\/uploads\/sites\/17\/2024\/12\/54198208999_82e19b437f_c.jpg","type":"image\/jpeg"}],"author":"Adriana Costa","twitter_card":"summary_large_image","twitter_misc":{"Written by":"Adriana Costa","Est. reading time":"2 minutos"},"schema":{"@context":"https:\/\/schema.org","@graph":[{"@type":"Article","@id":"https:\/\/www.manaus.am.gov.br\/semasc\/prefeitura-passeio-creas-centro\/#article","isPartOf":{"@id":"https:\/\/www.manaus.am.gov.br\/semasc\/prefeitura-passeio-creas-centro\/"},"author":{"name":"Adriana Costa","@id":"https:\/\/www.manaus.am.gov.br\/semasc\/#\/schema\/person\/4e49f4e267757a06ca072ec61b2b9968"},"headline":"Prefeitura promove passeio para adolescentes em\u00a0cumprimento de medidas socioeducativas no Centro Hist\u00f3rico de Manaus","datePublished":"2024-12-11T17:30:48+00:00","dateModified":"2024-12-20T14:31:12+00:00","mainEntityOfPage":{"@id":"https:\/\/www.manaus.am.gov.br\/semasc\/prefeitura-passeio-creas-centro\/"},"wordCount":372,"publisher":{"@id":"https:\/\/www.manaus.am.gov.br\/semasc\/#organization"},"image":{"@id":"https:\/\/www.manaus.am.gov.br\/semasc\/prefeitura-passeio-creas-centro\/#primaryimage"},"thumbnailUrl":"https:\/\/www.manaus.am.gov.br\/semasc\/wp-content\/uploads\/sites\/17\/2024\/12\/54198208999_82e19b437f_c.jpg","keywords":["prefeitura de manaus","Semasc"],"articleSection":["Assist\u00eancia"],"inLanguage":"pt-BR"},{"@type":"WebPage","@id":"https:\/\/www.manaus.am.gov.br\/semasc\/prefeitura-passeio-creas-centro\/","url":"https:\/\/www.manaus.am.gov.br\/semasc\/prefeitura-passeio-creas-centro\/","name":"Prefeitura promove passeio para adolescentes em cumprimento de medidas socioeducativas no Centro Hist\u00f3rico de Manaus","isPartOf":{"@id":"https:\/\/www.manaus.am.gov.br\/semasc\/#website"},"primaryImageOfPage":{"@id":"https:\/\/www.manaus.am.gov.br\/semasc\/prefeitura-passeio-creas-centro\/#primaryimage"},"image":{"@id":"https:\/\/www.manaus.am.gov.br\/semasc\/prefeitura-passeio-creas-centro\/#primaryimage"},"thumbnailUrl":"https:\/\/www.manaus.am.gov.br\/semasc\/wp-content\/uploads\/sites\/17\/2024\/12\/54198208999_82e19b437f_c.jpg","datePublished":"2024-12-11T17:30:48+00:00","dateModified":"2024-12-20T14:31:12+00:00","description":"A Prefeitura de Manaus, por meio da Secretaria Municipal da Mulher, Assist\u00eancia Social e Cidadania (Semasc), realizou, nesta quarta-feira, 11\/12, um passeio cultural para usu\u00e1rios atendidos pelo Servi\u00e7o de Prote\u00e7\u00e3o Social a Adolescentes em Cumprimento de Medidas Socioeducativas acompanhados pelo Centro de Refer\u00eancia Especializado de Medidas Socioeducativas (Creas) Centro-Oeste.","breadcrumb":{"@id":"https:\/\/www.manaus.am.gov.br\/semasc\/prefeitura-passeio-creas-centro\/#breadcrumb"},"inLanguage":"pt-BR","potentialAction":[{"@type":"ReadAction","target":["https:\/\/www.manaus.am.gov.br\/semasc\/prefeitura-passeio-creas-centro\/"]}]},{"@type":"ImageObject","inLanguage":"pt-BR","@id":"https:\/\/www.manaus.am.gov.br\/semasc\/prefeitura-passeio-creas-centro\/#primaryimage","url":"https:\/\/www.manaus.am.gov.br\/semasc\/wp-content\/uploads\/sites\/17\/2024\/12\/54198208999_82e19b437f_c.jpg","contentUrl":"https:\/\/www.manaus.am.gov.br\/semasc\/wp-content\/uploads\/sites\/17\/2024\/12\/54198208999_82e19b437f_c.jpg","width":799,"height":533},{"@type":"BreadcrumbList","@id":"https:\/\/www.manaus.am.gov.br\/semasc\/prefeitura-passeio-creas-centro\/#breadcrumb","itemListElement":[{"@type":"ListItem","position":1,"name":"Home","item":"https:\/\/www.manaus.am.gov.br\/semasc\/"},{"@type":"ListItem","position":2,"name":"Prefeitura promove passeio para adolescentes em\u00a0cumprimento de medidas socioeducativas no Centro Hist\u00f3rico de Manaus"}]},{"@type":"WebSite","@id":"https:\/\/www.manaus.am.gov.br\/semasc\/#website","url":"https:\/\/www.manaus.am.gov.br\/semasc\/","name":"SEMASC","description":"Secretaria Municipal da Mulher, Assist\u00eancia Social e Cidadania.","publisher":{"@id":"https:\/\/www.manaus.am.gov.br\/semasc\/#organization"},"alternateName":"Secretaria Municipal da Mulher, Assist\u00eancia Social e Cidadania","potentialAction":[{"@type":"SearchAction","target":{"@type":"EntryPoint","urlTemplate":"https:\/\/www.manaus.am.gov.br\/semasc\/?s={search_term_string}"},"query-input":"required name=search_term_string"}],"inLanguage":"pt-BR"},{"@type":"Organization","@id":"https:\/\/www.manaus.am.gov.br\/semasc\/#organization","name":"Prefeitura de Manaus","alternateName":"Prefeitura Municipal de Manaus","url":"https:\/\/www.manaus.am.gov.br\/semasc\/","logo":{"@type":"ImageObject","inLanguage":"pt-BR","@id":"https:\/\/www.manaus.am.gov.br\/semasc\/#\/schema\/logo\/image\/","url":"https:\/\/www.manaus.am.gov.br\/semasc\/wp-content\/uploads\/sites\/17\/2024\/07\/favicon.png","contentUrl":"https:\/\/www.manaus.am.gov.br\/semasc\/wp-content\/uploads\/sites\/17\/2024\/07\/favicon.png","width":300,"height":300,"caption":"Prefeitura de Manaus"},"image":{"@id":"https:\/\/www.manaus.am.gov.br\/semasc\/#\/schema\/logo\/image\/"},"sameAs":["https:\/\/www.facebook.com\/semascmanaus","https:\/\/www.instagram.com\/semascmanaus\/"]},{"@type":"Person","@id":"https:\/\/www.manaus.am.gov.br\/semasc\/#\/schema\/person\/4e49f4e267757a06ca072ec61b2b9968","name":"Adriana Costa","image":{"@type":"ImageObject","inLanguage":"pt-BR","@id":"https:\/\/www.manaus.am.gov.br\/semasc\/#\/schema\/person\/image\/","url":"https:\/\/secure.gravatar.com\/avatar\/576258617ef7194f718179e766d57bd4?s=96&d=mm&r=g","contentUrl":"https:\/\/secure.gravatar.com\/avatar\/576258617ef7194f718179e766d57bd4?s=96&d=mm&r=g","caption":"Adriana Costa"}}]}},"_links":{"self":[{"href":"https:\/\/www.manaus.am.gov.br\/semasc\/wp-json\/wp\/v2\/posts\/210989"}],"collection":[{"href":"https:\/\/www.manaus.am.gov.br\/semasc\/wp-json\/wp\/v2\/posts"}],"about":[{"href":"https:\/\/www.manaus.am.gov.br\/semasc\/wp-json\/wp\/v2\/types\/post"}],"author":[{"embeddable":true,"href":"https:\/\/www.manaus.am.gov.br\/semasc\/wp-json\/wp\/v2\/users\/23"}],"replies":[{"embeddable":true,"href":"https:\/\/www.manaus.am.gov.br\/semasc\/wp-json\/wp\/v2\/comments?post=210989"}],"version-history":[{"count":1,"href":"https:\/\/www.manaus.am.gov.br\/semasc\/wp-json\/wp\/v2\/posts\/210989\/revisions"}],"predecessor-version":[{"id":210994,"href":"https:\/\/www.manaus.am.gov.br\/semasc\/wp-json\/wp\/v2\/posts\/210989\/revisions\/210994"}],"wp:featuredmedia":[{"embeddable":true,"href":"https:\/\/www.manaus.am.gov.br\/semasc\/wp-json\/wp\/v2\/media\/210990"}],"wp:attachment":[{"href":"https:\/\/www.manaus.am.gov.br\/semasc\/wp-json\/wp\/v2\/media?parent=210989"}],"wp:term":[{"taxonomy":"category","embeddable":true,"href":"https:\/\/www.manaus.am.gov.br\/semasc\/wp-json\/wp\/v2\/categories?post=210989"},{"taxonomy":"post_tag","embeddable":true,"href":"https:\/\/www.manaus.am.gov.br\/semasc\/wp-json\/wp\/v2\/tags?post=210989"}],"curies":[{"name":"wp","href":"https:\/\/api.w.org\/{rel}","templated":true}]}}