{"id":210979,"date":"2024-12-09T12:59:58","date_gmt":"2024-12-09T16:59:58","guid":{"rendered":"https:\/\/www.manaus.am.gov.br\/semasc\/coral-terceira-idade-apresentacao-natalina-centro-convivencia-jose-fernandes\/"},"modified":"2024-12-17T13:12:53","modified_gmt":"2024-12-17T17:12:53","slug":"coral-terceira-idade-apresentacao-natalina-centro-convivencia-jose-fernandes","status":"publish","type":"post","link":"https:\/\/www.manaus.am.gov.br\/semasc\/coral-terceira-idade-apresentacao-natalina-centro-convivencia-jose-fernandes\/","title":{"rendered":"Coral da Terceira Idade da prefeitura encanta o Centro de Conviv\u00eancia da Fam\u00edlia e do Idoso Prefeito Jos\u00e9 Fernandes com apresenta\u00e7\u00e3o natalina"},"content":{"rendered":"\n<p>A Prefeitura de Manaus, por meio da Secretaria Municipal da Mulher, Assist\u00eancia Social e Cidadania (Semasc), realizou, nesta segunda-feira, 9\/12, uma apresenta\u00e7\u00e3o natalina do Coral da Terceira Idade, no Centro de Conviv\u00eancia da Fam\u00edlia e do Idoso Prefeito Jos\u00e9 Fernandes, no bairro S\u00e3o Jos\u00e9 3, zona Leste.<\/p>\n\n\n\n<p>O evento, que integra as atividades natalinas para celebrar o encerramento das a\u00e7\u00f5es realizadas ao longo do ano pelo Servi\u00e7o de Conviv\u00eancia e Fortalecimento de V\u00ednculos (SCFV), buscou oferecer aos usu\u00e1rios momentos de alegria e bem-estar.<\/p>\n\n\n\n<p>\u201cEssas a\u00e7\u00f5es s\u00e3o fundamentais, principalmente nesta \u00e9poca do ano, porque promovem o reencontro com familiares, fortalecem as amizades constru\u00eddas ao longo do ano e refor\u00e7am o bem-estar dos participantes, que se sentem valorizados, inclu\u00eddos e conectados com a comunidade\u201d, destacou a coordenadora do equipamento, Suzy Anne Z\u00f3zimo.<\/p>\n\n\n\n<p>A aposentada Maria Neide Gomes, de 66 anos, expressou sua satisfa\u00e7\u00e3o em participar, pela primeira vez, de um evento no Centro de Conviv\u00eancia. \u201c\u00c9 a primeira vez que eu venho participar de um evento no local e estou gostando bastante. Al\u00e9m de ser uma oportunidade para conhecer pessoas, achei muito bonita a apresenta\u00e7\u00e3o do coral. Com certeza \u00e9 muito bom poder participar de algo assim\u201d, ressaltou.<\/p>\n\n\n\n<p>Al\u00e9m da apresenta\u00e7\u00e3o do coral, os usu\u00e1rios ainda participaram de um caf\u00e9 da manh\u00e3 preparado especialmente pela equipe t\u00e9cnica do equipamento, que ainda contou com o sorteio de diversos pr\u00eamios para os presentes.<\/p>\n\n\n\n<p>&#8212; &#8212; &#8212;&nbsp;<\/p>\n\n\n\n<p><strong>Texto &#8211;&nbsp;<\/strong>Igor Costa\/Semasc<\/p>\n\n\n\n<p><strong>Fotos &#8211;<\/strong>&nbsp;Diego Lima\/Semasc<\/p>\n\n\n\n<p><strong>Dispon\u00edveis em<\/strong>&nbsp;&#8211;&nbsp;<a href=\"https:\/\/flic.kr\/s\/aHBqjBUr6v\">https:\/\/flic.kr\/s\/aHBqjBUr6v<\/a><\/p>\n","protected":false},"excerpt":{"rendered":"","protected":false},"author":39,"featured_media":210980,"comment_status":"closed","ping_status":"closed","sticky":false,"template":"","format":"standard","meta":{"footnotes":""},"categories":[489],"tags":[1229,35,1230,7,18,307],"acf":[],"yoast_head":"<!-- This site is optimized with the Yoast SEO plugin v23.0 - https:\/\/yoast.com\/wordpress\/plugins\/seo\/ -->\n<title>Coral da Terceira Idade encanta com apresenta\u00e7\u00e3o natalina<\/title>\n<meta name=\"description\" content=\"Coral da Terceira Idade da prefeitura encanta o Centro de Conviv\u00eancia da Fam\u00edlia e do Idoso Prefeito Jos\u00e9 Fernandes com apresenta\u00e7\u00e3o natalina.\" \/>\n<meta name=\"robots\" content=\"noindex, follow\" \/>\n<meta property=\"og:locale\" content=\"pt_BR\" \/>\n<meta property=\"og:type\" content=\"article\" \/>\n<meta property=\"og:title\" content=\"Coral da Terceira Idade encanta com apresenta\u00e7\u00e3o natalina\" \/>\n<meta property=\"og:description\" content=\"Coral da Terceira Idade da prefeitura encanta o Centro de Conviv\u00eancia da Fam\u00edlia e do Idoso Prefeito Jos\u00e9 Fernandes com apresenta\u00e7\u00e3o natalina.\" \/>\n<meta property=\"og:url\" content=\"https:\/\/www.manaus.am.gov.br\/semasc\/coral-terceira-idade-apresentacao-natalina-centro-convivencia-jose-fernandes\/\" \/>\n<meta property=\"og:site_name\" content=\"SEMASC\" \/>\n<meta property=\"article:publisher\" content=\"https:\/\/www.facebook.com\/semascmanaus\" \/>\n<meta property=\"article:published_time\" content=\"2024-12-09T16:59:58+00:00\" \/>\n<meta property=\"article:modified_time\" content=\"2024-12-17T17:12:53+00:00\" \/>\n<meta property=\"og:image\" content=\"https:\/\/www.manaus.am.gov.br\/semasc\/wp-content\/uploads\/sites\/17\/2024\/12\/54193885835_c5ccc491e8_k.jpg\" \/>\n\t<meta property=\"og:image:width\" content=\"2048\" \/>\n\t<meta property=\"og:image:height\" content=\"1365\" \/>\n\t<meta property=\"og:image:type\" content=\"image\/jpeg\" \/>\n<meta name=\"author\" content=\"Bruna Greco\" \/>\n<meta name=\"twitter:card\" content=\"summary_large_image\" \/>\n<meta name=\"twitter:label1\" content=\"Written by\" \/>\n\t<meta name=\"twitter:data1\" content=\"Bruna Greco\" \/>\n\t<meta name=\"twitter:label2\" content=\"Est. reading time\" \/>\n\t<meta name=\"twitter:data2\" content=\"2 minutos\" \/>\n<script type=\"application\/ld+json\" class=\"yoast-schema-graph\">{\"@context\":\"https:\/\/schema.org\",\"@graph\":[{\"@type\":\"Article\",\"@id\":\"https:\/\/www.manaus.am.gov.br\/semasc\/coral-terceira-idade-apresentacao-natalina-centro-convivencia-jose-fernandes\/#article\",\"isPartOf\":{\"@id\":\"https:\/\/www.manaus.am.gov.br\/semasc\/coral-terceira-idade-apresentacao-natalina-centro-convivencia-jose-fernandes\/\"},\"author\":{\"name\":\"Bruna Greco\",\"@id\":\"https:\/\/www.manaus.am.gov.br\/semasc\/#\/schema\/person\/05d223aea2bf115f9883a6ff3683d81b\"},\"headline\":\"Coral da Terceira Idade da prefeitura encanta o Centro de Conviv\u00eancia da Fam\u00edlia e do Idoso Prefeito Jos\u00e9 Fernandes com apresenta\u00e7\u00e3o natalina\",\"datePublished\":\"2024-12-09T16:59:58+00:00\",\"dateModified\":\"2024-12-17T17:12:53+00:00\",\"mainEntityOfPage\":{\"@id\":\"https:\/\/www.manaus.am.gov.br\/semasc\/coral-terceira-idade-apresentacao-natalina-centro-convivencia-jose-fernandes\/\"},\"wordCount\":302,\"publisher\":{\"@id\":\"https:\/\/www.manaus.am.gov.br\/semasc\/#organization\"},\"image\":{\"@id\":\"https:\/\/www.manaus.am.gov.br\/semasc\/coral-terceira-idade-apresentacao-natalina-centro-convivencia-jose-fernandes\/#primaryimage\"},\"thumbnailUrl\":\"https:\/\/www.manaus.am.gov.br\/semasc\/wp-content\/uploads\/sites\/17\/2024\/12\/54193885835_c5ccc491e8_k.jpg\",\"keywords\":[\"apresenta\u00e7\u00e3o natalina\",\"Centro de Conviv\u00eancia da Fam\u00edlia e do Idoso Prefeito Jos\u00e9 Fernandes\",\"Coral da Terceira Idade\",\"prefeitura de manaus\",\"Semasc\",\"Servi\u00e7o de Conviv\u00eancia e Fortalecimento de V\u00ednculos (SCFV)\"],\"articleSection\":[\"Celebra\u00e7\u00e3o\"],\"inLanguage\":\"pt-BR\"},{\"@type\":\"WebPage\",\"@id\":\"https:\/\/www.manaus.am.gov.br\/semasc\/coral-terceira-idade-apresentacao-natalina-centro-convivencia-jose-fernandes\/\",\"url\":\"https:\/\/www.manaus.am.gov.br\/semasc\/coral-terceira-idade-apresentacao-natalina-centro-convivencia-jose-fernandes\/\",\"name\":\"Coral da Terceira Idade encanta com apresenta\u00e7\u00e3o natalina\",\"isPartOf\":{\"@id\":\"https:\/\/www.manaus.am.gov.br\/semasc\/#website\"},\"primaryImageOfPage\":{\"@id\":\"https:\/\/www.manaus.am.gov.br\/semasc\/coral-terceira-idade-apresentacao-natalina-centro-convivencia-jose-fernandes\/#primaryimage\"},\"image\":{\"@id\":\"https:\/\/www.manaus.am.gov.br\/semasc\/coral-terceira-idade-apresentacao-natalina-centro-convivencia-jose-fernandes\/#primaryimage\"},\"thumbnailUrl\":\"https:\/\/www.manaus.am.gov.br\/semasc\/wp-content\/uploads\/sites\/17\/2024\/12\/54193885835_c5ccc491e8_k.jpg\",\"datePublished\":\"2024-12-09T16:59:58+00:00\",\"dateModified\":\"2024-12-17T17:12:53+00:00\",\"description\":\"Coral da Terceira Idade da prefeitura encanta o Centro de Conviv\u00eancia da Fam\u00edlia e do Idoso Prefeito Jos\u00e9 Fernandes com apresenta\u00e7\u00e3o natalina.\",\"breadcrumb\":{\"@id\":\"https:\/\/www.manaus.am.gov.br\/semasc\/coral-terceira-idade-apresentacao-natalina-centro-convivencia-jose-fernandes\/#breadcrumb\"},\"inLanguage\":\"pt-BR\",\"potentialAction\":[{\"@type\":\"ReadAction\",\"target\":[\"https:\/\/www.manaus.am.gov.br\/semasc\/coral-terceira-idade-apresentacao-natalina-centro-convivencia-jose-fernandes\/\"]}]},{\"@type\":\"ImageObject\",\"inLanguage\":\"pt-BR\",\"@id\":\"https:\/\/www.manaus.am.gov.br\/semasc\/coral-terceira-idade-apresentacao-natalina-centro-convivencia-jose-fernandes\/#primaryimage\",\"url\":\"https:\/\/www.manaus.am.gov.br\/semasc\/wp-content\/uploads\/sites\/17\/2024\/12\/54193885835_c5ccc491e8_k.jpg\",\"contentUrl\":\"https:\/\/www.manaus.am.gov.br\/semasc\/wp-content\/uploads\/sites\/17\/2024\/12\/54193885835_c5ccc491e8_k.jpg\",\"width\":2048,\"height\":1365,\"caption\":\"#paratodosverem - Coral da Terceira Idade se apresentando durante encerramento das a\u00e7\u00f5es realizadas pelo Servi\u00e7o de Conviv\u00eancia e Fortalecimento de V\u00ednculos (SCFV)\"},{\"@type\":\"BreadcrumbList\",\"@id\":\"https:\/\/www.manaus.am.gov.br\/semasc\/coral-terceira-idade-apresentacao-natalina-centro-convivencia-jose-fernandes\/#breadcrumb\",\"itemListElement\":[{\"@type\":\"ListItem\",\"position\":1,\"name\":\"Home\",\"item\":\"https:\/\/www.manaus.am.gov.br\/semasc\/\"},{\"@type\":\"ListItem\",\"position\":2,\"name\":\"Coral da Terceira Idade da prefeitura encanta o Centro de Conviv\u00eancia da Fam\u00edlia e do Idoso Prefeito Jos\u00e9 Fernandes com apresenta\u00e7\u00e3o natalina\"}]},{\"@type\":\"WebSite\",\"@id\":\"https:\/\/www.manaus.am.gov.br\/semasc\/#website\",\"url\":\"https:\/\/www.manaus.am.gov.br\/semasc\/\",\"name\":\"SEMASC\",\"description\":\"Secretaria Municipal da Mulher, Assist\u00eancia Social e Cidadania.\",\"publisher\":{\"@id\":\"https:\/\/www.manaus.am.gov.br\/semasc\/#organization\"},\"alternateName\":\"Secretaria Municipal da Mulher, Assist\u00eancia Social e Cidadania\",\"potentialAction\":[{\"@type\":\"SearchAction\",\"target\":{\"@type\":\"EntryPoint\",\"urlTemplate\":\"https:\/\/www.manaus.am.gov.br\/semasc\/?s={search_term_string}\"},\"query-input\":\"required name=search_term_string\"}],\"inLanguage\":\"pt-BR\"},{\"@type\":\"Organization\",\"@id\":\"https:\/\/www.manaus.am.gov.br\/semasc\/#organization\",\"name\":\"Prefeitura de Manaus\",\"alternateName\":\"Prefeitura Municipal de Manaus\",\"url\":\"https:\/\/www.manaus.am.gov.br\/semasc\/\",\"logo\":{\"@type\":\"ImageObject\",\"inLanguage\":\"pt-BR\",\"@id\":\"https:\/\/www.manaus.am.gov.br\/semasc\/#\/schema\/logo\/image\/\",\"url\":\"https:\/\/www.manaus.am.gov.br\/semasc\/wp-content\/uploads\/sites\/17\/2024\/07\/favicon.png\",\"contentUrl\":\"https:\/\/www.manaus.am.gov.br\/semasc\/wp-content\/uploads\/sites\/17\/2024\/07\/favicon.png\",\"width\":300,\"height\":300,\"caption\":\"Prefeitura de Manaus\"},\"image\":{\"@id\":\"https:\/\/www.manaus.am.gov.br\/semasc\/#\/schema\/logo\/image\/\"},\"sameAs\":[\"https:\/\/www.facebook.com\/semascmanaus\",\"https:\/\/www.instagram.com\/semascmanaus\/\"]},{\"@type\":\"Person\",\"@id\":\"https:\/\/www.manaus.am.gov.br\/semasc\/#\/schema\/person\/05d223aea2bf115f9883a6ff3683d81b\",\"name\":\"Bruna Greco\",\"image\":{\"@type\":\"ImageObject\",\"inLanguage\":\"pt-BR\",\"@id\":\"https:\/\/www.manaus.am.gov.br\/semasc\/#\/schema\/person\/image\/\",\"url\":\"https:\/\/secure.gravatar.com\/avatar\/9c877d1a6adc2a055330e5c09a8653ce?s=96&d=mm&r=g\",\"contentUrl\":\"https:\/\/secure.gravatar.com\/avatar\/9c877d1a6adc2a055330e5c09a8653ce?s=96&d=mm&r=g\",\"caption\":\"Bruna Greco\"}}]}<\/script>\n<!-- \/ Yoast SEO plugin. -->","yoast_head_json":{"title":"Coral da Terceira Idade encanta com apresenta\u00e7\u00e3o natalina","description":"Coral da Terceira Idade da prefeitura encanta o Centro de Conviv\u00eancia da Fam\u00edlia e do Idoso Prefeito Jos\u00e9 Fernandes com apresenta\u00e7\u00e3o natalina.","robots":{"index":"noindex","follow":"follow"},"og_locale":"pt_BR","og_type":"article","og_title":"Coral da Terceira Idade encanta com apresenta\u00e7\u00e3o natalina","og_description":"Coral da Terceira Idade da prefeitura encanta o Centro de Conviv\u00eancia da Fam\u00edlia e do Idoso Prefeito Jos\u00e9 Fernandes com apresenta\u00e7\u00e3o natalina.","og_url":"https:\/\/www.manaus.am.gov.br\/semasc\/coral-terceira-idade-apresentacao-natalina-centro-convivencia-jose-fernandes\/","og_site_name":"SEMASC","article_publisher":"https:\/\/www.facebook.com\/semascmanaus","article_published_time":"2024-12-09T16:59:58+00:00","article_modified_time":"2024-12-17T17:12:53+00:00","og_image":[{"width":2048,"height":1365,"url":"https:\/\/www.manaus.am.gov.br\/semasc\/wp-content\/uploads\/sites\/17\/2024\/12\/54193885835_c5ccc491e8_k.jpg","type":"image\/jpeg"}],"author":"Bruna Greco","twitter_card":"summary_large_image","twitter_misc":{"Written by":"Bruna Greco","Est. reading time":"2 minutos"},"schema":{"@context":"https:\/\/schema.org","@graph":[{"@type":"Article","@id":"https:\/\/www.manaus.am.gov.br\/semasc\/coral-terceira-idade-apresentacao-natalina-centro-convivencia-jose-fernandes\/#article","isPartOf":{"@id":"https:\/\/www.manaus.am.gov.br\/semasc\/coral-terceira-idade-apresentacao-natalina-centro-convivencia-jose-fernandes\/"},"author":{"name":"Bruna Greco","@id":"https:\/\/www.manaus.am.gov.br\/semasc\/#\/schema\/person\/05d223aea2bf115f9883a6ff3683d81b"},"headline":"Coral da Terceira Idade da prefeitura encanta o Centro de Conviv\u00eancia da Fam\u00edlia e do Idoso Prefeito Jos\u00e9 Fernandes com apresenta\u00e7\u00e3o natalina","datePublished":"2024-12-09T16:59:58+00:00","dateModified":"2024-12-17T17:12:53+00:00","mainEntityOfPage":{"@id":"https:\/\/www.manaus.am.gov.br\/semasc\/coral-terceira-idade-apresentacao-natalina-centro-convivencia-jose-fernandes\/"},"wordCount":302,"publisher":{"@id":"https:\/\/www.manaus.am.gov.br\/semasc\/#organization"},"image":{"@id":"https:\/\/www.manaus.am.gov.br\/semasc\/coral-terceira-idade-apresentacao-natalina-centro-convivencia-jose-fernandes\/#primaryimage"},"thumbnailUrl":"https:\/\/www.manaus.am.gov.br\/semasc\/wp-content\/uploads\/sites\/17\/2024\/12\/54193885835_c5ccc491e8_k.jpg","keywords":["apresenta\u00e7\u00e3o natalina","Centro de Conviv\u00eancia da Fam\u00edlia e do Idoso Prefeito Jos\u00e9 Fernandes","Coral da Terceira Idade","prefeitura de manaus","Semasc","Servi\u00e7o de Conviv\u00eancia e Fortalecimento de V\u00ednculos (SCFV)"],"articleSection":["Celebra\u00e7\u00e3o"],"inLanguage":"pt-BR"},{"@type":"WebPage","@id":"https:\/\/www.manaus.am.gov.br\/semasc\/coral-terceira-idade-apresentacao-natalina-centro-convivencia-jose-fernandes\/","url":"https:\/\/www.manaus.am.gov.br\/semasc\/coral-terceira-idade-apresentacao-natalina-centro-convivencia-jose-fernandes\/","name":"Coral da Terceira Idade encanta com apresenta\u00e7\u00e3o natalina","isPartOf":{"@id":"https:\/\/www.manaus.am.gov.br\/semasc\/#website"},"primaryImageOfPage":{"@id":"https:\/\/www.manaus.am.gov.br\/semasc\/coral-terceira-idade-apresentacao-natalina-centro-convivencia-jose-fernandes\/#primaryimage"},"image":{"@id":"https:\/\/www.manaus.am.gov.br\/semasc\/coral-terceira-idade-apresentacao-natalina-centro-convivencia-jose-fernandes\/#primaryimage"},"thumbnailUrl":"https:\/\/www.manaus.am.gov.br\/semasc\/wp-content\/uploads\/sites\/17\/2024\/12\/54193885835_c5ccc491e8_k.jpg","datePublished":"2024-12-09T16:59:58+00:00","dateModified":"2024-12-17T17:12:53+00:00","description":"Coral da Terceira Idade da prefeitura encanta o Centro de Conviv\u00eancia da Fam\u00edlia e do Idoso Prefeito Jos\u00e9 Fernandes com apresenta\u00e7\u00e3o natalina.","breadcrumb":{"@id":"https:\/\/www.manaus.am.gov.br\/semasc\/coral-terceira-idade-apresentacao-natalina-centro-convivencia-jose-fernandes\/#breadcrumb"},"inLanguage":"pt-BR","potentialAction":[{"@type":"ReadAction","target":["https:\/\/www.manaus.am.gov.br\/semasc\/coral-terceira-idade-apresentacao-natalina-centro-convivencia-jose-fernandes\/"]}]},{"@type":"ImageObject","inLanguage":"pt-BR","@id":"https:\/\/www.manaus.am.gov.br\/semasc\/coral-terceira-idade-apresentacao-natalina-centro-convivencia-jose-fernandes\/#primaryimage","url":"https:\/\/www.manaus.am.gov.br\/semasc\/wp-content\/uploads\/sites\/17\/2024\/12\/54193885835_c5ccc491e8_k.jpg","contentUrl":"https:\/\/www.manaus.am.gov.br\/semasc\/wp-content\/uploads\/sites\/17\/2024\/12\/54193885835_c5ccc491e8_k.jpg","width":2048,"height":1365,"caption":"#paratodosverem - Coral da Terceira Idade se apresentando durante encerramento das a\u00e7\u00f5es realizadas pelo Servi\u00e7o de Conviv\u00eancia e Fortalecimento de V\u00ednculos (SCFV)"},{"@type":"BreadcrumbList","@id":"https:\/\/www.manaus.am.gov.br\/semasc\/coral-terceira-idade-apresentacao-natalina-centro-convivencia-jose-fernandes\/#breadcrumb","itemListElement":[{"@type":"ListItem","position":1,"name":"Home","item":"https:\/\/www.manaus.am.gov.br\/semasc\/"},{"@type":"ListItem","position":2,"name":"Coral da Terceira Idade da prefeitura encanta o Centro de Conviv\u00eancia da Fam\u00edlia e do Idoso Prefeito Jos\u00e9 Fernandes com apresenta\u00e7\u00e3o natalina"}]},{"@type":"WebSite","@id":"https:\/\/www.manaus.am.gov.br\/semasc\/#website","url":"https:\/\/www.manaus.am.gov.br\/semasc\/","name":"SEMASC","description":"Secretaria Municipal da Mulher, Assist\u00eancia Social e Cidadania.","publisher":{"@id":"https:\/\/www.manaus.am.gov.br\/semasc\/#organization"},"alternateName":"Secretaria Municipal da Mulher, Assist\u00eancia Social e Cidadania","potentialAction":[{"@type":"SearchAction","target":{"@type":"EntryPoint","urlTemplate":"https:\/\/www.manaus.am.gov.br\/semasc\/?s={search_term_string}"},"query-input":"required name=search_term_string"}],"inLanguage":"pt-BR"},{"@type":"Organization","@id":"https:\/\/www.manaus.am.gov.br\/semasc\/#organization","name":"Prefeitura de Manaus","alternateName":"Prefeitura Municipal de Manaus","url":"https:\/\/www.manaus.am.gov.br\/semasc\/","logo":{"@type":"ImageObject","inLanguage":"pt-BR","@id":"https:\/\/www.manaus.am.gov.br\/semasc\/#\/schema\/logo\/image\/","url":"https:\/\/www.manaus.am.gov.br\/semasc\/wp-content\/uploads\/sites\/17\/2024\/07\/favicon.png","contentUrl":"https:\/\/www.manaus.am.gov.br\/semasc\/wp-content\/uploads\/sites\/17\/2024\/07\/favicon.png","width":300,"height":300,"caption":"Prefeitura de Manaus"},"image":{"@id":"https:\/\/www.manaus.am.gov.br\/semasc\/#\/schema\/logo\/image\/"},"sameAs":["https:\/\/www.facebook.com\/semascmanaus","https:\/\/www.instagram.com\/semascmanaus\/"]},{"@type":"Person","@id":"https:\/\/www.manaus.am.gov.br\/semasc\/#\/schema\/person\/05d223aea2bf115f9883a6ff3683d81b","name":"Bruna Greco","image":{"@type":"ImageObject","inLanguage":"pt-BR","@id":"https:\/\/www.manaus.am.gov.br\/semasc\/#\/schema\/person\/image\/","url":"https:\/\/secure.gravatar.com\/avatar\/9c877d1a6adc2a055330e5c09a8653ce?s=96&d=mm&r=g","contentUrl":"https:\/\/secure.gravatar.com\/avatar\/9c877d1a6adc2a055330e5c09a8653ce?s=96&d=mm&r=g","caption":"Bruna Greco"}}]}},"_links":{"self":[{"href":"https:\/\/www.manaus.am.gov.br\/semasc\/wp-json\/wp\/v2\/posts\/210979"}],"collection":[{"href":"https:\/\/www.manaus.am.gov.br\/semasc\/wp-json\/wp\/v2\/posts"}],"about":[{"href":"https:\/\/www.manaus.am.gov.br\/semasc\/wp-json\/wp\/v2\/types\/post"}],"author":[{"embeddable":true,"href":"https:\/\/www.manaus.am.gov.br\/semasc\/wp-json\/wp\/v2\/users\/39"}],"replies":[{"embeddable":true,"href":"https:\/\/www.manaus.am.gov.br\/semasc\/wp-json\/wp\/v2\/comments?post=210979"}],"version-history":[{"count":1,"href":"https:\/\/www.manaus.am.gov.br\/semasc\/wp-json\/wp\/v2\/posts\/210979\/revisions"}],"predecessor-version":[{"id":210981,"href":"https:\/\/www.manaus.am.gov.br\/semasc\/wp-json\/wp\/v2\/posts\/210979\/revisions\/210981"}],"wp:featuredmedia":[{"embeddable":true,"href":"https:\/\/www.manaus.am.gov.br\/semasc\/wp-json\/wp\/v2\/media\/210980"}],"wp:attachment":[{"href":"https:\/\/www.manaus.am.gov.br\/semasc\/wp-json\/wp\/v2\/media?parent=210979"}],"wp:term":[{"taxonomy":"category","embeddable":true,"href":"https:\/\/www.manaus.am.gov.br\/semasc\/wp-json\/wp\/v2\/categories?post=210979"},{"taxonomy":"post_tag","embeddable":true,"href":"https:\/\/www.manaus.am.gov.br\/semasc\/wp-json\/wp\/v2\/tags?post=210979"}],"curies":[{"name":"wp","href":"https:\/\/api.w.org\/{rel}","templated":true}]}}