{"id":210977,"date":"2024-12-06T14:33:50","date_gmt":"2024-12-06T18:33:50","guid":{"rendered":"https:\/\/www.manaus.am.gov.br\/semasc\/prefeitura-semasc-creas-leste-nata\/"},"modified":"2024-12-13T11:17:54","modified_gmt":"2024-12-13T15:17:54","slug":"prefeitura-semasc-creas-leste-nata","status":"publish","type":"post","link":"https:\/\/www.manaus.am.gov.br\/semasc\/prefeitura-semasc-creas-leste-nata\/","title":{"rendered":"Prefeitura de Manaus promove confraterniza\u00e7\u00e3o natalina para fam\u00edlias atendidas por Creas na zona Leste"},"content":{"rendered":"\n<p>A Prefeitura de Manaus, por meio da Secretaria Municipal da Mulher, Assist\u00eancia Social e Cidadania (Semasc), realizou, nesta sexta-feira, 6\/12, um almo\u00e7o natalino especialmente voltado para as fam\u00edlias atendidas pelo Centro de Refer\u00eancia Especializado de Assist\u00eancia Social (Creas) Leste.<\/p>\n\n\n\n<p>A a\u00e7\u00e3o contou com a participa\u00e7\u00e3o de mais de dez fam\u00edlias e aproximadamente 70 crian\u00e7as, todas acompanhadas de perto pelo servi\u00e7o de Prote\u00e7\u00e3o e Atendimento Especializado a Fam\u00edlias e Indiv\u00edduos (Paefi) e pelo Programa de Erradica\u00e7\u00e3o ao Trabalho Infantil (Peti).&nbsp;<\/p>\n\n\n\n<p>\u201cPara n\u00f3s, \u00e9 extremamente gratificante conseguir fazer um evento com tamanha ades\u00e3o. Passamos o ano todo em busca de criar um v\u00ednculo com essas fam\u00edlias, em busca de conquistar sua confian\u00e7a em nossos servi\u00e7os e, hoje, n\u00f3s n\u00e3o apenas garantimos a sa\u00edda dessas crian\u00e7as dos sem\u00e1foros, como tamb\u00e9m conquistamos o carinho dessas fam\u00edlias\u201d, destacou a coordenadora do Creas, Leila Costa.&nbsp;<\/p>\n\n\n\n<p>Grande parte das fam\u00edlias acompanhadas \u00e9 do bairro Col\u00f4nia Ant\u00f4nio Aleixo, territ\u00f3rio que abriga mais de 80% das crian\u00e7as e adolescentes em situa\u00e7\u00e3o de trabalho infantil da capital, de acordo com dados da secretaria. Para a gerente de A\u00e7\u00f5es Estrat\u00e9gicas do Peti, da Semasc, Geszimar Dias, a chave para mudar esse cen\u00e1rio \u00e9 continuar a investir na aproxima\u00e7\u00e3o com o usu\u00e1rio.&nbsp;<\/p>\n\n\n\n<p>\u201c\u00c9 um momento de descontra\u00e7\u00e3o que traz o usu\u00e1rio para mais perto de n\u00f3s, o que, por consequ\u00eancia, garante o acesso dessas crian\u00e7as a um espa\u00e7o seguro, um ambiente que, entre outras coisas, tamb\u00e9m lhes d\u00e1 o direito a uma festa de Natal. \u00c9 justamente esse sentimento que queremos passar a essas fam\u00edlias\u201d, explicou.&nbsp;<\/p>\n\n\n\n<p>Uma das fam\u00edlias convidadas a participar da confraterniza\u00e7\u00e3o foi a da dona de casa L. P., que, visivelmente emocionada, agradeceu o apoio recebido da equipe t\u00e9cnica ao longo do \u00faltimo ano.&nbsp;<\/p>\n\n\n\n<p>\u201cQuando ningu\u00e9m acreditava em mim, eles acreditaram. Eu s\u00f3 tenho a agradecer por essa fam\u00edlia, e eu digo fam\u00edlia, porque \u00e9 isso que eles s\u00e3o para mim. Foi gra\u00e7as a eles que muitas coisas mudaram para mim e para melhor\u201d, concluiu.&nbsp;&nbsp;<\/p>\n\n\n\n<p>\u2013 \u2013 \u2013&nbsp;<\/p>\n\n\n\n<p>Texto &#8211; Guilherme Pacheco \/ Semasc&nbsp;<\/p>\n\n\n\n<p>Fotos &#8211; Diego Lima \/ Semasc&nbsp;<\/p>\n\n\n\n<p><\/p>\n","protected":false},"excerpt":{"rendered":"","protected":false},"author":23,"featured_media":210978,"comment_status":"closed","ping_status":"closed","sticky":false,"template":"","format":"standard","meta":{"footnotes":""},"categories":[34],"tags":[],"acf":[],"yoast_head":"<!-- This site is optimized with the Yoast SEO plugin v23.0 - https:\/\/yoast.com\/wordpress\/plugins\/seo\/ -->\n<title>Prefeitura de Manaus promove confraterniza\u00e7\u00e3o natalina para fam\u00edlias atendidas por Creas na zona Leste<\/title>\n<meta name=\"description\" content=\"A Prefeitura de Manaus, por meio da Secretaria Municipal da Mulher, Assist\u00eancia Social e Cidadania (Semasc), realizou, nesta sexta-feira, 6\/12, um almo\u00e7o natalino especialmente voltado para as fam\u00edlias atendidas pelo Centro de Refer\u00eancia Especializado de Assist\u00eancia Social (Creas) Leste.\" \/>\n<meta name=\"robots\" content=\"noindex, follow\" \/>\n<meta property=\"og:locale\" content=\"pt_BR\" \/>\n<meta property=\"og:type\" content=\"article\" \/>\n<meta property=\"og:title\" content=\"Prefeitura de Manaus promove confraterniza\u00e7\u00e3o natalina para fam\u00edlias atendidas por Creas na zona Leste\" \/>\n<meta property=\"og:description\" content=\"A Prefeitura de Manaus, por meio da Secretaria Municipal da Mulher, Assist\u00eancia Social e Cidadania (Semasc), realizou, nesta sexta-feira, 6\/12, um almo\u00e7o natalino especialmente voltado para as fam\u00edlias atendidas pelo Centro de Refer\u00eancia Especializado de Assist\u00eancia Social (Creas) Leste.\" \/>\n<meta property=\"og:url\" content=\"https:\/\/www.manaus.am.gov.br\/semasc\/prefeitura-semasc-creas-leste-nata\/\" \/>\n<meta property=\"og:site_name\" content=\"SEMASC\" \/>\n<meta property=\"article:publisher\" content=\"https:\/\/www.facebook.com\/semascmanaus\" \/>\n<meta property=\"article:published_time\" content=\"2024-12-06T18:33:50+00:00\" \/>\n<meta property=\"article:modified_time\" content=\"2024-12-13T15:17:54+00:00\" \/>\n<meta property=\"og:image\" content=\"https:\/\/www.manaus.am.gov.br\/semasc\/wp-content\/uploads\/sites\/17\/2024\/12\/WhatsApp-Image-2024-12-06-at-14.16.24.jpeg\" \/>\n\t<meta property=\"og:image:width\" content=\"2560\" \/>\n\t<meta property=\"og:image:height\" content=\"1706\" \/>\n\t<meta property=\"og:image:type\" content=\"image\/jpeg\" \/>\n<meta name=\"author\" content=\"Adriana Costa\" \/>\n<meta name=\"twitter:card\" content=\"summary_large_image\" \/>\n<meta name=\"twitter:label1\" content=\"Written by\" \/>\n\t<meta name=\"twitter:data1\" content=\"Adriana Costa\" \/>\n\t<meta name=\"twitter:label2\" content=\"Est. reading time\" \/>\n\t<meta name=\"twitter:data2\" content=\"3 minutos\" \/>\n<script type=\"application\/ld+json\" class=\"yoast-schema-graph\">{\"@context\":\"https:\/\/schema.org\",\"@graph\":[{\"@type\":\"Article\",\"@id\":\"https:\/\/www.manaus.am.gov.br\/semasc\/prefeitura-semasc-creas-leste-nata\/#article\",\"isPartOf\":{\"@id\":\"https:\/\/www.manaus.am.gov.br\/semasc\/prefeitura-semasc-creas-leste-nata\/\"},\"author\":{\"name\":\"Adriana Costa\",\"@id\":\"https:\/\/www.manaus.am.gov.br\/semasc\/#\/schema\/person\/4e49f4e267757a06ca072ec61b2b9968\"},\"headline\":\"Prefeitura de Manaus promove confraterniza\u00e7\u00e3o natalina para fam\u00edlias atendidas por Creas na zona Leste\",\"datePublished\":\"2024-12-06T18:33:50+00:00\",\"dateModified\":\"2024-12-13T15:17:54+00:00\",\"mainEntityOfPage\":{\"@id\":\"https:\/\/www.manaus.am.gov.br\/semasc\/prefeitura-semasc-creas-leste-nata\/\"},\"wordCount\":407,\"publisher\":{\"@id\":\"https:\/\/www.manaus.am.gov.br\/semasc\/#organization\"},\"image\":{\"@id\":\"https:\/\/www.manaus.am.gov.br\/semasc\/prefeitura-semasc-creas-leste-nata\/#primaryimage\"},\"thumbnailUrl\":\"https:\/\/www.manaus.am.gov.br\/semasc\/wp-content\/uploads\/sites\/17\/2024\/12\/WhatsApp-Image-2024-12-06-at-14.16.24.jpeg\",\"articleSection\":[\"Assist\u00eancia Social\"],\"inLanguage\":\"pt-BR\"},{\"@type\":\"WebPage\",\"@id\":\"https:\/\/www.manaus.am.gov.br\/semasc\/prefeitura-semasc-creas-leste-nata\/\",\"url\":\"https:\/\/www.manaus.am.gov.br\/semasc\/prefeitura-semasc-creas-leste-nata\/\",\"name\":\"Prefeitura de Manaus promove confraterniza\u00e7\u00e3o natalina para fam\u00edlias atendidas por Creas na zona Leste\",\"isPartOf\":{\"@id\":\"https:\/\/www.manaus.am.gov.br\/semasc\/#website\"},\"primaryImageOfPage\":{\"@id\":\"https:\/\/www.manaus.am.gov.br\/semasc\/prefeitura-semasc-creas-leste-nata\/#primaryimage\"},\"image\":{\"@id\":\"https:\/\/www.manaus.am.gov.br\/semasc\/prefeitura-semasc-creas-leste-nata\/#primaryimage\"},\"thumbnailUrl\":\"https:\/\/www.manaus.am.gov.br\/semasc\/wp-content\/uploads\/sites\/17\/2024\/12\/WhatsApp-Image-2024-12-06-at-14.16.24.jpeg\",\"datePublished\":\"2024-12-06T18:33:50+00:00\",\"dateModified\":\"2024-12-13T15:17:54+00:00\",\"description\":\"A Prefeitura de Manaus, por meio da Secretaria Municipal da Mulher, Assist\u00eancia Social e Cidadania (Semasc), realizou, nesta sexta-feira, 6\/12, um almo\u00e7o natalino especialmente voltado para as fam\u00edlias atendidas pelo Centro de Refer\u00eancia Especializado de Assist\u00eancia Social (Creas) Leste.\",\"breadcrumb\":{\"@id\":\"https:\/\/www.manaus.am.gov.br\/semasc\/prefeitura-semasc-creas-leste-nata\/#breadcrumb\"},\"inLanguage\":\"pt-BR\",\"potentialAction\":[{\"@type\":\"ReadAction\",\"target\":[\"https:\/\/www.manaus.am.gov.br\/semasc\/prefeitura-semasc-creas-leste-nata\/\"]}]},{\"@type\":\"ImageObject\",\"inLanguage\":\"pt-BR\",\"@id\":\"https:\/\/www.manaus.am.gov.br\/semasc\/prefeitura-semasc-creas-leste-nata\/#primaryimage\",\"url\":\"https:\/\/www.manaus.am.gov.br\/semasc\/wp-content\/uploads\/sites\/17\/2024\/12\/WhatsApp-Image-2024-12-06-at-14.16.24.jpeg\",\"contentUrl\":\"https:\/\/www.manaus.am.gov.br\/semasc\/wp-content\/uploads\/sites\/17\/2024\/12\/WhatsApp-Image-2024-12-06-at-14.16.24.jpeg\",\"width\":2560,\"height\":1706},{\"@type\":\"BreadcrumbList\",\"@id\":\"https:\/\/www.manaus.am.gov.br\/semasc\/prefeitura-semasc-creas-leste-nata\/#breadcrumb\",\"itemListElement\":[{\"@type\":\"ListItem\",\"position\":1,\"name\":\"Home\",\"item\":\"https:\/\/www.manaus.am.gov.br\/semasc\/\"},{\"@type\":\"ListItem\",\"position\":2,\"name\":\"Prefeitura de Manaus promove confraterniza\u00e7\u00e3o natalina para fam\u00edlias atendidas por Creas na zona Leste\"}]},{\"@type\":\"WebSite\",\"@id\":\"https:\/\/www.manaus.am.gov.br\/semasc\/#website\",\"url\":\"https:\/\/www.manaus.am.gov.br\/semasc\/\",\"name\":\"SEMASC\",\"description\":\"Secretaria Municipal da Mulher, Assist\u00eancia Social e Cidadania.\",\"publisher\":{\"@id\":\"https:\/\/www.manaus.am.gov.br\/semasc\/#organization\"},\"alternateName\":\"Secretaria Municipal da Mulher, Assist\u00eancia Social e Cidadania\",\"potentialAction\":[{\"@type\":\"SearchAction\",\"target\":{\"@type\":\"EntryPoint\",\"urlTemplate\":\"https:\/\/www.manaus.am.gov.br\/semasc\/?s={search_term_string}\"},\"query-input\":\"required name=search_term_string\"}],\"inLanguage\":\"pt-BR\"},{\"@type\":\"Organization\",\"@id\":\"https:\/\/www.manaus.am.gov.br\/semasc\/#organization\",\"name\":\"Prefeitura de Manaus\",\"alternateName\":\"Prefeitura Municipal de Manaus\",\"url\":\"https:\/\/www.manaus.am.gov.br\/semasc\/\",\"logo\":{\"@type\":\"ImageObject\",\"inLanguage\":\"pt-BR\",\"@id\":\"https:\/\/www.manaus.am.gov.br\/semasc\/#\/schema\/logo\/image\/\",\"url\":\"https:\/\/www.manaus.am.gov.br\/semasc\/wp-content\/uploads\/sites\/17\/2024\/07\/favicon.png\",\"contentUrl\":\"https:\/\/www.manaus.am.gov.br\/semasc\/wp-content\/uploads\/sites\/17\/2024\/07\/favicon.png\",\"width\":300,\"height\":300,\"caption\":\"Prefeitura de Manaus\"},\"image\":{\"@id\":\"https:\/\/www.manaus.am.gov.br\/semasc\/#\/schema\/logo\/image\/\"},\"sameAs\":[\"https:\/\/www.facebook.com\/semascmanaus\",\"https:\/\/www.instagram.com\/semascmanaus\/\"]},{\"@type\":\"Person\",\"@id\":\"https:\/\/www.manaus.am.gov.br\/semasc\/#\/schema\/person\/4e49f4e267757a06ca072ec61b2b9968\",\"name\":\"Adriana Costa\",\"image\":{\"@type\":\"ImageObject\",\"inLanguage\":\"pt-BR\",\"@id\":\"https:\/\/www.manaus.am.gov.br\/semasc\/#\/schema\/person\/image\/\",\"url\":\"https:\/\/secure.gravatar.com\/avatar\/576258617ef7194f718179e766d57bd4?s=96&d=mm&r=g\",\"contentUrl\":\"https:\/\/secure.gravatar.com\/avatar\/576258617ef7194f718179e766d57bd4?s=96&d=mm&r=g\",\"caption\":\"Adriana Costa\"}}]}<\/script>\n<!-- \/ Yoast SEO plugin. -->","yoast_head_json":{"title":"Prefeitura de Manaus promove confraterniza\u00e7\u00e3o natalina para fam\u00edlias atendidas por Creas na zona Leste","description":"A Prefeitura de Manaus, por meio da Secretaria Municipal da Mulher, Assist\u00eancia Social e Cidadania (Semasc), realizou, nesta sexta-feira, 6\/12, um almo\u00e7o natalino especialmente voltado para as fam\u00edlias atendidas pelo Centro de Refer\u00eancia Especializado de Assist\u00eancia Social (Creas) Leste.","robots":{"index":"noindex","follow":"follow"},"og_locale":"pt_BR","og_type":"article","og_title":"Prefeitura de Manaus promove confraterniza\u00e7\u00e3o natalina para fam\u00edlias atendidas por Creas na zona Leste","og_description":"A Prefeitura de Manaus, por meio da Secretaria Municipal da Mulher, Assist\u00eancia Social e Cidadania (Semasc), realizou, nesta sexta-feira, 6\/12, um almo\u00e7o natalino especialmente voltado para as fam\u00edlias atendidas pelo Centro de Refer\u00eancia Especializado de Assist\u00eancia Social (Creas) Leste.","og_url":"https:\/\/www.manaus.am.gov.br\/semasc\/prefeitura-semasc-creas-leste-nata\/","og_site_name":"SEMASC","article_publisher":"https:\/\/www.facebook.com\/semascmanaus","article_published_time":"2024-12-06T18:33:50+00:00","article_modified_time":"2024-12-13T15:17:54+00:00","og_image":[{"width":2560,"height":1706,"url":"https:\/\/www.manaus.am.gov.br\/semasc\/wp-content\/uploads\/sites\/17\/2024\/12\/WhatsApp-Image-2024-12-06-at-14.16.24.jpeg","type":"image\/jpeg"}],"author":"Adriana Costa","twitter_card":"summary_large_image","twitter_misc":{"Written by":"Adriana Costa","Est. reading time":"3 minutos"},"schema":{"@context":"https:\/\/schema.org","@graph":[{"@type":"Article","@id":"https:\/\/www.manaus.am.gov.br\/semasc\/prefeitura-semasc-creas-leste-nata\/#article","isPartOf":{"@id":"https:\/\/www.manaus.am.gov.br\/semasc\/prefeitura-semasc-creas-leste-nata\/"},"author":{"name":"Adriana Costa","@id":"https:\/\/www.manaus.am.gov.br\/semasc\/#\/schema\/person\/4e49f4e267757a06ca072ec61b2b9968"},"headline":"Prefeitura de Manaus promove confraterniza\u00e7\u00e3o natalina para fam\u00edlias atendidas por Creas na zona Leste","datePublished":"2024-12-06T18:33:50+00:00","dateModified":"2024-12-13T15:17:54+00:00","mainEntityOfPage":{"@id":"https:\/\/www.manaus.am.gov.br\/semasc\/prefeitura-semasc-creas-leste-nata\/"},"wordCount":407,"publisher":{"@id":"https:\/\/www.manaus.am.gov.br\/semasc\/#organization"},"image":{"@id":"https:\/\/www.manaus.am.gov.br\/semasc\/prefeitura-semasc-creas-leste-nata\/#primaryimage"},"thumbnailUrl":"https:\/\/www.manaus.am.gov.br\/semasc\/wp-content\/uploads\/sites\/17\/2024\/12\/WhatsApp-Image-2024-12-06-at-14.16.24.jpeg","articleSection":["Assist\u00eancia Social"],"inLanguage":"pt-BR"},{"@type":"WebPage","@id":"https:\/\/www.manaus.am.gov.br\/semasc\/prefeitura-semasc-creas-leste-nata\/","url":"https:\/\/www.manaus.am.gov.br\/semasc\/prefeitura-semasc-creas-leste-nata\/","name":"Prefeitura de Manaus promove confraterniza\u00e7\u00e3o natalina para fam\u00edlias atendidas por Creas na zona Leste","isPartOf":{"@id":"https:\/\/www.manaus.am.gov.br\/semasc\/#website"},"primaryImageOfPage":{"@id":"https:\/\/www.manaus.am.gov.br\/semasc\/prefeitura-semasc-creas-leste-nata\/#primaryimage"},"image":{"@id":"https:\/\/www.manaus.am.gov.br\/semasc\/prefeitura-semasc-creas-leste-nata\/#primaryimage"},"thumbnailUrl":"https:\/\/www.manaus.am.gov.br\/semasc\/wp-content\/uploads\/sites\/17\/2024\/12\/WhatsApp-Image-2024-12-06-at-14.16.24.jpeg","datePublished":"2024-12-06T18:33:50+00:00","dateModified":"2024-12-13T15:17:54+00:00","description":"A Prefeitura de Manaus, por meio da Secretaria Municipal da Mulher, Assist\u00eancia Social e Cidadania (Semasc), realizou, nesta sexta-feira, 6\/12, um almo\u00e7o natalino especialmente voltado para as fam\u00edlias atendidas pelo Centro de Refer\u00eancia Especializado de Assist\u00eancia Social (Creas) Leste.","breadcrumb":{"@id":"https:\/\/www.manaus.am.gov.br\/semasc\/prefeitura-semasc-creas-leste-nata\/#breadcrumb"},"inLanguage":"pt-BR","potentialAction":[{"@type":"ReadAction","target":["https:\/\/www.manaus.am.gov.br\/semasc\/prefeitura-semasc-creas-leste-nata\/"]}]},{"@type":"ImageObject","inLanguage":"pt-BR","@id":"https:\/\/www.manaus.am.gov.br\/semasc\/prefeitura-semasc-creas-leste-nata\/#primaryimage","url":"https:\/\/www.manaus.am.gov.br\/semasc\/wp-content\/uploads\/sites\/17\/2024\/12\/WhatsApp-Image-2024-12-06-at-14.16.24.jpeg","contentUrl":"https:\/\/www.manaus.am.gov.br\/semasc\/wp-content\/uploads\/sites\/17\/2024\/12\/WhatsApp-Image-2024-12-06-at-14.16.24.jpeg","width":2560,"height":1706},{"@type":"BreadcrumbList","@id":"https:\/\/www.manaus.am.gov.br\/semasc\/prefeitura-semasc-creas-leste-nata\/#breadcrumb","itemListElement":[{"@type":"ListItem","position":1,"name":"Home","item":"https:\/\/www.manaus.am.gov.br\/semasc\/"},{"@type":"ListItem","position":2,"name":"Prefeitura de Manaus promove confraterniza\u00e7\u00e3o natalina para fam\u00edlias atendidas por Creas na zona Leste"}]},{"@type":"WebSite","@id":"https:\/\/www.manaus.am.gov.br\/semasc\/#website","url":"https:\/\/www.manaus.am.gov.br\/semasc\/","name":"SEMASC","description":"Secretaria Municipal da Mulher, Assist\u00eancia Social e Cidadania.","publisher":{"@id":"https:\/\/www.manaus.am.gov.br\/semasc\/#organization"},"alternateName":"Secretaria Municipal da Mulher, Assist\u00eancia Social e Cidadania","potentialAction":[{"@type":"SearchAction","target":{"@type":"EntryPoint","urlTemplate":"https:\/\/www.manaus.am.gov.br\/semasc\/?s={search_term_string}"},"query-input":"required name=search_term_string"}],"inLanguage":"pt-BR"},{"@type":"Organization","@id":"https:\/\/www.manaus.am.gov.br\/semasc\/#organization","name":"Prefeitura de Manaus","alternateName":"Prefeitura Municipal de Manaus","url":"https:\/\/www.manaus.am.gov.br\/semasc\/","logo":{"@type":"ImageObject","inLanguage":"pt-BR","@id":"https:\/\/www.manaus.am.gov.br\/semasc\/#\/schema\/logo\/image\/","url":"https:\/\/www.manaus.am.gov.br\/semasc\/wp-content\/uploads\/sites\/17\/2024\/07\/favicon.png","contentUrl":"https:\/\/www.manaus.am.gov.br\/semasc\/wp-content\/uploads\/sites\/17\/2024\/07\/favicon.png","width":300,"height":300,"caption":"Prefeitura de Manaus"},"image":{"@id":"https:\/\/www.manaus.am.gov.br\/semasc\/#\/schema\/logo\/image\/"},"sameAs":["https:\/\/www.facebook.com\/semascmanaus","https:\/\/www.instagram.com\/semascmanaus\/"]},{"@type":"Person","@id":"https:\/\/www.manaus.am.gov.br\/semasc\/#\/schema\/person\/4e49f4e267757a06ca072ec61b2b9968","name":"Adriana Costa","image":{"@type":"ImageObject","inLanguage":"pt-BR","@id":"https:\/\/www.manaus.am.gov.br\/semasc\/#\/schema\/person\/image\/","url":"https:\/\/secure.gravatar.com\/avatar\/576258617ef7194f718179e766d57bd4?s=96&d=mm&r=g","contentUrl":"https:\/\/secure.gravatar.com\/avatar\/576258617ef7194f718179e766d57bd4?s=96&d=mm&r=g","caption":"Adriana Costa"}}]}},"_links":{"self":[{"href":"https:\/\/www.manaus.am.gov.br\/semasc\/wp-json\/wp\/v2\/posts\/210977"}],"collection":[{"href":"https:\/\/www.manaus.am.gov.br\/semasc\/wp-json\/wp\/v2\/posts"}],"about":[{"href":"https:\/\/www.manaus.am.gov.br\/semasc\/wp-json\/wp\/v2\/types\/post"}],"author":[{"embeddable":true,"href":"https:\/\/www.manaus.am.gov.br\/semasc\/wp-json\/wp\/v2\/users\/23"}],"replies":[{"embeddable":true,"href":"https:\/\/www.manaus.am.gov.br\/semasc\/wp-json\/wp\/v2\/comments?post=210977"}],"version-history":[{"count":1,"href":"https:\/\/www.manaus.am.gov.br\/semasc\/wp-json\/wp\/v2\/posts\/210977\/revisions"}],"predecessor-version":[{"id":210982,"href":"https:\/\/www.manaus.am.gov.br\/semasc\/wp-json\/wp\/v2\/posts\/210977\/revisions\/210982"}],"wp:featuredmedia":[{"embeddable":true,"href":"https:\/\/www.manaus.am.gov.br\/semasc\/wp-json\/wp\/v2\/media\/210978"}],"wp:attachment":[{"href":"https:\/\/www.manaus.am.gov.br\/semasc\/wp-json\/wp\/v2\/media?parent=210977"}],"wp:term":[{"taxonomy":"category","embeddable":true,"href":"https:\/\/www.manaus.am.gov.br\/semasc\/wp-json\/wp\/v2\/categories?post=210977"},{"taxonomy":"post_tag","embeddable":true,"href":"https:\/\/www.manaus.am.gov.br\/semasc\/wp-json\/wp\/v2\/tags?post=210977"}],"curies":[{"name":"wp","href":"https:\/\/api.w.org\/{rel}","templated":true}]}}