{"id":210968,"date":"2024-12-05T13:50:58","date_gmt":"2024-12-05T17:50:58","guid":{"rendered":"https:\/\/www.manaus.am.gov.br\/semasc\/campanha-natal-para-todos-mais-de-160-atendimentos\/"},"modified":"2024-12-12T09:55:01","modified_gmt":"2024-12-12T13:55:01","slug":"campanha-natal-para-todos-mais-de-160-atendimentos","status":"publish","type":"post","link":"https:\/\/www.manaus.am.gov.br\/semasc\/campanha-natal-para-todos-mais-de-160-atendimentos\/","title":{"rendered":"Prefeitura de Manaus d\u00e1 in\u00edcio \u00e0 campanha \u2018Natal Para Todos\u2019 com mais de 160 atendimentos a pessoas em situa\u00e7\u00e3o de rua"},"content":{"rendered":"\n<p>A Prefeitura de Manaus, por meio da Secretaria Municipal da Mulher, Assist\u00eancia Social e Cidadania (Semasc), deu in\u00edcio, nesta quinta-feira, 5\/12, \u00e0 campanha \u201cNatal Para Todos\u201d, visando o atendimento de pessoas em situa\u00e7\u00e3o de rua no per\u00edodo natalino. O objetivo \u00e9 intensificar os trabalhos voltados para essa parcela da popula\u00e7\u00e3o, oferecendo acesso a servi\u00e7os de assist\u00eancia social, sa\u00fade e empregabilidade.&nbsp;<\/p>\n\n\n\n<p>No primeiro dia de a\u00e7\u00e3o, equipes do Servi\u00e7o Especializado em Abordagem Social da Semasc se concentraram no Centro Hist\u00f3rico de Manaus para identificar e encaminhar as demandas dos usu\u00e1rios. Os atendimentos foram realizados na sede da comunidade Nova e Eterna Alian\u00e7a, Organiza\u00e7\u00e3o da Sociedade Civil (OSC) parceira da gest\u00e3o municipal tamb\u00e9m localizada na \u00e1rea central da capital amazonense.&nbsp;<\/p>\n\n\n\n<p>Ao todo, 120 pessoas passaram pela a\u00e7\u00e3o e 163 atendimentos diferentes foram realizados.&nbsp;<\/p>\n\n\n\n<p>De acordo com a diretora do Departamento de Prote\u00e7\u00e3o Social Especial da Semasc, Helane Moreira, o foco da campanha n\u00e3o se restringe apenas a intensificar o trabalho j\u00e1 realizado pela secretaria todos os dias, mas tamb\u00e9m possui o objetivo de aproveitar as oportunidades de emprego que surgem no per\u00edodo natalino para estimular a ressocializa\u00e7\u00e3o de pessoas em situa\u00e7\u00e3o de extrema vulnerabilidade.&nbsp;<\/p>\n\n\n\n<p>\u201cA ess\u00eancia do que estamos come\u00e7ando hoje consiste em aproveitar as oportunidades que o per\u00edodo natalino pode oferecer para essas pessoas, al\u00e9m de, \u00e9 claro, garantir seu acesso a servi\u00e7os essenciais oferecidos pela prefeitura. Ao intensificar nossas a\u00e7\u00f5es de abordagem, queremos trazer esses usu\u00e1rios para mais perto, acolhendo-os e lhes garantindo o direito \u00e0 cidadania plena\u201d, explicou a diretora.&nbsp;<\/p>\n\n\n\n<p>Ao longo da manh\u00e3, foram ofertados servi\u00e7os de inser\u00e7\u00e3o e atualiza\u00e7\u00e3o de benef\u00edcios sociais, vacina\u00e7\u00e3o, capacita\u00e7\u00f5es e orienta\u00e7\u00f5es voltadas para empregabilidade e apoio jur\u00eddico para regulariza\u00e7\u00e3o de situa\u00e7\u00e3o civil.<\/p>\n\n\n\n<figure class=\"wp-block-image size-large\"><img loading=\"lazy\" decoding=\"async\" width=\"1024\" height=\"683\" src=\"https:\/\/www.manaus.am.gov.br\/semasc\/wp-content\/uploads\/sites\/17\/2024\/12\/54185509214_3c601454dd_k-1024x683.jpg\" alt=\"\" class=\"wp-image-210969\" srcset=\"https:\/\/www.manaus.am.gov.br\/semasc\/wp-content\/uploads\/sites\/17\/2024\/12\/54185509214_3c601454dd_k-1024x683.jpg 1024w, https:\/\/www.manaus.am.gov.br\/semasc\/wp-content\/uploads\/sites\/17\/2024\/12\/54185509214_3c601454dd_k-300x200.jpg 300w, https:\/\/www.manaus.am.gov.br\/semasc\/wp-content\/uploads\/sites\/17\/2024\/12\/54185509214_3c601454dd_k-768x512.jpg 768w, https:\/\/www.manaus.am.gov.br\/semasc\/wp-content\/uploads\/sites\/17\/2024\/12\/54185509214_3c601454dd_k-1536x1024.jpg 1536w, https:\/\/www.manaus.am.gov.br\/semasc\/wp-content\/uploads\/sites\/17\/2024\/12\/54185509214_3c601454dd_k.jpg 2048w\" sizes=\"(max-width: 1024px) 100vw, 1024px\" \/><\/figure>\n\n\n\n<p>Segundo o presidente da C\u00e2mara dos Dirigentes Lojistas de Manaus (CDL), respons\u00e1vel por oferecer servi\u00e7os voltados \u00e0 empregabilidade, a iniciativa merece ser exaltada.&nbsp;\u201cGostar\u00edamos de parabenizar a Semasc, uma vez que a parceria firmada com a CDL tem levado oportunidades para quem realmente e auxilia a entrega de curr\u00edculos na \u00e1rea de servi\u00e7os de Manaus\u201d, enfatizou.<\/p>\n\n\n\n<p>Para o presidente da comunidade Nova e Eterna Alian\u00e7a, Theo Menezes, a parceria com a Prefeitura de Manaus tem sido um divisor de \u00e1guas na garantia de direitos da popula\u00e7\u00e3o em situa\u00e7\u00e3o de rua da cidade.&nbsp;<\/p>\n\n\n\n<p>\u201cAtendemos essas pessoas h\u00e1 mais de 20 anos, ent\u00e3o creio que seja necess\u00e1rio e justo destacar como essa parceria com a Semasc tem nos ajudado, trazendo parceiros e servi\u00e7os para atuar na regulariza\u00e7\u00e3o civil e outras necessidades. \u00c9 uma parceria que s\u00f3 tem a somar para a cidade de Manaus\u201d, destacou o presidente.&nbsp;<\/p>\n\n\n\n<p>O bolsista Renato Barbosa esteve presente na a\u00e7\u00e3o dando apoio log\u00edstico \u00e0s equipes de atendimento. Mais que um trabalhador da gest\u00e3o municipal, Renato sabe na pele o qu\u00e3o importante a execu\u00e7\u00e3o eficiente de pol\u00edticas p\u00fablicas s\u00e3o, uma vez que tamb\u00e9m j\u00e1 esteve em situa\u00e7\u00e3o de rua um dia.&nbsp;<\/p>\n\n\n\n<p>\u201cFoi gra\u00e7as a a\u00e7\u00f5es como essa que eu pude sair da rua e hoje trabalho na Semasc, ajudando a auxiliar pessoas que est\u00e3o onde eu j\u00e1 estive. Foi por meio de projetos como esse, que hoje eu estou me estabilizando cada vez mais e tenho uma vida digna. Ent\u00e3o, nada mais justo que apoiar quem ainda n\u00e3o teve oportunidades como essa\u201d, afirmou Barbosa.<\/p>\n\n\n\n<p>O segundo dia de atendimentos da campanha \u201cNatal Para Todos\u201d ser\u00e1 realizado na pr\u00f3xima quinta-feira, 12\/12, no Centro de Refer\u00eancia Especializado para Pessoas em Situa\u00e7\u00e3o de Rua (Centro POP), localizado no bairro Petr\u00f3polis, zona Centro-Sul.&nbsp;<\/p>\n\n\n\n<p>O \u201cNatal Para Todos\u201d conta com o apoio da Secretaria Municipal de Sa\u00fade (Semsa), da CDL e da comunidade Nova e Eterna Alian\u00e7a.&nbsp;&nbsp;&nbsp;<\/p>\n\n\n\n<p>&#8212; &#8212; &#8212;<\/p>\n\n\n\n<p><strong>Texto &#8211;&nbsp;<\/strong>Guilherme Pacheco\/Semasc<\/p>\n\n\n\n<p><strong>Fotos \u2013 <\/strong>Jo\u00e3o Viana e Paula Pessoa\/Semcom e Diego Lima\/Semasc<\/p>\n\n\n\n<p><strong>Dispon\u00edveis em &#8211; <\/strong><a href=\"https:\/\/flic.kr\/s\/aHBqjBU1E7\">https:\/\/flic.kr\/s\/aHBqjBU1E7<\/a><\/p>\n","protected":false},"excerpt":{"rendered":"","protected":false},"author":39,"featured_media":210970,"comment_status":"closed","ping_status":"closed","sticky":false,"template":"","format":"standard","meta":{"footnotes":""},"categories":[194],"tags":[1226,1227,1228,144,7,18],"acf":[],"yoast_head":"<!-- This site is optimized with the Yoast SEO plugin v23.0 - https:\/\/yoast.com\/wordpress\/plugins\/seo\/ -->\n<title>Prefeitura de Manaus d\u00e1 in\u00edcio \u00e0 campanha \u2018Natal Para Todos\u2019<\/title>\n<meta name=\"description\" content=\"Prefeitura de Manaus d\u00e1 in\u00edcio \u00e0 campanha \u2018Natal Para Todos\u2019 com mais de 160 atendimentos a pessoas em situa\u00e7\u00e3o de rua.\" \/>\n<meta name=\"robots\" content=\"noindex, follow\" \/>\n<meta property=\"og:locale\" content=\"pt_BR\" \/>\n<meta property=\"og:type\" content=\"article\" \/>\n<meta property=\"og:title\" content=\"Prefeitura de Manaus d\u00e1 in\u00edcio \u00e0 campanha \u2018Natal Para Todos\u2019\" \/>\n<meta property=\"og:description\" content=\"Prefeitura de Manaus d\u00e1 in\u00edcio \u00e0 campanha \u2018Natal Para Todos\u2019 com mais de 160 atendimentos a pessoas em situa\u00e7\u00e3o de rua.\" \/>\n<meta property=\"og:url\" content=\"https:\/\/www.manaus.am.gov.br\/semasc\/campanha-natal-para-todos-mais-de-160-atendimentos\/\" \/>\n<meta property=\"og:site_name\" content=\"SEMASC\" \/>\n<meta property=\"article:publisher\" content=\"https:\/\/www.facebook.com\/semascmanaus\" \/>\n<meta property=\"article:published_time\" content=\"2024-12-05T17:50:58+00:00\" \/>\n<meta property=\"article:modified_time\" content=\"2024-12-12T13:55:01+00:00\" \/>\n<meta property=\"og:image\" content=\"https:\/\/www.manaus.am.gov.br\/semasc\/wp-content\/uploads\/sites\/17\/2024\/12\/54185215888_b2e4476f15_k.jpg\" \/>\n\t<meta property=\"og:image:width\" content=\"2048\" \/>\n\t<meta property=\"og:image:height\" content=\"1365\" \/>\n\t<meta property=\"og:image:type\" content=\"image\/jpeg\" \/>\n<meta name=\"author\" content=\"Bruna Greco\" \/>\n<meta name=\"twitter:card\" content=\"summary_large_image\" \/>\n<meta name=\"twitter:label1\" content=\"Written by\" \/>\n\t<meta name=\"twitter:data1\" content=\"Bruna Greco\" \/>\n\t<meta name=\"twitter:label2\" content=\"Est. reading time\" \/>\n\t<meta name=\"twitter:data2\" content=\"4 minutos\" \/>\n<script type=\"application\/ld+json\" class=\"yoast-schema-graph\">{\"@context\":\"https:\/\/schema.org\",\"@graph\":[{\"@type\":\"Article\",\"@id\":\"https:\/\/www.manaus.am.gov.br\/semasc\/campanha-natal-para-todos-mais-de-160-atendimentos\/#article\",\"isPartOf\":{\"@id\":\"https:\/\/www.manaus.am.gov.br\/semasc\/campanha-natal-para-todos-mais-de-160-atendimentos\/\"},\"author\":{\"name\":\"Bruna Greco\",\"@id\":\"https:\/\/www.manaus.am.gov.br\/semasc\/#\/schema\/person\/05d223aea2bf115f9883a6ff3683d81b\"},\"headline\":\"Prefeitura de Manaus d\u00e1 in\u00edcio \u00e0 campanha \u2018Natal Para Todos\u2019 com mais de 160 atendimentos a pessoas em situa\u00e7\u00e3o de rua\",\"datePublished\":\"2024-12-05T17:50:58+00:00\",\"dateModified\":\"2024-12-12T13:55:01+00:00\",\"mainEntityOfPage\":{\"@id\":\"https:\/\/www.manaus.am.gov.br\/semasc\/campanha-natal-para-todos-mais-de-160-atendimentos\/\"},\"wordCount\":722,\"publisher\":{\"@id\":\"https:\/\/www.manaus.am.gov.br\/semasc\/#organization\"},\"image\":{\"@id\":\"https:\/\/www.manaus.am.gov.br\/semasc\/campanha-natal-para-todos-mais-de-160-atendimentos\/#primaryimage\"},\"thumbnailUrl\":\"https:\/\/www.manaus.am.gov.br\/semasc\/wp-content\/uploads\/sites\/17\/2024\/12\/54185215888_b2e4476f15_k.jpg\",\"keywords\":[\"campanha \u2018Natal Para Todos\u2019\",\"mais de 160 atendimentos\",\"parceria com a Semsa CDL e comunidade Nova e Eterna Alian\u00e7a\",\"pessoas em situa\u00e7\u00e3o de rua\",\"prefeitura de manaus\",\"Semasc\"],\"articleSection\":[\"Assist\u00eancia\"],\"inLanguage\":\"pt-BR\"},{\"@type\":\"WebPage\",\"@id\":\"https:\/\/www.manaus.am.gov.br\/semasc\/campanha-natal-para-todos-mais-de-160-atendimentos\/\",\"url\":\"https:\/\/www.manaus.am.gov.br\/semasc\/campanha-natal-para-todos-mais-de-160-atendimentos\/\",\"name\":\"Prefeitura de Manaus d\u00e1 in\u00edcio \u00e0 campanha \u2018Natal Para Todos\u2019\",\"isPartOf\":{\"@id\":\"https:\/\/www.manaus.am.gov.br\/semasc\/#website\"},\"primaryImageOfPage\":{\"@id\":\"https:\/\/www.manaus.am.gov.br\/semasc\/campanha-natal-para-todos-mais-de-160-atendimentos\/#primaryimage\"},\"image\":{\"@id\":\"https:\/\/www.manaus.am.gov.br\/semasc\/campanha-natal-para-todos-mais-de-160-atendimentos\/#primaryimage\"},\"thumbnailUrl\":\"https:\/\/www.manaus.am.gov.br\/semasc\/wp-content\/uploads\/sites\/17\/2024\/12\/54185215888_b2e4476f15_k.jpg\",\"datePublished\":\"2024-12-05T17:50:58+00:00\",\"dateModified\":\"2024-12-12T13:55:01+00:00\",\"description\":\"Prefeitura de Manaus d\u00e1 in\u00edcio \u00e0 campanha \u2018Natal Para Todos\u2019 com mais de 160 atendimentos a pessoas em situa\u00e7\u00e3o de rua.\",\"breadcrumb\":{\"@id\":\"https:\/\/www.manaus.am.gov.br\/semasc\/campanha-natal-para-todos-mais-de-160-atendimentos\/#breadcrumb\"},\"inLanguage\":\"pt-BR\",\"potentialAction\":[{\"@type\":\"ReadAction\",\"target\":[\"https:\/\/www.manaus.am.gov.br\/semasc\/campanha-natal-para-todos-mais-de-160-atendimentos\/\"]}]},{\"@type\":\"ImageObject\",\"inLanguage\":\"pt-BR\",\"@id\":\"https:\/\/www.manaus.am.gov.br\/semasc\/campanha-natal-para-todos-mais-de-160-atendimentos\/#primaryimage\",\"url\":\"https:\/\/www.manaus.am.gov.br\/semasc\/wp-content\/uploads\/sites\/17\/2024\/12\/54185215888_b2e4476f15_k.jpg\",\"contentUrl\":\"https:\/\/www.manaus.am.gov.br\/semasc\/wp-content\/uploads\/sites\/17\/2024\/12\/54185215888_b2e4476f15_k.jpg\",\"width\":2048,\"height\":1365,\"caption\":\"#paratodosverem - Pessoa em situa\u00e7\u00e3o de rua recebendo atendimento da Semasc durante campanha \\\"Natal Para Todos\\\"\"},{\"@type\":\"BreadcrumbList\",\"@id\":\"https:\/\/www.manaus.am.gov.br\/semasc\/campanha-natal-para-todos-mais-de-160-atendimentos\/#breadcrumb\",\"itemListElement\":[{\"@type\":\"ListItem\",\"position\":1,\"name\":\"Home\",\"item\":\"https:\/\/www.manaus.am.gov.br\/semasc\/\"},{\"@type\":\"ListItem\",\"position\":2,\"name\":\"Prefeitura de Manaus d\u00e1 in\u00edcio \u00e0 campanha \u2018Natal Para Todos\u2019 com mais de 160 atendimentos a pessoas em situa\u00e7\u00e3o de rua\"}]},{\"@type\":\"WebSite\",\"@id\":\"https:\/\/www.manaus.am.gov.br\/semasc\/#website\",\"url\":\"https:\/\/www.manaus.am.gov.br\/semasc\/\",\"name\":\"SEMASC\",\"description\":\"Secretaria Municipal da Mulher, Assist\u00eancia Social e Cidadania.\",\"publisher\":{\"@id\":\"https:\/\/www.manaus.am.gov.br\/semasc\/#organization\"},\"alternateName\":\"Secretaria Municipal da Mulher, Assist\u00eancia Social e Cidadania\",\"potentialAction\":[{\"@type\":\"SearchAction\",\"target\":{\"@type\":\"EntryPoint\",\"urlTemplate\":\"https:\/\/www.manaus.am.gov.br\/semasc\/?s={search_term_string}\"},\"query-input\":\"required name=search_term_string\"}],\"inLanguage\":\"pt-BR\"},{\"@type\":\"Organization\",\"@id\":\"https:\/\/www.manaus.am.gov.br\/semasc\/#organization\",\"name\":\"Prefeitura de Manaus\",\"alternateName\":\"Prefeitura Municipal de Manaus\",\"url\":\"https:\/\/www.manaus.am.gov.br\/semasc\/\",\"logo\":{\"@type\":\"ImageObject\",\"inLanguage\":\"pt-BR\",\"@id\":\"https:\/\/www.manaus.am.gov.br\/semasc\/#\/schema\/logo\/image\/\",\"url\":\"https:\/\/www.manaus.am.gov.br\/semasc\/wp-content\/uploads\/sites\/17\/2024\/07\/favicon.png\",\"contentUrl\":\"https:\/\/www.manaus.am.gov.br\/semasc\/wp-content\/uploads\/sites\/17\/2024\/07\/favicon.png\",\"width\":300,\"height\":300,\"caption\":\"Prefeitura de Manaus\"},\"image\":{\"@id\":\"https:\/\/www.manaus.am.gov.br\/semasc\/#\/schema\/logo\/image\/\"},\"sameAs\":[\"https:\/\/www.facebook.com\/semascmanaus\",\"https:\/\/www.instagram.com\/semascmanaus\/\"]},{\"@type\":\"Person\",\"@id\":\"https:\/\/www.manaus.am.gov.br\/semasc\/#\/schema\/person\/05d223aea2bf115f9883a6ff3683d81b\",\"name\":\"Bruna Greco\",\"image\":{\"@type\":\"ImageObject\",\"inLanguage\":\"pt-BR\",\"@id\":\"https:\/\/www.manaus.am.gov.br\/semasc\/#\/schema\/person\/image\/\",\"url\":\"https:\/\/secure.gravatar.com\/avatar\/9c877d1a6adc2a055330e5c09a8653ce?s=96&d=mm&r=g\",\"contentUrl\":\"https:\/\/secure.gravatar.com\/avatar\/9c877d1a6adc2a055330e5c09a8653ce?s=96&d=mm&r=g\",\"caption\":\"Bruna Greco\"}}]}<\/script>\n<!-- \/ Yoast SEO plugin. -->","yoast_head_json":{"title":"Prefeitura de Manaus d\u00e1 in\u00edcio \u00e0 campanha \u2018Natal Para Todos\u2019","description":"Prefeitura de Manaus d\u00e1 in\u00edcio \u00e0 campanha \u2018Natal Para Todos\u2019 com mais de 160 atendimentos a pessoas em situa\u00e7\u00e3o de rua.","robots":{"index":"noindex","follow":"follow"},"og_locale":"pt_BR","og_type":"article","og_title":"Prefeitura de Manaus d\u00e1 in\u00edcio \u00e0 campanha \u2018Natal Para Todos\u2019","og_description":"Prefeitura de Manaus d\u00e1 in\u00edcio \u00e0 campanha \u2018Natal Para Todos\u2019 com mais de 160 atendimentos a pessoas em situa\u00e7\u00e3o de rua.","og_url":"https:\/\/www.manaus.am.gov.br\/semasc\/campanha-natal-para-todos-mais-de-160-atendimentos\/","og_site_name":"SEMASC","article_publisher":"https:\/\/www.facebook.com\/semascmanaus","article_published_time":"2024-12-05T17:50:58+00:00","article_modified_time":"2024-12-12T13:55:01+00:00","og_image":[{"width":2048,"height":1365,"url":"https:\/\/www.manaus.am.gov.br\/semasc\/wp-content\/uploads\/sites\/17\/2024\/12\/54185215888_b2e4476f15_k.jpg","type":"image\/jpeg"}],"author":"Bruna Greco","twitter_card":"summary_large_image","twitter_misc":{"Written by":"Bruna Greco","Est. reading time":"4 minutos"},"schema":{"@context":"https:\/\/schema.org","@graph":[{"@type":"Article","@id":"https:\/\/www.manaus.am.gov.br\/semasc\/campanha-natal-para-todos-mais-de-160-atendimentos\/#article","isPartOf":{"@id":"https:\/\/www.manaus.am.gov.br\/semasc\/campanha-natal-para-todos-mais-de-160-atendimentos\/"},"author":{"name":"Bruna Greco","@id":"https:\/\/www.manaus.am.gov.br\/semasc\/#\/schema\/person\/05d223aea2bf115f9883a6ff3683d81b"},"headline":"Prefeitura de Manaus d\u00e1 in\u00edcio \u00e0 campanha \u2018Natal Para Todos\u2019 com mais de 160 atendimentos a pessoas em situa\u00e7\u00e3o de rua","datePublished":"2024-12-05T17:50:58+00:00","dateModified":"2024-12-12T13:55:01+00:00","mainEntityOfPage":{"@id":"https:\/\/www.manaus.am.gov.br\/semasc\/campanha-natal-para-todos-mais-de-160-atendimentos\/"},"wordCount":722,"publisher":{"@id":"https:\/\/www.manaus.am.gov.br\/semasc\/#organization"},"image":{"@id":"https:\/\/www.manaus.am.gov.br\/semasc\/campanha-natal-para-todos-mais-de-160-atendimentos\/#primaryimage"},"thumbnailUrl":"https:\/\/www.manaus.am.gov.br\/semasc\/wp-content\/uploads\/sites\/17\/2024\/12\/54185215888_b2e4476f15_k.jpg","keywords":["campanha \u2018Natal Para Todos\u2019","mais de 160 atendimentos","parceria com a Semsa CDL e comunidade Nova e Eterna Alian\u00e7a","pessoas em situa\u00e7\u00e3o de rua","prefeitura de manaus","Semasc"],"articleSection":["Assist\u00eancia"],"inLanguage":"pt-BR"},{"@type":"WebPage","@id":"https:\/\/www.manaus.am.gov.br\/semasc\/campanha-natal-para-todos-mais-de-160-atendimentos\/","url":"https:\/\/www.manaus.am.gov.br\/semasc\/campanha-natal-para-todos-mais-de-160-atendimentos\/","name":"Prefeitura de Manaus d\u00e1 in\u00edcio \u00e0 campanha \u2018Natal Para Todos\u2019","isPartOf":{"@id":"https:\/\/www.manaus.am.gov.br\/semasc\/#website"},"primaryImageOfPage":{"@id":"https:\/\/www.manaus.am.gov.br\/semasc\/campanha-natal-para-todos-mais-de-160-atendimentos\/#primaryimage"},"image":{"@id":"https:\/\/www.manaus.am.gov.br\/semasc\/campanha-natal-para-todos-mais-de-160-atendimentos\/#primaryimage"},"thumbnailUrl":"https:\/\/www.manaus.am.gov.br\/semasc\/wp-content\/uploads\/sites\/17\/2024\/12\/54185215888_b2e4476f15_k.jpg","datePublished":"2024-12-05T17:50:58+00:00","dateModified":"2024-12-12T13:55:01+00:00","description":"Prefeitura de Manaus d\u00e1 in\u00edcio \u00e0 campanha \u2018Natal Para Todos\u2019 com mais de 160 atendimentos a pessoas em situa\u00e7\u00e3o de rua.","breadcrumb":{"@id":"https:\/\/www.manaus.am.gov.br\/semasc\/campanha-natal-para-todos-mais-de-160-atendimentos\/#breadcrumb"},"inLanguage":"pt-BR","potentialAction":[{"@type":"ReadAction","target":["https:\/\/www.manaus.am.gov.br\/semasc\/campanha-natal-para-todos-mais-de-160-atendimentos\/"]}]},{"@type":"ImageObject","inLanguage":"pt-BR","@id":"https:\/\/www.manaus.am.gov.br\/semasc\/campanha-natal-para-todos-mais-de-160-atendimentos\/#primaryimage","url":"https:\/\/www.manaus.am.gov.br\/semasc\/wp-content\/uploads\/sites\/17\/2024\/12\/54185215888_b2e4476f15_k.jpg","contentUrl":"https:\/\/www.manaus.am.gov.br\/semasc\/wp-content\/uploads\/sites\/17\/2024\/12\/54185215888_b2e4476f15_k.jpg","width":2048,"height":1365,"caption":"#paratodosverem - Pessoa em situa\u00e7\u00e3o de rua recebendo atendimento da Semasc durante campanha \"Natal Para Todos\""},{"@type":"BreadcrumbList","@id":"https:\/\/www.manaus.am.gov.br\/semasc\/campanha-natal-para-todos-mais-de-160-atendimentos\/#breadcrumb","itemListElement":[{"@type":"ListItem","position":1,"name":"Home","item":"https:\/\/www.manaus.am.gov.br\/semasc\/"},{"@type":"ListItem","position":2,"name":"Prefeitura de Manaus d\u00e1 in\u00edcio \u00e0 campanha \u2018Natal Para Todos\u2019 com mais de 160 atendimentos a pessoas em situa\u00e7\u00e3o de rua"}]},{"@type":"WebSite","@id":"https:\/\/www.manaus.am.gov.br\/semasc\/#website","url":"https:\/\/www.manaus.am.gov.br\/semasc\/","name":"SEMASC","description":"Secretaria Municipal da Mulher, Assist\u00eancia Social e Cidadania.","publisher":{"@id":"https:\/\/www.manaus.am.gov.br\/semasc\/#organization"},"alternateName":"Secretaria Municipal da Mulher, Assist\u00eancia Social e Cidadania","potentialAction":[{"@type":"SearchAction","target":{"@type":"EntryPoint","urlTemplate":"https:\/\/www.manaus.am.gov.br\/semasc\/?s={search_term_string}"},"query-input":"required name=search_term_string"}],"inLanguage":"pt-BR"},{"@type":"Organization","@id":"https:\/\/www.manaus.am.gov.br\/semasc\/#organization","name":"Prefeitura de Manaus","alternateName":"Prefeitura Municipal de Manaus","url":"https:\/\/www.manaus.am.gov.br\/semasc\/","logo":{"@type":"ImageObject","inLanguage":"pt-BR","@id":"https:\/\/www.manaus.am.gov.br\/semasc\/#\/schema\/logo\/image\/","url":"https:\/\/www.manaus.am.gov.br\/semasc\/wp-content\/uploads\/sites\/17\/2024\/07\/favicon.png","contentUrl":"https:\/\/www.manaus.am.gov.br\/semasc\/wp-content\/uploads\/sites\/17\/2024\/07\/favicon.png","width":300,"height":300,"caption":"Prefeitura de Manaus"},"image":{"@id":"https:\/\/www.manaus.am.gov.br\/semasc\/#\/schema\/logo\/image\/"},"sameAs":["https:\/\/www.facebook.com\/semascmanaus","https:\/\/www.instagram.com\/semascmanaus\/"]},{"@type":"Person","@id":"https:\/\/www.manaus.am.gov.br\/semasc\/#\/schema\/person\/05d223aea2bf115f9883a6ff3683d81b","name":"Bruna Greco","image":{"@type":"ImageObject","inLanguage":"pt-BR","@id":"https:\/\/www.manaus.am.gov.br\/semasc\/#\/schema\/person\/image\/","url":"https:\/\/secure.gravatar.com\/avatar\/9c877d1a6adc2a055330e5c09a8653ce?s=96&d=mm&r=g","contentUrl":"https:\/\/secure.gravatar.com\/avatar\/9c877d1a6adc2a055330e5c09a8653ce?s=96&d=mm&r=g","caption":"Bruna Greco"}}]}},"_links":{"self":[{"href":"https:\/\/www.manaus.am.gov.br\/semasc\/wp-json\/wp\/v2\/posts\/210968"}],"collection":[{"href":"https:\/\/www.manaus.am.gov.br\/semasc\/wp-json\/wp\/v2\/posts"}],"about":[{"href":"https:\/\/www.manaus.am.gov.br\/semasc\/wp-json\/wp\/v2\/types\/post"}],"author":[{"embeddable":true,"href":"https:\/\/www.manaus.am.gov.br\/semasc\/wp-json\/wp\/v2\/users\/39"}],"replies":[{"embeddable":true,"href":"https:\/\/www.manaus.am.gov.br\/semasc\/wp-json\/wp\/v2\/comments?post=210968"}],"version-history":[{"count":1,"href":"https:\/\/www.manaus.am.gov.br\/semasc\/wp-json\/wp\/v2\/posts\/210968\/revisions"}],"predecessor-version":[{"id":210971,"href":"https:\/\/www.manaus.am.gov.br\/semasc\/wp-json\/wp\/v2\/posts\/210968\/revisions\/210971"}],"wp:featuredmedia":[{"embeddable":true,"href":"https:\/\/www.manaus.am.gov.br\/semasc\/wp-json\/wp\/v2\/media\/210970"}],"wp:attachment":[{"href":"https:\/\/www.manaus.am.gov.br\/semasc\/wp-json\/wp\/v2\/media?parent=210968"}],"wp:term":[{"taxonomy":"category","embeddable":true,"href":"https:\/\/www.manaus.am.gov.br\/semasc\/wp-json\/wp\/v2\/categories?post=210968"},{"taxonomy":"post_tag","embeddable":true,"href":"https:\/\/www.manaus.am.gov.br\/semasc\/wp-json\/wp\/v2\/tags?post=210968"}],"curies":[{"name":"wp","href":"https:\/\/api.w.org\/{rel}","templated":true}]}}