{"id":210963,"date":"2024-12-04T14:02:05","date_gmt":"2024-12-04T18:02:05","guid":{"rendered":"https:\/\/www.manaus.am.gov.br\/semasc\/semasc-atividades-cras\/"},"modified":"2024-12-12T09:55:16","modified_gmt":"2024-12-12T13:55:16","slug":"semasc-atividades-cras","status":"publish","type":"post","link":"https:\/\/www.manaus.am.gov.br\/semasc\/semasc-atividades-cras\/","title":{"rendered":"Prefeitura realiza atividades de encerramento do Servi\u00e7o de Conviv\u00eancia e Fortalecimento de V\u00ednculos do Cras"},"content":{"rendered":"\n<p>Com o objetivo de celebrar os trabalhos realizados, durante o ano, pelas estruturas de Prote\u00e7\u00e3o Social B\u00e1sica, a Prefeitura de Manaus, por meio da Secretaria Municipal da Mulher, Assist\u00eancia Social e Cidadania (Semasc), iniciou, nesta quarta-feira, 4\/12, as atividades de encerramento do Servi\u00e7o de Conviv\u00eancia e Fortalecimento de V\u00ednculos (SCFV), come\u00e7ando pelo Centro de Refer\u00eancia de Assist\u00eancia Social (Cras) Cachoeirinha, na zona Sul.<\/p>\n\n\n\n<p>A programa\u00e7\u00e3o, que se estende at\u00e9 o dia 20 de dezembro, celebra os resultados e o fechamento de um ciclo de 12 meses de atividades desenvolvidas com usu\u00e1rios acompanhados, por meio do Servi\u00e7o de Prote\u00e7\u00e3o e Atendimento Integral \u00e0 Fam\u00edlia (Paif), em 20 unidades Cras em Manaus, localizados em diferentes pontos da cidade.<\/p>\n\n\n\n<p>\u201cDurante esses encontros, os grupos de crian\u00e7as, adolescentes e idosos ir\u00e3o apresentar um resumo das a\u00e7\u00f5es desenvolvidas ao longo do ano, promovendo uma retrospectiva dos trabalhos realizados. O encerramento tem como principal objetivo refor\u00e7ar os v\u00ednculos comunit\u00e1rios, proporcionando uma reflex\u00e3o sobre os resultados alcan\u00e7ados. Dessa forma, encerramos o ano celebrando as conquistas e reafirmando o compromisso com o bem-estar social das fam\u00edlias atendidas\u201d, destacou a gerente do SCFV, Josieth Ara\u00fajo.<\/p>\n\n\n\n<p>A coordenadora do Cras Cachoeirinha, Valdineia Albuquerque, real\u00e7ou a import\u00e2ncia desse momento para os usu\u00e1rios atendidos pelo centro, al\u00e9m da oportunidade de celebrar com um caf\u00e9 da manh\u00e3, marcado por atra\u00e7\u00f5es musicais, entrega de presentes para as crian\u00e7as e atividades voltadas para os idosos.<\/p>\n\n\n\n<p>\u201c\u00c9 de suma import\u00e2ncia promover a\u00e7\u00f5es como essa, pois proporcionam um momento de integra\u00e7\u00e3o e acolhimento \u00e0 comunidade. Com isso, promovemos este momento de celebra\u00e7\u00e3o entre os usu\u00e1rios. Assim, destacamos tamb\u00e9m o verdadeiro significado do Natal, garantindo uma conscientiza\u00e7\u00e3o sobre a import\u00e2ncia dessa data no fortalecimento de valores e na uni\u00e3o entre os participantes\u201d, frisou.<\/p>\n\n\n\n<p>A comunit\u00e1ria Ana L\u00facia Silva, 47 anos, expressou sua gratid\u00e3o pelo acolhimento oferecido pelo Paif e como o servi\u00e7o tem sido fundamental para o apoio e assist\u00eancia aos moradores locais.<\/p>\n\n\n\n<p>\u201cO atendimento que recebemos aqui \u00e9 muito importante para mim e para os moradores, pois representa um verdadeiro apoio emocional mesmo. A equipe \u00e9 fundamental, n\u00e3o s\u00f3 no atendimento direto, mas tamb\u00e9m na hora de realizar atividades que melhorem as nossas vidas. S\u00f3 tenho a agradecer a todos os envolvidos, que trabalham constantemente, para que tudo isso possa ocorrer\u201d, finalizou.<\/p>\n\n\n\n<p>\u2013 \u2013 \u2013<\/p>\n\n\n\n<p><strong>Texto<\/strong> &#8211;&nbsp;Igor Costa \/ Semasc<\/p>\n\n\n\n<p><strong>Fotos<\/strong> &#8211;&nbsp;Diego Lima \/ Semasc<\/p>\n\n\n\n<p><strong>Dispon\u00edveis em\u00a0&#8211;\u00a0<\/strong><a href=\"https:\/\/flic.kr\/s\/aHBqjBU1af\">https:\/\/flic.kr\/s\/aHBqjBU1af<\/a><\/p>\n","protected":false},"excerpt":{"rendered":"","protected":false},"author":23,"featured_media":210964,"comment_status":"closed","ping_status":"closed","sticky":false,"template":"","format":"standard","meta":{"footnotes":""},"categories":[34],"tags":[1224,121,349,102,7,1225,18],"acf":[],"yoast_head":"<!-- This site is optimized with the Yoast SEO plugin v23.0 - https:\/\/yoast.com\/wordpress\/plugins\/seo\/ -->\n<title>Prefeitura realiza atividades de encerramento do Servi\u00e7o de Conviv\u00eancia e Fortalecimento de V\u00ednculos do Cras<\/title>\n<meta name=\"description\" content=\"Com o objetivo de celebrar os trabalhos realizados, durante o ano, pelas estruturas de Prote\u00e7\u00e3o Social B\u00e1sica, a Prefeitura de Manaus, por meio da Secretaria Municipal da Mulher, Assist\u00eancia Social e Cidadania (Semasc), iniciou, nesta quarta-feira, 4\/12, as atividades de encerramento do Servi\u00e7o de Conviv\u00eancia e Fortalecimento de V\u00ednculos (SCFV), come\u00e7ando pelo Centro de Refer\u00eancia de Assist\u00eancia Social (Cras) Cachoeirinha, na zona Sul.\" \/>\n<meta name=\"robots\" content=\"noindex, follow\" \/>\n<meta property=\"og:locale\" content=\"pt_BR\" \/>\n<meta property=\"og:type\" content=\"article\" \/>\n<meta property=\"og:title\" content=\"Prefeitura realiza atividades de encerramento do Servi\u00e7o de Conviv\u00eancia e Fortalecimento de V\u00ednculos do Cras\" \/>\n<meta property=\"og:description\" content=\"Com o objetivo de celebrar os trabalhos realizados, durante o ano, pelas estruturas de Prote\u00e7\u00e3o Social B\u00e1sica, a Prefeitura de Manaus, por meio da Secretaria Municipal da Mulher, Assist\u00eancia Social e Cidadania (Semasc), iniciou, nesta quarta-feira, 4\/12, as atividades de encerramento do Servi\u00e7o de Conviv\u00eancia e Fortalecimento de V\u00ednculos (SCFV), come\u00e7ando pelo Centro de Refer\u00eancia de Assist\u00eancia Social (Cras) Cachoeirinha, na zona Sul.\" \/>\n<meta property=\"og:url\" content=\"https:\/\/www.manaus.am.gov.br\/semasc\/semasc-atividades-cras\/\" \/>\n<meta property=\"og:site_name\" content=\"SEMASC\" \/>\n<meta property=\"article:publisher\" content=\"https:\/\/www.facebook.com\/semascmanaus\" \/>\n<meta property=\"article:published_time\" content=\"2024-12-04T18:02:05+00:00\" \/>\n<meta property=\"article:modified_time\" content=\"2024-12-12T13:55:16+00:00\" \/>\n<meta property=\"og:image\" content=\"https:\/\/www.manaus.am.gov.br\/semasc\/wp-content\/uploads\/sites\/17\/2024\/12\/54183659795_f0bde12d23_c.jpg\" \/>\n\t<meta property=\"og:image:width\" content=\"799\" \/>\n\t<meta property=\"og:image:height\" content=\"533\" \/>\n\t<meta property=\"og:image:type\" content=\"image\/jpeg\" \/>\n<meta name=\"author\" content=\"Adriana Costa\" \/>\n<meta name=\"twitter:card\" content=\"summary_large_image\" \/>\n<meta name=\"twitter:label1\" content=\"Written by\" \/>\n\t<meta name=\"twitter:data1\" content=\"Adriana Costa\" \/>\n\t<meta name=\"twitter:label2\" content=\"Est. reading time\" \/>\n\t<meta name=\"twitter:data2\" content=\"3 minutos\" \/>\n<script type=\"application\/ld+json\" class=\"yoast-schema-graph\">{\"@context\":\"https:\/\/schema.org\",\"@graph\":[{\"@type\":\"Article\",\"@id\":\"https:\/\/www.manaus.am.gov.br\/semasc\/semasc-atividades-cras\/#article\",\"isPartOf\":{\"@id\":\"https:\/\/www.manaus.am.gov.br\/semasc\/semasc-atividades-cras\/\"},\"author\":{\"name\":\"Adriana Costa\",\"@id\":\"https:\/\/www.manaus.am.gov.br\/semasc\/#\/schema\/person\/4e49f4e267757a06ca072ec61b2b9968\"},\"headline\":\"Prefeitura realiza atividades de encerramento do Servi\u00e7o de Conviv\u00eancia e Fortalecimento de V\u00ednculos do Cras\",\"datePublished\":\"2024-12-04T18:02:05+00:00\",\"dateModified\":\"2024-12-12T13:55:16+00:00\",\"mainEntityOfPage\":{\"@id\":\"https:\/\/www.manaus.am.gov.br\/semasc\/semasc-atividades-cras\/\"},\"wordCount\":451,\"publisher\":{\"@id\":\"https:\/\/www.manaus.am.gov.br\/semasc\/#organization\"},\"image\":{\"@id\":\"https:\/\/www.manaus.am.gov.br\/semasc\/semasc-atividades-cras\/#primaryimage\"},\"thumbnailUrl\":\"https:\/\/www.manaus.am.gov.br\/semasc\/wp-content\/uploads\/sites\/17\/2024\/12\/54183659795_f0bde12d23_c.jpg\",\"keywords\":[\"atividades\",\"cras\",\"Cras Cachoeirinha\",\"encerramento\",\"prefeitura de manaus\",\"SCFV\",\"Semasc\"],\"articleSection\":[\"Assist\u00eancia Social\"],\"inLanguage\":\"pt-BR\"},{\"@type\":\"WebPage\",\"@id\":\"https:\/\/www.manaus.am.gov.br\/semasc\/semasc-atividades-cras\/\",\"url\":\"https:\/\/www.manaus.am.gov.br\/semasc\/semasc-atividades-cras\/\",\"name\":\"Prefeitura realiza atividades de encerramento do Servi\u00e7o de Conviv\u00eancia e Fortalecimento de V\u00ednculos do Cras\",\"isPartOf\":{\"@id\":\"https:\/\/www.manaus.am.gov.br\/semasc\/#website\"},\"primaryImageOfPage\":{\"@id\":\"https:\/\/www.manaus.am.gov.br\/semasc\/semasc-atividades-cras\/#primaryimage\"},\"image\":{\"@id\":\"https:\/\/www.manaus.am.gov.br\/semasc\/semasc-atividades-cras\/#primaryimage\"},\"thumbnailUrl\":\"https:\/\/www.manaus.am.gov.br\/semasc\/wp-content\/uploads\/sites\/17\/2024\/12\/54183659795_f0bde12d23_c.jpg\",\"datePublished\":\"2024-12-04T18:02:05+00:00\",\"dateModified\":\"2024-12-12T13:55:16+00:00\",\"description\":\"Com o objetivo de celebrar os trabalhos realizados, durante o ano, pelas estruturas de Prote\u00e7\u00e3o Social B\u00e1sica, a Prefeitura de Manaus, por meio da Secretaria Municipal da Mulher, Assist\u00eancia Social e Cidadania (Semasc), iniciou, nesta quarta-feira, 4\/12, as atividades de encerramento do Servi\u00e7o de Conviv\u00eancia e Fortalecimento de V\u00ednculos (SCFV), come\u00e7ando pelo Centro de Refer\u00eancia de Assist\u00eancia Social (Cras) Cachoeirinha, na zona Sul.\",\"breadcrumb\":{\"@id\":\"https:\/\/www.manaus.am.gov.br\/semasc\/semasc-atividades-cras\/#breadcrumb\"},\"inLanguage\":\"pt-BR\",\"potentialAction\":[{\"@type\":\"ReadAction\",\"target\":[\"https:\/\/www.manaus.am.gov.br\/semasc\/semasc-atividades-cras\/\"]}]},{\"@type\":\"ImageObject\",\"inLanguage\":\"pt-BR\",\"@id\":\"https:\/\/www.manaus.am.gov.br\/semasc\/semasc-atividades-cras\/#primaryimage\",\"url\":\"https:\/\/www.manaus.am.gov.br\/semasc\/wp-content\/uploads\/sites\/17\/2024\/12\/54183659795_f0bde12d23_c.jpg\",\"contentUrl\":\"https:\/\/www.manaus.am.gov.br\/semasc\/wp-content\/uploads\/sites\/17\/2024\/12\/54183659795_f0bde12d23_c.jpg\",\"width\":799,\"height\":533},{\"@type\":\"BreadcrumbList\",\"@id\":\"https:\/\/www.manaus.am.gov.br\/semasc\/semasc-atividades-cras\/#breadcrumb\",\"itemListElement\":[{\"@type\":\"ListItem\",\"position\":1,\"name\":\"Home\",\"item\":\"https:\/\/www.manaus.am.gov.br\/semasc\/\"},{\"@type\":\"ListItem\",\"position\":2,\"name\":\"Prefeitura realiza atividades de encerramento do Servi\u00e7o de Conviv\u00eancia e Fortalecimento de V\u00ednculos do Cras\"}]},{\"@type\":\"WebSite\",\"@id\":\"https:\/\/www.manaus.am.gov.br\/semasc\/#website\",\"url\":\"https:\/\/www.manaus.am.gov.br\/semasc\/\",\"name\":\"SEMASC\",\"description\":\"Secretaria Municipal da Mulher, Assist\u00eancia Social e Cidadania.\",\"publisher\":{\"@id\":\"https:\/\/www.manaus.am.gov.br\/semasc\/#organization\"},\"alternateName\":\"Secretaria Municipal da Mulher, Assist\u00eancia Social e Cidadania\",\"potentialAction\":[{\"@type\":\"SearchAction\",\"target\":{\"@type\":\"EntryPoint\",\"urlTemplate\":\"https:\/\/www.manaus.am.gov.br\/semasc\/?s={search_term_string}\"},\"query-input\":\"required name=search_term_string\"}],\"inLanguage\":\"pt-BR\"},{\"@type\":\"Organization\",\"@id\":\"https:\/\/www.manaus.am.gov.br\/semasc\/#organization\",\"name\":\"Prefeitura de Manaus\",\"alternateName\":\"Prefeitura Municipal de Manaus\",\"url\":\"https:\/\/www.manaus.am.gov.br\/semasc\/\",\"logo\":{\"@type\":\"ImageObject\",\"inLanguage\":\"pt-BR\",\"@id\":\"https:\/\/www.manaus.am.gov.br\/semasc\/#\/schema\/logo\/image\/\",\"url\":\"https:\/\/www.manaus.am.gov.br\/semasc\/wp-content\/uploads\/sites\/17\/2024\/07\/favicon.png\",\"contentUrl\":\"https:\/\/www.manaus.am.gov.br\/semasc\/wp-content\/uploads\/sites\/17\/2024\/07\/favicon.png\",\"width\":300,\"height\":300,\"caption\":\"Prefeitura de Manaus\"},\"image\":{\"@id\":\"https:\/\/www.manaus.am.gov.br\/semasc\/#\/schema\/logo\/image\/\"},\"sameAs\":[\"https:\/\/www.facebook.com\/semascmanaus\",\"https:\/\/www.instagram.com\/semascmanaus\/\"]},{\"@type\":\"Person\",\"@id\":\"https:\/\/www.manaus.am.gov.br\/semasc\/#\/schema\/person\/4e49f4e267757a06ca072ec61b2b9968\",\"name\":\"Adriana Costa\",\"image\":{\"@type\":\"ImageObject\",\"inLanguage\":\"pt-BR\",\"@id\":\"https:\/\/www.manaus.am.gov.br\/semasc\/#\/schema\/person\/image\/\",\"url\":\"https:\/\/secure.gravatar.com\/avatar\/576258617ef7194f718179e766d57bd4?s=96&d=mm&r=g\",\"contentUrl\":\"https:\/\/secure.gravatar.com\/avatar\/576258617ef7194f718179e766d57bd4?s=96&d=mm&r=g\",\"caption\":\"Adriana Costa\"}}]}<\/script>\n<!-- \/ Yoast SEO plugin. -->","yoast_head_json":{"title":"Prefeitura realiza atividades de encerramento do Servi\u00e7o de Conviv\u00eancia e Fortalecimento de V\u00ednculos do Cras","description":"Com o objetivo de celebrar os trabalhos realizados, durante o ano, pelas estruturas de Prote\u00e7\u00e3o Social B\u00e1sica, a Prefeitura de Manaus, por meio da Secretaria Municipal da Mulher, Assist\u00eancia Social e Cidadania (Semasc), iniciou, nesta quarta-feira, 4\/12, as atividades de encerramento do Servi\u00e7o de Conviv\u00eancia e Fortalecimento de V\u00ednculos (SCFV), come\u00e7ando pelo Centro de Refer\u00eancia de Assist\u00eancia Social (Cras) Cachoeirinha, na zona Sul.","robots":{"index":"noindex","follow":"follow"},"og_locale":"pt_BR","og_type":"article","og_title":"Prefeitura realiza atividades de encerramento do Servi\u00e7o de Conviv\u00eancia e Fortalecimento de V\u00ednculos do Cras","og_description":"Com o objetivo de celebrar os trabalhos realizados, durante o ano, pelas estruturas de Prote\u00e7\u00e3o Social B\u00e1sica, a Prefeitura de Manaus, por meio da Secretaria Municipal da Mulher, Assist\u00eancia Social e Cidadania (Semasc), iniciou, nesta quarta-feira, 4\/12, as atividades de encerramento do Servi\u00e7o de Conviv\u00eancia e Fortalecimento de V\u00ednculos (SCFV), come\u00e7ando pelo Centro de Refer\u00eancia de Assist\u00eancia Social (Cras) Cachoeirinha, na zona Sul.","og_url":"https:\/\/www.manaus.am.gov.br\/semasc\/semasc-atividades-cras\/","og_site_name":"SEMASC","article_publisher":"https:\/\/www.facebook.com\/semascmanaus","article_published_time":"2024-12-04T18:02:05+00:00","article_modified_time":"2024-12-12T13:55:16+00:00","og_image":[{"width":799,"height":533,"url":"https:\/\/www.manaus.am.gov.br\/semasc\/wp-content\/uploads\/sites\/17\/2024\/12\/54183659795_f0bde12d23_c.jpg","type":"image\/jpeg"}],"author":"Adriana Costa","twitter_card":"summary_large_image","twitter_misc":{"Written by":"Adriana Costa","Est. reading time":"3 minutos"},"schema":{"@context":"https:\/\/schema.org","@graph":[{"@type":"Article","@id":"https:\/\/www.manaus.am.gov.br\/semasc\/semasc-atividades-cras\/#article","isPartOf":{"@id":"https:\/\/www.manaus.am.gov.br\/semasc\/semasc-atividades-cras\/"},"author":{"name":"Adriana Costa","@id":"https:\/\/www.manaus.am.gov.br\/semasc\/#\/schema\/person\/4e49f4e267757a06ca072ec61b2b9968"},"headline":"Prefeitura realiza atividades de encerramento do Servi\u00e7o de Conviv\u00eancia e Fortalecimento de V\u00ednculos do Cras","datePublished":"2024-12-04T18:02:05+00:00","dateModified":"2024-12-12T13:55:16+00:00","mainEntityOfPage":{"@id":"https:\/\/www.manaus.am.gov.br\/semasc\/semasc-atividades-cras\/"},"wordCount":451,"publisher":{"@id":"https:\/\/www.manaus.am.gov.br\/semasc\/#organization"},"image":{"@id":"https:\/\/www.manaus.am.gov.br\/semasc\/semasc-atividades-cras\/#primaryimage"},"thumbnailUrl":"https:\/\/www.manaus.am.gov.br\/semasc\/wp-content\/uploads\/sites\/17\/2024\/12\/54183659795_f0bde12d23_c.jpg","keywords":["atividades","cras","Cras Cachoeirinha","encerramento","prefeitura de manaus","SCFV","Semasc"],"articleSection":["Assist\u00eancia Social"],"inLanguage":"pt-BR"},{"@type":"WebPage","@id":"https:\/\/www.manaus.am.gov.br\/semasc\/semasc-atividades-cras\/","url":"https:\/\/www.manaus.am.gov.br\/semasc\/semasc-atividades-cras\/","name":"Prefeitura realiza atividades de encerramento do Servi\u00e7o de Conviv\u00eancia e Fortalecimento de V\u00ednculos do Cras","isPartOf":{"@id":"https:\/\/www.manaus.am.gov.br\/semasc\/#website"},"primaryImageOfPage":{"@id":"https:\/\/www.manaus.am.gov.br\/semasc\/semasc-atividades-cras\/#primaryimage"},"image":{"@id":"https:\/\/www.manaus.am.gov.br\/semasc\/semasc-atividades-cras\/#primaryimage"},"thumbnailUrl":"https:\/\/www.manaus.am.gov.br\/semasc\/wp-content\/uploads\/sites\/17\/2024\/12\/54183659795_f0bde12d23_c.jpg","datePublished":"2024-12-04T18:02:05+00:00","dateModified":"2024-12-12T13:55:16+00:00","description":"Com o objetivo de celebrar os trabalhos realizados, durante o ano, pelas estruturas de Prote\u00e7\u00e3o Social B\u00e1sica, a Prefeitura de Manaus, por meio da Secretaria Municipal da Mulher, Assist\u00eancia Social e Cidadania (Semasc), iniciou, nesta quarta-feira, 4\/12, as atividades de encerramento do Servi\u00e7o de Conviv\u00eancia e Fortalecimento de V\u00ednculos (SCFV), come\u00e7ando pelo Centro de Refer\u00eancia de Assist\u00eancia Social (Cras) Cachoeirinha, na zona Sul.","breadcrumb":{"@id":"https:\/\/www.manaus.am.gov.br\/semasc\/semasc-atividades-cras\/#breadcrumb"},"inLanguage":"pt-BR","potentialAction":[{"@type":"ReadAction","target":["https:\/\/www.manaus.am.gov.br\/semasc\/semasc-atividades-cras\/"]}]},{"@type":"ImageObject","inLanguage":"pt-BR","@id":"https:\/\/www.manaus.am.gov.br\/semasc\/semasc-atividades-cras\/#primaryimage","url":"https:\/\/www.manaus.am.gov.br\/semasc\/wp-content\/uploads\/sites\/17\/2024\/12\/54183659795_f0bde12d23_c.jpg","contentUrl":"https:\/\/www.manaus.am.gov.br\/semasc\/wp-content\/uploads\/sites\/17\/2024\/12\/54183659795_f0bde12d23_c.jpg","width":799,"height":533},{"@type":"BreadcrumbList","@id":"https:\/\/www.manaus.am.gov.br\/semasc\/semasc-atividades-cras\/#breadcrumb","itemListElement":[{"@type":"ListItem","position":1,"name":"Home","item":"https:\/\/www.manaus.am.gov.br\/semasc\/"},{"@type":"ListItem","position":2,"name":"Prefeitura realiza atividades de encerramento do Servi\u00e7o de Conviv\u00eancia e Fortalecimento de V\u00ednculos do Cras"}]},{"@type":"WebSite","@id":"https:\/\/www.manaus.am.gov.br\/semasc\/#website","url":"https:\/\/www.manaus.am.gov.br\/semasc\/","name":"SEMASC","description":"Secretaria Municipal da Mulher, Assist\u00eancia Social e Cidadania.","publisher":{"@id":"https:\/\/www.manaus.am.gov.br\/semasc\/#organization"},"alternateName":"Secretaria Municipal da Mulher, Assist\u00eancia Social e Cidadania","potentialAction":[{"@type":"SearchAction","target":{"@type":"EntryPoint","urlTemplate":"https:\/\/www.manaus.am.gov.br\/semasc\/?s={search_term_string}"},"query-input":"required name=search_term_string"}],"inLanguage":"pt-BR"},{"@type":"Organization","@id":"https:\/\/www.manaus.am.gov.br\/semasc\/#organization","name":"Prefeitura de Manaus","alternateName":"Prefeitura Municipal de Manaus","url":"https:\/\/www.manaus.am.gov.br\/semasc\/","logo":{"@type":"ImageObject","inLanguage":"pt-BR","@id":"https:\/\/www.manaus.am.gov.br\/semasc\/#\/schema\/logo\/image\/","url":"https:\/\/www.manaus.am.gov.br\/semasc\/wp-content\/uploads\/sites\/17\/2024\/07\/favicon.png","contentUrl":"https:\/\/www.manaus.am.gov.br\/semasc\/wp-content\/uploads\/sites\/17\/2024\/07\/favicon.png","width":300,"height":300,"caption":"Prefeitura de Manaus"},"image":{"@id":"https:\/\/www.manaus.am.gov.br\/semasc\/#\/schema\/logo\/image\/"},"sameAs":["https:\/\/www.facebook.com\/semascmanaus","https:\/\/www.instagram.com\/semascmanaus\/"]},{"@type":"Person","@id":"https:\/\/www.manaus.am.gov.br\/semasc\/#\/schema\/person\/4e49f4e267757a06ca072ec61b2b9968","name":"Adriana Costa","image":{"@type":"ImageObject","inLanguage":"pt-BR","@id":"https:\/\/www.manaus.am.gov.br\/semasc\/#\/schema\/person\/image\/","url":"https:\/\/secure.gravatar.com\/avatar\/576258617ef7194f718179e766d57bd4?s=96&d=mm&r=g","contentUrl":"https:\/\/secure.gravatar.com\/avatar\/576258617ef7194f718179e766d57bd4?s=96&d=mm&r=g","caption":"Adriana Costa"}}]}},"_links":{"self":[{"href":"https:\/\/www.manaus.am.gov.br\/semasc\/wp-json\/wp\/v2\/posts\/210963"}],"collection":[{"href":"https:\/\/www.manaus.am.gov.br\/semasc\/wp-json\/wp\/v2\/posts"}],"about":[{"href":"https:\/\/www.manaus.am.gov.br\/semasc\/wp-json\/wp\/v2\/types\/post"}],"author":[{"embeddable":true,"href":"https:\/\/www.manaus.am.gov.br\/semasc\/wp-json\/wp\/v2\/users\/23"}],"replies":[{"embeddable":true,"href":"https:\/\/www.manaus.am.gov.br\/semasc\/wp-json\/wp\/v2\/comments?post=210963"}],"version-history":[{"count":1,"href":"https:\/\/www.manaus.am.gov.br\/semasc\/wp-json\/wp\/v2\/posts\/210963\/revisions"}],"predecessor-version":[{"id":210966,"href":"https:\/\/www.manaus.am.gov.br\/semasc\/wp-json\/wp\/v2\/posts\/210963\/revisions\/210966"}],"wp:featuredmedia":[{"embeddable":true,"href":"https:\/\/www.manaus.am.gov.br\/semasc\/wp-json\/wp\/v2\/media\/210964"}],"wp:attachment":[{"href":"https:\/\/www.manaus.am.gov.br\/semasc\/wp-json\/wp\/v2\/media?parent=210963"}],"wp:term":[{"taxonomy":"category","embeddable":true,"href":"https:\/\/www.manaus.am.gov.br\/semasc\/wp-json\/wp\/v2\/categories?post=210963"},{"taxonomy":"post_tag","embeddable":true,"href":"https:\/\/www.manaus.am.gov.br\/semasc\/wp-json\/wp\/v2\/tags?post=210963"}],"curies":[{"name":"wp","href":"https:\/\/api.w.org\/{rel}","templated":true}]}}