{"id":210893,"date":"2024-11-13T12:20:55","date_gmt":"2024-11-13T16:20:55","guid":{"rendered":"https:\/\/www.manaus.am.gov.br\/semasc\/oficina-artesanato-mulheres-atendidas-casa-acolhimento\/"},"modified":"2024-11-22T12:47:26","modified_gmt":"2024-11-22T16:47:26","slug":"oficina-artesanato-mulheres-atendidas-casa-acolhimento","status":"publish","type":"post","link":"https:\/\/www.manaus.am.gov.br\/semasc\/oficina-artesanato-mulheres-atendidas-casa-acolhimento\/","title":{"rendered":"Prefeitura de Manaus realiza oficina de artesanato para mulheres atendidas em casa de acolhimento"},"content":{"rendered":"\n<p>A Prefeitura de Manaus, por meio da Secretaria Municipal da Mulher, Assist\u00eancia Social e Cidadania (Semasc), realizou, nesta quarta-feira, 13\/11, a \u201cOficina de Fuxico\u201d voltada \u00e0s usu\u00e1rias atendidas pela \u201cYcamiabas &#8211; Casa de Acolhimento para Mulheres V\u00edtimas de Viol\u00eancia\u201d, na zona Sul da cidade. Com a oficina, as acolhidas aprenderam a t\u00e9cnica artesanal do \u201cfuxico\u201d, em que restos e retalhos de tecido s\u00e3o utilizados para criar outras pe\u00e7as, geralmente artigos decorativos.<\/p>\n\n\n\n<p>Educadora social da Ycamiabas e facilitadora da oficina, Solange Ara\u00fajo destacou os benef\u00edcios da atividade, como o impacto positivo no bem-estar das participantes e nas possibilidades de gera\u00e7\u00e3o de renda extra.<\/p>\n\n\n\n<p>\u201cAl\u00e9m de ser terap\u00eautica e ajudar a reduzir o estresse, a pr\u00e1tica fortalece a autoestima e oferece uma oportunidade de gerar renda, auxiliando na recupera\u00e7\u00e3o social e no fortalecimento da independ\u00eancia financeira\u201d, destacou.<\/p>\n\n\n\n<p>A dona de casa A.G,&nbsp;referenciada h\u00e1 duas semanas, expressou sua satisfa\u00e7\u00e3o ao participar da oficina, ressaltando ainda que essa foi a primeira vez em que teve contato com o artesanato.<\/p>\n\n\n\n<p>\u201cEssa \u00e9 a minha primeira vez fazendo algo do tipo e estou muito satisfeita por participar da oficina. Foi uma experi\u00eancia maravilhosa, e me sinto muito grata por poder adquirir esse novo conhecimento\u201d, finalizou.<\/p>\n\n\n\n<figure class=\"wp-block-image size-large\"><img loading=\"lazy\" decoding=\"async\" width=\"1024\" height=\"682\" src=\"https:\/\/www.manaus.am.gov.br\/semasc\/wp-content\/uploads\/sites\/17\/2024\/11\/WhatsApp-Image-2024-11-13-at-10.17.45-2-1024x682.jpeg\" alt=\"\" class=\"wp-image-210894\" srcset=\"https:\/\/www.manaus.am.gov.br\/semasc\/wp-content\/uploads\/sites\/17\/2024\/11\/WhatsApp-Image-2024-11-13-at-10.17.45-2-1024x682.jpeg 1024w, https:\/\/www.manaus.am.gov.br\/semasc\/wp-content\/uploads\/sites\/17\/2024\/11\/WhatsApp-Image-2024-11-13-at-10.17.45-2-300x200.jpeg 300w, https:\/\/www.manaus.am.gov.br\/semasc\/wp-content\/uploads\/sites\/17\/2024\/11\/WhatsApp-Image-2024-11-13-at-10.17.45-2-768x512.jpeg 768w, https:\/\/www.manaus.am.gov.br\/semasc\/wp-content\/uploads\/sites\/17\/2024\/11\/WhatsApp-Image-2024-11-13-at-10.17.45-2-1536x1024.jpeg 1536w, https:\/\/www.manaus.am.gov.br\/semasc\/wp-content\/uploads\/sites\/17\/2024\/11\/WhatsApp-Image-2024-11-13-at-10.17.45-2-2048x1365.jpeg 2048w\" sizes=\"(max-width: 1024px) 100vw, 1024px\" \/><\/figure>\n\n\n\n<p>&#8212; &#8212; &#8212;<\/p>\n\n\n\n<p><strong>Texto &#8211;\u00a0<\/strong>Igor Costa\/Semasc<\/p>\n\n\n\n<p><strong>Fotos &#8211; <\/strong>Diego Lima\/Semasc<\/p>\n","protected":false},"excerpt":{"rendered":"","protected":false},"author":39,"featured_media":210895,"comment_status":"closed","ping_status":"closed","sticky":false,"template":"","format":"standard","meta":{"footnotes":""},"categories":[54],"tags":[1198,1199,7,18,529],"acf":[],"yoast_head":"<!-- This site is optimized with the Yoast SEO plugin v23.0 - https:\/\/yoast.com\/wordpress\/plugins\/seo\/ -->\n<title>Oficina para mulheres atendidas em casa de acolhimento<\/title>\n<meta name=\"description\" content=\"Prefeitura de Manaus, por meio da Semasc, realiza oficina de artesanato para mulheres atendidas em casa de acolhimento.\" \/>\n<meta name=\"robots\" content=\"noindex, follow\" \/>\n<meta property=\"og:locale\" content=\"pt_BR\" \/>\n<meta property=\"og:type\" content=\"article\" \/>\n<meta property=\"og:title\" content=\"Oficina para mulheres atendidas em casa de acolhimento\" \/>\n<meta property=\"og:description\" content=\"Prefeitura de Manaus, por meio da Semasc, realiza oficina de artesanato para mulheres atendidas em casa de acolhimento.\" \/>\n<meta property=\"og:url\" content=\"https:\/\/www.manaus.am.gov.br\/semasc\/oficina-artesanato-mulheres-atendidas-casa-acolhimento\/\" \/>\n<meta property=\"og:site_name\" content=\"SEMASC\" \/>\n<meta property=\"article:publisher\" content=\"https:\/\/www.facebook.com\/semascmanaus\" \/>\n<meta property=\"article:published_time\" content=\"2024-11-13T16:20:55+00:00\" \/>\n<meta property=\"article:modified_time\" content=\"2024-11-22T16:47:26+00:00\" \/>\n<meta property=\"og:image\" content=\"https:\/\/www.manaus.am.gov.br\/semasc\/wp-content\/uploads\/sites\/17\/2024\/11\/WhatsApp-Image-2024-11-13-at-10.17.45.jpeg\" \/>\n\t<meta property=\"og:image:width\" content=\"2560\" \/>\n\t<meta property=\"og:image:height\" content=\"1706\" \/>\n\t<meta property=\"og:image:type\" content=\"image\/jpeg\" \/>\n<meta name=\"author\" content=\"Bruna Greco\" \/>\n<meta name=\"twitter:card\" content=\"summary_large_image\" \/>\n<meta name=\"twitter:label1\" content=\"Written by\" \/>\n\t<meta name=\"twitter:data1\" content=\"Bruna Greco\" \/>\n\t<meta name=\"twitter:label2\" content=\"Est. reading time\" \/>\n\t<meta name=\"twitter:data2\" content=\"2 minutos\" \/>\n<script type=\"application\/ld+json\" class=\"yoast-schema-graph\">{\"@context\":\"https:\/\/schema.org\",\"@graph\":[{\"@type\":\"Article\",\"@id\":\"https:\/\/www.manaus.am.gov.br\/semasc\/oficina-artesanato-mulheres-atendidas-casa-acolhimento\/#article\",\"isPartOf\":{\"@id\":\"https:\/\/www.manaus.am.gov.br\/semasc\/oficina-artesanato-mulheres-atendidas-casa-acolhimento\/\"},\"author\":{\"name\":\"Bruna Greco\",\"@id\":\"https:\/\/www.manaus.am.gov.br\/semasc\/#\/schema\/person\/05d223aea2bf115f9883a6ff3683d81b\"},\"headline\":\"Prefeitura de Manaus realiza oficina de artesanato para mulheres atendidas em casa de acolhimento\",\"datePublished\":\"2024-11-13T16:20:55+00:00\",\"dateModified\":\"2024-11-22T16:47:26+00:00\",\"mainEntityOfPage\":{\"@id\":\"https:\/\/www.manaus.am.gov.br\/semasc\/oficina-artesanato-mulheres-atendidas-casa-acolhimento\/\"},\"wordCount\":244,\"publisher\":{\"@id\":\"https:\/\/www.manaus.am.gov.br\/semasc\/#organization\"},\"image\":{\"@id\":\"https:\/\/www.manaus.am.gov.br\/semasc\/oficina-artesanato-mulheres-atendidas-casa-acolhimento\/#primaryimage\"},\"thumbnailUrl\":\"https:\/\/www.manaus.am.gov.br\/semasc\/wp-content\/uploads\/sites\/17\/2024\/11\/WhatsApp-Image-2024-11-13-at-10.17.45.jpeg\",\"keywords\":[\"mulheres atendidas em casa de acolhimento\",\"Oficina de Artesanato\",\"prefeitura de manaus\",\"Semasc\",\"Ycamiabas\"],\"articleSection\":[\"Atividades\"],\"inLanguage\":\"pt-BR\"},{\"@type\":\"WebPage\",\"@id\":\"https:\/\/www.manaus.am.gov.br\/semasc\/oficina-artesanato-mulheres-atendidas-casa-acolhimento\/\",\"url\":\"https:\/\/www.manaus.am.gov.br\/semasc\/oficina-artesanato-mulheres-atendidas-casa-acolhimento\/\",\"name\":\"Oficina para mulheres atendidas em casa de acolhimento\",\"isPartOf\":{\"@id\":\"https:\/\/www.manaus.am.gov.br\/semasc\/#website\"},\"primaryImageOfPage\":{\"@id\":\"https:\/\/www.manaus.am.gov.br\/semasc\/oficina-artesanato-mulheres-atendidas-casa-acolhimento\/#primaryimage\"},\"image\":{\"@id\":\"https:\/\/www.manaus.am.gov.br\/semasc\/oficina-artesanato-mulheres-atendidas-casa-acolhimento\/#primaryimage\"},\"thumbnailUrl\":\"https:\/\/www.manaus.am.gov.br\/semasc\/wp-content\/uploads\/sites\/17\/2024\/11\/WhatsApp-Image-2024-11-13-at-10.17.45.jpeg\",\"datePublished\":\"2024-11-13T16:20:55+00:00\",\"dateModified\":\"2024-11-22T16:47:26+00:00\",\"description\":\"Prefeitura de Manaus, por meio da Semasc, realiza oficina de artesanato para mulheres atendidas em casa de acolhimento.\",\"breadcrumb\":{\"@id\":\"https:\/\/www.manaus.am.gov.br\/semasc\/oficina-artesanato-mulheres-atendidas-casa-acolhimento\/#breadcrumb\"},\"inLanguage\":\"pt-BR\",\"potentialAction\":[{\"@type\":\"ReadAction\",\"target\":[\"https:\/\/www.manaus.am.gov.br\/semasc\/oficina-artesanato-mulheres-atendidas-casa-acolhimento\/\"]}]},{\"@type\":\"ImageObject\",\"inLanguage\":\"pt-BR\",\"@id\":\"https:\/\/www.manaus.am.gov.br\/semasc\/oficina-artesanato-mulheres-atendidas-casa-acolhimento\/#primaryimage\",\"url\":\"https:\/\/www.manaus.am.gov.br\/semasc\/wp-content\/uploads\/sites\/17\/2024\/11\/WhatsApp-Image-2024-11-13-at-10.17.45.jpeg\",\"contentUrl\":\"https:\/\/www.manaus.am.gov.br\/semasc\/wp-content\/uploads\/sites\/17\/2024\/11\/WhatsApp-Image-2024-11-13-at-10.17.45.jpeg\",\"width\":2560,\"height\":1706,\"caption\":\"#paratodosverem - M\u00e3os de mulheres de casa de acolhimento fazendo artesanato durante oficina de fuxico\"},{\"@type\":\"BreadcrumbList\",\"@id\":\"https:\/\/www.manaus.am.gov.br\/semasc\/oficina-artesanato-mulheres-atendidas-casa-acolhimento\/#breadcrumb\",\"itemListElement\":[{\"@type\":\"ListItem\",\"position\":1,\"name\":\"Home\",\"item\":\"https:\/\/www.manaus.am.gov.br\/semasc\/\"},{\"@type\":\"ListItem\",\"position\":2,\"name\":\"Prefeitura de Manaus realiza oficina de artesanato para mulheres atendidas em casa de acolhimento\"}]},{\"@type\":\"WebSite\",\"@id\":\"https:\/\/www.manaus.am.gov.br\/semasc\/#website\",\"url\":\"https:\/\/www.manaus.am.gov.br\/semasc\/\",\"name\":\"SEMASC\",\"description\":\"Secretaria Municipal da Mulher, Assist\u00eancia Social e Cidadania.\",\"publisher\":{\"@id\":\"https:\/\/www.manaus.am.gov.br\/semasc\/#organization\"},\"alternateName\":\"Secretaria Municipal da Mulher, Assist\u00eancia Social e Cidadania\",\"potentialAction\":[{\"@type\":\"SearchAction\",\"target\":{\"@type\":\"EntryPoint\",\"urlTemplate\":\"https:\/\/www.manaus.am.gov.br\/semasc\/?s={search_term_string}\"},\"query-input\":\"required name=search_term_string\"}],\"inLanguage\":\"pt-BR\"},{\"@type\":\"Organization\",\"@id\":\"https:\/\/www.manaus.am.gov.br\/semasc\/#organization\",\"name\":\"Prefeitura de Manaus\",\"alternateName\":\"Prefeitura Municipal de Manaus\",\"url\":\"https:\/\/www.manaus.am.gov.br\/semasc\/\",\"logo\":{\"@type\":\"ImageObject\",\"inLanguage\":\"pt-BR\",\"@id\":\"https:\/\/www.manaus.am.gov.br\/semasc\/#\/schema\/logo\/image\/\",\"url\":\"https:\/\/www.manaus.am.gov.br\/semasc\/wp-content\/uploads\/sites\/17\/2024\/07\/favicon.png\",\"contentUrl\":\"https:\/\/www.manaus.am.gov.br\/semasc\/wp-content\/uploads\/sites\/17\/2024\/07\/favicon.png\",\"width\":300,\"height\":300,\"caption\":\"Prefeitura de Manaus\"},\"image\":{\"@id\":\"https:\/\/www.manaus.am.gov.br\/semasc\/#\/schema\/logo\/image\/\"},\"sameAs\":[\"https:\/\/www.facebook.com\/semascmanaus\",\"https:\/\/www.instagram.com\/semascmanaus\/\"]},{\"@type\":\"Person\",\"@id\":\"https:\/\/www.manaus.am.gov.br\/semasc\/#\/schema\/person\/05d223aea2bf115f9883a6ff3683d81b\",\"name\":\"Bruna Greco\",\"image\":{\"@type\":\"ImageObject\",\"inLanguage\":\"pt-BR\",\"@id\":\"https:\/\/www.manaus.am.gov.br\/semasc\/#\/schema\/person\/image\/\",\"url\":\"https:\/\/secure.gravatar.com\/avatar\/9c877d1a6adc2a055330e5c09a8653ce?s=96&d=mm&r=g\",\"contentUrl\":\"https:\/\/secure.gravatar.com\/avatar\/9c877d1a6adc2a055330e5c09a8653ce?s=96&d=mm&r=g\",\"caption\":\"Bruna Greco\"}}]}<\/script>\n<!-- \/ Yoast SEO plugin. -->","yoast_head_json":{"title":"Oficina para mulheres atendidas em casa de acolhimento","description":"Prefeitura de Manaus, por meio da Semasc, realiza oficina de artesanato para mulheres atendidas em casa de acolhimento.","robots":{"index":"noindex","follow":"follow"},"og_locale":"pt_BR","og_type":"article","og_title":"Oficina para mulheres atendidas em casa de acolhimento","og_description":"Prefeitura de Manaus, por meio da Semasc, realiza oficina de artesanato para mulheres atendidas em casa de acolhimento.","og_url":"https:\/\/www.manaus.am.gov.br\/semasc\/oficina-artesanato-mulheres-atendidas-casa-acolhimento\/","og_site_name":"SEMASC","article_publisher":"https:\/\/www.facebook.com\/semascmanaus","article_published_time":"2024-11-13T16:20:55+00:00","article_modified_time":"2024-11-22T16:47:26+00:00","og_image":[{"width":2560,"height":1706,"url":"https:\/\/www.manaus.am.gov.br\/semasc\/wp-content\/uploads\/sites\/17\/2024\/11\/WhatsApp-Image-2024-11-13-at-10.17.45.jpeg","type":"image\/jpeg"}],"author":"Bruna Greco","twitter_card":"summary_large_image","twitter_misc":{"Written by":"Bruna Greco","Est. reading time":"2 minutos"},"schema":{"@context":"https:\/\/schema.org","@graph":[{"@type":"Article","@id":"https:\/\/www.manaus.am.gov.br\/semasc\/oficina-artesanato-mulheres-atendidas-casa-acolhimento\/#article","isPartOf":{"@id":"https:\/\/www.manaus.am.gov.br\/semasc\/oficina-artesanato-mulheres-atendidas-casa-acolhimento\/"},"author":{"name":"Bruna Greco","@id":"https:\/\/www.manaus.am.gov.br\/semasc\/#\/schema\/person\/05d223aea2bf115f9883a6ff3683d81b"},"headline":"Prefeitura de Manaus realiza oficina de artesanato para mulheres atendidas em casa de acolhimento","datePublished":"2024-11-13T16:20:55+00:00","dateModified":"2024-11-22T16:47:26+00:00","mainEntityOfPage":{"@id":"https:\/\/www.manaus.am.gov.br\/semasc\/oficina-artesanato-mulheres-atendidas-casa-acolhimento\/"},"wordCount":244,"publisher":{"@id":"https:\/\/www.manaus.am.gov.br\/semasc\/#organization"},"image":{"@id":"https:\/\/www.manaus.am.gov.br\/semasc\/oficina-artesanato-mulheres-atendidas-casa-acolhimento\/#primaryimage"},"thumbnailUrl":"https:\/\/www.manaus.am.gov.br\/semasc\/wp-content\/uploads\/sites\/17\/2024\/11\/WhatsApp-Image-2024-11-13-at-10.17.45.jpeg","keywords":["mulheres atendidas em casa de acolhimento","Oficina de Artesanato","prefeitura de manaus","Semasc","Ycamiabas"],"articleSection":["Atividades"],"inLanguage":"pt-BR"},{"@type":"WebPage","@id":"https:\/\/www.manaus.am.gov.br\/semasc\/oficina-artesanato-mulheres-atendidas-casa-acolhimento\/","url":"https:\/\/www.manaus.am.gov.br\/semasc\/oficina-artesanato-mulheres-atendidas-casa-acolhimento\/","name":"Oficina para mulheres atendidas em casa de acolhimento","isPartOf":{"@id":"https:\/\/www.manaus.am.gov.br\/semasc\/#website"},"primaryImageOfPage":{"@id":"https:\/\/www.manaus.am.gov.br\/semasc\/oficina-artesanato-mulheres-atendidas-casa-acolhimento\/#primaryimage"},"image":{"@id":"https:\/\/www.manaus.am.gov.br\/semasc\/oficina-artesanato-mulheres-atendidas-casa-acolhimento\/#primaryimage"},"thumbnailUrl":"https:\/\/www.manaus.am.gov.br\/semasc\/wp-content\/uploads\/sites\/17\/2024\/11\/WhatsApp-Image-2024-11-13-at-10.17.45.jpeg","datePublished":"2024-11-13T16:20:55+00:00","dateModified":"2024-11-22T16:47:26+00:00","description":"Prefeitura de Manaus, por meio da Semasc, realiza oficina de artesanato para mulheres atendidas em casa de acolhimento.","breadcrumb":{"@id":"https:\/\/www.manaus.am.gov.br\/semasc\/oficina-artesanato-mulheres-atendidas-casa-acolhimento\/#breadcrumb"},"inLanguage":"pt-BR","potentialAction":[{"@type":"ReadAction","target":["https:\/\/www.manaus.am.gov.br\/semasc\/oficina-artesanato-mulheres-atendidas-casa-acolhimento\/"]}]},{"@type":"ImageObject","inLanguage":"pt-BR","@id":"https:\/\/www.manaus.am.gov.br\/semasc\/oficina-artesanato-mulheres-atendidas-casa-acolhimento\/#primaryimage","url":"https:\/\/www.manaus.am.gov.br\/semasc\/wp-content\/uploads\/sites\/17\/2024\/11\/WhatsApp-Image-2024-11-13-at-10.17.45.jpeg","contentUrl":"https:\/\/www.manaus.am.gov.br\/semasc\/wp-content\/uploads\/sites\/17\/2024\/11\/WhatsApp-Image-2024-11-13-at-10.17.45.jpeg","width":2560,"height":1706,"caption":"#paratodosverem - M\u00e3os de mulheres de casa de acolhimento fazendo artesanato durante oficina de fuxico"},{"@type":"BreadcrumbList","@id":"https:\/\/www.manaus.am.gov.br\/semasc\/oficina-artesanato-mulheres-atendidas-casa-acolhimento\/#breadcrumb","itemListElement":[{"@type":"ListItem","position":1,"name":"Home","item":"https:\/\/www.manaus.am.gov.br\/semasc\/"},{"@type":"ListItem","position":2,"name":"Prefeitura de Manaus realiza oficina de artesanato para mulheres atendidas em casa de acolhimento"}]},{"@type":"WebSite","@id":"https:\/\/www.manaus.am.gov.br\/semasc\/#website","url":"https:\/\/www.manaus.am.gov.br\/semasc\/","name":"SEMASC","description":"Secretaria Municipal da Mulher, Assist\u00eancia Social e Cidadania.","publisher":{"@id":"https:\/\/www.manaus.am.gov.br\/semasc\/#organization"},"alternateName":"Secretaria Municipal da Mulher, Assist\u00eancia Social e Cidadania","potentialAction":[{"@type":"SearchAction","target":{"@type":"EntryPoint","urlTemplate":"https:\/\/www.manaus.am.gov.br\/semasc\/?s={search_term_string}"},"query-input":"required name=search_term_string"}],"inLanguage":"pt-BR"},{"@type":"Organization","@id":"https:\/\/www.manaus.am.gov.br\/semasc\/#organization","name":"Prefeitura de Manaus","alternateName":"Prefeitura Municipal de Manaus","url":"https:\/\/www.manaus.am.gov.br\/semasc\/","logo":{"@type":"ImageObject","inLanguage":"pt-BR","@id":"https:\/\/www.manaus.am.gov.br\/semasc\/#\/schema\/logo\/image\/","url":"https:\/\/www.manaus.am.gov.br\/semasc\/wp-content\/uploads\/sites\/17\/2024\/07\/favicon.png","contentUrl":"https:\/\/www.manaus.am.gov.br\/semasc\/wp-content\/uploads\/sites\/17\/2024\/07\/favicon.png","width":300,"height":300,"caption":"Prefeitura de Manaus"},"image":{"@id":"https:\/\/www.manaus.am.gov.br\/semasc\/#\/schema\/logo\/image\/"},"sameAs":["https:\/\/www.facebook.com\/semascmanaus","https:\/\/www.instagram.com\/semascmanaus\/"]},{"@type":"Person","@id":"https:\/\/www.manaus.am.gov.br\/semasc\/#\/schema\/person\/05d223aea2bf115f9883a6ff3683d81b","name":"Bruna Greco","image":{"@type":"ImageObject","inLanguage":"pt-BR","@id":"https:\/\/www.manaus.am.gov.br\/semasc\/#\/schema\/person\/image\/","url":"https:\/\/secure.gravatar.com\/avatar\/9c877d1a6adc2a055330e5c09a8653ce?s=96&d=mm&r=g","contentUrl":"https:\/\/secure.gravatar.com\/avatar\/9c877d1a6adc2a055330e5c09a8653ce?s=96&d=mm&r=g","caption":"Bruna Greco"}}]}},"_links":{"self":[{"href":"https:\/\/www.manaus.am.gov.br\/semasc\/wp-json\/wp\/v2\/posts\/210893"}],"collection":[{"href":"https:\/\/www.manaus.am.gov.br\/semasc\/wp-json\/wp\/v2\/posts"}],"about":[{"href":"https:\/\/www.manaus.am.gov.br\/semasc\/wp-json\/wp\/v2\/types\/post"}],"author":[{"embeddable":true,"href":"https:\/\/www.manaus.am.gov.br\/semasc\/wp-json\/wp\/v2\/users\/39"}],"replies":[{"embeddable":true,"href":"https:\/\/www.manaus.am.gov.br\/semasc\/wp-json\/wp\/v2\/comments?post=210893"}],"version-history":[{"count":1,"href":"https:\/\/www.manaus.am.gov.br\/semasc\/wp-json\/wp\/v2\/posts\/210893\/revisions"}],"predecessor-version":[{"id":210896,"href":"https:\/\/www.manaus.am.gov.br\/semasc\/wp-json\/wp\/v2\/posts\/210893\/revisions\/210896"}],"wp:featuredmedia":[{"embeddable":true,"href":"https:\/\/www.manaus.am.gov.br\/semasc\/wp-json\/wp\/v2\/media\/210895"}],"wp:attachment":[{"href":"https:\/\/www.manaus.am.gov.br\/semasc\/wp-json\/wp\/v2\/media?parent=210893"}],"wp:term":[{"taxonomy":"category","embeddable":true,"href":"https:\/\/www.manaus.am.gov.br\/semasc\/wp-json\/wp\/v2\/categories?post=210893"},{"taxonomy":"post_tag","embeddable":true,"href":"https:\/\/www.manaus.am.gov.br\/semasc\/wp-json\/wp\/v2\/tags?post=210893"}],"curies":[{"name":"wp","href":"https:\/\/api.w.org\/{rel}","templated":true}]}}