{"id":210889,"date":"2024-11-08T15:01:45","date_gmt":"2024-11-08T19:01:45","guid":{"rendered":"https:\/\/www.manaus.am.gov.br\/semasc\/adolescentes-creas-sarau\/"},"modified":"2024-11-22T10:08:42","modified_gmt":"2024-11-22T14:08:42","slug":"adolescentes-creas-sarau","status":"publish","type":"post","link":"https:\/\/www.manaus.am.gov.br\/semasc\/adolescentes-creas-sarau\/","title":{"rendered":"Adolescentes atendidos pelo Creas participam de um sarau liter\u00e1rio especial"},"content":{"rendered":"\n<p>Em uma programa\u00e7\u00e3o diferente do habitual, a Prefeitura de Manaus, por meio da Secretaria Municipal da Mulher, Assist\u00eancia Social e Cidadania (Semasc), realizou, nesta sexta-feira, 8\/11, a primeira edi\u00e7\u00e3o do \u201cSarau do Creas\u201d, atividade voltada aos adolescentes atendidos pelo Centro de Refer\u00eancia Especializado de Assist\u00eancia Social (Creas) Centro-Sul.&nbsp;<\/p>\n\n\n\n<p>O sarau contou com uma variedade de manifesta\u00e7\u00f5es art\u00edsticas que foram desenvolvidas, ao longo da manh\u00e3, com as fam\u00edlias que s\u00e3o acompanhadas pelo Servi\u00e7o de Atendimento Especializado a Fam\u00edlias e Indiv\u00edduos (Paefi) do equipamento, como apresenta\u00e7\u00f5es musicais, declama\u00e7\u00e3o de poesias e leitura de trechos liter\u00e1rios.&nbsp;<\/p>\n\n\n\n<p>\u201c\u00c9 um momento de integra\u00e7\u00e3o onde estamos buscando fazer com que esses jovens pensem o conhecimento humano em prol do pr\u00f3prio ser humano, pensem na arte e em express\u00f5es pr\u00f3prias. \u00c9 uma experi\u00eancia para que eles se sintam acolhidos, compreendidos e at\u00e9 mesmo parte de algo maior\u201d, destacou o coordenador do Creas Centro-Sul, Afr\u00e2nio Costa.&nbsp;<\/p>\n\n\n\n<p>De acordo com a psic\u00f3loga da unidade, Claucione Izel, a ideia do sarau surgiu da necessidade sentida entre os pr\u00f3prios adolescentes de uma atividade que abrangesse essa vontade de desenvolver diferentes formas de express\u00f5es pessoais e art\u00edsticas dos jovens.&nbsp;<\/p>\n\n\n\n<p>\u201cPercebemos que muitos deles j\u00e1 escreviam poesias, outros faziam aulas de dan\u00e7a, outros de m\u00fasica, ent\u00e3o decidimos reunir esse grupo em uma programa\u00e7\u00e3o que pudesse valorizar essas manifesta\u00e7\u00f5es art\u00edsticas e onde pudessem expor suas produ\u00e7\u00f5es uns aos outros\u201d, explicou.<\/p>\n\n\n\n<p>Entre os jovens que participaram do sarau, a estudante I. F., de 13 anos, contou que at\u00e9 aquele momento ainda n\u00e3o havia encontrado coragem para declamar as pr\u00f3prias poesias para outras pessoas.&nbsp;\u201cEu tenho alguns poemas escritos, mas nunca gostei da ideia de apresent\u00e1-los em p\u00fablico, ao menos, at\u00e9 agora. Gostei bastante do sarau e percebi que as pessoas aqui t\u00eam me ajudado bastante na quest\u00e3o da minha socializa\u00e7\u00e3o, o que \u00e9 muito bom\u201d, concluiu.&nbsp;<\/p>\n\n\n\n<p>\u2013 \u2013 \u2013&nbsp;<\/p>\n\n\n\n<p><strong>Texto &#8211;&nbsp;<\/strong>Guilherme Pacheco\/Semasc<\/p>\n\n\n\n<p><strong>Fotos &#8211;&nbsp;<\/strong>Diego Lima\/Semasc&nbsp;<\/p>\n","protected":false},"excerpt":{"rendered":"","protected":false},"author":23,"featured_media":210890,"comment_status":"closed","ping_status":"closed","sticky":false,"template":"","format":"standard","meta":{"footnotes":""},"categories":[34],"tags":[930,57,7,1197,18],"acf":[],"yoast_head":"<!-- This site is optimized with the Yoast SEO plugin v23.0 - https:\/\/yoast.com\/wordpress\/plugins\/seo\/ -->\n<title>Adolescentes atendidos pelo Creas participam de um sarau liter\u00e1rio especial<\/title>\n<meta name=\"description\" content=\"Em uma programa\u00e7\u00e3o diferente do habitual, a Prefeitura de Manaus, por meio da Secretaria Municipal da Mulher, Assist\u00eancia Social e Cidadania (Semasc), realizou, nesta sexta-feira, 8\/11, a primeira edi\u00e7\u00e3o do \u201cSarau do Creas\u201d,\" \/>\n<meta name=\"robots\" content=\"noindex, follow\" \/>\n<meta property=\"og:locale\" content=\"pt_BR\" \/>\n<meta property=\"og:type\" content=\"article\" \/>\n<meta property=\"og:title\" content=\"Adolescentes atendidos pelo Creas participam de um sarau liter\u00e1rio especial\" \/>\n<meta property=\"og:description\" content=\"Em uma programa\u00e7\u00e3o diferente do habitual, a Prefeitura de Manaus, por meio da Secretaria Municipal da Mulher, Assist\u00eancia Social e Cidadania (Semasc), realizou, nesta sexta-feira, 8\/11, a primeira edi\u00e7\u00e3o do \u201cSarau do Creas\u201d,\" \/>\n<meta property=\"og:url\" content=\"https:\/\/www.manaus.am.gov.br\/semasc\/adolescentes-creas-sarau\/\" \/>\n<meta property=\"og:site_name\" content=\"SEMASC\" \/>\n<meta property=\"article:publisher\" content=\"https:\/\/www.facebook.com\/semascmanaus\" \/>\n<meta property=\"article:published_time\" content=\"2024-11-08T19:01:45+00:00\" \/>\n<meta property=\"article:modified_time\" content=\"2024-11-22T14:08:42+00:00\" \/>\n<meta property=\"og:image\" content=\"https:\/\/www.manaus.am.gov.br\/semasc\/wp-content\/uploads\/sites\/17\/2024\/11\/WhatsApp-Image-2024-11-08-at-14.58.42-1.jpeg\" \/>\n\t<meta property=\"og:image:width\" content=\"2976\" \/>\n\t<meta property=\"og:image:height\" content=\"1984\" \/>\n\t<meta property=\"og:image:type\" content=\"image\/jpeg\" \/>\n<meta name=\"author\" content=\"Adriana Costa\" \/>\n<meta name=\"twitter:card\" content=\"summary_large_image\" \/>\n<meta name=\"twitter:label1\" content=\"Written by\" \/>\n\t<meta name=\"twitter:data1\" content=\"Adriana Costa\" \/>\n\t<meta name=\"twitter:label2\" content=\"Est. reading time\" \/>\n\t<meta name=\"twitter:data2\" content=\"2 minutos\" \/>\n<script type=\"application\/ld+json\" class=\"yoast-schema-graph\">{\"@context\":\"https:\/\/schema.org\",\"@graph\":[{\"@type\":\"Article\",\"@id\":\"https:\/\/www.manaus.am.gov.br\/semasc\/adolescentes-creas-sarau\/#article\",\"isPartOf\":{\"@id\":\"https:\/\/www.manaus.am.gov.br\/semasc\/adolescentes-creas-sarau\/\"},\"author\":{\"name\":\"Adriana Costa\",\"@id\":\"https:\/\/www.manaus.am.gov.br\/semasc\/#\/schema\/person\/4e49f4e267757a06ca072ec61b2b9968\"},\"headline\":\"Adolescentes atendidos pelo Creas participam de um sarau liter\u00e1rio especial\",\"datePublished\":\"2024-11-08T19:01:45+00:00\",\"dateModified\":\"2024-11-22T14:08:42+00:00\",\"mainEntityOfPage\":{\"@id\":\"https:\/\/www.manaus.am.gov.br\/semasc\/adolescentes-creas-sarau\/\"},\"wordCount\":366,\"publisher\":{\"@id\":\"https:\/\/www.manaus.am.gov.br\/semasc\/#organization\"},\"image\":{\"@id\":\"https:\/\/www.manaus.am.gov.br\/semasc\/adolescentes-creas-sarau\/#primaryimage\"},\"thumbnailUrl\":\"https:\/\/www.manaus.am.gov.br\/semasc\/wp-content\/uploads\/sites\/17\/2024\/11\/WhatsApp-Image-2024-11-08-at-14.58.42-1.jpeg\",\"keywords\":[\"adolescentes\",\"Creas\",\"prefeitura de manaus\",\"sarau liter\u00e1rio\",\"Semasc\"],\"articleSection\":[\"Assist\u00eancia Social\"],\"inLanguage\":\"pt-BR\"},{\"@type\":\"WebPage\",\"@id\":\"https:\/\/www.manaus.am.gov.br\/semasc\/adolescentes-creas-sarau\/\",\"url\":\"https:\/\/www.manaus.am.gov.br\/semasc\/adolescentes-creas-sarau\/\",\"name\":\"Adolescentes atendidos pelo Creas participam de um sarau liter\u00e1rio especial\",\"isPartOf\":{\"@id\":\"https:\/\/www.manaus.am.gov.br\/semasc\/#website\"},\"primaryImageOfPage\":{\"@id\":\"https:\/\/www.manaus.am.gov.br\/semasc\/adolescentes-creas-sarau\/#primaryimage\"},\"image\":{\"@id\":\"https:\/\/www.manaus.am.gov.br\/semasc\/adolescentes-creas-sarau\/#primaryimage\"},\"thumbnailUrl\":\"https:\/\/www.manaus.am.gov.br\/semasc\/wp-content\/uploads\/sites\/17\/2024\/11\/WhatsApp-Image-2024-11-08-at-14.58.42-1.jpeg\",\"datePublished\":\"2024-11-08T19:01:45+00:00\",\"dateModified\":\"2024-11-22T14:08:42+00:00\",\"description\":\"Em uma programa\u00e7\u00e3o diferente do habitual, a Prefeitura de Manaus, por meio da Secretaria Municipal da Mulher, Assist\u00eancia Social e Cidadania (Semasc), realizou, nesta sexta-feira, 8\/11, a primeira edi\u00e7\u00e3o do \u201cSarau do Creas\u201d,\",\"breadcrumb\":{\"@id\":\"https:\/\/www.manaus.am.gov.br\/semasc\/adolescentes-creas-sarau\/#breadcrumb\"},\"inLanguage\":\"pt-BR\",\"potentialAction\":[{\"@type\":\"ReadAction\",\"target\":[\"https:\/\/www.manaus.am.gov.br\/semasc\/adolescentes-creas-sarau\/\"]}]},{\"@type\":\"ImageObject\",\"inLanguage\":\"pt-BR\",\"@id\":\"https:\/\/www.manaus.am.gov.br\/semasc\/adolescentes-creas-sarau\/#primaryimage\",\"url\":\"https:\/\/www.manaus.am.gov.br\/semasc\/wp-content\/uploads\/sites\/17\/2024\/11\/WhatsApp-Image-2024-11-08-at-14.58.42-1.jpeg\",\"contentUrl\":\"https:\/\/www.manaus.am.gov.br\/semasc\/wp-content\/uploads\/sites\/17\/2024\/11\/WhatsApp-Image-2024-11-08-at-14.58.42-1.jpeg\",\"width\":2976,\"height\":1984},{\"@type\":\"BreadcrumbList\",\"@id\":\"https:\/\/www.manaus.am.gov.br\/semasc\/adolescentes-creas-sarau\/#breadcrumb\",\"itemListElement\":[{\"@type\":\"ListItem\",\"position\":1,\"name\":\"Home\",\"item\":\"https:\/\/www.manaus.am.gov.br\/semasc\/\"},{\"@type\":\"ListItem\",\"position\":2,\"name\":\"Adolescentes atendidos pelo Creas participam de um sarau liter\u00e1rio especial\"}]},{\"@type\":\"WebSite\",\"@id\":\"https:\/\/www.manaus.am.gov.br\/semasc\/#website\",\"url\":\"https:\/\/www.manaus.am.gov.br\/semasc\/\",\"name\":\"SEMASC\",\"description\":\"Secretaria Municipal da Mulher, Assist\u00eancia Social e Cidadania.\",\"publisher\":{\"@id\":\"https:\/\/www.manaus.am.gov.br\/semasc\/#organization\"},\"alternateName\":\"Secretaria Municipal da Mulher, Assist\u00eancia Social e Cidadania\",\"potentialAction\":[{\"@type\":\"SearchAction\",\"target\":{\"@type\":\"EntryPoint\",\"urlTemplate\":\"https:\/\/www.manaus.am.gov.br\/semasc\/?s={search_term_string}\"},\"query-input\":\"required name=search_term_string\"}],\"inLanguage\":\"pt-BR\"},{\"@type\":\"Organization\",\"@id\":\"https:\/\/www.manaus.am.gov.br\/semasc\/#organization\",\"name\":\"Prefeitura de Manaus\",\"alternateName\":\"Prefeitura Municipal de Manaus\",\"url\":\"https:\/\/www.manaus.am.gov.br\/semasc\/\",\"logo\":{\"@type\":\"ImageObject\",\"inLanguage\":\"pt-BR\",\"@id\":\"https:\/\/www.manaus.am.gov.br\/semasc\/#\/schema\/logo\/image\/\",\"url\":\"https:\/\/www.manaus.am.gov.br\/semasc\/wp-content\/uploads\/sites\/17\/2024\/07\/favicon.png\",\"contentUrl\":\"https:\/\/www.manaus.am.gov.br\/semasc\/wp-content\/uploads\/sites\/17\/2024\/07\/favicon.png\",\"width\":300,\"height\":300,\"caption\":\"Prefeitura de Manaus\"},\"image\":{\"@id\":\"https:\/\/www.manaus.am.gov.br\/semasc\/#\/schema\/logo\/image\/\"},\"sameAs\":[\"https:\/\/www.facebook.com\/semascmanaus\",\"https:\/\/www.instagram.com\/semascmanaus\/\"]},{\"@type\":\"Person\",\"@id\":\"https:\/\/www.manaus.am.gov.br\/semasc\/#\/schema\/person\/4e49f4e267757a06ca072ec61b2b9968\",\"name\":\"Adriana Costa\",\"image\":{\"@type\":\"ImageObject\",\"inLanguage\":\"pt-BR\",\"@id\":\"https:\/\/www.manaus.am.gov.br\/semasc\/#\/schema\/person\/image\/\",\"url\":\"https:\/\/secure.gravatar.com\/avatar\/576258617ef7194f718179e766d57bd4?s=96&d=mm&r=g\",\"contentUrl\":\"https:\/\/secure.gravatar.com\/avatar\/576258617ef7194f718179e766d57bd4?s=96&d=mm&r=g\",\"caption\":\"Adriana Costa\"}}]}<\/script>\n<!-- \/ Yoast SEO plugin. -->","yoast_head_json":{"title":"Adolescentes atendidos pelo Creas participam de um sarau liter\u00e1rio especial","description":"Em uma programa\u00e7\u00e3o diferente do habitual, a Prefeitura de Manaus, por meio da Secretaria Municipal da Mulher, Assist\u00eancia Social e Cidadania (Semasc), realizou, nesta sexta-feira, 8\/11, a primeira edi\u00e7\u00e3o do \u201cSarau do Creas\u201d,","robots":{"index":"noindex","follow":"follow"},"og_locale":"pt_BR","og_type":"article","og_title":"Adolescentes atendidos pelo Creas participam de um sarau liter\u00e1rio especial","og_description":"Em uma programa\u00e7\u00e3o diferente do habitual, a Prefeitura de Manaus, por meio da Secretaria Municipal da Mulher, Assist\u00eancia Social e Cidadania (Semasc), realizou, nesta sexta-feira, 8\/11, a primeira edi\u00e7\u00e3o do \u201cSarau do Creas\u201d,","og_url":"https:\/\/www.manaus.am.gov.br\/semasc\/adolescentes-creas-sarau\/","og_site_name":"SEMASC","article_publisher":"https:\/\/www.facebook.com\/semascmanaus","article_published_time":"2024-11-08T19:01:45+00:00","article_modified_time":"2024-11-22T14:08:42+00:00","og_image":[{"width":2976,"height":1984,"url":"https:\/\/www.manaus.am.gov.br\/semasc\/wp-content\/uploads\/sites\/17\/2024\/11\/WhatsApp-Image-2024-11-08-at-14.58.42-1.jpeg","type":"image\/jpeg"}],"author":"Adriana Costa","twitter_card":"summary_large_image","twitter_misc":{"Written by":"Adriana Costa","Est. reading time":"2 minutos"},"schema":{"@context":"https:\/\/schema.org","@graph":[{"@type":"Article","@id":"https:\/\/www.manaus.am.gov.br\/semasc\/adolescentes-creas-sarau\/#article","isPartOf":{"@id":"https:\/\/www.manaus.am.gov.br\/semasc\/adolescentes-creas-sarau\/"},"author":{"name":"Adriana Costa","@id":"https:\/\/www.manaus.am.gov.br\/semasc\/#\/schema\/person\/4e49f4e267757a06ca072ec61b2b9968"},"headline":"Adolescentes atendidos pelo Creas participam de um sarau liter\u00e1rio especial","datePublished":"2024-11-08T19:01:45+00:00","dateModified":"2024-11-22T14:08:42+00:00","mainEntityOfPage":{"@id":"https:\/\/www.manaus.am.gov.br\/semasc\/adolescentes-creas-sarau\/"},"wordCount":366,"publisher":{"@id":"https:\/\/www.manaus.am.gov.br\/semasc\/#organization"},"image":{"@id":"https:\/\/www.manaus.am.gov.br\/semasc\/adolescentes-creas-sarau\/#primaryimage"},"thumbnailUrl":"https:\/\/www.manaus.am.gov.br\/semasc\/wp-content\/uploads\/sites\/17\/2024\/11\/WhatsApp-Image-2024-11-08-at-14.58.42-1.jpeg","keywords":["adolescentes","Creas","prefeitura de manaus","sarau liter\u00e1rio","Semasc"],"articleSection":["Assist\u00eancia Social"],"inLanguage":"pt-BR"},{"@type":"WebPage","@id":"https:\/\/www.manaus.am.gov.br\/semasc\/adolescentes-creas-sarau\/","url":"https:\/\/www.manaus.am.gov.br\/semasc\/adolescentes-creas-sarau\/","name":"Adolescentes atendidos pelo Creas participam de um sarau liter\u00e1rio especial","isPartOf":{"@id":"https:\/\/www.manaus.am.gov.br\/semasc\/#website"},"primaryImageOfPage":{"@id":"https:\/\/www.manaus.am.gov.br\/semasc\/adolescentes-creas-sarau\/#primaryimage"},"image":{"@id":"https:\/\/www.manaus.am.gov.br\/semasc\/adolescentes-creas-sarau\/#primaryimage"},"thumbnailUrl":"https:\/\/www.manaus.am.gov.br\/semasc\/wp-content\/uploads\/sites\/17\/2024\/11\/WhatsApp-Image-2024-11-08-at-14.58.42-1.jpeg","datePublished":"2024-11-08T19:01:45+00:00","dateModified":"2024-11-22T14:08:42+00:00","description":"Em uma programa\u00e7\u00e3o diferente do habitual, a Prefeitura de Manaus, por meio da Secretaria Municipal da Mulher, Assist\u00eancia Social e Cidadania (Semasc), realizou, nesta sexta-feira, 8\/11, a primeira edi\u00e7\u00e3o do \u201cSarau do Creas\u201d,","breadcrumb":{"@id":"https:\/\/www.manaus.am.gov.br\/semasc\/adolescentes-creas-sarau\/#breadcrumb"},"inLanguage":"pt-BR","potentialAction":[{"@type":"ReadAction","target":["https:\/\/www.manaus.am.gov.br\/semasc\/adolescentes-creas-sarau\/"]}]},{"@type":"ImageObject","inLanguage":"pt-BR","@id":"https:\/\/www.manaus.am.gov.br\/semasc\/adolescentes-creas-sarau\/#primaryimage","url":"https:\/\/www.manaus.am.gov.br\/semasc\/wp-content\/uploads\/sites\/17\/2024\/11\/WhatsApp-Image-2024-11-08-at-14.58.42-1.jpeg","contentUrl":"https:\/\/www.manaus.am.gov.br\/semasc\/wp-content\/uploads\/sites\/17\/2024\/11\/WhatsApp-Image-2024-11-08-at-14.58.42-1.jpeg","width":2976,"height":1984},{"@type":"BreadcrumbList","@id":"https:\/\/www.manaus.am.gov.br\/semasc\/adolescentes-creas-sarau\/#breadcrumb","itemListElement":[{"@type":"ListItem","position":1,"name":"Home","item":"https:\/\/www.manaus.am.gov.br\/semasc\/"},{"@type":"ListItem","position":2,"name":"Adolescentes atendidos pelo Creas participam de um sarau liter\u00e1rio especial"}]},{"@type":"WebSite","@id":"https:\/\/www.manaus.am.gov.br\/semasc\/#website","url":"https:\/\/www.manaus.am.gov.br\/semasc\/","name":"SEMASC","description":"Secretaria Municipal da Mulher, Assist\u00eancia Social e Cidadania.","publisher":{"@id":"https:\/\/www.manaus.am.gov.br\/semasc\/#organization"},"alternateName":"Secretaria Municipal da Mulher, Assist\u00eancia Social e Cidadania","potentialAction":[{"@type":"SearchAction","target":{"@type":"EntryPoint","urlTemplate":"https:\/\/www.manaus.am.gov.br\/semasc\/?s={search_term_string}"},"query-input":"required name=search_term_string"}],"inLanguage":"pt-BR"},{"@type":"Organization","@id":"https:\/\/www.manaus.am.gov.br\/semasc\/#organization","name":"Prefeitura de Manaus","alternateName":"Prefeitura Municipal de Manaus","url":"https:\/\/www.manaus.am.gov.br\/semasc\/","logo":{"@type":"ImageObject","inLanguage":"pt-BR","@id":"https:\/\/www.manaus.am.gov.br\/semasc\/#\/schema\/logo\/image\/","url":"https:\/\/www.manaus.am.gov.br\/semasc\/wp-content\/uploads\/sites\/17\/2024\/07\/favicon.png","contentUrl":"https:\/\/www.manaus.am.gov.br\/semasc\/wp-content\/uploads\/sites\/17\/2024\/07\/favicon.png","width":300,"height":300,"caption":"Prefeitura de Manaus"},"image":{"@id":"https:\/\/www.manaus.am.gov.br\/semasc\/#\/schema\/logo\/image\/"},"sameAs":["https:\/\/www.facebook.com\/semascmanaus","https:\/\/www.instagram.com\/semascmanaus\/"]},{"@type":"Person","@id":"https:\/\/www.manaus.am.gov.br\/semasc\/#\/schema\/person\/4e49f4e267757a06ca072ec61b2b9968","name":"Adriana Costa","image":{"@type":"ImageObject","inLanguage":"pt-BR","@id":"https:\/\/www.manaus.am.gov.br\/semasc\/#\/schema\/person\/image\/","url":"https:\/\/secure.gravatar.com\/avatar\/576258617ef7194f718179e766d57bd4?s=96&d=mm&r=g","contentUrl":"https:\/\/secure.gravatar.com\/avatar\/576258617ef7194f718179e766d57bd4?s=96&d=mm&r=g","caption":"Adriana Costa"}}]}},"_links":{"self":[{"href":"https:\/\/www.manaus.am.gov.br\/semasc\/wp-json\/wp\/v2\/posts\/210889"}],"collection":[{"href":"https:\/\/www.manaus.am.gov.br\/semasc\/wp-json\/wp\/v2\/posts"}],"about":[{"href":"https:\/\/www.manaus.am.gov.br\/semasc\/wp-json\/wp\/v2\/types\/post"}],"author":[{"embeddable":true,"href":"https:\/\/www.manaus.am.gov.br\/semasc\/wp-json\/wp\/v2\/users\/23"}],"replies":[{"embeddable":true,"href":"https:\/\/www.manaus.am.gov.br\/semasc\/wp-json\/wp\/v2\/comments?post=210889"}],"version-history":[{"count":1,"href":"https:\/\/www.manaus.am.gov.br\/semasc\/wp-json\/wp\/v2\/posts\/210889\/revisions"}],"predecessor-version":[{"id":210891,"href":"https:\/\/www.manaus.am.gov.br\/semasc\/wp-json\/wp\/v2\/posts\/210889\/revisions\/210891"}],"wp:featuredmedia":[{"embeddable":true,"href":"https:\/\/www.manaus.am.gov.br\/semasc\/wp-json\/wp\/v2\/media\/210890"}],"wp:attachment":[{"href":"https:\/\/www.manaus.am.gov.br\/semasc\/wp-json\/wp\/v2\/media?parent=210889"}],"wp:term":[{"taxonomy":"category","embeddable":true,"href":"https:\/\/www.manaus.am.gov.br\/semasc\/wp-json\/wp\/v2\/categories?post=210889"},{"taxonomy":"post_tag","embeddable":true,"href":"https:\/\/www.manaus.am.gov.br\/semasc\/wp-json\/wp\/v2\/tags?post=210889"}],"curies":[{"name":"wp","href":"https:\/\/api.w.org\/{rel}","templated":true}]}}