{"id":210884,"date":"2024-11-06T09:30:12","date_gmt":"2024-11-06T13:30:12","guid":{"rendered":"https:\/\/www.manaus.am.gov.br\/semasc\/?p=210884"},"modified":"2024-11-21T10:01:20","modified_gmt":"2024-11-21T14:01:20","slug":"servidores-da-assistencia-social-participam-de-capacitacao-sobre-programa-bolsa-verde","status":"publish","type":"post","link":"https:\/\/www.manaus.am.gov.br\/semasc\/servidores-da-assistencia-social-participam-de-capacitacao-sobre-programa-bolsa-verde\/","title":{"rendered":"Servidores da assist\u00eancia social participam de capacita\u00e7\u00e3o sobre programa Bolsa Verde"},"content":{"rendered":"\n<p>Com a retomada do programa de Apoio \u00e0 Conserva\u00e7\u00e3o Ambiental (Bolsa Verde), a&nbsp;<a href=\"https:\/\/www.manaus.am.gov.br\/noticia\/qualificacao\/semasc-bolsaverde\/\" target=\"_blank\" rel=\"noreferrer noopener\">Prefeitura de Manaus<\/a>, por meio da Secretaria Municipal da Mulher, Assist\u00eancia Social e Cidadania (Semasc), participou, nesta ter\u00e7a-feira, 5\/11, de uma oficina sobre o programa, promovida e mediada pela Secretaria de Estado de Assist\u00eancia Social (Seas), no audit\u00f3rio Maria Auxiliadora Guimar\u00e3es Prado, na zona Centro-Sul.<\/p>\n\n\n\n<p>Em uma articula\u00e7\u00e3o entre o Minist\u00e9rio do Meio Ambiente e Mudan\u00e7a do Clima (MMA) e o Minist\u00e9rio do Desenvolvimento e Assist\u00eancia Social, Fam\u00edlia e Combate \u00e0 Fome (MDS), as coordena\u00e7\u00f5es municipais do Cadastro \u00danico de nove munic\u00edpios amazonenses foram convidadas a participar da capacita\u00e7\u00e3o para receber as orienta\u00e7\u00f5es sobre a nova fase do programa.<\/p>\n\n\n\n<p>A diretora de \u00c1rea de Gest\u00e3o do Sistema \u00danico de Assist\u00eancia Social da Semasc e coordenadora municipal do Cadastro \u00danico e do programa Bolsa Fam\u00edlia, Lorena Barreto, destacou a import\u00e2ncia da oficina para o sucesso do programa, na zona rural de Manaus, com base na qualifica\u00e7\u00e3o dos servidores que ficar\u00e3o respons\u00e1veis pelo manuseio de dados dos usu\u00e1rios.<\/p>\n\n\n\n<p>\u201c\u00c9 um momento focado, principalmente, em nossas equipes t\u00e9cnicas e coordenadores, pois \u00e9 a partir daqui que eles ter\u00e3o acesso \u00e0s principais orienta\u00e7\u00f5es quanto a listagem de fam\u00edlias beneficiadas, metas da busca ativa e outros procedimentos\u201d, explicou.&nbsp;<\/p>\n\n\n\n<p>De acordo com a coordenadora estadual do Cadastro \u00danico e do Programa Bolsa Fam\u00edlia, Ana Cl\u00e1udia Rocha, o principal desafio desse processo de retomada talvez esteja justamente no acesso \u00e0 informa\u00e7\u00e3o quanto \u00e0 natureza do programa.<\/p>\n\n\n\n<p>\u201cHoje, no Amazonas, possu\u00edmos muitas fam\u00edlias eleg\u00edveis para receber o benef\u00edcio e que n\u00e3o sabem que podem ter acesso a ele. Nossa miss\u00e3o \u00e9 colaborar com os munic\u00edpios, para que essas fam\u00edlias possam aderir ao Bolsa Verde e contribuir com a sua qualidade de vida\u201d, concluiu.<\/p>\n\n\n\n<p>Programa Bolsa Verde<\/p>\n\n\n\n<p>Institu\u00edda pela Lei n\u00b0 12.512, de 14\/10\/2011, a primeira fase do programa Bolsa Verde foi executada entre 2011 e 2016, e beneficiava fam\u00edlias em situa\u00e7\u00e3o de vulnerabilidade com o pagamento trimestral de R$ 300 por seu apoio na conserva\u00e7\u00e3o ambiental de determinados territ\u00f3rios.<\/p>\n\n\n\n<p>Atualmente, o programa consiste no pagamento trimestral de R$ 600 a fam\u00edlias que vivem em unidades de conserva\u00e7\u00e3o de uso sustent\u00e1vel (reservas extrativistas, florestas nacionais e reservas de desenvolvimento sustent\u00e1vel), em assentamentos ambientalmente diferenciados da Reforma Agr\u00e1ria (florestal, agroextrativista e de desenvolvimento sustent\u00e1vel) e em territ\u00f3rios ocupados por povos e comunidades tradicionais, como ribeirinhos, extrativistas, ind\u00edgenas, quilombolas e outros.<\/p>\n\n\n\n<p>Para Mois\u00e9s Sarraf, analista da Secretaria Nacional de Povos e Comunidades Tradicionais e Desenvolvimento Rural Sustent\u00e1vel e que, remotamente, atuou como um dos instrutores da oficina, com a retomada iniciada no \u00faltimo ano, o momento \u00e9 de expans\u00e3o da rede do programa Bolsa Verde.<\/p>\n\n\n\n<p>\u201c\u00c9 o momento em que devemos difundir informa\u00e7\u00f5es, como o que \u00e9 o Bolsa Verde, como ele funciona, quais s\u00e3o os territ\u00f3rios eleg\u00edveis, quais os crit\u00e9rios etc. Assim, poderemos come\u00e7ar a fomentar as ades\u00f5es das fam\u00edlias que j\u00e1 t\u00eam direito ao benef\u00edcio\u201d, finalizou.<\/p>\n\n\n\n<p>\u2013 \u2013 \u2013<\/p>\n\n\n\n<p><strong>Texto<\/strong>&nbsp;&#8211;&nbsp;Guilherme Pacheco \/ Semasc<\/p>\n\n\n\n<p><strong>Fotos&nbsp;<\/strong>&#8211;&nbsp;Diego Lima \/ Semasc<\/p>\n\n\n\n<p><strong>Dispon\u00edveis em<\/strong>&nbsp;&#8211;&nbsp;<a href=\"https:\/\/we.tl\/t-TwwzeL8v6d\" target=\"_blank\" rel=\"noreferrer noopener\">https:\/\/we.tl\/t-TwwzeL8v6d<\/a><\/p>\n","protected":false},"excerpt":{"rendered":"","protected":false},"author":56,"featured_media":210885,"comment_status":"closed","ping_status":"closed","sticky":false,"template":"","format":"standard","meta":{"footnotes":""},"categories":[319],"tags":[72,74,77,7,18],"acf":[],"yoast_head":"<!-- This site is optimized with the Yoast SEO plugin v23.0 - https:\/\/yoast.com\/wordpress\/plugins\/seo\/ -->\n<title>Servidores da assist\u00eancia social participam de capacita\u00e7\u00e3o sobre programa Bolsa Verde - SEMASC<\/title>\n<meta name=\"robots\" content=\"noindex, follow\" \/>\n<meta property=\"og:locale\" content=\"pt_BR\" \/>\n<meta property=\"og:type\" content=\"article\" \/>\n<meta property=\"og:title\" content=\"Servidores da assist\u00eancia social participam de capacita\u00e7\u00e3o sobre programa Bolsa Verde - SEMASC\" \/>\n<meta property=\"og:url\" content=\"https:\/\/www.manaus.am.gov.br\/semasc\/servidores-da-assistencia-social-participam-de-capacitacao-sobre-programa-bolsa-verde\/\" \/>\n<meta property=\"og:site_name\" content=\"SEMASC\" \/>\n<meta property=\"article:publisher\" content=\"https:\/\/www.facebook.com\/semascmanaus\" \/>\n<meta property=\"article:published_time\" content=\"2024-11-06T13:30:12+00:00\" \/>\n<meta property=\"article:modified_time\" content=\"2024-11-21T14:01:20+00:00\" \/>\n<meta property=\"og:image\" content=\"https:\/\/www.manaus.am.gov.br\/semasc\/wp-content\/uploads\/sites\/17\/2024\/11\/IMG_6155-1024x683.jpg\" \/>\n\t<meta property=\"og:image:width\" content=\"1024\" \/>\n\t<meta property=\"og:image:height\" content=\"683\" \/>\n\t<meta property=\"og:image:type\" content=\"image\/jpeg\" \/>\n<meta name=\"author\" content=\"leofierro\" \/>\n<meta name=\"twitter:card\" content=\"summary_large_image\" \/>\n<meta name=\"twitter:label1\" content=\"Written by\" \/>\n\t<meta name=\"twitter:data1\" content=\"leofierro\" \/>\n\t<meta name=\"twitter:label2\" content=\"Est. reading time\" \/>\n\t<meta name=\"twitter:data2\" content=\"3 minutos\" \/>\n<script type=\"application\/ld+json\" class=\"yoast-schema-graph\">{\"@context\":\"https:\/\/schema.org\",\"@graph\":[{\"@type\":\"Article\",\"@id\":\"https:\/\/www.manaus.am.gov.br\/semasc\/servidores-da-assistencia-social-participam-de-capacitacao-sobre-programa-bolsa-verde\/#article\",\"isPartOf\":{\"@id\":\"https:\/\/www.manaus.am.gov.br\/semasc\/servidores-da-assistencia-social-participam-de-capacitacao-sobre-programa-bolsa-verde\/\"},\"author\":{\"name\":\"leofierro\",\"@id\":\"https:\/\/www.manaus.am.gov.br\/semasc\/#\/schema\/person\/68c6a77f3dcf3f40a0d6e6ad5076718c\"},\"headline\":\"Servidores da assist\u00eancia social participam de capacita\u00e7\u00e3o sobre programa Bolsa Verde\",\"datePublished\":\"2024-11-06T13:30:12+00:00\",\"dateModified\":\"2024-11-21T14:01:20+00:00\",\"mainEntityOfPage\":{\"@id\":\"https:\/\/www.manaus.am.gov.br\/semasc\/servidores-da-assistencia-social-participam-de-capacitacao-sobre-programa-bolsa-verde\/\"},\"wordCount\":569,\"publisher\":{\"@id\":\"https:\/\/www.manaus.am.gov.br\/semasc\/#organization\"},\"image\":{\"@id\":\"https:\/\/www.manaus.am.gov.br\/semasc\/servidores-da-assistencia-social-participam-de-capacitacao-sobre-programa-bolsa-verde\/#primaryimage\"},\"thumbnailUrl\":\"https:\/\/www.manaus.am.gov.br\/semasc\/wp-content\/uploads\/sites\/17\/2024\/11\/IMG_6155.jpg\",\"keywords\":[\"assist\u00eancia social\",\"Cadastro \u00danico\",\"capacita\u00e7\u00e3o\",\"prefeitura de manaus\",\"Semasc\"],\"articleSection\":[\"Qualifica\u00e7\u00e3o\"],\"inLanguage\":\"pt-BR\"},{\"@type\":\"WebPage\",\"@id\":\"https:\/\/www.manaus.am.gov.br\/semasc\/servidores-da-assistencia-social-participam-de-capacitacao-sobre-programa-bolsa-verde\/\",\"url\":\"https:\/\/www.manaus.am.gov.br\/semasc\/servidores-da-assistencia-social-participam-de-capacitacao-sobre-programa-bolsa-verde\/\",\"name\":\"Servidores da assist\u00eancia social participam de capacita\u00e7\u00e3o sobre programa Bolsa Verde - SEMASC\",\"isPartOf\":{\"@id\":\"https:\/\/www.manaus.am.gov.br\/semasc\/#website\"},\"primaryImageOfPage\":{\"@id\":\"https:\/\/www.manaus.am.gov.br\/semasc\/servidores-da-assistencia-social-participam-de-capacitacao-sobre-programa-bolsa-verde\/#primaryimage\"},\"image\":{\"@id\":\"https:\/\/www.manaus.am.gov.br\/semasc\/servidores-da-assistencia-social-participam-de-capacitacao-sobre-programa-bolsa-verde\/#primaryimage\"},\"thumbnailUrl\":\"https:\/\/www.manaus.am.gov.br\/semasc\/wp-content\/uploads\/sites\/17\/2024\/11\/IMG_6155.jpg\",\"datePublished\":\"2024-11-06T13:30:12+00:00\",\"dateModified\":\"2024-11-21T14:01:20+00:00\",\"breadcrumb\":{\"@id\":\"https:\/\/www.manaus.am.gov.br\/semasc\/servidores-da-assistencia-social-participam-de-capacitacao-sobre-programa-bolsa-verde\/#breadcrumb\"},\"inLanguage\":\"pt-BR\",\"potentialAction\":[{\"@type\":\"ReadAction\",\"target\":[\"https:\/\/www.manaus.am.gov.br\/semasc\/servidores-da-assistencia-social-participam-de-capacitacao-sobre-programa-bolsa-verde\/\"]}]},{\"@type\":\"ImageObject\",\"inLanguage\":\"pt-BR\",\"@id\":\"https:\/\/www.manaus.am.gov.br\/semasc\/servidores-da-assistencia-social-participam-de-capacitacao-sobre-programa-bolsa-verde\/#primaryimage\",\"url\":\"https:\/\/www.manaus.am.gov.br\/semasc\/wp-content\/uploads\/sites\/17\/2024\/11\/IMG_6155.jpg\",\"contentUrl\":\"https:\/\/www.manaus.am.gov.br\/semasc\/wp-content\/uploads\/sites\/17\/2024\/11\/IMG_6155.jpg\",\"width\":2976,\"height\":1984},{\"@type\":\"BreadcrumbList\",\"@id\":\"https:\/\/www.manaus.am.gov.br\/semasc\/servidores-da-assistencia-social-participam-de-capacitacao-sobre-programa-bolsa-verde\/#breadcrumb\",\"itemListElement\":[{\"@type\":\"ListItem\",\"position\":1,\"name\":\"Home\",\"item\":\"https:\/\/www.manaus.am.gov.br\/semasc\/\"},{\"@type\":\"ListItem\",\"position\":2,\"name\":\"Servidores da assist\u00eancia social participam de capacita\u00e7\u00e3o sobre programa Bolsa Verde\"}]},{\"@type\":\"WebSite\",\"@id\":\"https:\/\/www.manaus.am.gov.br\/semasc\/#website\",\"url\":\"https:\/\/www.manaus.am.gov.br\/semasc\/\",\"name\":\"SEMASC\",\"description\":\"Secretaria Municipal da Mulher, Assist\u00eancia Social e Cidadania.\",\"publisher\":{\"@id\":\"https:\/\/www.manaus.am.gov.br\/semasc\/#organization\"},\"alternateName\":\"Secretaria Municipal da Mulher, Assist\u00eancia Social e Cidadania\",\"potentialAction\":[{\"@type\":\"SearchAction\",\"target\":{\"@type\":\"EntryPoint\",\"urlTemplate\":\"https:\/\/www.manaus.am.gov.br\/semasc\/?s={search_term_string}\"},\"query-input\":\"required name=search_term_string\"}],\"inLanguage\":\"pt-BR\"},{\"@type\":\"Organization\",\"@id\":\"https:\/\/www.manaus.am.gov.br\/semasc\/#organization\",\"name\":\"Prefeitura de Manaus\",\"alternateName\":\"Prefeitura Municipal de Manaus\",\"url\":\"https:\/\/www.manaus.am.gov.br\/semasc\/\",\"logo\":{\"@type\":\"ImageObject\",\"inLanguage\":\"pt-BR\",\"@id\":\"https:\/\/www.manaus.am.gov.br\/semasc\/#\/schema\/logo\/image\/\",\"url\":\"https:\/\/www.manaus.am.gov.br\/semasc\/wp-content\/uploads\/sites\/17\/2024\/07\/favicon.png\",\"contentUrl\":\"https:\/\/www.manaus.am.gov.br\/semasc\/wp-content\/uploads\/sites\/17\/2024\/07\/favicon.png\",\"width\":300,\"height\":300,\"caption\":\"Prefeitura de Manaus\"},\"image\":{\"@id\":\"https:\/\/www.manaus.am.gov.br\/semasc\/#\/schema\/logo\/image\/\"},\"sameAs\":[\"https:\/\/www.facebook.com\/semascmanaus\",\"https:\/\/www.instagram.com\/semascmanaus\/\"]},{\"@type\":\"Person\",\"@id\":\"https:\/\/www.manaus.am.gov.br\/semasc\/#\/schema\/person\/68c6a77f3dcf3f40a0d6e6ad5076718c\",\"name\":\"leofierro\",\"image\":{\"@type\":\"ImageObject\",\"inLanguage\":\"pt-BR\",\"@id\":\"https:\/\/www.manaus.am.gov.br\/semasc\/#\/schema\/person\/image\/\",\"url\":\"https:\/\/secure.gravatar.com\/avatar\/30d8783eede7767036ae574037a3f2de?s=96&d=mm&r=g\",\"contentUrl\":\"https:\/\/secure.gravatar.com\/avatar\/30d8783eede7767036ae574037a3f2de?s=96&d=mm&r=g\",\"caption\":\"leofierro\"}}]}<\/script>\n<!-- \/ Yoast SEO plugin. -->","yoast_head_json":{"title":"Servidores da assist\u00eancia social participam de capacita\u00e7\u00e3o sobre programa Bolsa Verde - SEMASC","robots":{"index":"noindex","follow":"follow"},"og_locale":"pt_BR","og_type":"article","og_title":"Servidores da assist\u00eancia social participam de capacita\u00e7\u00e3o sobre programa Bolsa Verde - SEMASC","og_url":"https:\/\/www.manaus.am.gov.br\/semasc\/servidores-da-assistencia-social-participam-de-capacitacao-sobre-programa-bolsa-verde\/","og_site_name":"SEMASC","article_publisher":"https:\/\/www.facebook.com\/semascmanaus","article_published_time":"2024-11-06T13:30:12+00:00","article_modified_time":"2024-11-21T14:01:20+00:00","og_image":[{"width":1024,"height":683,"url":"https:\/\/www.manaus.am.gov.br\/semasc\/wp-content\/uploads\/sites\/17\/2024\/11\/IMG_6155-1024x683.jpg","type":"image\/jpeg"}],"author":"leofierro","twitter_card":"summary_large_image","twitter_misc":{"Written by":"leofierro","Est. reading time":"3 minutos"},"schema":{"@context":"https:\/\/schema.org","@graph":[{"@type":"Article","@id":"https:\/\/www.manaus.am.gov.br\/semasc\/servidores-da-assistencia-social-participam-de-capacitacao-sobre-programa-bolsa-verde\/#article","isPartOf":{"@id":"https:\/\/www.manaus.am.gov.br\/semasc\/servidores-da-assistencia-social-participam-de-capacitacao-sobre-programa-bolsa-verde\/"},"author":{"name":"leofierro","@id":"https:\/\/www.manaus.am.gov.br\/semasc\/#\/schema\/person\/68c6a77f3dcf3f40a0d6e6ad5076718c"},"headline":"Servidores da assist\u00eancia social participam de capacita\u00e7\u00e3o sobre programa Bolsa Verde","datePublished":"2024-11-06T13:30:12+00:00","dateModified":"2024-11-21T14:01:20+00:00","mainEntityOfPage":{"@id":"https:\/\/www.manaus.am.gov.br\/semasc\/servidores-da-assistencia-social-participam-de-capacitacao-sobre-programa-bolsa-verde\/"},"wordCount":569,"publisher":{"@id":"https:\/\/www.manaus.am.gov.br\/semasc\/#organization"},"image":{"@id":"https:\/\/www.manaus.am.gov.br\/semasc\/servidores-da-assistencia-social-participam-de-capacitacao-sobre-programa-bolsa-verde\/#primaryimage"},"thumbnailUrl":"https:\/\/www.manaus.am.gov.br\/semasc\/wp-content\/uploads\/sites\/17\/2024\/11\/IMG_6155.jpg","keywords":["assist\u00eancia social","Cadastro \u00danico","capacita\u00e7\u00e3o","prefeitura de manaus","Semasc"],"articleSection":["Qualifica\u00e7\u00e3o"],"inLanguage":"pt-BR"},{"@type":"WebPage","@id":"https:\/\/www.manaus.am.gov.br\/semasc\/servidores-da-assistencia-social-participam-de-capacitacao-sobre-programa-bolsa-verde\/","url":"https:\/\/www.manaus.am.gov.br\/semasc\/servidores-da-assistencia-social-participam-de-capacitacao-sobre-programa-bolsa-verde\/","name":"Servidores da assist\u00eancia social participam de capacita\u00e7\u00e3o sobre programa Bolsa Verde - SEMASC","isPartOf":{"@id":"https:\/\/www.manaus.am.gov.br\/semasc\/#website"},"primaryImageOfPage":{"@id":"https:\/\/www.manaus.am.gov.br\/semasc\/servidores-da-assistencia-social-participam-de-capacitacao-sobre-programa-bolsa-verde\/#primaryimage"},"image":{"@id":"https:\/\/www.manaus.am.gov.br\/semasc\/servidores-da-assistencia-social-participam-de-capacitacao-sobre-programa-bolsa-verde\/#primaryimage"},"thumbnailUrl":"https:\/\/www.manaus.am.gov.br\/semasc\/wp-content\/uploads\/sites\/17\/2024\/11\/IMG_6155.jpg","datePublished":"2024-11-06T13:30:12+00:00","dateModified":"2024-11-21T14:01:20+00:00","breadcrumb":{"@id":"https:\/\/www.manaus.am.gov.br\/semasc\/servidores-da-assistencia-social-participam-de-capacitacao-sobre-programa-bolsa-verde\/#breadcrumb"},"inLanguage":"pt-BR","potentialAction":[{"@type":"ReadAction","target":["https:\/\/www.manaus.am.gov.br\/semasc\/servidores-da-assistencia-social-participam-de-capacitacao-sobre-programa-bolsa-verde\/"]}]},{"@type":"ImageObject","inLanguage":"pt-BR","@id":"https:\/\/www.manaus.am.gov.br\/semasc\/servidores-da-assistencia-social-participam-de-capacitacao-sobre-programa-bolsa-verde\/#primaryimage","url":"https:\/\/www.manaus.am.gov.br\/semasc\/wp-content\/uploads\/sites\/17\/2024\/11\/IMG_6155.jpg","contentUrl":"https:\/\/www.manaus.am.gov.br\/semasc\/wp-content\/uploads\/sites\/17\/2024\/11\/IMG_6155.jpg","width":2976,"height":1984},{"@type":"BreadcrumbList","@id":"https:\/\/www.manaus.am.gov.br\/semasc\/servidores-da-assistencia-social-participam-de-capacitacao-sobre-programa-bolsa-verde\/#breadcrumb","itemListElement":[{"@type":"ListItem","position":1,"name":"Home","item":"https:\/\/www.manaus.am.gov.br\/semasc\/"},{"@type":"ListItem","position":2,"name":"Servidores da assist\u00eancia social participam de capacita\u00e7\u00e3o sobre programa Bolsa Verde"}]},{"@type":"WebSite","@id":"https:\/\/www.manaus.am.gov.br\/semasc\/#website","url":"https:\/\/www.manaus.am.gov.br\/semasc\/","name":"SEMASC","description":"Secretaria Municipal da Mulher, Assist\u00eancia Social e Cidadania.","publisher":{"@id":"https:\/\/www.manaus.am.gov.br\/semasc\/#organization"},"alternateName":"Secretaria Municipal da Mulher, Assist\u00eancia Social e Cidadania","potentialAction":[{"@type":"SearchAction","target":{"@type":"EntryPoint","urlTemplate":"https:\/\/www.manaus.am.gov.br\/semasc\/?s={search_term_string}"},"query-input":"required name=search_term_string"}],"inLanguage":"pt-BR"},{"@type":"Organization","@id":"https:\/\/www.manaus.am.gov.br\/semasc\/#organization","name":"Prefeitura de Manaus","alternateName":"Prefeitura Municipal de Manaus","url":"https:\/\/www.manaus.am.gov.br\/semasc\/","logo":{"@type":"ImageObject","inLanguage":"pt-BR","@id":"https:\/\/www.manaus.am.gov.br\/semasc\/#\/schema\/logo\/image\/","url":"https:\/\/www.manaus.am.gov.br\/semasc\/wp-content\/uploads\/sites\/17\/2024\/07\/favicon.png","contentUrl":"https:\/\/www.manaus.am.gov.br\/semasc\/wp-content\/uploads\/sites\/17\/2024\/07\/favicon.png","width":300,"height":300,"caption":"Prefeitura de Manaus"},"image":{"@id":"https:\/\/www.manaus.am.gov.br\/semasc\/#\/schema\/logo\/image\/"},"sameAs":["https:\/\/www.facebook.com\/semascmanaus","https:\/\/www.instagram.com\/semascmanaus\/"]},{"@type":"Person","@id":"https:\/\/www.manaus.am.gov.br\/semasc\/#\/schema\/person\/68c6a77f3dcf3f40a0d6e6ad5076718c","name":"leofierro","image":{"@type":"ImageObject","inLanguage":"pt-BR","@id":"https:\/\/www.manaus.am.gov.br\/semasc\/#\/schema\/person\/image\/","url":"https:\/\/secure.gravatar.com\/avatar\/30d8783eede7767036ae574037a3f2de?s=96&d=mm&r=g","contentUrl":"https:\/\/secure.gravatar.com\/avatar\/30d8783eede7767036ae574037a3f2de?s=96&d=mm&r=g","caption":"leofierro"}}]}},"_links":{"self":[{"href":"https:\/\/www.manaus.am.gov.br\/semasc\/wp-json\/wp\/v2\/posts\/210884"}],"collection":[{"href":"https:\/\/www.manaus.am.gov.br\/semasc\/wp-json\/wp\/v2\/posts"}],"about":[{"href":"https:\/\/www.manaus.am.gov.br\/semasc\/wp-json\/wp\/v2\/types\/post"}],"author":[{"embeddable":true,"href":"https:\/\/www.manaus.am.gov.br\/semasc\/wp-json\/wp\/v2\/users\/56"}],"replies":[{"embeddable":true,"href":"https:\/\/www.manaus.am.gov.br\/semasc\/wp-json\/wp\/v2\/comments?post=210884"}],"version-history":[{"count":1,"href":"https:\/\/www.manaus.am.gov.br\/semasc\/wp-json\/wp\/v2\/posts\/210884\/revisions"}],"predecessor-version":[{"id":210886,"href":"https:\/\/www.manaus.am.gov.br\/semasc\/wp-json\/wp\/v2\/posts\/210884\/revisions\/210886"}],"wp:featuredmedia":[{"embeddable":true,"href":"https:\/\/www.manaus.am.gov.br\/semasc\/wp-json\/wp\/v2\/media\/210885"}],"wp:attachment":[{"href":"https:\/\/www.manaus.am.gov.br\/semasc\/wp-json\/wp\/v2\/media?parent=210884"}],"wp:term":[{"taxonomy":"category","embeddable":true,"href":"https:\/\/www.manaus.am.gov.br\/semasc\/wp-json\/wp\/v2\/categories?post=210884"},{"taxonomy":"post_tag","embeddable":true,"href":"https:\/\/www.manaus.am.gov.br\/semasc\/wp-json\/wp\/v2\/tags?post=210884"}],"curies":[{"name":"wp","href":"https:\/\/api.w.org\/{rel}","templated":true}]}}