{"id":210872,"date":"2024-11-02T18:43:10","date_gmt":"2024-11-02T22:43:10","guid":{"rendered":"https:\/\/www.manaus.am.gov.br\/semasc\/finados-prefeitura-cemiterios\/"},"modified":"2024-11-21T10:01:44","modified_gmt":"2024-11-21T14:01:44","slug":"finados-prefeitura-cemiterios","status":"publish","type":"post","link":"https:\/\/www.manaus.am.gov.br\/semasc\/finados-prefeitura-cemiterios\/","title":{"rendered":"Prefeitura mobiliza grande estrutura e garante tranquilidade e homenagens nos cemit\u00e9rios neste Dia de Finados"},"content":{"rendered":"\n<p>A Prefeitura de Manaus, por meio da Secretaria Municipal de Limpeza Urbana (Semulsp), mobilizou uma grande estrutura para atender \u00e0 intensa movimenta\u00e7\u00e3o nos dez cemit\u00e9rios municipais neste s\u00e1bado, 2\/11, Dia de Finados. Aproximadamente 500 mil pessoas passaram pelos campos-santos para homenagear seus entes queridos em ambientes de tranquilidade e respeito, sem registro de ocorr\u00eancias.<\/p>\n\n\n\n<p>Para atender ao p\u00fablico, um efetivo de 900 servidores esteve presente nos cemit\u00e9rios, desde as primeiras horas do dia, garantindo que a experi\u00eancia dos visitantes fosse a mais acolhedora poss\u00edvel. \u201cTodos os 900 servidores estavam aqui para servir e auxiliar cada visitante neste momento t\u00e3o delicado\u201d, afirmou o subsecret\u00e1rio de Opera\u00e7\u00f5es da Semulsp, Jairo Santos.<\/p>\n\n\n\n<p>Os port\u00f5es foram abertos \u00e0s 6h e permaneceram acess\u00edveis at\u00e9 as 18h, permitindo que todos tivessem a oportunidade de prestar suas homenagens. Os cemit\u00e9rios foram cuidadosamente preparados pela Semulsp, com equipes realizando a limpeza e organiza\u00e7\u00e3o dos ambientes. A Secretaria Municipal de Agricultura, Abastecimento, Centro e Com\u00e9rcio Informal (Semacc) tamb\u00e9m desempenhou um papel importante na organiza\u00e7\u00e3o dos vendedores ambulantes nas cal\u00e7adas, dando mais liberdade aos pedestres e visitantes.<\/p>\n\n\n\n<p>Em todos os cemit\u00e9rios, houve missas e cultos celebrados ao longo do dia, com a participa\u00e7\u00e3o de corais gospel e apresenta\u00e7\u00f5es musicais ao vivo, que trouxeram conforto e paz aos visitantes. No fim da tarde, \u00e0s 17h, como j\u00e1 \u00e9 tradi\u00e7\u00e3o, a pra\u00e7a Chile, no bairro Nossa Senhora das Gra\u00e7as, recebeu uma missa campal, marcando o encerramento das homenagens em um momento de reflex\u00e3o e f\u00e9.<\/p>\n\n\n\n<p>Al\u00e9m disso, o Corpo de Bombeiros esteve presente nos cemit\u00e9rios, refor\u00e7ando a seguran\u00e7a e prestando apoio em caso de emerg\u00eancias. O Servi\u00e7o de Atendimento M\u00f3vel de Urg\u00eancia (Samu), gerenciado pela &nbsp;Secretaria Municipal de Sa\u00fade (Semsa), tamb\u00e9m esteve com ambul\u00e2ncias e postos de atendimento para aferi\u00e7\u00e3o de press\u00e3o, garantindo suporte imediato para quem necessitasse. A Secretaria Municipal da Mulher, Assist\u00eancia Social e Cidadania (Semasc) atuou no &nbsp;apoio e acolhimento \u00e0s fam\u00edlias durante o momento de recorda\u00e7\u00e3o e luto. J\u00e1 o Instituto Municipal de Mobilidade Urbana (IMMU) organizou o tr\u00e2nsito pr\u00f3ximo aos cemit\u00e9rios, dando prioridade aos pedestres e mantendo as vias desobstru\u00eddas, o que facilitou o deslocamento das fam\u00edlias.<\/p>\n\n\n\n<p>A seguran\u00e7a ficou a cargo da Pol\u00edcia Militar e da Secretaria Municipal de Seguran\u00e7a P\u00fablica e Defesa Social (Semseg), que mantiveram equipes em todas as \u00e1reas, proporcionando um ambiente seguro e confort\u00e1vel para os visitantes.<\/p>\n\n\n\n<p>A aposentada Maria In\u00eas, 59 anos, que perdeu o pai durante a pandemia da Covid-19, descreveu o momento de homenagem. &#8220;Fiquei feliz em ver o local t\u00e3o bem cuidado e confort\u00e1vel para a gente. Senti que pude lembrar dele com paz&#8221;, disse.<\/p>\n\n\n\n<p>&#8212; &#8212; &#8212;<\/p>\n\n\n\n<p><strong>Texto\u00a0<\/strong>\u2013 Alex Melo\/Semulsp<\/p>\n\n\n\n<p><strong>Fotos\u00a0<\/strong>\u2013 Valdo Le\u00e3o\/Semcom<\/p>\n\n\n\n<p><strong>Dispon\u00edveis em<\/strong>\u00a0&#8211;\u00a0<a href=\"https:\/\/www.flickr.com\/photos\/prefeiturademanaus\/albums\/72177720321675734\/\" target=\"_blank\" rel=\"noreferrer noopener\">https:\/\/www.flickr.com\/photos\/prefeiturademanaus\/albums\/72177720321675734\/<\/a><\/p>\n","protected":false},"excerpt":{"rendered":"","protected":false},"author":23,"featured_media":210873,"comment_status":"closed","ping_status":"closed","sticky":false,"template":"","format":"standard","meta":{"footnotes":""},"categories":[489],"tags":[1194,1193,1195,7,517],"acf":[],"yoast_head":"<!-- This site is optimized with the Yoast SEO plugin v23.0 - https:\/\/yoast.com\/wordpress\/plugins\/seo\/ -->\n<title>Prefeitura mobiliza grande estrutura e garante tranquilidade e homenagens nos cemit\u00e9rios neste Dia de Finados<\/title>\n<meta name=\"description\" content=\"A Prefeitura de Manaus, por meio da Secretaria Municipal de Limpeza Urbana (Semulsp), mobilizou uma grande estrutura para atender \u00e0 intensa movimenta\u00e7\u00e3o nos dez cemit\u00e9rios municipais neste s\u00e1bado, 2\/11, Dia de Finados.\" \/>\n<meta name=\"robots\" content=\"noindex, follow\" \/>\n<meta property=\"og:locale\" content=\"pt_BR\" \/>\n<meta property=\"og:type\" content=\"article\" \/>\n<meta property=\"og:title\" content=\"Prefeitura mobiliza grande estrutura e garante tranquilidade e homenagens nos cemit\u00e9rios neste Dia de Finados\" \/>\n<meta property=\"og:description\" content=\"A Prefeitura de Manaus, por meio da Secretaria Municipal de Limpeza Urbana (Semulsp), mobilizou uma grande estrutura para atender \u00e0 intensa movimenta\u00e7\u00e3o nos dez cemit\u00e9rios municipais neste s\u00e1bado, 2\/11, Dia de Finados.\" \/>\n<meta property=\"og:url\" content=\"https:\/\/www.manaus.am.gov.br\/semasc\/finados-prefeitura-cemiterios\/\" \/>\n<meta property=\"og:site_name\" content=\"SEMASC\" \/>\n<meta property=\"article:publisher\" content=\"https:\/\/www.facebook.com\/semascmanaus\" \/>\n<meta property=\"article:published_time\" content=\"2024-11-02T22:43:10+00:00\" \/>\n<meta property=\"article:modified_time\" content=\"2024-11-21T14:01:44+00:00\" \/>\n<meta property=\"og:image\" content=\"https:\/\/www.manaus.am.gov.br\/semasc\/wp-content\/uploads\/sites\/17\/2024\/11\/54112070995_6d573dfccb_c.jpg\" \/>\n\t<meta property=\"og:image:width\" content=\"799\" \/>\n\t<meta property=\"og:image:height\" content=\"533\" \/>\n\t<meta property=\"og:image:type\" content=\"image\/jpeg\" \/>\n<meta name=\"author\" content=\"Adriana Costa\" \/>\n<meta name=\"twitter:card\" content=\"summary_large_image\" \/>\n<meta name=\"twitter:label1\" content=\"Written by\" \/>\n\t<meta name=\"twitter:data1\" content=\"Adriana Costa\" \/>\n\t<meta name=\"twitter:label2\" content=\"Est. reading time\" \/>\n\t<meta name=\"twitter:data2\" content=\"3 minutos\" \/>\n<script type=\"application\/ld+json\" class=\"yoast-schema-graph\">{\"@context\":\"https:\/\/schema.org\",\"@graph\":[{\"@type\":\"Article\",\"@id\":\"https:\/\/www.manaus.am.gov.br\/semasc\/finados-prefeitura-cemiterios\/#article\",\"isPartOf\":{\"@id\":\"https:\/\/www.manaus.am.gov.br\/semasc\/finados-prefeitura-cemiterios\/\"},\"author\":{\"name\":\"Adriana Costa\",\"@id\":\"https:\/\/www.manaus.am.gov.br\/semasc\/#\/schema\/person\/4e49f4e267757a06ca072ec61b2b9968\"},\"headline\":\"Prefeitura mobiliza grande estrutura e garante tranquilidade e homenagens nos cemit\u00e9rios neste Dia de Finados\",\"datePublished\":\"2024-11-02T22:43:10+00:00\",\"dateModified\":\"2024-11-21T14:01:44+00:00\",\"mainEntityOfPage\":{\"@id\":\"https:\/\/www.manaus.am.gov.br\/semasc\/finados-prefeitura-cemiterios\/\"},\"wordCount\":516,\"publisher\":{\"@id\":\"https:\/\/www.manaus.am.gov.br\/semasc\/#organization\"},\"image\":{\"@id\":\"https:\/\/www.manaus.am.gov.br\/semasc\/finados-prefeitura-cemiterios\/#primaryimage\"},\"thumbnailUrl\":\"https:\/\/www.manaus.am.gov.br\/semasc\/wp-content\/uploads\/sites\/17\/2024\/11\/54112070995_6d573dfccb_c.jpg\",\"keywords\":[\"cemit\u00e9rios\",\"dia de finados\",\"homenagens\",\"prefeitura de manaus\",\"semulsp\"],\"articleSection\":[\"Celebra\u00e7\u00e3o\"],\"inLanguage\":\"pt-BR\"},{\"@type\":\"WebPage\",\"@id\":\"https:\/\/www.manaus.am.gov.br\/semasc\/finados-prefeitura-cemiterios\/\",\"url\":\"https:\/\/www.manaus.am.gov.br\/semasc\/finados-prefeitura-cemiterios\/\",\"name\":\"Prefeitura mobiliza grande estrutura e garante tranquilidade e homenagens nos cemit\u00e9rios neste Dia de Finados\",\"isPartOf\":{\"@id\":\"https:\/\/www.manaus.am.gov.br\/semasc\/#website\"},\"primaryImageOfPage\":{\"@id\":\"https:\/\/www.manaus.am.gov.br\/semasc\/finados-prefeitura-cemiterios\/#primaryimage\"},\"image\":{\"@id\":\"https:\/\/www.manaus.am.gov.br\/semasc\/finados-prefeitura-cemiterios\/#primaryimage\"},\"thumbnailUrl\":\"https:\/\/www.manaus.am.gov.br\/semasc\/wp-content\/uploads\/sites\/17\/2024\/11\/54112070995_6d573dfccb_c.jpg\",\"datePublished\":\"2024-11-02T22:43:10+00:00\",\"dateModified\":\"2024-11-21T14:01:44+00:00\",\"description\":\"A Prefeitura de Manaus, por meio da Secretaria Municipal de Limpeza Urbana (Semulsp), mobilizou uma grande estrutura para atender \u00e0 intensa movimenta\u00e7\u00e3o nos dez cemit\u00e9rios municipais neste s\u00e1bado, 2\/11, Dia de Finados.\",\"breadcrumb\":{\"@id\":\"https:\/\/www.manaus.am.gov.br\/semasc\/finados-prefeitura-cemiterios\/#breadcrumb\"},\"inLanguage\":\"pt-BR\",\"potentialAction\":[{\"@type\":\"ReadAction\",\"target\":[\"https:\/\/www.manaus.am.gov.br\/semasc\/finados-prefeitura-cemiterios\/\"]}]},{\"@type\":\"ImageObject\",\"inLanguage\":\"pt-BR\",\"@id\":\"https:\/\/www.manaus.am.gov.br\/semasc\/finados-prefeitura-cemiterios\/#primaryimage\",\"url\":\"https:\/\/www.manaus.am.gov.br\/semasc\/wp-content\/uploads\/sites\/17\/2024\/11\/54112070995_6d573dfccb_c.jpg\",\"contentUrl\":\"https:\/\/www.manaus.am.gov.br\/semasc\/wp-content\/uploads\/sites\/17\/2024\/11\/54112070995_6d573dfccb_c.jpg\",\"width\":799,\"height\":533},{\"@type\":\"BreadcrumbList\",\"@id\":\"https:\/\/www.manaus.am.gov.br\/semasc\/finados-prefeitura-cemiterios\/#breadcrumb\",\"itemListElement\":[{\"@type\":\"ListItem\",\"position\":1,\"name\":\"Home\",\"item\":\"https:\/\/www.manaus.am.gov.br\/semasc\/\"},{\"@type\":\"ListItem\",\"position\":2,\"name\":\"Prefeitura mobiliza grande estrutura e garante tranquilidade e homenagens nos cemit\u00e9rios neste Dia de Finados\"}]},{\"@type\":\"WebSite\",\"@id\":\"https:\/\/www.manaus.am.gov.br\/semasc\/#website\",\"url\":\"https:\/\/www.manaus.am.gov.br\/semasc\/\",\"name\":\"SEMASC\",\"description\":\"Secretaria Municipal da Mulher, Assist\u00eancia Social e Cidadania.\",\"publisher\":{\"@id\":\"https:\/\/www.manaus.am.gov.br\/semasc\/#organization\"},\"alternateName\":\"Secretaria Municipal da Mulher, Assist\u00eancia Social e Cidadania\",\"potentialAction\":[{\"@type\":\"SearchAction\",\"target\":{\"@type\":\"EntryPoint\",\"urlTemplate\":\"https:\/\/www.manaus.am.gov.br\/semasc\/?s={search_term_string}\"},\"query-input\":\"required name=search_term_string\"}],\"inLanguage\":\"pt-BR\"},{\"@type\":\"Organization\",\"@id\":\"https:\/\/www.manaus.am.gov.br\/semasc\/#organization\",\"name\":\"Prefeitura de Manaus\",\"alternateName\":\"Prefeitura Municipal de Manaus\",\"url\":\"https:\/\/www.manaus.am.gov.br\/semasc\/\",\"logo\":{\"@type\":\"ImageObject\",\"inLanguage\":\"pt-BR\",\"@id\":\"https:\/\/www.manaus.am.gov.br\/semasc\/#\/schema\/logo\/image\/\",\"url\":\"https:\/\/www.manaus.am.gov.br\/semasc\/wp-content\/uploads\/sites\/17\/2024\/07\/favicon.png\",\"contentUrl\":\"https:\/\/www.manaus.am.gov.br\/semasc\/wp-content\/uploads\/sites\/17\/2024\/07\/favicon.png\",\"width\":300,\"height\":300,\"caption\":\"Prefeitura de Manaus\"},\"image\":{\"@id\":\"https:\/\/www.manaus.am.gov.br\/semasc\/#\/schema\/logo\/image\/\"},\"sameAs\":[\"https:\/\/www.facebook.com\/semascmanaus\",\"https:\/\/www.instagram.com\/semascmanaus\/\"]},{\"@type\":\"Person\",\"@id\":\"https:\/\/www.manaus.am.gov.br\/semasc\/#\/schema\/person\/4e49f4e267757a06ca072ec61b2b9968\",\"name\":\"Adriana Costa\",\"image\":{\"@type\":\"ImageObject\",\"inLanguage\":\"pt-BR\",\"@id\":\"https:\/\/www.manaus.am.gov.br\/semasc\/#\/schema\/person\/image\/\",\"url\":\"https:\/\/secure.gravatar.com\/avatar\/576258617ef7194f718179e766d57bd4?s=96&d=mm&r=g\",\"contentUrl\":\"https:\/\/secure.gravatar.com\/avatar\/576258617ef7194f718179e766d57bd4?s=96&d=mm&r=g\",\"caption\":\"Adriana Costa\"}}]}<\/script>\n<!-- \/ Yoast SEO plugin. -->","yoast_head_json":{"title":"Prefeitura mobiliza grande estrutura e garante tranquilidade e homenagens nos cemit\u00e9rios neste Dia de Finados","description":"A Prefeitura de Manaus, por meio da Secretaria Municipal de Limpeza Urbana (Semulsp), mobilizou uma grande estrutura para atender \u00e0 intensa movimenta\u00e7\u00e3o nos dez cemit\u00e9rios municipais neste s\u00e1bado, 2\/11, Dia de Finados.","robots":{"index":"noindex","follow":"follow"},"og_locale":"pt_BR","og_type":"article","og_title":"Prefeitura mobiliza grande estrutura e garante tranquilidade e homenagens nos cemit\u00e9rios neste Dia de Finados","og_description":"A Prefeitura de Manaus, por meio da Secretaria Municipal de Limpeza Urbana (Semulsp), mobilizou uma grande estrutura para atender \u00e0 intensa movimenta\u00e7\u00e3o nos dez cemit\u00e9rios municipais neste s\u00e1bado, 2\/11, Dia de Finados.","og_url":"https:\/\/www.manaus.am.gov.br\/semasc\/finados-prefeitura-cemiterios\/","og_site_name":"SEMASC","article_publisher":"https:\/\/www.facebook.com\/semascmanaus","article_published_time":"2024-11-02T22:43:10+00:00","article_modified_time":"2024-11-21T14:01:44+00:00","og_image":[{"width":799,"height":533,"url":"https:\/\/www.manaus.am.gov.br\/semasc\/wp-content\/uploads\/sites\/17\/2024\/11\/54112070995_6d573dfccb_c.jpg","type":"image\/jpeg"}],"author":"Adriana Costa","twitter_card":"summary_large_image","twitter_misc":{"Written by":"Adriana Costa","Est. reading time":"3 minutos"},"schema":{"@context":"https:\/\/schema.org","@graph":[{"@type":"Article","@id":"https:\/\/www.manaus.am.gov.br\/semasc\/finados-prefeitura-cemiterios\/#article","isPartOf":{"@id":"https:\/\/www.manaus.am.gov.br\/semasc\/finados-prefeitura-cemiterios\/"},"author":{"name":"Adriana Costa","@id":"https:\/\/www.manaus.am.gov.br\/semasc\/#\/schema\/person\/4e49f4e267757a06ca072ec61b2b9968"},"headline":"Prefeitura mobiliza grande estrutura e garante tranquilidade e homenagens nos cemit\u00e9rios neste Dia de Finados","datePublished":"2024-11-02T22:43:10+00:00","dateModified":"2024-11-21T14:01:44+00:00","mainEntityOfPage":{"@id":"https:\/\/www.manaus.am.gov.br\/semasc\/finados-prefeitura-cemiterios\/"},"wordCount":516,"publisher":{"@id":"https:\/\/www.manaus.am.gov.br\/semasc\/#organization"},"image":{"@id":"https:\/\/www.manaus.am.gov.br\/semasc\/finados-prefeitura-cemiterios\/#primaryimage"},"thumbnailUrl":"https:\/\/www.manaus.am.gov.br\/semasc\/wp-content\/uploads\/sites\/17\/2024\/11\/54112070995_6d573dfccb_c.jpg","keywords":["cemit\u00e9rios","dia de finados","homenagens","prefeitura de manaus","semulsp"],"articleSection":["Celebra\u00e7\u00e3o"],"inLanguage":"pt-BR"},{"@type":"WebPage","@id":"https:\/\/www.manaus.am.gov.br\/semasc\/finados-prefeitura-cemiterios\/","url":"https:\/\/www.manaus.am.gov.br\/semasc\/finados-prefeitura-cemiterios\/","name":"Prefeitura mobiliza grande estrutura e garante tranquilidade e homenagens nos cemit\u00e9rios neste Dia de Finados","isPartOf":{"@id":"https:\/\/www.manaus.am.gov.br\/semasc\/#website"},"primaryImageOfPage":{"@id":"https:\/\/www.manaus.am.gov.br\/semasc\/finados-prefeitura-cemiterios\/#primaryimage"},"image":{"@id":"https:\/\/www.manaus.am.gov.br\/semasc\/finados-prefeitura-cemiterios\/#primaryimage"},"thumbnailUrl":"https:\/\/www.manaus.am.gov.br\/semasc\/wp-content\/uploads\/sites\/17\/2024\/11\/54112070995_6d573dfccb_c.jpg","datePublished":"2024-11-02T22:43:10+00:00","dateModified":"2024-11-21T14:01:44+00:00","description":"A Prefeitura de Manaus, por meio da Secretaria Municipal de Limpeza Urbana (Semulsp), mobilizou uma grande estrutura para atender \u00e0 intensa movimenta\u00e7\u00e3o nos dez cemit\u00e9rios municipais neste s\u00e1bado, 2\/11, Dia de Finados.","breadcrumb":{"@id":"https:\/\/www.manaus.am.gov.br\/semasc\/finados-prefeitura-cemiterios\/#breadcrumb"},"inLanguage":"pt-BR","potentialAction":[{"@type":"ReadAction","target":["https:\/\/www.manaus.am.gov.br\/semasc\/finados-prefeitura-cemiterios\/"]}]},{"@type":"ImageObject","inLanguage":"pt-BR","@id":"https:\/\/www.manaus.am.gov.br\/semasc\/finados-prefeitura-cemiterios\/#primaryimage","url":"https:\/\/www.manaus.am.gov.br\/semasc\/wp-content\/uploads\/sites\/17\/2024\/11\/54112070995_6d573dfccb_c.jpg","contentUrl":"https:\/\/www.manaus.am.gov.br\/semasc\/wp-content\/uploads\/sites\/17\/2024\/11\/54112070995_6d573dfccb_c.jpg","width":799,"height":533},{"@type":"BreadcrumbList","@id":"https:\/\/www.manaus.am.gov.br\/semasc\/finados-prefeitura-cemiterios\/#breadcrumb","itemListElement":[{"@type":"ListItem","position":1,"name":"Home","item":"https:\/\/www.manaus.am.gov.br\/semasc\/"},{"@type":"ListItem","position":2,"name":"Prefeitura mobiliza grande estrutura e garante tranquilidade e homenagens nos cemit\u00e9rios neste Dia de Finados"}]},{"@type":"WebSite","@id":"https:\/\/www.manaus.am.gov.br\/semasc\/#website","url":"https:\/\/www.manaus.am.gov.br\/semasc\/","name":"SEMASC","description":"Secretaria Municipal da Mulher, Assist\u00eancia Social e Cidadania.","publisher":{"@id":"https:\/\/www.manaus.am.gov.br\/semasc\/#organization"},"alternateName":"Secretaria Municipal da Mulher, Assist\u00eancia Social e Cidadania","potentialAction":[{"@type":"SearchAction","target":{"@type":"EntryPoint","urlTemplate":"https:\/\/www.manaus.am.gov.br\/semasc\/?s={search_term_string}"},"query-input":"required name=search_term_string"}],"inLanguage":"pt-BR"},{"@type":"Organization","@id":"https:\/\/www.manaus.am.gov.br\/semasc\/#organization","name":"Prefeitura de Manaus","alternateName":"Prefeitura Municipal de Manaus","url":"https:\/\/www.manaus.am.gov.br\/semasc\/","logo":{"@type":"ImageObject","inLanguage":"pt-BR","@id":"https:\/\/www.manaus.am.gov.br\/semasc\/#\/schema\/logo\/image\/","url":"https:\/\/www.manaus.am.gov.br\/semasc\/wp-content\/uploads\/sites\/17\/2024\/07\/favicon.png","contentUrl":"https:\/\/www.manaus.am.gov.br\/semasc\/wp-content\/uploads\/sites\/17\/2024\/07\/favicon.png","width":300,"height":300,"caption":"Prefeitura de Manaus"},"image":{"@id":"https:\/\/www.manaus.am.gov.br\/semasc\/#\/schema\/logo\/image\/"},"sameAs":["https:\/\/www.facebook.com\/semascmanaus","https:\/\/www.instagram.com\/semascmanaus\/"]},{"@type":"Person","@id":"https:\/\/www.manaus.am.gov.br\/semasc\/#\/schema\/person\/4e49f4e267757a06ca072ec61b2b9968","name":"Adriana Costa","image":{"@type":"ImageObject","inLanguage":"pt-BR","@id":"https:\/\/www.manaus.am.gov.br\/semasc\/#\/schema\/person\/image\/","url":"https:\/\/secure.gravatar.com\/avatar\/576258617ef7194f718179e766d57bd4?s=96&d=mm&r=g","contentUrl":"https:\/\/secure.gravatar.com\/avatar\/576258617ef7194f718179e766d57bd4?s=96&d=mm&r=g","caption":"Adriana Costa"}}]}},"_links":{"self":[{"href":"https:\/\/www.manaus.am.gov.br\/semasc\/wp-json\/wp\/v2\/posts\/210872"}],"collection":[{"href":"https:\/\/www.manaus.am.gov.br\/semasc\/wp-json\/wp\/v2\/posts"}],"about":[{"href":"https:\/\/www.manaus.am.gov.br\/semasc\/wp-json\/wp\/v2\/types\/post"}],"author":[{"embeddable":true,"href":"https:\/\/www.manaus.am.gov.br\/semasc\/wp-json\/wp\/v2\/users\/23"}],"replies":[{"embeddable":true,"href":"https:\/\/www.manaus.am.gov.br\/semasc\/wp-json\/wp\/v2\/comments?post=210872"}],"version-history":[{"count":1,"href":"https:\/\/www.manaus.am.gov.br\/semasc\/wp-json\/wp\/v2\/posts\/210872\/revisions"}],"predecessor-version":[{"id":210875,"href":"https:\/\/www.manaus.am.gov.br\/semasc\/wp-json\/wp\/v2\/posts\/210872\/revisions\/210875"}],"wp:featuredmedia":[{"embeddable":true,"href":"https:\/\/www.manaus.am.gov.br\/semasc\/wp-json\/wp\/v2\/media\/210873"}],"wp:attachment":[{"href":"https:\/\/www.manaus.am.gov.br\/semasc\/wp-json\/wp\/v2\/media?parent=210872"}],"wp:term":[{"taxonomy":"category","embeddable":true,"href":"https:\/\/www.manaus.am.gov.br\/semasc\/wp-json\/wp\/v2\/categories?post=210872"},{"taxonomy":"post_tag","embeddable":true,"href":"https:\/\/www.manaus.am.gov.br\/semasc\/wp-json\/wp\/v2\/tags?post=210872"}],"curies":[{"name":"wp","href":"https:\/\/api.w.org\/{rel}","templated":true}]}}