{"id":210850,"date":"2024-10-30T13:32:11","date_gmt":"2024-10-30T17:32:11","guid":{"rendered":"https:\/\/www.manaus.am.gov.br\/semasc\/diadascriancas-creasnorte\/"},"modified":"2024-11-06T09:44:02","modified_gmt":"2024-11-06T13:44:02","slug":"diadascriancas-creasnorte","status":"publish","type":"post","link":"https:\/\/www.manaus.am.gov.br\/semasc\/diadascriancas-creasnorte\/","title":{"rendered":"Prefeitura de Manaus promove evento para crian\u00e7as atendidas por Creas na zona Norte"},"content":{"rendered":"\n<p>A Prefeitura de Manaus, por meio da Secretaria Municipal da Mulher, Assist\u00eancia Social e Cidadania (Semasc), promoveu, nesta quarta-feira, 30\/10, uma festa em alus\u00e3o ao Dia das Crian\u00e7as para as fam\u00edlias atendidas pelo Centro de Refer\u00eancia Especializado de Assist\u00eancia Social (Creas) Norte, localizado no bairro Cidade Nova.<\/p>\n\n\n\n<p>Durante a manh\u00e3, foram proporcionadas atividades l\u00fadicas planejadas para resgatar a inf\u00e2ncia das crian\u00e7as atendidas pelo centro, como brincadeiras, jogos eletr\u00f4nicos, pintura facial, espet\u00e1culo com fantoches e muito mais, promovendo um ambiente acolhedor e seguro que auxilia na recupera\u00e7\u00e3o emocional e fortalece os v\u00ednculos afetivos entre pais e filhos.<\/p>\n\n\n\n<p>\u201cA atua\u00e7\u00e3o da equipe vai al\u00e9m do atendimento imediato, pois o nosso trabalho busca n\u00e3o s\u00f3 o amparo dessas crian\u00e7as, mas tamb\u00e9m das fam\u00edlias que enfrentam situa\u00e7\u00f5es de vulnerabilidade, sendo fundamental que haja um processo de fortalecimento emocional, promo\u00e7\u00e3o do bem-estar e um ambiente seguro e acolhedor\u201d, destacou a coordenadora do equipamento, Francilucia Cavalcante.<\/p>\n\n\n\n<p>A psic\u00f3loga da unidade, Amaziles Silva, refor\u00e7ou a import\u00e2ncia de atividades recreativas que contribuam para o fortalecimento de v\u00ednculos sociais e o desenvolvimento saud\u00e1vel em meio ao apoio psicossocial oferecido durante o ano.<\/p>\n\n\n\n<p>\u201cPassamos o ano todo com essas crian\u00e7as em acompanhamento, tratando de situa\u00e7\u00f5es delicadas em que seus direitos foram violados, portanto, esses momentos onde elas possam expressar alegria e descontra\u00e7\u00e3o s\u00e3o muito importantes. Por interm\u00e9dio de atividades recreativas, n\u00f3s oferecemos \u00e0s fam\u00edlias um espa\u00e7o de conviv\u00eancia saud\u00e1vel, onde podem desenvolver rela\u00e7\u00f5es mais pr\u00f3ximas e sustent\u00e1veis com seus filhos, al\u00e9m de serem momentos que complementam o apoio psicossocial\u201d, ressaltou.<\/p>\n\n\n\n<p>Uma das m\u00e3es presentes no evento,&nbsp;L.C, de 26 anos, expressou alegria ao ver a filha participando das atividades, ressaltando a surpresa ao encontrar um ambiente onde as crian\u00e7as podem brincar e interagir com profissionais qualificados para lidar com esse p\u00fablico.<\/p>\n\n\n\n<p>\u201cEu achei incr\u00edvel ver minha filha se divertindo aqui, pois acaba sendo um lugar onde lidamos com situa\u00e7\u00f5es delicadas. As profissionais vestidas de personagens, as brincadeiras e as din\u00e2micas mostram toda uma dedica\u00e7\u00e3o especial. Para mim, como m\u00e3e, isso \u00e9 maravilhoso e sou muito grata a todos os envolvidos\u201d, finalizou.<\/p>\n\n\n\n<p>\u2013 \u2013 &#8211;<\/p>\n\n\n\n<p><strong>Texto <\/strong>&#8211;\u00a0Igor Costa \/ Semasc<\/p>\n\n\n\n<p><strong>Fotos<\/strong> &#8211;\u00a0Diego Lima \/ Semasc<\/p>\n","protected":false},"excerpt":{"rendered":"","protected":false},"author":23,"featured_media":210851,"comment_status":"closed","ping_status":"closed","sticky":false,"template":"","format":"standard","meta":{"footnotes":""},"categories":[34],"tags":[1186,1187,1188,491,7,18],"acf":[],"yoast_head":"<!-- This site is optimized with the Yoast SEO plugin v23.0 - https:\/\/yoast.com\/wordpress\/plugins\/seo\/ -->\n<title>Prefeitura de Manaus promove evento para crian\u00e7as atendidas por Creas na zona Norte<\/title>\n<meta name=\"description\" content=\"A Prefeitura de Manaus, por meio da Secretaria Municipal da Mulher, Assist\u00eancia Social e Cidadania (Semasc), promoveu, nesta quarta-feira, 30\/10, uma festa em alus\u00e3o ao Dia das Crian\u00e7as para as fam\u00edlias atendidas pelo Centro de Refer\u00eancia Especializado de Assist\u00eancia Social (Creas) Norte, localizado no bairro Cidade Nova.\" \/>\n<meta name=\"robots\" content=\"noindex, follow\" \/>\n<meta property=\"og:locale\" content=\"pt_BR\" \/>\n<meta property=\"og:type\" content=\"article\" \/>\n<meta property=\"og:title\" content=\"Prefeitura de Manaus promove evento para crian\u00e7as atendidas por Creas na zona Norte\" \/>\n<meta property=\"og:description\" content=\"A Prefeitura de Manaus, por meio da Secretaria Municipal da Mulher, Assist\u00eancia Social e Cidadania (Semasc), promoveu, nesta quarta-feira, 30\/10, uma festa em alus\u00e3o ao Dia das Crian\u00e7as para as fam\u00edlias atendidas pelo Centro de Refer\u00eancia Especializado de Assist\u00eancia Social (Creas) Norte, localizado no bairro Cidade Nova.\" \/>\n<meta property=\"og:url\" content=\"https:\/\/www.manaus.am.gov.br\/semasc\/diadascriancas-creasnorte\/\" \/>\n<meta property=\"og:site_name\" content=\"SEMASC\" \/>\n<meta property=\"article:publisher\" content=\"https:\/\/www.facebook.com\/semascmanaus\" \/>\n<meta property=\"article:published_time\" content=\"2024-10-30T17:32:11+00:00\" \/>\n<meta property=\"article:modified_time\" content=\"2024-11-06T13:44:02+00:00\" \/>\n<meta property=\"og:image\" content=\"https:\/\/www.manaus.am.gov.br\/semasc\/wp-content\/uploads\/sites\/17\/2024\/10\/WhatsApp-Image-2024-10-30-at-13.02.08-2.jpeg\" \/>\n\t<meta property=\"og:image:width\" content=\"1600\" \/>\n\t<meta property=\"og:image:height\" content=\"1066\" \/>\n\t<meta property=\"og:image:type\" content=\"image\/jpeg\" \/>\n<meta name=\"author\" content=\"Adriana Costa\" \/>\n<meta name=\"twitter:card\" content=\"summary_large_image\" \/>\n<meta name=\"twitter:label1\" content=\"Written by\" \/>\n\t<meta name=\"twitter:data1\" content=\"Adriana Costa\" \/>\n\t<meta name=\"twitter:label2\" content=\"Est. reading time\" \/>\n\t<meta name=\"twitter:data2\" content=\"3 minutos\" \/>\n<script type=\"application\/ld+json\" class=\"yoast-schema-graph\">{\"@context\":\"https:\/\/schema.org\",\"@graph\":[{\"@type\":\"Article\",\"@id\":\"https:\/\/www.manaus.am.gov.br\/semasc\/diadascriancas-creasnorte\/#article\",\"isPartOf\":{\"@id\":\"https:\/\/www.manaus.am.gov.br\/semasc\/diadascriancas-creasnorte\/\"},\"author\":{\"name\":\"Adriana Costa\",\"@id\":\"https:\/\/www.manaus.am.gov.br\/semasc\/#\/schema\/person\/4e49f4e267757a06ca072ec61b2b9968\"},\"headline\":\"Prefeitura de Manaus promove evento para crian\u00e7as atendidas por Creas na zona Norte\",\"datePublished\":\"2024-10-30T17:32:11+00:00\",\"dateModified\":\"2024-11-06T13:44:02+00:00\",\"mainEntityOfPage\":{\"@id\":\"https:\/\/www.manaus.am.gov.br\/semasc\/diadascriancas-creasnorte\/\"},\"wordCount\":413,\"publisher\":{\"@id\":\"https:\/\/www.manaus.am.gov.br\/semasc\/#organization\"},\"image\":{\"@id\":\"https:\/\/www.manaus.am.gov.br\/semasc\/diadascriancas-creasnorte\/#primaryimage\"},\"thumbnailUrl\":\"https:\/\/www.manaus.am.gov.br\/semasc\/wp-content\/uploads\/sites\/17\/2024\/10\/WhatsApp-Image-2024-10-30-at-13.02.08-2.jpeg\",\"keywords\":[\"atividades l\u00fadicas\",\"brincadeiras\",\"creas zona Norte\",\"dia das crian\u00e7as\",\"prefeitura de manaus\",\"Semasc\"],\"articleSection\":[\"Assist\u00eancia Social\"],\"inLanguage\":\"pt-BR\"},{\"@type\":\"WebPage\",\"@id\":\"https:\/\/www.manaus.am.gov.br\/semasc\/diadascriancas-creasnorte\/\",\"url\":\"https:\/\/www.manaus.am.gov.br\/semasc\/diadascriancas-creasnorte\/\",\"name\":\"Prefeitura de Manaus promove evento para crian\u00e7as atendidas por Creas na zona Norte\",\"isPartOf\":{\"@id\":\"https:\/\/www.manaus.am.gov.br\/semasc\/#website\"},\"primaryImageOfPage\":{\"@id\":\"https:\/\/www.manaus.am.gov.br\/semasc\/diadascriancas-creasnorte\/#primaryimage\"},\"image\":{\"@id\":\"https:\/\/www.manaus.am.gov.br\/semasc\/diadascriancas-creasnorte\/#primaryimage\"},\"thumbnailUrl\":\"https:\/\/www.manaus.am.gov.br\/semasc\/wp-content\/uploads\/sites\/17\/2024\/10\/WhatsApp-Image-2024-10-30-at-13.02.08-2.jpeg\",\"datePublished\":\"2024-10-30T17:32:11+00:00\",\"dateModified\":\"2024-11-06T13:44:02+00:00\",\"description\":\"A Prefeitura de Manaus, por meio da Secretaria Municipal da Mulher, Assist\u00eancia Social e Cidadania (Semasc), promoveu, nesta quarta-feira, 30\/10, uma festa em alus\u00e3o ao Dia das Crian\u00e7as para as fam\u00edlias atendidas pelo Centro de Refer\u00eancia Especializado de Assist\u00eancia Social (Creas) Norte, localizado no bairro Cidade Nova.\",\"breadcrumb\":{\"@id\":\"https:\/\/www.manaus.am.gov.br\/semasc\/diadascriancas-creasnorte\/#breadcrumb\"},\"inLanguage\":\"pt-BR\",\"potentialAction\":[{\"@type\":\"ReadAction\",\"target\":[\"https:\/\/www.manaus.am.gov.br\/semasc\/diadascriancas-creasnorte\/\"]}]},{\"@type\":\"ImageObject\",\"inLanguage\":\"pt-BR\",\"@id\":\"https:\/\/www.manaus.am.gov.br\/semasc\/diadascriancas-creasnorte\/#primaryimage\",\"url\":\"https:\/\/www.manaus.am.gov.br\/semasc\/wp-content\/uploads\/sites\/17\/2024\/10\/WhatsApp-Image-2024-10-30-at-13.02.08-2.jpeg\",\"contentUrl\":\"https:\/\/www.manaus.am.gov.br\/semasc\/wp-content\/uploads\/sites\/17\/2024\/10\/WhatsApp-Image-2024-10-30-at-13.02.08-2.jpeg\",\"width\":1600,\"height\":1066},{\"@type\":\"BreadcrumbList\",\"@id\":\"https:\/\/www.manaus.am.gov.br\/semasc\/diadascriancas-creasnorte\/#breadcrumb\",\"itemListElement\":[{\"@type\":\"ListItem\",\"position\":1,\"name\":\"Home\",\"item\":\"https:\/\/www.manaus.am.gov.br\/semasc\/\"},{\"@type\":\"ListItem\",\"position\":2,\"name\":\"Prefeitura de Manaus promove evento para crian\u00e7as atendidas por Creas na zona Norte\"}]},{\"@type\":\"WebSite\",\"@id\":\"https:\/\/www.manaus.am.gov.br\/semasc\/#website\",\"url\":\"https:\/\/www.manaus.am.gov.br\/semasc\/\",\"name\":\"SEMASC\",\"description\":\"Secretaria Municipal da Mulher, Assist\u00eancia Social e Cidadania.\",\"publisher\":{\"@id\":\"https:\/\/www.manaus.am.gov.br\/semasc\/#organization\"},\"alternateName\":\"Secretaria Municipal da Mulher, Assist\u00eancia Social e Cidadania\",\"potentialAction\":[{\"@type\":\"SearchAction\",\"target\":{\"@type\":\"EntryPoint\",\"urlTemplate\":\"https:\/\/www.manaus.am.gov.br\/semasc\/?s={search_term_string}\"},\"query-input\":\"required name=search_term_string\"}],\"inLanguage\":\"pt-BR\"},{\"@type\":\"Organization\",\"@id\":\"https:\/\/www.manaus.am.gov.br\/semasc\/#organization\",\"name\":\"Prefeitura de Manaus\",\"alternateName\":\"Prefeitura Municipal de Manaus\",\"url\":\"https:\/\/www.manaus.am.gov.br\/semasc\/\",\"logo\":{\"@type\":\"ImageObject\",\"inLanguage\":\"pt-BR\",\"@id\":\"https:\/\/www.manaus.am.gov.br\/semasc\/#\/schema\/logo\/image\/\",\"url\":\"https:\/\/www.manaus.am.gov.br\/semasc\/wp-content\/uploads\/sites\/17\/2024\/07\/favicon.png\",\"contentUrl\":\"https:\/\/www.manaus.am.gov.br\/semasc\/wp-content\/uploads\/sites\/17\/2024\/07\/favicon.png\",\"width\":300,\"height\":300,\"caption\":\"Prefeitura de Manaus\"},\"image\":{\"@id\":\"https:\/\/www.manaus.am.gov.br\/semasc\/#\/schema\/logo\/image\/\"},\"sameAs\":[\"https:\/\/www.facebook.com\/semascmanaus\",\"https:\/\/www.instagram.com\/semascmanaus\/\"]},{\"@type\":\"Person\",\"@id\":\"https:\/\/www.manaus.am.gov.br\/semasc\/#\/schema\/person\/4e49f4e267757a06ca072ec61b2b9968\",\"name\":\"Adriana Costa\",\"image\":{\"@type\":\"ImageObject\",\"inLanguage\":\"pt-BR\",\"@id\":\"https:\/\/www.manaus.am.gov.br\/semasc\/#\/schema\/person\/image\/\",\"url\":\"https:\/\/secure.gravatar.com\/avatar\/576258617ef7194f718179e766d57bd4?s=96&d=mm&r=g\",\"contentUrl\":\"https:\/\/secure.gravatar.com\/avatar\/576258617ef7194f718179e766d57bd4?s=96&d=mm&r=g\",\"caption\":\"Adriana Costa\"}}]}<\/script>\n<!-- \/ Yoast SEO plugin. -->","yoast_head_json":{"title":"Prefeitura de Manaus promove evento para crian\u00e7as atendidas por Creas na zona Norte","description":"A Prefeitura de Manaus, por meio da Secretaria Municipal da Mulher, Assist\u00eancia Social e Cidadania (Semasc), promoveu, nesta quarta-feira, 30\/10, uma festa em alus\u00e3o ao Dia das Crian\u00e7as para as fam\u00edlias atendidas pelo Centro de Refer\u00eancia Especializado de Assist\u00eancia Social (Creas) Norte, localizado no bairro Cidade Nova.","robots":{"index":"noindex","follow":"follow"},"og_locale":"pt_BR","og_type":"article","og_title":"Prefeitura de Manaus promove evento para crian\u00e7as atendidas por Creas na zona Norte","og_description":"A Prefeitura de Manaus, por meio da Secretaria Municipal da Mulher, Assist\u00eancia Social e Cidadania (Semasc), promoveu, nesta quarta-feira, 30\/10, uma festa em alus\u00e3o ao Dia das Crian\u00e7as para as fam\u00edlias atendidas pelo Centro de Refer\u00eancia Especializado de Assist\u00eancia Social (Creas) Norte, localizado no bairro Cidade Nova.","og_url":"https:\/\/www.manaus.am.gov.br\/semasc\/diadascriancas-creasnorte\/","og_site_name":"SEMASC","article_publisher":"https:\/\/www.facebook.com\/semascmanaus","article_published_time":"2024-10-30T17:32:11+00:00","article_modified_time":"2024-11-06T13:44:02+00:00","og_image":[{"width":1600,"height":1066,"url":"https:\/\/www.manaus.am.gov.br\/semasc\/wp-content\/uploads\/sites\/17\/2024\/10\/WhatsApp-Image-2024-10-30-at-13.02.08-2.jpeg","type":"image\/jpeg"}],"author":"Adriana Costa","twitter_card":"summary_large_image","twitter_misc":{"Written by":"Adriana Costa","Est. reading time":"3 minutos"},"schema":{"@context":"https:\/\/schema.org","@graph":[{"@type":"Article","@id":"https:\/\/www.manaus.am.gov.br\/semasc\/diadascriancas-creasnorte\/#article","isPartOf":{"@id":"https:\/\/www.manaus.am.gov.br\/semasc\/diadascriancas-creasnorte\/"},"author":{"name":"Adriana Costa","@id":"https:\/\/www.manaus.am.gov.br\/semasc\/#\/schema\/person\/4e49f4e267757a06ca072ec61b2b9968"},"headline":"Prefeitura de Manaus promove evento para crian\u00e7as atendidas por Creas na zona Norte","datePublished":"2024-10-30T17:32:11+00:00","dateModified":"2024-11-06T13:44:02+00:00","mainEntityOfPage":{"@id":"https:\/\/www.manaus.am.gov.br\/semasc\/diadascriancas-creasnorte\/"},"wordCount":413,"publisher":{"@id":"https:\/\/www.manaus.am.gov.br\/semasc\/#organization"},"image":{"@id":"https:\/\/www.manaus.am.gov.br\/semasc\/diadascriancas-creasnorte\/#primaryimage"},"thumbnailUrl":"https:\/\/www.manaus.am.gov.br\/semasc\/wp-content\/uploads\/sites\/17\/2024\/10\/WhatsApp-Image-2024-10-30-at-13.02.08-2.jpeg","keywords":["atividades l\u00fadicas","brincadeiras","creas zona Norte","dia das crian\u00e7as","prefeitura de manaus","Semasc"],"articleSection":["Assist\u00eancia Social"],"inLanguage":"pt-BR"},{"@type":"WebPage","@id":"https:\/\/www.manaus.am.gov.br\/semasc\/diadascriancas-creasnorte\/","url":"https:\/\/www.manaus.am.gov.br\/semasc\/diadascriancas-creasnorte\/","name":"Prefeitura de Manaus promove evento para crian\u00e7as atendidas por Creas na zona Norte","isPartOf":{"@id":"https:\/\/www.manaus.am.gov.br\/semasc\/#website"},"primaryImageOfPage":{"@id":"https:\/\/www.manaus.am.gov.br\/semasc\/diadascriancas-creasnorte\/#primaryimage"},"image":{"@id":"https:\/\/www.manaus.am.gov.br\/semasc\/diadascriancas-creasnorte\/#primaryimage"},"thumbnailUrl":"https:\/\/www.manaus.am.gov.br\/semasc\/wp-content\/uploads\/sites\/17\/2024\/10\/WhatsApp-Image-2024-10-30-at-13.02.08-2.jpeg","datePublished":"2024-10-30T17:32:11+00:00","dateModified":"2024-11-06T13:44:02+00:00","description":"A Prefeitura de Manaus, por meio da Secretaria Municipal da Mulher, Assist\u00eancia Social e Cidadania (Semasc), promoveu, nesta quarta-feira, 30\/10, uma festa em alus\u00e3o ao Dia das Crian\u00e7as para as fam\u00edlias atendidas pelo Centro de Refer\u00eancia Especializado de Assist\u00eancia Social (Creas) Norte, localizado no bairro Cidade Nova.","breadcrumb":{"@id":"https:\/\/www.manaus.am.gov.br\/semasc\/diadascriancas-creasnorte\/#breadcrumb"},"inLanguage":"pt-BR","potentialAction":[{"@type":"ReadAction","target":["https:\/\/www.manaus.am.gov.br\/semasc\/diadascriancas-creasnorte\/"]}]},{"@type":"ImageObject","inLanguage":"pt-BR","@id":"https:\/\/www.manaus.am.gov.br\/semasc\/diadascriancas-creasnorte\/#primaryimage","url":"https:\/\/www.manaus.am.gov.br\/semasc\/wp-content\/uploads\/sites\/17\/2024\/10\/WhatsApp-Image-2024-10-30-at-13.02.08-2.jpeg","contentUrl":"https:\/\/www.manaus.am.gov.br\/semasc\/wp-content\/uploads\/sites\/17\/2024\/10\/WhatsApp-Image-2024-10-30-at-13.02.08-2.jpeg","width":1600,"height":1066},{"@type":"BreadcrumbList","@id":"https:\/\/www.manaus.am.gov.br\/semasc\/diadascriancas-creasnorte\/#breadcrumb","itemListElement":[{"@type":"ListItem","position":1,"name":"Home","item":"https:\/\/www.manaus.am.gov.br\/semasc\/"},{"@type":"ListItem","position":2,"name":"Prefeitura de Manaus promove evento para crian\u00e7as atendidas por Creas na zona Norte"}]},{"@type":"WebSite","@id":"https:\/\/www.manaus.am.gov.br\/semasc\/#website","url":"https:\/\/www.manaus.am.gov.br\/semasc\/","name":"SEMASC","description":"Secretaria Municipal da Mulher, Assist\u00eancia Social e Cidadania.","publisher":{"@id":"https:\/\/www.manaus.am.gov.br\/semasc\/#organization"},"alternateName":"Secretaria Municipal da Mulher, Assist\u00eancia Social e Cidadania","potentialAction":[{"@type":"SearchAction","target":{"@type":"EntryPoint","urlTemplate":"https:\/\/www.manaus.am.gov.br\/semasc\/?s={search_term_string}"},"query-input":"required name=search_term_string"}],"inLanguage":"pt-BR"},{"@type":"Organization","@id":"https:\/\/www.manaus.am.gov.br\/semasc\/#organization","name":"Prefeitura de Manaus","alternateName":"Prefeitura Municipal de Manaus","url":"https:\/\/www.manaus.am.gov.br\/semasc\/","logo":{"@type":"ImageObject","inLanguage":"pt-BR","@id":"https:\/\/www.manaus.am.gov.br\/semasc\/#\/schema\/logo\/image\/","url":"https:\/\/www.manaus.am.gov.br\/semasc\/wp-content\/uploads\/sites\/17\/2024\/07\/favicon.png","contentUrl":"https:\/\/www.manaus.am.gov.br\/semasc\/wp-content\/uploads\/sites\/17\/2024\/07\/favicon.png","width":300,"height":300,"caption":"Prefeitura de Manaus"},"image":{"@id":"https:\/\/www.manaus.am.gov.br\/semasc\/#\/schema\/logo\/image\/"},"sameAs":["https:\/\/www.facebook.com\/semascmanaus","https:\/\/www.instagram.com\/semascmanaus\/"]},{"@type":"Person","@id":"https:\/\/www.manaus.am.gov.br\/semasc\/#\/schema\/person\/4e49f4e267757a06ca072ec61b2b9968","name":"Adriana Costa","image":{"@type":"ImageObject","inLanguage":"pt-BR","@id":"https:\/\/www.manaus.am.gov.br\/semasc\/#\/schema\/person\/image\/","url":"https:\/\/secure.gravatar.com\/avatar\/576258617ef7194f718179e766d57bd4?s=96&d=mm&r=g","contentUrl":"https:\/\/secure.gravatar.com\/avatar\/576258617ef7194f718179e766d57bd4?s=96&d=mm&r=g","caption":"Adriana Costa"}}]}},"_links":{"self":[{"href":"https:\/\/www.manaus.am.gov.br\/semasc\/wp-json\/wp\/v2\/posts\/210850"}],"collection":[{"href":"https:\/\/www.manaus.am.gov.br\/semasc\/wp-json\/wp\/v2\/posts"}],"about":[{"href":"https:\/\/www.manaus.am.gov.br\/semasc\/wp-json\/wp\/v2\/types\/post"}],"author":[{"embeddable":true,"href":"https:\/\/www.manaus.am.gov.br\/semasc\/wp-json\/wp\/v2\/users\/23"}],"replies":[{"embeddable":true,"href":"https:\/\/www.manaus.am.gov.br\/semasc\/wp-json\/wp\/v2\/comments?post=210850"}],"version-history":[{"count":1,"href":"https:\/\/www.manaus.am.gov.br\/semasc\/wp-json\/wp\/v2\/posts\/210850\/revisions"}],"predecessor-version":[{"id":210854,"href":"https:\/\/www.manaus.am.gov.br\/semasc\/wp-json\/wp\/v2\/posts\/210850\/revisions\/210854"}],"wp:featuredmedia":[{"embeddable":true,"href":"https:\/\/www.manaus.am.gov.br\/semasc\/wp-json\/wp\/v2\/media\/210851"}],"wp:attachment":[{"href":"https:\/\/www.manaus.am.gov.br\/semasc\/wp-json\/wp\/v2\/media?parent=210850"}],"wp:term":[{"taxonomy":"category","embeddable":true,"href":"https:\/\/www.manaus.am.gov.br\/semasc\/wp-json\/wp\/v2\/categories?post=210850"},{"taxonomy":"post_tag","embeddable":true,"href":"https:\/\/www.manaus.am.gov.br\/semasc\/wp-json\/wp\/v2\/tags?post=210850"}],"curies":[{"name":"wp","href":"https:\/\/api.w.org\/{rel}","templated":true}]}}