{"id":210848,"date":"2024-10-30T12:48:29","date_gmt":"2024-10-30T16:48:29","guid":{"rendered":"https:\/\/www.manaus.am.gov.br\/semasc\/sistema-cadastro-unico-instabilidades-tecnicas-temporarias\/"},"modified":"2024-11-04T14:31:53","modified_gmt":"2024-11-04T18:31:53","slug":"sistema-cadastro-unico-instabilidades-tecnicas-temporarias","status":"publish","type":"post","link":"https:\/\/www.manaus.am.gov.br\/semasc\/sistema-cadastro-unico-instabilidades-tecnicas-temporarias\/","title":{"rendered":"Prefeitura informa que o sistema do Cadastro \u00danico enfrenta instabilidades t\u00e9cnicas tempor\u00e1rias"},"content":{"rendered":"\n<p>A Prefeitura de Manaus, por meio da Secretaria Municipal da Mulher, Assist\u00eancia Social e Cidadania (Semasc), informa que o sistema do Cadastro \u00danico est\u00e1 passando por instabilidades t\u00e9cnicas desde esta ter\u00e7a-feira, 29\/10. Esse problema tem impactado o atendimento nas unidades dos Centros de Refer\u00eancia da Assist\u00eancia Social (Cras) da capital, dificultando os processos de atualiza\u00e7\u00e3o e inser\u00e7\u00e3o de dados no sistema.<\/p>\n\n\n\n<p>A equipe da Semasc segue acompanhando a situa\u00e7\u00e3o e est\u00e1 em contato com o governo federal, respons\u00e1vel pela gest\u00e3o do sistema, para obter orienta\u00e7\u00f5es sobre as medidas de solu\u00e7\u00e3o e normaliza\u00e7\u00e3o dos servi\u00e7os. A prefeitura pede a compreens\u00e3o da popula\u00e7\u00e3o e refor\u00e7a que est\u00e1 empenhada em resolver a situa\u00e7\u00e3o o mais breve poss\u00edvel.<\/p>\n\n\n\n<p>&#8212; &#8212; &#8212;<\/p>\n\n\n\n<p><strong>Texto &#8211; <\/strong>Leonardo Fierro\/Semasc<\/p>\n","protected":false},"excerpt":{"rendered":"","protected":false},"author":39,"featured_media":210849,"comment_status":"closed","ping_status":"closed","sticky":false,"template":"","format":"standard","meta":{"footnotes":""},"categories":[156],"tags":[154,1184,7,18,1185],"acf":[],"yoast_head":"<!-- This site is optimized with the Yoast SEO plugin v23.0 - https:\/\/yoast.com\/wordpress\/plugins\/seo\/ -->\n<title>Cadastro \u00danico com instabilidades t\u00e9cnicas tempor\u00e1rias<\/title>\n<meta name=\"description\" content=\"Prefeitura de Manaus, por meio da Semasc, informa que o sistema do Cadastro \u00danico enfrenta instabilidades t\u00e9cnicas tempor\u00e1rias.\" \/>\n<meta name=\"robots\" content=\"noindex, follow\" \/>\n<meta property=\"og:locale\" content=\"pt_BR\" \/>\n<meta property=\"og:type\" content=\"article\" \/>\n<meta property=\"og:title\" content=\"Cadastro \u00danico com instabilidades t\u00e9cnicas tempor\u00e1rias\" \/>\n<meta property=\"og:description\" content=\"Prefeitura de Manaus, por meio da Semasc, informa que o sistema do Cadastro \u00danico enfrenta instabilidades t\u00e9cnicas tempor\u00e1rias.\" \/>\n<meta property=\"og:url\" content=\"https:\/\/www.manaus.am.gov.br\/semasc\/sistema-cadastro-unico-instabilidades-tecnicas-temporarias\/\" \/>\n<meta property=\"og:site_name\" content=\"SEMASC\" \/>\n<meta property=\"article:publisher\" content=\"https:\/\/www.facebook.com\/semascmanaus\" \/>\n<meta property=\"article:published_time\" content=\"2024-10-30T16:48:29+00:00\" \/>\n<meta property=\"article:modified_time\" content=\"2024-11-04T18:31:53+00:00\" \/>\n<meta property=\"og:image\" content=\"https:\/\/www.manaus.am.gov.br\/semasc\/wp-content\/uploads\/sites\/17\/2024\/10\/BANNER-NOTA.png\" \/>\n\t<meta property=\"og:image:width\" content=\"900\" \/>\n\t<meta property=\"og:image:height\" content=\"509\" \/>\n\t<meta property=\"og:image:type\" content=\"image\/png\" \/>\n<meta name=\"author\" content=\"Bruna Greco\" \/>\n<meta name=\"twitter:card\" content=\"summary_large_image\" \/>\n<meta name=\"twitter:label1\" content=\"Written by\" \/>\n\t<meta name=\"twitter:data1\" content=\"Bruna Greco\" \/>\n\t<meta name=\"twitter:label2\" content=\"Est. reading time\" \/>\n\t<meta name=\"twitter:data2\" content=\"1 minuto\" \/>\n<script type=\"application\/ld+json\" class=\"yoast-schema-graph\">{\"@context\":\"https:\/\/schema.org\",\"@graph\":[{\"@type\":\"Article\",\"@id\":\"https:\/\/www.manaus.am.gov.br\/semasc\/sistema-cadastro-unico-instabilidades-tecnicas-temporarias\/#article\",\"isPartOf\":{\"@id\":\"https:\/\/www.manaus.am.gov.br\/semasc\/sistema-cadastro-unico-instabilidades-tecnicas-temporarias\/\"},\"author\":{\"name\":\"Bruna Greco\",\"@id\":\"https:\/\/www.manaus.am.gov.br\/semasc\/#\/schema\/person\/05d223aea2bf115f9883a6ff3683d81b\"},\"headline\":\"Prefeitura informa que o sistema do Cadastro \u00danico enfrenta instabilidades t\u00e9cnicas tempor\u00e1rias\",\"datePublished\":\"2024-10-30T16:48:29+00:00\",\"dateModified\":\"2024-11-04T18:31:53+00:00\",\"mainEntityOfPage\":{\"@id\":\"https:\/\/www.manaus.am.gov.br\/semasc\/sistema-cadastro-unico-instabilidades-tecnicas-temporarias\/\"},\"wordCount\":154,\"publisher\":{\"@id\":\"https:\/\/www.manaus.am.gov.br\/semasc\/#organization\"},\"image\":{\"@id\":\"https:\/\/www.manaus.am.gov.br\/semasc\/sistema-cadastro-unico-instabilidades-tecnicas-temporarias\/#primaryimage\"},\"thumbnailUrl\":\"https:\/\/www.manaus.am.gov.br\/semasc\/wp-content\/uploads\/sites\/17\/2024\/10\/BANNER-NOTA.png\",\"keywords\":[\"governo federal\",\"instabilidades t\u00e9cnicas tempor\u00e1rias\",\"prefeitura de manaus\",\"Semasc\",\"Sistema do Cadastro \u00danico\"],\"articleSection\":[\"Nota\"],\"inLanguage\":\"pt-BR\"},{\"@type\":\"WebPage\",\"@id\":\"https:\/\/www.manaus.am.gov.br\/semasc\/sistema-cadastro-unico-instabilidades-tecnicas-temporarias\/\",\"url\":\"https:\/\/www.manaus.am.gov.br\/semasc\/sistema-cadastro-unico-instabilidades-tecnicas-temporarias\/\",\"name\":\"Cadastro \u00danico com instabilidades t\u00e9cnicas tempor\u00e1rias\",\"isPartOf\":{\"@id\":\"https:\/\/www.manaus.am.gov.br\/semasc\/#website\"},\"primaryImageOfPage\":{\"@id\":\"https:\/\/www.manaus.am.gov.br\/semasc\/sistema-cadastro-unico-instabilidades-tecnicas-temporarias\/#primaryimage\"},\"image\":{\"@id\":\"https:\/\/www.manaus.am.gov.br\/semasc\/sistema-cadastro-unico-instabilidades-tecnicas-temporarias\/#primaryimage\"},\"thumbnailUrl\":\"https:\/\/www.manaus.am.gov.br\/semasc\/wp-content\/uploads\/sites\/17\/2024\/10\/BANNER-NOTA.png\",\"datePublished\":\"2024-10-30T16:48:29+00:00\",\"dateModified\":\"2024-11-04T18:31:53+00:00\",\"description\":\"Prefeitura de Manaus, por meio da Semasc, informa que o sistema do Cadastro \u00danico enfrenta instabilidades t\u00e9cnicas tempor\u00e1rias.\",\"breadcrumb\":{\"@id\":\"https:\/\/www.manaus.am.gov.br\/semasc\/sistema-cadastro-unico-instabilidades-tecnicas-temporarias\/#breadcrumb\"},\"inLanguage\":\"pt-BR\",\"potentialAction\":[{\"@type\":\"ReadAction\",\"target\":[\"https:\/\/www.manaus.am.gov.br\/semasc\/sistema-cadastro-unico-instabilidades-tecnicas-temporarias\/\"]}]},{\"@type\":\"ImageObject\",\"inLanguage\":\"pt-BR\",\"@id\":\"https:\/\/www.manaus.am.gov.br\/semasc\/sistema-cadastro-unico-instabilidades-tecnicas-temporarias\/#primaryimage\",\"url\":\"https:\/\/www.manaus.am.gov.br\/semasc\/wp-content\/uploads\/sites\/17\/2024\/10\/BANNER-NOTA.png\",\"contentUrl\":\"https:\/\/www.manaus.am.gov.br\/semasc\/wp-content\/uploads\/sites\/17\/2024\/10\/BANNER-NOTA.png\",\"width\":900,\"height\":509},{\"@type\":\"BreadcrumbList\",\"@id\":\"https:\/\/www.manaus.am.gov.br\/semasc\/sistema-cadastro-unico-instabilidades-tecnicas-temporarias\/#breadcrumb\",\"itemListElement\":[{\"@type\":\"ListItem\",\"position\":1,\"name\":\"Home\",\"item\":\"https:\/\/www.manaus.am.gov.br\/semasc\/\"},{\"@type\":\"ListItem\",\"position\":2,\"name\":\"Prefeitura informa que o sistema do Cadastro \u00danico enfrenta instabilidades t\u00e9cnicas tempor\u00e1rias\"}]},{\"@type\":\"WebSite\",\"@id\":\"https:\/\/www.manaus.am.gov.br\/semasc\/#website\",\"url\":\"https:\/\/www.manaus.am.gov.br\/semasc\/\",\"name\":\"SEMASC\",\"description\":\"Secretaria Municipal da Mulher, Assist\u00eancia Social e Cidadania.\",\"publisher\":{\"@id\":\"https:\/\/www.manaus.am.gov.br\/semasc\/#organization\"},\"alternateName\":\"Secretaria Municipal da Mulher, Assist\u00eancia Social e Cidadania\",\"potentialAction\":[{\"@type\":\"SearchAction\",\"target\":{\"@type\":\"EntryPoint\",\"urlTemplate\":\"https:\/\/www.manaus.am.gov.br\/semasc\/?s={search_term_string}\"},\"query-input\":\"required name=search_term_string\"}],\"inLanguage\":\"pt-BR\"},{\"@type\":\"Organization\",\"@id\":\"https:\/\/www.manaus.am.gov.br\/semasc\/#organization\",\"name\":\"Prefeitura de Manaus\",\"alternateName\":\"Prefeitura Municipal de Manaus\",\"url\":\"https:\/\/www.manaus.am.gov.br\/semasc\/\",\"logo\":{\"@type\":\"ImageObject\",\"inLanguage\":\"pt-BR\",\"@id\":\"https:\/\/www.manaus.am.gov.br\/semasc\/#\/schema\/logo\/image\/\",\"url\":\"https:\/\/www.manaus.am.gov.br\/semasc\/wp-content\/uploads\/sites\/17\/2024\/07\/favicon.png\",\"contentUrl\":\"https:\/\/www.manaus.am.gov.br\/semasc\/wp-content\/uploads\/sites\/17\/2024\/07\/favicon.png\",\"width\":300,\"height\":300,\"caption\":\"Prefeitura de Manaus\"},\"image\":{\"@id\":\"https:\/\/www.manaus.am.gov.br\/semasc\/#\/schema\/logo\/image\/\"},\"sameAs\":[\"https:\/\/www.facebook.com\/semascmanaus\",\"https:\/\/www.instagram.com\/semascmanaus\/\"]},{\"@type\":\"Person\",\"@id\":\"https:\/\/www.manaus.am.gov.br\/semasc\/#\/schema\/person\/05d223aea2bf115f9883a6ff3683d81b\",\"name\":\"Bruna Greco\",\"image\":{\"@type\":\"ImageObject\",\"inLanguage\":\"pt-BR\",\"@id\":\"https:\/\/www.manaus.am.gov.br\/semasc\/#\/schema\/person\/image\/\",\"url\":\"https:\/\/secure.gravatar.com\/avatar\/9c877d1a6adc2a055330e5c09a8653ce?s=96&d=mm&r=g\",\"contentUrl\":\"https:\/\/secure.gravatar.com\/avatar\/9c877d1a6adc2a055330e5c09a8653ce?s=96&d=mm&r=g\",\"caption\":\"Bruna Greco\"}}]}<\/script>\n<!-- \/ Yoast SEO plugin. -->","yoast_head_json":{"title":"Cadastro \u00danico com instabilidades t\u00e9cnicas tempor\u00e1rias","description":"Prefeitura de Manaus, por meio da Semasc, informa que o sistema do Cadastro \u00danico enfrenta instabilidades t\u00e9cnicas tempor\u00e1rias.","robots":{"index":"noindex","follow":"follow"},"og_locale":"pt_BR","og_type":"article","og_title":"Cadastro \u00danico com instabilidades t\u00e9cnicas tempor\u00e1rias","og_description":"Prefeitura de Manaus, por meio da Semasc, informa que o sistema do Cadastro \u00danico enfrenta instabilidades t\u00e9cnicas tempor\u00e1rias.","og_url":"https:\/\/www.manaus.am.gov.br\/semasc\/sistema-cadastro-unico-instabilidades-tecnicas-temporarias\/","og_site_name":"SEMASC","article_publisher":"https:\/\/www.facebook.com\/semascmanaus","article_published_time":"2024-10-30T16:48:29+00:00","article_modified_time":"2024-11-04T18:31:53+00:00","og_image":[{"width":900,"height":509,"url":"https:\/\/www.manaus.am.gov.br\/semasc\/wp-content\/uploads\/sites\/17\/2024\/10\/BANNER-NOTA.png","type":"image\/png"}],"author":"Bruna Greco","twitter_card":"summary_large_image","twitter_misc":{"Written by":"Bruna Greco","Est. reading time":"1 minuto"},"schema":{"@context":"https:\/\/schema.org","@graph":[{"@type":"Article","@id":"https:\/\/www.manaus.am.gov.br\/semasc\/sistema-cadastro-unico-instabilidades-tecnicas-temporarias\/#article","isPartOf":{"@id":"https:\/\/www.manaus.am.gov.br\/semasc\/sistema-cadastro-unico-instabilidades-tecnicas-temporarias\/"},"author":{"name":"Bruna Greco","@id":"https:\/\/www.manaus.am.gov.br\/semasc\/#\/schema\/person\/05d223aea2bf115f9883a6ff3683d81b"},"headline":"Prefeitura informa que o sistema do Cadastro \u00danico enfrenta instabilidades t\u00e9cnicas tempor\u00e1rias","datePublished":"2024-10-30T16:48:29+00:00","dateModified":"2024-11-04T18:31:53+00:00","mainEntityOfPage":{"@id":"https:\/\/www.manaus.am.gov.br\/semasc\/sistema-cadastro-unico-instabilidades-tecnicas-temporarias\/"},"wordCount":154,"publisher":{"@id":"https:\/\/www.manaus.am.gov.br\/semasc\/#organization"},"image":{"@id":"https:\/\/www.manaus.am.gov.br\/semasc\/sistema-cadastro-unico-instabilidades-tecnicas-temporarias\/#primaryimage"},"thumbnailUrl":"https:\/\/www.manaus.am.gov.br\/semasc\/wp-content\/uploads\/sites\/17\/2024\/10\/BANNER-NOTA.png","keywords":["governo federal","instabilidades t\u00e9cnicas tempor\u00e1rias","prefeitura de manaus","Semasc","Sistema do Cadastro \u00danico"],"articleSection":["Nota"],"inLanguage":"pt-BR"},{"@type":"WebPage","@id":"https:\/\/www.manaus.am.gov.br\/semasc\/sistema-cadastro-unico-instabilidades-tecnicas-temporarias\/","url":"https:\/\/www.manaus.am.gov.br\/semasc\/sistema-cadastro-unico-instabilidades-tecnicas-temporarias\/","name":"Cadastro \u00danico com instabilidades t\u00e9cnicas tempor\u00e1rias","isPartOf":{"@id":"https:\/\/www.manaus.am.gov.br\/semasc\/#website"},"primaryImageOfPage":{"@id":"https:\/\/www.manaus.am.gov.br\/semasc\/sistema-cadastro-unico-instabilidades-tecnicas-temporarias\/#primaryimage"},"image":{"@id":"https:\/\/www.manaus.am.gov.br\/semasc\/sistema-cadastro-unico-instabilidades-tecnicas-temporarias\/#primaryimage"},"thumbnailUrl":"https:\/\/www.manaus.am.gov.br\/semasc\/wp-content\/uploads\/sites\/17\/2024\/10\/BANNER-NOTA.png","datePublished":"2024-10-30T16:48:29+00:00","dateModified":"2024-11-04T18:31:53+00:00","description":"Prefeitura de Manaus, por meio da Semasc, informa que o sistema do Cadastro \u00danico enfrenta instabilidades t\u00e9cnicas tempor\u00e1rias.","breadcrumb":{"@id":"https:\/\/www.manaus.am.gov.br\/semasc\/sistema-cadastro-unico-instabilidades-tecnicas-temporarias\/#breadcrumb"},"inLanguage":"pt-BR","potentialAction":[{"@type":"ReadAction","target":["https:\/\/www.manaus.am.gov.br\/semasc\/sistema-cadastro-unico-instabilidades-tecnicas-temporarias\/"]}]},{"@type":"ImageObject","inLanguage":"pt-BR","@id":"https:\/\/www.manaus.am.gov.br\/semasc\/sistema-cadastro-unico-instabilidades-tecnicas-temporarias\/#primaryimage","url":"https:\/\/www.manaus.am.gov.br\/semasc\/wp-content\/uploads\/sites\/17\/2024\/10\/BANNER-NOTA.png","contentUrl":"https:\/\/www.manaus.am.gov.br\/semasc\/wp-content\/uploads\/sites\/17\/2024\/10\/BANNER-NOTA.png","width":900,"height":509},{"@type":"BreadcrumbList","@id":"https:\/\/www.manaus.am.gov.br\/semasc\/sistema-cadastro-unico-instabilidades-tecnicas-temporarias\/#breadcrumb","itemListElement":[{"@type":"ListItem","position":1,"name":"Home","item":"https:\/\/www.manaus.am.gov.br\/semasc\/"},{"@type":"ListItem","position":2,"name":"Prefeitura informa que o sistema do Cadastro \u00danico enfrenta instabilidades t\u00e9cnicas tempor\u00e1rias"}]},{"@type":"WebSite","@id":"https:\/\/www.manaus.am.gov.br\/semasc\/#website","url":"https:\/\/www.manaus.am.gov.br\/semasc\/","name":"SEMASC","description":"Secretaria Municipal da Mulher, Assist\u00eancia Social e Cidadania.","publisher":{"@id":"https:\/\/www.manaus.am.gov.br\/semasc\/#organization"},"alternateName":"Secretaria Municipal da Mulher, Assist\u00eancia Social e Cidadania","potentialAction":[{"@type":"SearchAction","target":{"@type":"EntryPoint","urlTemplate":"https:\/\/www.manaus.am.gov.br\/semasc\/?s={search_term_string}"},"query-input":"required name=search_term_string"}],"inLanguage":"pt-BR"},{"@type":"Organization","@id":"https:\/\/www.manaus.am.gov.br\/semasc\/#organization","name":"Prefeitura de Manaus","alternateName":"Prefeitura Municipal de Manaus","url":"https:\/\/www.manaus.am.gov.br\/semasc\/","logo":{"@type":"ImageObject","inLanguage":"pt-BR","@id":"https:\/\/www.manaus.am.gov.br\/semasc\/#\/schema\/logo\/image\/","url":"https:\/\/www.manaus.am.gov.br\/semasc\/wp-content\/uploads\/sites\/17\/2024\/07\/favicon.png","contentUrl":"https:\/\/www.manaus.am.gov.br\/semasc\/wp-content\/uploads\/sites\/17\/2024\/07\/favicon.png","width":300,"height":300,"caption":"Prefeitura de Manaus"},"image":{"@id":"https:\/\/www.manaus.am.gov.br\/semasc\/#\/schema\/logo\/image\/"},"sameAs":["https:\/\/www.facebook.com\/semascmanaus","https:\/\/www.instagram.com\/semascmanaus\/"]},{"@type":"Person","@id":"https:\/\/www.manaus.am.gov.br\/semasc\/#\/schema\/person\/05d223aea2bf115f9883a6ff3683d81b","name":"Bruna Greco","image":{"@type":"ImageObject","inLanguage":"pt-BR","@id":"https:\/\/www.manaus.am.gov.br\/semasc\/#\/schema\/person\/image\/","url":"https:\/\/secure.gravatar.com\/avatar\/9c877d1a6adc2a055330e5c09a8653ce?s=96&d=mm&r=g","contentUrl":"https:\/\/secure.gravatar.com\/avatar\/9c877d1a6adc2a055330e5c09a8653ce?s=96&d=mm&r=g","caption":"Bruna Greco"}}]}},"_links":{"self":[{"href":"https:\/\/www.manaus.am.gov.br\/semasc\/wp-json\/wp\/v2\/posts\/210848"}],"collection":[{"href":"https:\/\/www.manaus.am.gov.br\/semasc\/wp-json\/wp\/v2\/posts"}],"about":[{"href":"https:\/\/www.manaus.am.gov.br\/semasc\/wp-json\/wp\/v2\/types\/post"}],"author":[{"embeddable":true,"href":"https:\/\/www.manaus.am.gov.br\/semasc\/wp-json\/wp\/v2\/users\/39"}],"replies":[{"embeddable":true,"href":"https:\/\/www.manaus.am.gov.br\/semasc\/wp-json\/wp\/v2\/comments?post=210848"}],"version-history":[{"count":1,"href":"https:\/\/www.manaus.am.gov.br\/semasc\/wp-json\/wp\/v2\/posts\/210848\/revisions"}],"predecessor-version":[{"id":210853,"href":"https:\/\/www.manaus.am.gov.br\/semasc\/wp-json\/wp\/v2\/posts\/210848\/revisions\/210853"}],"wp:featuredmedia":[{"embeddable":true,"href":"https:\/\/www.manaus.am.gov.br\/semasc\/wp-json\/wp\/v2\/media\/210849"}],"wp:attachment":[{"href":"https:\/\/www.manaus.am.gov.br\/semasc\/wp-json\/wp\/v2\/media?parent=210848"}],"wp:term":[{"taxonomy":"category","embeddable":true,"href":"https:\/\/www.manaus.am.gov.br\/semasc\/wp-json\/wp\/v2\/categories?post=210848"},{"taxonomy":"post_tag","embeddable":true,"href":"https:\/\/www.manaus.am.gov.br\/semasc\/wp-json\/wp\/v2\/tags?post=210848"}],"curies":[{"name":"wp","href":"https:\/\/api.w.org\/{rel}","templated":true}]}}