{"id":210846,"date":"2024-10-30T12:40:58","date_gmt":"2024-10-30T16:40:58","guid":{"rendered":"https:\/\/www.manaus.am.gov.br\/semasc\/revitalizacao-cras-cidadenova\/"},"modified":"2024-11-04T09:41:55","modified_gmt":"2024-11-04T13:41:55","slug":"revitalizacao-cras-cidadenova","status":"publish","type":"post","link":"https:\/\/www.manaus.am.gov.br\/semasc\/revitalizacao-cras-cidadenova\/","title":{"rendered":"Prefeitura de Manaus inicia revitaliza\u00e7\u00e3o do Cras Cidade Nova a partir desta quinta-feira, 31"},"content":{"rendered":"\n<p>A Prefeitura de Manaus, por meio da Secretaria Municipal da Mulher, Assist\u00eancia Social e Cidadania (Semasc), d\u00e1 in\u00edcio, a partir desta quinta-feira, 31\/10, ao processo de revitaliza\u00e7\u00e3o do Centro de Refer\u00eancia de Assist\u00eancia Social (Cras) Cidade Nova, na zona Norte.<\/p>\n\n\n\n<p>Com o in\u00edcio das obras, os atendimentos passar\u00e3o a ser realizados no Conselho Tutelar Norte 1, localizado na rua Cajarana, n\u00b0 36, tamb\u00e9m no bairro Cidade Nova, a partir da segunda-feira, 4\/11. A estimativa para a conclus\u00e3o \u00e9 janeiro de 2025.<\/p>\n\n\n\n<p>&#8220;\u00c9 um momento muito aguardado por n\u00f3s, pois \u00e9 gra\u00e7as a esse processo que poderemos ampliar a qualidade do servi\u00e7o que prestamos \u00e0 popula\u00e7\u00e3o e melhorar as condi\u00e7\u00f5es de trabalho de nossa equipe&#8221;, destacou a coordenadora da unidade, Edilzete Nunes.<\/p>\n\n\n\n<p>Hoje, o Cras Cidade Nova tem mais de 47 mil fam\u00edlias em situa\u00e7\u00e3o de vulnerabilidade referenciadas na unidade, possibilitando o acesso a pol\u00edticas de prote\u00e7\u00e3o social b\u00e1sica, como a inser\u00e7\u00e3o no Cadastro \u00danico e aos benef\u00edcios que o cadastro oferece, como o programa Bolsa Fam\u00edlia.<\/p>\n\n\n\n<p>Al\u00e9m do endere\u00e7o provis\u00f3rio, as fam\u00edlias poder\u00e3o buscar atendimento em qualquer uma das outras quatro unidades Cras presentes na zona Norte, sendo elas:<\/p>\n\n\n\n<p>Cras Alfredo Nascimento: Rua 8, n\u00ba 13, Alfredo Nascimento;<\/p>\n\n\n\n<p>Cras Terra Nova: Rua Itapemirim, n\u00ba 230, Col\u00f4nia Terra Nova 2;<\/p>\n\n\n\n<p>Cras Mutir\u00e3o: Rua 4, quadra 5, n\u00ba 85, Amazonino Mendes;<\/p>\n\n\n\n<p>Cras Nossa Senhora da Concei\u00e7\u00e3o:&nbsp;Rua \u00c1guas Marinhas, n\u00ba 142, Cidade Nova.<\/p>\n\n\n\n<p>Os endere\u00e7os de todas as unidades Cras da cidade de Manaus, bem como outros servi\u00e7os relativos \u00e0 pol\u00edtica de assist\u00eancia social, podem ser conferidos acessando o site&nbsp;<a href=\"https:\/\/www.manaus.am.gov.br\/semasc\/\" target=\"_blank\" rel=\"noreferrer noopener\">https:\/\/www.manaus.am.gov.br\/semasc\/<\/a><\/p>\n\n\n\n<p>\u2013 \u2013 \u2013<\/p>\n\n\n\n<p><strong>Texto<\/strong> &#8211;\u00a0Guilherme Pacheco \/ Semasc<\/p>\n\n\n\n<p><strong>Fotos <\/strong>&#8211;\u00a0Diego Lima \/ Semasc<\/p>\n","protected":false},"excerpt":{"rendered":"","protected":false},"author":23,"featured_media":210847,"comment_status":"closed","ping_status":"closed","sticky":false,"template":"","format":"standard","meta":{"footnotes":""},"categories":[34],"tags":[584,304,7,526,18],"acf":[],"yoast_head":"<!-- This site is optimized with the Yoast SEO plugin v23.0 - https:\/\/yoast.com\/wordpress\/plugins\/seo\/ -->\n<title>Prefeitura de Manaus inicia revitaliza\u00e7\u00e3o do Cras Cidade Nova a partir desta quinta-feira, 31<\/title>\n<meta name=\"description\" content=\"A Prefeitura de Manaus, por meio da Secretaria Municipal da Mulher, Assist\u00eancia Social e Cidadania (Semasc), d\u00e1 in\u00edcio, a partir desta quinta-feira, 31\/10, ao processo de revitaliza\u00e7\u00e3o do Centro de Refer\u00eancia de Assist\u00eancia Social (Cras) Cidade Nova, na zona Norte.\" \/>\n<meta name=\"robots\" content=\"noindex, follow\" \/>\n<meta property=\"og:locale\" content=\"pt_BR\" \/>\n<meta property=\"og:type\" content=\"article\" \/>\n<meta property=\"og:title\" content=\"Prefeitura de Manaus inicia revitaliza\u00e7\u00e3o do Cras Cidade Nova a partir desta quinta-feira, 31\" \/>\n<meta property=\"og:description\" content=\"A Prefeitura de Manaus, por meio da Secretaria Municipal da Mulher, Assist\u00eancia Social e Cidadania (Semasc), d\u00e1 in\u00edcio, a partir desta quinta-feira, 31\/10, ao processo de revitaliza\u00e7\u00e3o do Centro de Refer\u00eancia de Assist\u00eancia Social (Cras) Cidade Nova, na zona Norte.\" \/>\n<meta property=\"og:url\" content=\"https:\/\/www.manaus.am.gov.br\/semasc\/revitalizacao-cras-cidadenova\/\" \/>\n<meta property=\"og:site_name\" content=\"SEMASC\" \/>\n<meta property=\"article:publisher\" content=\"https:\/\/www.facebook.com\/semascmanaus\" \/>\n<meta property=\"article:published_time\" content=\"2024-10-30T16:40:58+00:00\" \/>\n<meta property=\"article:modified_time\" content=\"2024-11-04T13:41:55+00:00\" \/>\n<meta property=\"og:image\" content=\"https:\/\/www.manaus.am.gov.br\/semasc\/wp-content\/uploads\/sites\/17\/2024\/10\/IMG_5722-1024x683.jpg\" \/>\n\t<meta property=\"og:image:width\" content=\"1024\" \/>\n\t<meta property=\"og:image:height\" content=\"683\" \/>\n\t<meta property=\"og:image:type\" content=\"image\/jpeg\" \/>\n<meta name=\"author\" content=\"Adriana Costa\" \/>\n<meta name=\"twitter:card\" content=\"summary_large_image\" \/>\n<meta name=\"twitter:label1\" content=\"Written by\" \/>\n\t<meta name=\"twitter:data1\" content=\"Adriana Costa\" \/>\n\t<meta name=\"twitter:label2\" content=\"Est. reading time\" \/>\n\t<meta name=\"twitter:data2\" content=\"2 minutos\" \/>\n<script type=\"application\/ld+json\" class=\"yoast-schema-graph\">{\"@context\":\"https:\/\/schema.org\",\"@graph\":[{\"@type\":\"Article\",\"@id\":\"https:\/\/www.manaus.am.gov.br\/semasc\/revitalizacao-cras-cidadenova\/#article\",\"isPartOf\":{\"@id\":\"https:\/\/www.manaus.am.gov.br\/semasc\/revitalizacao-cras-cidadenova\/\"},\"author\":{\"name\":\"Adriana Costa\",\"@id\":\"https:\/\/www.manaus.am.gov.br\/semasc\/#\/schema\/person\/4e49f4e267757a06ca072ec61b2b9968\"},\"headline\":\"Prefeitura de Manaus inicia revitaliza\u00e7\u00e3o do Cras Cidade Nova a partir desta quinta-feira, 31\",\"datePublished\":\"2024-10-30T16:40:58+00:00\",\"dateModified\":\"2024-11-04T13:41:55+00:00\",\"mainEntityOfPage\":{\"@id\":\"https:\/\/www.manaus.am.gov.br\/semasc\/revitalizacao-cras-cidadenova\/\"},\"wordCount\":306,\"publisher\":{\"@id\":\"https:\/\/www.manaus.am.gov.br\/semasc\/#organization\"},\"image\":{\"@id\":\"https:\/\/www.manaus.am.gov.br\/semasc\/revitalizacao-cras-cidadenova\/#primaryimage\"},\"thumbnailUrl\":\"https:\/\/www.manaus.am.gov.br\/semasc\/wp-content\/uploads\/sites\/17\/2024\/10\/IMG_5722.jpg\",\"keywords\":[\"atendimento\",\"Cras Cidade Nova\",\"prefeitura de manaus\",\"revitaliza\u00e7\u00e3o\",\"Semasc\"],\"articleSection\":[\"Assist\u00eancia Social\"],\"inLanguage\":\"pt-BR\"},{\"@type\":\"WebPage\",\"@id\":\"https:\/\/www.manaus.am.gov.br\/semasc\/revitalizacao-cras-cidadenova\/\",\"url\":\"https:\/\/www.manaus.am.gov.br\/semasc\/revitalizacao-cras-cidadenova\/\",\"name\":\"Prefeitura de Manaus inicia revitaliza\u00e7\u00e3o do Cras Cidade Nova a partir desta quinta-feira, 31\",\"isPartOf\":{\"@id\":\"https:\/\/www.manaus.am.gov.br\/semasc\/#website\"},\"primaryImageOfPage\":{\"@id\":\"https:\/\/www.manaus.am.gov.br\/semasc\/revitalizacao-cras-cidadenova\/#primaryimage\"},\"image\":{\"@id\":\"https:\/\/www.manaus.am.gov.br\/semasc\/revitalizacao-cras-cidadenova\/#primaryimage\"},\"thumbnailUrl\":\"https:\/\/www.manaus.am.gov.br\/semasc\/wp-content\/uploads\/sites\/17\/2024\/10\/IMG_5722.jpg\",\"datePublished\":\"2024-10-30T16:40:58+00:00\",\"dateModified\":\"2024-11-04T13:41:55+00:00\",\"description\":\"A Prefeitura de Manaus, por meio da Secretaria Municipal da Mulher, Assist\u00eancia Social e Cidadania (Semasc), d\u00e1 in\u00edcio, a partir desta quinta-feira, 31\/10, ao processo de revitaliza\u00e7\u00e3o do Centro de Refer\u00eancia de Assist\u00eancia Social (Cras) Cidade Nova, na zona Norte.\",\"breadcrumb\":{\"@id\":\"https:\/\/www.manaus.am.gov.br\/semasc\/revitalizacao-cras-cidadenova\/#breadcrumb\"},\"inLanguage\":\"pt-BR\",\"potentialAction\":[{\"@type\":\"ReadAction\",\"target\":[\"https:\/\/www.manaus.am.gov.br\/semasc\/revitalizacao-cras-cidadenova\/\"]}]},{\"@type\":\"ImageObject\",\"inLanguage\":\"pt-BR\",\"@id\":\"https:\/\/www.manaus.am.gov.br\/semasc\/revitalizacao-cras-cidadenova\/#primaryimage\",\"url\":\"https:\/\/www.manaus.am.gov.br\/semasc\/wp-content\/uploads\/sites\/17\/2024\/10\/IMG_5722.jpg\",\"contentUrl\":\"https:\/\/www.manaus.am.gov.br\/semasc\/wp-content\/uploads\/sites\/17\/2024\/10\/IMG_5722.jpg\",\"width\":2976,\"height\":1984},{\"@type\":\"BreadcrumbList\",\"@id\":\"https:\/\/www.manaus.am.gov.br\/semasc\/revitalizacao-cras-cidadenova\/#breadcrumb\",\"itemListElement\":[{\"@type\":\"ListItem\",\"position\":1,\"name\":\"Home\",\"item\":\"https:\/\/www.manaus.am.gov.br\/semasc\/\"},{\"@type\":\"ListItem\",\"position\":2,\"name\":\"Prefeitura de Manaus inicia revitaliza\u00e7\u00e3o do Cras Cidade Nova a partir desta quinta-feira, 31\"}]},{\"@type\":\"WebSite\",\"@id\":\"https:\/\/www.manaus.am.gov.br\/semasc\/#website\",\"url\":\"https:\/\/www.manaus.am.gov.br\/semasc\/\",\"name\":\"SEMASC\",\"description\":\"Secretaria Municipal da Mulher, Assist\u00eancia Social e Cidadania.\",\"publisher\":{\"@id\":\"https:\/\/www.manaus.am.gov.br\/semasc\/#organization\"},\"alternateName\":\"Secretaria Municipal da Mulher, Assist\u00eancia Social e Cidadania\",\"potentialAction\":[{\"@type\":\"SearchAction\",\"target\":{\"@type\":\"EntryPoint\",\"urlTemplate\":\"https:\/\/www.manaus.am.gov.br\/semasc\/?s={search_term_string}\"},\"query-input\":\"required name=search_term_string\"}],\"inLanguage\":\"pt-BR\"},{\"@type\":\"Organization\",\"@id\":\"https:\/\/www.manaus.am.gov.br\/semasc\/#organization\",\"name\":\"Prefeitura de Manaus\",\"alternateName\":\"Prefeitura Municipal de Manaus\",\"url\":\"https:\/\/www.manaus.am.gov.br\/semasc\/\",\"logo\":{\"@type\":\"ImageObject\",\"inLanguage\":\"pt-BR\",\"@id\":\"https:\/\/www.manaus.am.gov.br\/semasc\/#\/schema\/logo\/image\/\",\"url\":\"https:\/\/www.manaus.am.gov.br\/semasc\/wp-content\/uploads\/sites\/17\/2024\/07\/favicon.png\",\"contentUrl\":\"https:\/\/www.manaus.am.gov.br\/semasc\/wp-content\/uploads\/sites\/17\/2024\/07\/favicon.png\",\"width\":300,\"height\":300,\"caption\":\"Prefeitura de Manaus\"},\"image\":{\"@id\":\"https:\/\/www.manaus.am.gov.br\/semasc\/#\/schema\/logo\/image\/\"},\"sameAs\":[\"https:\/\/www.facebook.com\/semascmanaus\",\"https:\/\/www.instagram.com\/semascmanaus\/\"]},{\"@type\":\"Person\",\"@id\":\"https:\/\/www.manaus.am.gov.br\/semasc\/#\/schema\/person\/4e49f4e267757a06ca072ec61b2b9968\",\"name\":\"Adriana Costa\",\"image\":{\"@type\":\"ImageObject\",\"inLanguage\":\"pt-BR\",\"@id\":\"https:\/\/www.manaus.am.gov.br\/semasc\/#\/schema\/person\/image\/\",\"url\":\"https:\/\/secure.gravatar.com\/avatar\/576258617ef7194f718179e766d57bd4?s=96&d=mm&r=g\",\"contentUrl\":\"https:\/\/secure.gravatar.com\/avatar\/576258617ef7194f718179e766d57bd4?s=96&d=mm&r=g\",\"caption\":\"Adriana Costa\"}}]}<\/script>\n<!-- \/ Yoast SEO plugin. -->","yoast_head_json":{"title":"Prefeitura de Manaus inicia revitaliza\u00e7\u00e3o do Cras Cidade Nova a partir desta quinta-feira, 31","description":"A Prefeitura de Manaus, por meio da Secretaria Municipal da Mulher, Assist\u00eancia Social e Cidadania (Semasc), d\u00e1 in\u00edcio, a partir desta quinta-feira, 31\/10, ao processo de revitaliza\u00e7\u00e3o do Centro de Refer\u00eancia de Assist\u00eancia Social (Cras) Cidade Nova, na zona Norte.","robots":{"index":"noindex","follow":"follow"},"og_locale":"pt_BR","og_type":"article","og_title":"Prefeitura de Manaus inicia revitaliza\u00e7\u00e3o do Cras Cidade Nova a partir desta quinta-feira, 31","og_description":"A Prefeitura de Manaus, por meio da Secretaria Municipal da Mulher, Assist\u00eancia Social e Cidadania (Semasc), d\u00e1 in\u00edcio, a partir desta quinta-feira, 31\/10, ao processo de revitaliza\u00e7\u00e3o do Centro de Refer\u00eancia de Assist\u00eancia Social (Cras) Cidade Nova, na zona Norte.","og_url":"https:\/\/www.manaus.am.gov.br\/semasc\/revitalizacao-cras-cidadenova\/","og_site_name":"SEMASC","article_publisher":"https:\/\/www.facebook.com\/semascmanaus","article_published_time":"2024-10-30T16:40:58+00:00","article_modified_time":"2024-11-04T13:41:55+00:00","og_image":[{"width":1024,"height":683,"url":"https:\/\/www.manaus.am.gov.br\/semasc\/wp-content\/uploads\/sites\/17\/2024\/10\/IMG_5722-1024x683.jpg","type":"image\/jpeg"}],"author":"Adriana Costa","twitter_card":"summary_large_image","twitter_misc":{"Written by":"Adriana Costa","Est. reading time":"2 minutos"},"schema":{"@context":"https:\/\/schema.org","@graph":[{"@type":"Article","@id":"https:\/\/www.manaus.am.gov.br\/semasc\/revitalizacao-cras-cidadenova\/#article","isPartOf":{"@id":"https:\/\/www.manaus.am.gov.br\/semasc\/revitalizacao-cras-cidadenova\/"},"author":{"name":"Adriana Costa","@id":"https:\/\/www.manaus.am.gov.br\/semasc\/#\/schema\/person\/4e49f4e267757a06ca072ec61b2b9968"},"headline":"Prefeitura de Manaus inicia revitaliza\u00e7\u00e3o do Cras Cidade Nova a partir desta quinta-feira, 31","datePublished":"2024-10-30T16:40:58+00:00","dateModified":"2024-11-04T13:41:55+00:00","mainEntityOfPage":{"@id":"https:\/\/www.manaus.am.gov.br\/semasc\/revitalizacao-cras-cidadenova\/"},"wordCount":306,"publisher":{"@id":"https:\/\/www.manaus.am.gov.br\/semasc\/#organization"},"image":{"@id":"https:\/\/www.manaus.am.gov.br\/semasc\/revitalizacao-cras-cidadenova\/#primaryimage"},"thumbnailUrl":"https:\/\/www.manaus.am.gov.br\/semasc\/wp-content\/uploads\/sites\/17\/2024\/10\/IMG_5722.jpg","keywords":["atendimento","Cras Cidade Nova","prefeitura de manaus","revitaliza\u00e7\u00e3o","Semasc"],"articleSection":["Assist\u00eancia Social"],"inLanguage":"pt-BR"},{"@type":"WebPage","@id":"https:\/\/www.manaus.am.gov.br\/semasc\/revitalizacao-cras-cidadenova\/","url":"https:\/\/www.manaus.am.gov.br\/semasc\/revitalizacao-cras-cidadenova\/","name":"Prefeitura de Manaus inicia revitaliza\u00e7\u00e3o do Cras Cidade Nova a partir desta quinta-feira, 31","isPartOf":{"@id":"https:\/\/www.manaus.am.gov.br\/semasc\/#website"},"primaryImageOfPage":{"@id":"https:\/\/www.manaus.am.gov.br\/semasc\/revitalizacao-cras-cidadenova\/#primaryimage"},"image":{"@id":"https:\/\/www.manaus.am.gov.br\/semasc\/revitalizacao-cras-cidadenova\/#primaryimage"},"thumbnailUrl":"https:\/\/www.manaus.am.gov.br\/semasc\/wp-content\/uploads\/sites\/17\/2024\/10\/IMG_5722.jpg","datePublished":"2024-10-30T16:40:58+00:00","dateModified":"2024-11-04T13:41:55+00:00","description":"A Prefeitura de Manaus, por meio da Secretaria Municipal da Mulher, Assist\u00eancia Social e Cidadania (Semasc), d\u00e1 in\u00edcio, a partir desta quinta-feira, 31\/10, ao processo de revitaliza\u00e7\u00e3o do Centro de Refer\u00eancia de Assist\u00eancia Social (Cras) Cidade Nova, na zona Norte.","breadcrumb":{"@id":"https:\/\/www.manaus.am.gov.br\/semasc\/revitalizacao-cras-cidadenova\/#breadcrumb"},"inLanguage":"pt-BR","potentialAction":[{"@type":"ReadAction","target":["https:\/\/www.manaus.am.gov.br\/semasc\/revitalizacao-cras-cidadenova\/"]}]},{"@type":"ImageObject","inLanguage":"pt-BR","@id":"https:\/\/www.manaus.am.gov.br\/semasc\/revitalizacao-cras-cidadenova\/#primaryimage","url":"https:\/\/www.manaus.am.gov.br\/semasc\/wp-content\/uploads\/sites\/17\/2024\/10\/IMG_5722.jpg","contentUrl":"https:\/\/www.manaus.am.gov.br\/semasc\/wp-content\/uploads\/sites\/17\/2024\/10\/IMG_5722.jpg","width":2976,"height":1984},{"@type":"BreadcrumbList","@id":"https:\/\/www.manaus.am.gov.br\/semasc\/revitalizacao-cras-cidadenova\/#breadcrumb","itemListElement":[{"@type":"ListItem","position":1,"name":"Home","item":"https:\/\/www.manaus.am.gov.br\/semasc\/"},{"@type":"ListItem","position":2,"name":"Prefeitura de Manaus inicia revitaliza\u00e7\u00e3o do Cras Cidade Nova a partir desta quinta-feira, 31"}]},{"@type":"WebSite","@id":"https:\/\/www.manaus.am.gov.br\/semasc\/#website","url":"https:\/\/www.manaus.am.gov.br\/semasc\/","name":"SEMASC","description":"Secretaria Municipal da Mulher, Assist\u00eancia Social e Cidadania.","publisher":{"@id":"https:\/\/www.manaus.am.gov.br\/semasc\/#organization"},"alternateName":"Secretaria Municipal da Mulher, Assist\u00eancia Social e Cidadania","potentialAction":[{"@type":"SearchAction","target":{"@type":"EntryPoint","urlTemplate":"https:\/\/www.manaus.am.gov.br\/semasc\/?s={search_term_string}"},"query-input":"required name=search_term_string"}],"inLanguage":"pt-BR"},{"@type":"Organization","@id":"https:\/\/www.manaus.am.gov.br\/semasc\/#organization","name":"Prefeitura de Manaus","alternateName":"Prefeitura Municipal de Manaus","url":"https:\/\/www.manaus.am.gov.br\/semasc\/","logo":{"@type":"ImageObject","inLanguage":"pt-BR","@id":"https:\/\/www.manaus.am.gov.br\/semasc\/#\/schema\/logo\/image\/","url":"https:\/\/www.manaus.am.gov.br\/semasc\/wp-content\/uploads\/sites\/17\/2024\/07\/favicon.png","contentUrl":"https:\/\/www.manaus.am.gov.br\/semasc\/wp-content\/uploads\/sites\/17\/2024\/07\/favicon.png","width":300,"height":300,"caption":"Prefeitura de Manaus"},"image":{"@id":"https:\/\/www.manaus.am.gov.br\/semasc\/#\/schema\/logo\/image\/"},"sameAs":["https:\/\/www.facebook.com\/semascmanaus","https:\/\/www.instagram.com\/semascmanaus\/"]},{"@type":"Person","@id":"https:\/\/www.manaus.am.gov.br\/semasc\/#\/schema\/person\/4e49f4e267757a06ca072ec61b2b9968","name":"Adriana Costa","image":{"@type":"ImageObject","inLanguage":"pt-BR","@id":"https:\/\/www.manaus.am.gov.br\/semasc\/#\/schema\/person\/image\/","url":"https:\/\/secure.gravatar.com\/avatar\/576258617ef7194f718179e766d57bd4?s=96&d=mm&r=g","contentUrl":"https:\/\/secure.gravatar.com\/avatar\/576258617ef7194f718179e766d57bd4?s=96&d=mm&r=g","caption":"Adriana Costa"}}]}},"_links":{"self":[{"href":"https:\/\/www.manaus.am.gov.br\/semasc\/wp-json\/wp\/v2\/posts\/210846"}],"collection":[{"href":"https:\/\/www.manaus.am.gov.br\/semasc\/wp-json\/wp\/v2\/posts"}],"about":[{"href":"https:\/\/www.manaus.am.gov.br\/semasc\/wp-json\/wp\/v2\/types\/post"}],"author":[{"embeddable":true,"href":"https:\/\/www.manaus.am.gov.br\/semasc\/wp-json\/wp\/v2\/users\/23"}],"replies":[{"embeddable":true,"href":"https:\/\/www.manaus.am.gov.br\/semasc\/wp-json\/wp\/v2\/comments?post=210846"}],"version-history":[{"count":1,"href":"https:\/\/www.manaus.am.gov.br\/semasc\/wp-json\/wp\/v2\/posts\/210846\/revisions"}],"predecessor-version":[{"id":210852,"href":"https:\/\/www.manaus.am.gov.br\/semasc\/wp-json\/wp\/v2\/posts\/210846\/revisions\/210852"}],"wp:featuredmedia":[{"embeddable":true,"href":"https:\/\/www.manaus.am.gov.br\/semasc\/wp-json\/wp\/v2\/media\/210847"}],"wp:attachment":[{"href":"https:\/\/www.manaus.am.gov.br\/semasc\/wp-json\/wp\/v2\/media?parent=210846"}],"wp:term":[{"taxonomy":"category","embeddable":true,"href":"https:\/\/www.manaus.am.gov.br\/semasc\/wp-json\/wp\/v2\/categories?post=210846"},{"taxonomy":"post_tag","embeddable":true,"href":"https:\/\/www.manaus.am.gov.br\/semasc\/wp-json\/wp\/v2\/tags?post=210846"}],"curies":[{"name":"wp","href":"https:\/\/api.w.org\/{rel}","templated":true}]}}