{"id":210834,"date":"2024-10-15T10:03:55","date_gmt":"2024-10-15T14:03:55","guid":{"rendered":"https:\/\/www.manaus.am.gov.br\/semasc\/?p=210834"},"modified":"2024-11-01T14:23:37","modified_gmt":"2024-11-01T18:23:37","slug":"criancas-e-adolescentes-atendidos-pelo-saica-recebem-festa-especial-em-comemoracao-ao-dia-das-criancas","status":"publish","type":"post","link":"https:\/\/www.manaus.am.gov.br\/semasc\/criancas-e-adolescentes-atendidos-pelo-saica-recebem-festa-especial-em-comemoracao-ao-dia-das-criancas\/","title":{"rendered":"Crian\u00e7as e adolescentes atendidos pelo Saica recebem festa especial em comemora\u00e7\u00e3o ao Dia das Crian\u00e7as"},"content":{"rendered":"\n<p>Em alus\u00e3o ao Dia das Crian\u00e7as, a Prefeitura de Manaus, por meio da Secretaria Municipal da Mulher, Assist\u00eancia Social e Cidadania (Semasc), realizou nesta sexta-feira, 11\/10, uma festa para as crian\u00e7as e adolescentes atendidos pelo Servi\u00e7o de Acolhimento Institucional para Crian\u00e7as e Adolescentes (Saica) do munic\u00edpio.<\/p>\n\n\n\n<p>Ao longo de toda a manh\u00e3, as crian\u00e7as tiveram a oportunidade de aproveitar uma programa\u00e7\u00e3o repleta de atividades f\u00edsicas, brincadeiras, pintura facial e muito mais.<\/p>\n\n\n\n<p>\u201cTodos os anos, procuramos trazer esse tipo de programa\u00e7\u00e3o para as nossas crian\u00e7as, at\u00e9 porque sabemos o qu\u00e3o importante essas atividades s\u00e3o. Trabalhamos para que todos que sejam acolhidos pelo Saica possam brincar e ser crian\u00e7as, para que possam ver o mundo como um lugar um pouco mais seguro e acolhedor, para que possam ressignificar suas hist\u00f3rias de vida atrav\u00e9s do carinho recebido aqui\u201d, destacou o coordenador do equipamento, Carlos Ferreira.<\/p>\n\n\n\n<p>O Saica oferece acolhimento provis\u00f3rio para crian\u00e7as e adolescentes com idade entre 0 e 18 anos incompletos afastados do conv\u00edvio familiar por meio de medidas protetivas de abrigo, em fun\u00e7\u00e3o de abandono ou cujas fam\u00edlias ou respons\u00e1veis encontrem-se temporariamente impossibilitados de cumprir sua fun\u00e7\u00e3o de cuidado e prote\u00e7\u00e3o, at\u00e9 que seja viabilizado o retorno ao conv\u00edvio familiar de origem ou, na sua impossibilidade, encaminhamento para fam\u00edlia substituta por meio de Guia de Acolhimento expedida pelo Juizado da Inf\u00e2ncia e Juventude.<\/p>\n\n\n\n<p>De acordo com a psic\u00f3loga Fab\u00edola Rabelo, a complexidade e delicadeza das demandas apresentadas pelo p\u00fablico atendido no equipamento faz com que atividades recreativas e de cunho l\u00fadico sejam essenciais para o desenvolvimento saud\u00e1vel dessas crian\u00e7as.<\/p>\n\n\n\n<p>\u201cMesmo tendo passado por situa\u00e7\u00f5es inimagin\u00e1veis antes de dar entrada no Saica, precisamos lembrar que ainda s\u00e3o crian\u00e7as e que precisam ser tratadas como crian\u00e7as. Quando realizamos atividades deste tipo, garantimos que eles se sintam acolhidos, que eles se sintam importantes e, acima de tudo, que se sintam cidad\u00e3os munidos de direitos independentemente do que possa ter acontecido antes do acolhimento. Eles merecem esses momentos de alegria e carinho tanto quanto qualquer outra crian\u00e7a\u201d, explicou.<\/p>\n\n\n\n<p>\u2013 \u2013 &#8211;<\/p>\n\n\n\n<p><strong>Texto: <\/strong>Guilherme Pacheco \/ Semasc<\/p>\n\n\n\n<p><strong>Fotos: <\/strong>Diego Lima \/ Semasc<\/p>\n","protected":false},"excerpt":{"rendered":"","protected":false},"author":56,"featured_media":210835,"comment_status":"closed","ping_status":"closed","sticky":false,"template":"","format":"standard","meta":{"footnotes":""},"categories":[489],"tags":[737,491,7],"acf":[],"yoast_head":"<!-- This site is optimized with the Yoast SEO plugin v23.0 - https:\/\/yoast.com\/wordpress\/plugins\/seo\/ -->\n<title>Crian\u00e7as e adolescentes atendidos pelo Saica recebem festa especial em comemora\u00e7\u00e3o ao Dia das Crian\u00e7as - SEMASC<\/title>\n<meta name=\"robots\" content=\"noindex, follow\" \/>\n<meta property=\"og:locale\" content=\"pt_BR\" \/>\n<meta property=\"og:type\" content=\"article\" \/>\n<meta property=\"og:title\" content=\"Crian\u00e7as e adolescentes atendidos pelo Saica recebem festa especial em comemora\u00e7\u00e3o ao Dia das Crian\u00e7as - SEMASC\" \/>\n<meta property=\"og:url\" content=\"https:\/\/www.manaus.am.gov.br\/semasc\/criancas-e-adolescentes-atendidos-pelo-saica-recebem-festa-especial-em-comemoracao-ao-dia-das-criancas\/\" \/>\n<meta property=\"og:site_name\" content=\"SEMASC\" \/>\n<meta property=\"article:publisher\" content=\"https:\/\/www.facebook.com\/semascmanaus\" \/>\n<meta property=\"article:published_time\" content=\"2024-10-15T14:03:55+00:00\" \/>\n<meta property=\"article:modified_time\" content=\"2024-11-01T18:23:37+00:00\" \/>\n<meta property=\"og:image\" content=\"https:\/\/www.manaus.am.gov.br\/semasc\/wp-content\/uploads\/sites\/17\/2024\/10\/IMG_4767-1024x683.jpg\" \/>\n\t<meta property=\"og:image:width\" content=\"1024\" \/>\n\t<meta property=\"og:image:height\" content=\"683\" \/>\n\t<meta property=\"og:image:type\" content=\"image\/jpeg\" \/>\n<meta name=\"author\" content=\"leofierro\" \/>\n<meta name=\"twitter:card\" content=\"summary_large_image\" \/>\n<meta name=\"twitter:label1\" content=\"Written by\" \/>\n\t<meta name=\"twitter:data1\" content=\"leofierro\" \/>\n\t<meta name=\"twitter:label2\" content=\"Est. reading time\" \/>\n\t<meta name=\"twitter:data2\" content=\"3 minutos\" \/>\n<script type=\"application\/ld+json\" class=\"yoast-schema-graph\">{\"@context\":\"https:\/\/schema.org\",\"@graph\":[{\"@type\":\"Article\",\"@id\":\"https:\/\/www.manaus.am.gov.br\/semasc\/criancas-e-adolescentes-atendidos-pelo-saica-recebem-festa-especial-em-comemoracao-ao-dia-das-criancas\/#article\",\"isPartOf\":{\"@id\":\"https:\/\/www.manaus.am.gov.br\/semasc\/criancas-e-adolescentes-atendidos-pelo-saica-recebem-festa-especial-em-comemoracao-ao-dia-das-criancas\/\"},\"author\":{\"name\":\"leofierro\",\"@id\":\"https:\/\/www.manaus.am.gov.br\/semasc\/#\/schema\/person\/68c6a77f3dcf3f40a0d6e6ad5076718c\"},\"headline\":\"Crian\u00e7as e adolescentes atendidos pelo Saica recebem festa especial em comemora\u00e7\u00e3o ao Dia das Crian\u00e7as\",\"datePublished\":\"2024-10-15T14:03:55+00:00\",\"dateModified\":\"2024-11-01T18:23:37+00:00\",\"mainEntityOfPage\":{\"@id\":\"https:\/\/www.manaus.am.gov.br\/semasc\/criancas-e-adolescentes-atendidos-pelo-saica-recebem-festa-especial-em-comemoracao-ao-dia-das-criancas\/\"},\"wordCount\":398,\"publisher\":{\"@id\":\"https:\/\/www.manaus.am.gov.br\/semasc\/#organization\"},\"image\":{\"@id\":\"https:\/\/www.manaus.am.gov.br\/semasc\/criancas-e-adolescentes-atendidos-pelo-saica-recebem-festa-especial-em-comemoracao-ao-dia-das-criancas\/#primaryimage\"},\"thumbnailUrl\":\"https:\/\/www.manaus.am.gov.br\/semasc\/wp-content\/uploads\/sites\/17\/2024\/10\/IMG_4767.jpg\",\"keywords\":[\"Assist\u00eancia Social e Cidadania (Semasc)\",\"dia das crian\u00e7as\",\"prefeitura de manaus\"],\"articleSection\":[\"Celebra\u00e7\u00e3o\"],\"inLanguage\":\"pt-BR\"},{\"@type\":\"WebPage\",\"@id\":\"https:\/\/www.manaus.am.gov.br\/semasc\/criancas-e-adolescentes-atendidos-pelo-saica-recebem-festa-especial-em-comemoracao-ao-dia-das-criancas\/\",\"url\":\"https:\/\/www.manaus.am.gov.br\/semasc\/criancas-e-adolescentes-atendidos-pelo-saica-recebem-festa-especial-em-comemoracao-ao-dia-das-criancas\/\",\"name\":\"Crian\u00e7as e adolescentes atendidos pelo Saica recebem festa especial em comemora\u00e7\u00e3o ao Dia das Crian\u00e7as - SEMASC\",\"isPartOf\":{\"@id\":\"https:\/\/www.manaus.am.gov.br\/semasc\/#website\"},\"primaryImageOfPage\":{\"@id\":\"https:\/\/www.manaus.am.gov.br\/semasc\/criancas-e-adolescentes-atendidos-pelo-saica-recebem-festa-especial-em-comemoracao-ao-dia-das-criancas\/#primaryimage\"},\"image\":{\"@id\":\"https:\/\/www.manaus.am.gov.br\/semasc\/criancas-e-adolescentes-atendidos-pelo-saica-recebem-festa-especial-em-comemoracao-ao-dia-das-criancas\/#primaryimage\"},\"thumbnailUrl\":\"https:\/\/www.manaus.am.gov.br\/semasc\/wp-content\/uploads\/sites\/17\/2024\/10\/IMG_4767.jpg\",\"datePublished\":\"2024-10-15T14:03:55+00:00\",\"dateModified\":\"2024-11-01T18:23:37+00:00\",\"breadcrumb\":{\"@id\":\"https:\/\/www.manaus.am.gov.br\/semasc\/criancas-e-adolescentes-atendidos-pelo-saica-recebem-festa-especial-em-comemoracao-ao-dia-das-criancas\/#breadcrumb\"},\"inLanguage\":\"pt-BR\",\"potentialAction\":[{\"@type\":\"ReadAction\",\"target\":[\"https:\/\/www.manaus.am.gov.br\/semasc\/criancas-e-adolescentes-atendidos-pelo-saica-recebem-festa-especial-em-comemoracao-ao-dia-das-criancas\/\"]}]},{\"@type\":\"ImageObject\",\"inLanguage\":\"pt-BR\",\"@id\":\"https:\/\/www.manaus.am.gov.br\/semasc\/criancas-e-adolescentes-atendidos-pelo-saica-recebem-festa-especial-em-comemoracao-ao-dia-das-criancas\/#primaryimage\",\"url\":\"https:\/\/www.manaus.am.gov.br\/semasc\/wp-content\/uploads\/sites\/17\/2024\/10\/IMG_4767.jpg\",\"contentUrl\":\"https:\/\/www.manaus.am.gov.br\/semasc\/wp-content\/uploads\/sites\/17\/2024\/10\/IMG_4767.jpg\",\"width\":2976,\"height\":1984},{\"@type\":\"BreadcrumbList\",\"@id\":\"https:\/\/www.manaus.am.gov.br\/semasc\/criancas-e-adolescentes-atendidos-pelo-saica-recebem-festa-especial-em-comemoracao-ao-dia-das-criancas\/#breadcrumb\",\"itemListElement\":[{\"@type\":\"ListItem\",\"position\":1,\"name\":\"Home\",\"item\":\"https:\/\/www.manaus.am.gov.br\/semasc\/\"},{\"@type\":\"ListItem\",\"position\":2,\"name\":\"Crian\u00e7as e adolescentes atendidos pelo Saica recebem festa especial em comemora\u00e7\u00e3o ao Dia das Crian\u00e7as\"}]},{\"@type\":\"WebSite\",\"@id\":\"https:\/\/www.manaus.am.gov.br\/semasc\/#website\",\"url\":\"https:\/\/www.manaus.am.gov.br\/semasc\/\",\"name\":\"SEMASC\",\"description\":\"Secretaria Municipal da Mulher, Assist\u00eancia Social e Cidadania.\",\"publisher\":{\"@id\":\"https:\/\/www.manaus.am.gov.br\/semasc\/#organization\"},\"alternateName\":\"Secretaria Municipal da Mulher, Assist\u00eancia Social e Cidadania\",\"potentialAction\":[{\"@type\":\"SearchAction\",\"target\":{\"@type\":\"EntryPoint\",\"urlTemplate\":\"https:\/\/www.manaus.am.gov.br\/semasc\/?s={search_term_string}\"},\"query-input\":\"required name=search_term_string\"}],\"inLanguage\":\"pt-BR\"},{\"@type\":\"Organization\",\"@id\":\"https:\/\/www.manaus.am.gov.br\/semasc\/#organization\",\"name\":\"Prefeitura de Manaus\",\"alternateName\":\"Prefeitura Municipal de Manaus\",\"url\":\"https:\/\/www.manaus.am.gov.br\/semasc\/\",\"logo\":{\"@type\":\"ImageObject\",\"inLanguage\":\"pt-BR\",\"@id\":\"https:\/\/www.manaus.am.gov.br\/semasc\/#\/schema\/logo\/image\/\",\"url\":\"https:\/\/www.manaus.am.gov.br\/semasc\/wp-content\/uploads\/sites\/17\/2024\/07\/favicon.png\",\"contentUrl\":\"https:\/\/www.manaus.am.gov.br\/semasc\/wp-content\/uploads\/sites\/17\/2024\/07\/favicon.png\",\"width\":300,\"height\":300,\"caption\":\"Prefeitura de Manaus\"},\"image\":{\"@id\":\"https:\/\/www.manaus.am.gov.br\/semasc\/#\/schema\/logo\/image\/\"},\"sameAs\":[\"https:\/\/www.facebook.com\/semascmanaus\",\"https:\/\/www.instagram.com\/semascmanaus\/\"]},{\"@type\":\"Person\",\"@id\":\"https:\/\/www.manaus.am.gov.br\/semasc\/#\/schema\/person\/68c6a77f3dcf3f40a0d6e6ad5076718c\",\"name\":\"leofierro\",\"image\":{\"@type\":\"ImageObject\",\"inLanguage\":\"pt-BR\",\"@id\":\"https:\/\/www.manaus.am.gov.br\/semasc\/#\/schema\/person\/image\/\",\"url\":\"https:\/\/secure.gravatar.com\/avatar\/30d8783eede7767036ae574037a3f2de?s=96&d=mm&r=g\",\"contentUrl\":\"https:\/\/secure.gravatar.com\/avatar\/30d8783eede7767036ae574037a3f2de?s=96&d=mm&r=g\",\"caption\":\"leofierro\"}}]}<\/script>\n<!-- \/ Yoast SEO plugin. -->","yoast_head_json":{"title":"Crian\u00e7as e adolescentes atendidos pelo Saica recebem festa especial em comemora\u00e7\u00e3o ao Dia das Crian\u00e7as - SEMASC","robots":{"index":"noindex","follow":"follow"},"og_locale":"pt_BR","og_type":"article","og_title":"Crian\u00e7as e adolescentes atendidos pelo Saica recebem festa especial em comemora\u00e7\u00e3o ao Dia das Crian\u00e7as - SEMASC","og_url":"https:\/\/www.manaus.am.gov.br\/semasc\/criancas-e-adolescentes-atendidos-pelo-saica-recebem-festa-especial-em-comemoracao-ao-dia-das-criancas\/","og_site_name":"SEMASC","article_publisher":"https:\/\/www.facebook.com\/semascmanaus","article_published_time":"2024-10-15T14:03:55+00:00","article_modified_time":"2024-11-01T18:23:37+00:00","og_image":[{"width":1024,"height":683,"url":"https:\/\/www.manaus.am.gov.br\/semasc\/wp-content\/uploads\/sites\/17\/2024\/10\/IMG_4767-1024x683.jpg","type":"image\/jpeg"}],"author":"leofierro","twitter_card":"summary_large_image","twitter_misc":{"Written by":"leofierro","Est. reading time":"3 minutos"},"schema":{"@context":"https:\/\/schema.org","@graph":[{"@type":"Article","@id":"https:\/\/www.manaus.am.gov.br\/semasc\/criancas-e-adolescentes-atendidos-pelo-saica-recebem-festa-especial-em-comemoracao-ao-dia-das-criancas\/#article","isPartOf":{"@id":"https:\/\/www.manaus.am.gov.br\/semasc\/criancas-e-adolescentes-atendidos-pelo-saica-recebem-festa-especial-em-comemoracao-ao-dia-das-criancas\/"},"author":{"name":"leofierro","@id":"https:\/\/www.manaus.am.gov.br\/semasc\/#\/schema\/person\/68c6a77f3dcf3f40a0d6e6ad5076718c"},"headline":"Crian\u00e7as e adolescentes atendidos pelo Saica recebem festa especial em comemora\u00e7\u00e3o ao Dia das Crian\u00e7as","datePublished":"2024-10-15T14:03:55+00:00","dateModified":"2024-11-01T18:23:37+00:00","mainEntityOfPage":{"@id":"https:\/\/www.manaus.am.gov.br\/semasc\/criancas-e-adolescentes-atendidos-pelo-saica-recebem-festa-especial-em-comemoracao-ao-dia-das-criancas\/"},"wordCount":398,"publisher":{"@id":"https:\/\/www.manaus.am.gov.br\/semasc\/#organization"},"image":{"@id":"https:\/\/www.manaus.am.gov.br\/semasc\/criancas-e-adolescentes-atendidos-pelo-saica-recebem-festa-especial-em-comemoracao-ao-dia-das-criancas\/#primaryimage"},"thumbnailUrl":"https:\/\/www.manaus.am.gov.br\/semasc\/wp-content\/uploads\/sites\/17\/2024\/10\/IMG_4767.jpg","keywords":["Assist\u00eancia Social e Cidadania (Semasc)","dia das crian\u00e7as","prefeitura de manaus"],"articleSection":["Celebra\u00e7\u00e3o"],"inLanguage":"pt-BR"},{"@type":"WebPage","@id":"https:\/\/www.manaus.am.gov.br\/semasc\/criancas-e-adolescentes-atendidos-pelo-saica-recebem-festa-especial-em-comemoracao-ao-dia-das-criancas\/","url":"https:\/\/www.manaus.am.gov.br\/semasc\/criancas-e-adolescentes-atendidos-pelo-saica-recebem-festa-especial-em-comemoracao-ao-dia-das-criancas\/","name":"Crian\u00e7as e adolescentes atendidos pelo Saica recebem festa especial em comemora\u00e7\u00e3o ao Dia das Crian\u00e7as - SEMASC","isPartOf":{"@id":"https:\/\/www.manaus.am.gov.br\/semasc\/#website"},"primaryImageOfPage":{"@id":"https:\/\/www.manaus.am.gov.br\/semasc\/criancas-e-adolescentes-atendidos-pelo-saica-recebem-festa-especial-em-comemoracao-ao-dia-das-criancas\/#primaryimage"},"image":{"@id":"https:\/\/www.manaus.am.gov.br\/semasc\/criancas-e-adolescentes-atendidos-pelo-saica-recebem-festa-especial-em-comemoracao-ao-dia-das-criancas\/#primaryimage"},"thumbnailUrl":"https:\/\/www.manaus.am.gov.br\/semasc\/wp-content\/uploads\/sites\/17\/2024\/10\/IMG_4767.jpg","datePublished":"2024-10-15T14:03:55+00:00","dateModified":"2024-11-01T18:23:37+00:00","breadcrumb":{"@id":"https:\/\/www.manaus.am.gov.br\/semasc\/criancas-e-adolescentes-atendidos-pelo-saica-recebem-festa-especial-em-comemoracao-ao-dia-das-criancas\/#breadcrumb"},"inLanguage":"pt-BR","potentialAction":[{"@type":"ReadAction","target":["https:\/\/www.manaus.am.gov.br\/semasc\/criancas-e-adolescentes-atendidos-pelo-saica-recebem-festa-especial-em-comemoracao-ao-dia-das-criancas\/"]}]},{"@type":"ImageObject","inLanguage":"pt-BR","@id":"https:\/\/www.manaus.am.gov.br\/semasc\/criancas-e-adolescentes-atendidos-pelo-saica-recebem-festa-especial-em-comemoracao-ao-dia-das-criancas\/#primaryimage","url":"https:\/\/www.manaus.am.gov.br\/semasc\/wp-content\/uploads\/sites\/17\/2024\/10\/IMG_4767.jpg","contentUrl":"https:\/\/www.manaus.am.gov.br\/semasc\/wp-content\/uploads\/sites\/17\/2024\/10\/IMG_4767.jpg","width":2976,"height":1984},{"@type":"BreadcrumbList","@id":"https:\/\/www.manaus.am.gov.br\/semasc\/criancas-e-adolescentes-atendidos-pelo-saica-recebem-festa-especial-em-comemoracao-ao-dia-das-criancas\/#breadcrumb","itemListElement":[{"@type":"ListItem","position":1,"name":"Home","item":"https:\/\/www.manaus.am.gov.br\/semasc\/"},{"@type":"ListItem","position":2,"name":"Crian\u00e7as e adolescentes atendidos pelo Saica recebem festa especial em comemora\u00e7\u00e3o ao Dia das Crian\u00e7as"}]},{"@type":"WebSite","@id":"https:\/\/www.manaus.am.gov.br\/semasc\/#website","url":"https:\/\/www.manaus.am.gov.br\/semasc\/","name":"SEMASC","description":"Secretaria Municipal da Mulher, Assist\u00eancia Social e Cidadania.","publisher":{"@id":"https:\/\/www.manaus.am.gov.br\/semasc\/#organization"},"alternateName":"Secretaria Municipal da Mulher, Assist\u00eancia Social e Cidadania","potentialAction":[{"@type":"SearchAction","target":{"@type":"EntryPoint","urlTemplate":"https:\/\/www.manaus.am.gov.br\/semasc\/?s={search_term_string}"},"query-input":"required name=search_term_string"}],"inLanguage":"pt-BR"},{"@type":"Organization","@id":"https:\/\/www.manaus.am.gov.br\/semasc\/#organization","name":"Prefeitura de Manaus","alternateName":"Prefeitura Municipal de Manaus","url":"https:\/\/www.manaus.am.gov.br\/semasc\/","logo":{"@type":"ImageObject","inLanguage":"pt-BR","@id":"https:\/\/www.manaus.am.gov.br\/semasc\/#\/schema\/logo\/image\/","url":"https:\/\/www.manaus.am.gov.br\/semasc\/wp-content\/uploads\/sites\/17\/2024\/07\/favicon.png","contentUrl":"https:\/\/www.manaus.am.gov.br\/semasc\/wp-content\/uploads\/sites\/17\/2024\/07\/favicon.png","width":300,"height":300,"caption":"Prefeitura de Manaus"},"image":{"@id":"https:\/\/www.manaus.am.gov.br\/semasc\/#\/schema\/logo\/image\/"},"sameAs":["https:\/\/www.facebook.com\/semascmanaus","https:\/\/www.instagram.com\/semascmanaus\/"]},{"@type":"Person","@id":"https:\/\/www.manaus.am.gov.br\/semasc\/#\/schema\/person\/68c6a77f3dcf3f40a0d6e6ad5076718c","name":"leofierro","image":{"@type":"ImageObject","inLanguage":"pt-BR","@id":"https:\/\/www.manaus.am.gov.br\/semasc\/#\/schema\/person\/image\/","url":"https:\/\/secure.gravatar.com\/avatar\/30d8783eede7767036ae574037a3f2de?s=96&d=mm&r=g","contentUrl":"https:\/\/secure.gravatar.com\/avatar\/30d8783eede7767036ae574037a3f2de?s=96&d=mm&r=g","caption":"leofierro"}}]}},"_links":{"self":[{"href":"https:\/\/www.manaus.am.gov.br\/semasc\/wp-json\/wp\/v2\/posts\/210834"}],"collection":[{"href":"https:\/\/www.manaus.am.gov.br\/semasc\/wp-json\/wp\/v2\/posts"}],"about":[{"href":"https:\/\/www.manaus.am.gov.br\/semasc\/wp-json\/wp\/v2\/types\/post"}],"author":[{"embeddable":true,"href":"https:\/\/www.manaus.am.gov.br\/semasc\/wp-json\/wp\/v2\/users\/56"}],"replies":[{"embeddable":true,"href":"https:\/\/www.manaus.am.gov.br\/semasc\/wp-json\/wp\/v2\/comments?post=210834"}],"version-history":[{"count":1,"href":"https:\/\/www.manaus.am.gov.br\/semasc\/wp-json\/wp\/v2\/posts\/210834\/revisions"}],"predecessor-version":[{"id":210836,"href":"https:\/\/www.manaus.am.gov.br\/semasc\/wp-json\/wp\/v2\/posts\/210834\/revisions\/210836"}],"wp:featuredmedia":[{"embeddable":true,"href":"https:\/\/www.manaus.am.gov.br\/semasc\/wp-json\/wp\/v2\/media\/210835"}],"wp:attachment":[{"href":"https:\/\/www.manaus.am.gov.br\/semasc\/wp-json\/wp\/v2\/media?parent=210834"}],"wp:term":[{"taxonomy":"category","embeddable":true,"href":"https:\/\/www.manaus.am.gov.br\/semasc\/wp-json\/wp\/v2\/categories?post=210834"},{"taxonomy":"post_tag","embeddable":true,"href":"https:\/\/www.manaus.am.gov.br\/semasc\/wp-json\/wp\/v2\/tags?post=210834"}],"curies":[{"name":"wp","href":"https:\/\/api.w.org\/{rel}","templated":true}]}}