{"id":210831,"date":"2024-10-15T09:53:54","date_gmt":"2024-10-15T13:53:54","guid":{"rendered":"https:\/\/www.manaus.am.gov.br\/semasc\/?p=210831"},"modified":"2024-11-01T14:23:48","modified_gmt":"2024-11-01T18:23:48","slug":"prefeitura-de-manaus-assina-termo-de-compromisso-com-o-governo-federal-para-qualificar-acoes-voltadas-a-populacao-em-situacao-de-rua","status":"publish","type":"post","link":"https:\/\/www.manaus.am.gov.br\/semasc\/prefeitura-de-manaus-assina-termo-de-compromisso-com-o-governo-federal-para-qualificar-acoes-voltadas-a-populacao-em-situacao-de-rua\/","title":{"rendered":"Prefeitura de Manaus assina Termo de Compromisso com o governo federal para qualificar a\u00e7\u00f5es voltadas \u00e0 popula\u00e7\u00e3o em situa\u00e7\u00e3o de rua"},"content":{"rendered":"\n<p>Durante o segundo dia de atividades da 12\u00aa Reuni\u00e3o Ordin\u00e1ria do Comit\u00ea Intersetorial de Acompanhamento e Monitoramento da Pol\u00edtica Nacional para Popula\u00e7\u00e3o em Situa\u00e7\u00e3o de Rua (Ciamp-Rua), a Prefeitura de Manaus, por meio da Secretaria Municipal da Mulher, Assist\u00eancia Social e Cidadania (Semasc), realizou a assinatura de um Termo de Compromisso com o Minist\u00e9rio de Direitos e da Cidadania (MDHC) para a implementa\u00e7\u00e3o de princ\u00edpios e diretrizes do plano nacional de pol\u00edticas p\u00fablicas \u201cRuas Vis\u00edveis\u201d, voltado para o atendimento da popula\u00e7\u00e3o em situa\u00e7\u00e3o de rua, na capital amazonense.<\/p>\n\n\n\n<p>O documento foi assinado simbolicamente pela secret\u00e1ria da Semasc, Dermi Rayol, na ocasi\u00e3o representando o prefeito de Manaus, David Almeida, e pelo secret\u00e1rio nacional de Promo\u00e7\u00e3o e Defesa dos Direitos Humanos, Bruno Renato Teixeira, representando o governo federal.<\/p>\n\n\n\n<p>Para a secret\u00e1ria, a assinatura marca o avan\u00e7o e a sedimenta\u00e7\u00e3o dos trabalhos j\u00e1 desenvolvidos pelo poder executivo manauara na garantia de direitos de pessoas em situa\u00e7\u00e3o de rua no munic\u00edpio.<\/p>\n\n\n\n<p>\u201cQuando conversamos com o secret\u00e1rio Bruno sobre a assinatura e as determina\u00e7\u00f5es do Termo de Compromisso, constatamos que muitas das diretrizes j\u00e1 se encontram em execu\u00e7\u00e3o por parte da Prefeitura de Manaus. Isso destaca nosso esfor\u00e7o di\u00e1rio em oferecer solu\u00e7\u00f5es \u00e0s demandas da popula\u00e7\u00e3o e abre margem para uma amplia\u00e7\u00e3o desse trabalho com o apoio de nossos parceiros no governo federal\u201d,explicou.<\/p>\n\n\n\n<p>A ministra dos Direitos Humanos e da Cidadania, Maca\u00e9 Evaristo, participou do segundo dia de debates de forma virtual, destacando a import\u00e2ncia da participa\u00e7\u00e3o ativa de agentes do estado e da sociedade civil na elabora\u00e7\u00e3o e execu\u00e7\u00e3o de pol\u00edticas p\u00fablicas no pa\u00eds, tomando a cidade de Manaus como um exemplo positivo de intersetorialidade.<\/p>\n\n\n\n<p>\u201cEu acho muito importante n\u00f3s mantermos esse esp\u00edrito de uma gest\u00e3o participativa e de um compromisso firmado entre os diferentes entes da federa\u00e7\u00e3o. \u00c9 imposs\u00edvel que fa\u00e7amos uma pol\u00edtica sist\u00eamica, efetiva e de Estado se n\u00e3o a fizermos com a ag\u00eancia e as estruturas das prefeituras e governos dos estados\u201d, concluiu.<\/p>\n\n\n\n<p>Estima-se, com base em dados coletados pela gest\u00e3o municipal, que o munic\u00edpio de Manaus possua hoje 1,7 mil pessoas em situa\u00e7\u00e3o de rua. Historicamente afetada pela desigualdade social e ainda sentindo os impactos da pandemia de Covid-19, a capital amazonense atualmente d\u00e1 seguimento ao processo de elabora\u00e7\u00e3o, publica\u00e7\u00e3o e implementa\u00e7\u00e3o de um plano municipal voltado especificamente \u00e0s demandas da popula\u00e7\u00e3o de rua.<\/p>\n\n\n\n<p>Para o secret\u00e1rio nacional, Bruno Renato Teixeira, o compromisso firmado \u00e9 um avan\u00e7o para o munic\u00edpio e para o estado do Amazonas, significando uma celeridade no processo de concretiza\u00e7\u00e3o dessas pol\u00edticas.<\/p>\n\n\n\n<p>\u201cSabemos que os desafios s\u00e3o enormes, mas agora com esse conjunto de entendimentos firmado entre o munic\u00edpio e a Uni\u00e3o, teremos uma maior celeridade na implementa\u00e7\u00e3o de pol\u00edticas fundamentais, como o acesso \u00e0 sa\u00fade, educa\u00e7\u00e3o, seguran\u00e7a alimentar, documenta\u00e7\u00e3o civil e afins\u201d, ressaltou.<\/p>\n\n\n\n<p>\u2013 \u2013 \u2013<\/p>\n\n\n\n<p><strong>Texto: <\/strong>\u00a0Guilherme Pacheco \/ Semasc<\/p>\n\n\n\n<p><strong>Fotos: <\/strong>Diego Lima \/ Semasc<\/p>\n","protected":false},"excerpt":{"rendered":"","protected":false},"author":56,"featured_media":210832,"comment_status":"closed","ping_status":"closed","sticky":false,"template":"","format":"standard","meta":{"footnotes":""},"categories":[34],"tags":[797,7,18],"acf":[],"yoast_head":"<!-- This site is optimized with the Yoast SEO plugin v23.0 - https:\/\/yoast.com\/wordpress\/plugins\/seo\/ -->\n<title>Prefeitura de Manaus assina Termo de Compromisso com o governo federal para qualificar a\u00e7\u00f5es voltadas \u00e0 popula\u00e7\u00e3o em situa\u00e7\u00e3o de rua - SEMASC<\/title>\n<meta name=\"robots\" content=\"noindex, follow\" \/>\n<meta property=\"og:locale\" content=\"pt_BR\" \/>\n<meta property=\"og:type\" content=\"article\" \/>\n<meta property=\"og:title\" content=\"Prefeitura de Manaus assina Termo de Compromisso com o governo federal para qualificar a\u00e7\u00f5es voltadas \u00e0 popula\u00e7\u00e3o em situa\u00e7\u00e3o de rua - SEMASC\" \/>\n<meta property=\"og:url\" content=\"https:\/\/www.manaus.am.gov.br\/semasc\/prefeitura-de-manaus-assina-termo-de-compromisso-com-o-governo-federal-para-qualificar-acoes-voltadas-a-populacao-em-situacao-de-rua\/\" \/>\n<meta property=\"og:site_name\" content=\"SEMASC\" \/>\n<meta property=\"article:publisher\" content=\"https:\/\/www.facebook.com\/semascmanaus\" \/>\n<meta property=\"article:published_time\" content=\"2024-10-15T13:53:54+00:00\" \/>\n<meta property=\"article:modified_time\" content=\"2024-11-01T18:23:48+00:00\" \/>\n<meta property=\"og:image\" content=\"https:\/\/www.manaus.am.gov.br\/semasc\/wp-content\/uploads\/sites\/17\/2024\/10\/IMG_3239-1024x683.jpg\" \/>\n\t<meta property=\"og:image:width\" content=\"1024\" \/>\n\t<meta property=\"og:image:height\" content=\"683\" \/>\n\t<meta property=\"og:image:type\" content=\"image\/jpeg\" \/>\n<meta name=\"author\" content=\"leofierro\" \/>\n<meta name=\"twitter:card\" content=\"summary_large_image\" \/>\n<meta name=\"twitter:label1\" content=\"Written by\" \/>\n\t<meta name=\"twitter:data1\" content=\"leofierro\" \/>\n\t<meta name=\"twitter:label2\" content=\"Est. reading time\" \/>\n\t<meta name=\"twitter:data2\" content=\"3 minutos\" \/>\n<script type=\"application\/ld+json\" class=\"yoast-schema-graph\">{\"@context\":\"https:\/\/schema.org\",\"@graph\":[{\"@type\":\"Article\",\"@id\":\"https:\/\/www.manaus.am.gov.br\/semasc\/prefeitura-de-manaus-assina-termo-de-compromisso-com-o-governo-federal-para-qualificar-acoes-voltadas-a-populacao-em-situacao-de-rua\/#article\",\"isPartOf\":{\"@id\":\"https:\/\/www.manaus.am.gov.br\/semasc\/prefeitura-de-manaus-assina-termo-de-compromisso-com-o-governo-federal-para-qualificar-acoes-voltadas-a-populacao-em-situacao-de-rua\/\"},\"author\":{\"name\":\"leofierro\",\"@id\":\"https:\/\/www.manaus.am.gov.br\/semasc\/#\/schema\/person\/68c6a77f3dcf3f40a0d6e6ad5076718c\"},\"headline\":\"Prefeitura de Manaus assina Termo de Compromisso com o governo federal para qualificar a\u00e7\u00f5es voltadas \u00e0 popula\u00e7\u00e3o em situa\u00e7\u00e3o de rua\",\"datePublished\":\"2024-10-15T13:53:54+00:00\",\"dateModified\":\"2024-11-01T18:23:48+00:00\",\"mainEntityOfPage\":{\"@id\":\"https:\/\/www.manaus.am.gov.br\/semasc\/prefeitura-de-manaus-assina-termo-de-compromisso-com-o-governo-federal-para-qualificar-acoes-voltadas-a-populacao-em-situacao-de-rua\/\"},\"wordCount\":553,\"publisher\":{\"@id\":\"https:\/\/www.manaus.am.gov.br\/semasc\/#organization\"},\"image\":{\"@id\":\"https:\/\/www.manaus.am.gov.br\/semasc\/prefeitura-de-manaus-assina-termo-de-compromisso-com-o-governo-federal-para-qualificar-acoes-voltadas-a-populacao-em-situacao-de-rua\/#primaryimage\"},\"thumbnailUrl\":\"https:\/\/www.manaus.am.gov.br\/semasc\/wp-content\/uploads\/sites\/17\/2024\/10\/IMG_3239.jpg\",\"keywords\":[\"MDHC\",\"prefeitura de manaus\",\"Semasc\"],\"articleSection\":[\"Assist\u00eancia Social\"],\"inLanguage\":\"pt-BR\"},{\"@type\":\"WebPage\",\"@id\":\"https:\/\/www.manaus.am.gov.br\/semasc\/prefeitura-de-manaus-assina-termo-de-compromisso-com-o-governo-federal-para-qualificar-acoes-voltadas-a-populacao-em-situacao-de-rua\/\",\"url\":\"https:\/\/www.manaus.am.gov.br\/semasc\/prefeitura-de-manaus-assina-termo-de-compromisso-com-o-governo-federal-para-qualificar-acoes-voltadas-a-populacao-em-situacao-de-rua\/\",\"name\":\"Prefeitura de Manaus assina Termo de Compromisso com o governo federal para qualificar a\u00e7\u00f5es voltadas \u00e0 popula\u00e7\u00e3o em situa\u00e7\u00e3o de rua - SEMASC\",\"isPartOf\":{\"@id\":\"https:\/\/www.manaus.am.gov.br\/semasc\/#website\"},\"primaryImageOfPage\":{\"@id\":\"https:\/\/www.manaus.am.gov.br\/semasc\/prefeitura-de-manaus-assina-termo-de-compromisso-com-o-governo-federal-para-qualificar-acoes-voltadas-a-populacao-em-situacao-de-rua\/#primaryimage\"},\"image\":{\"@id\":\"https:\/\/www.manaus.am.gov.br\/semasc\/prefeitura-de-manaus-assina-termo-de-compromisso-com-o-governo-federal-para-qualificar-acoes-voltadas-a-populacao-em-situacao-de-rua\/#primaryimage\"},\"thumbnailUrl\":\"https:\/\/www.manaus.am.gov.br\/semasc\/wp-content\/uploads\/sites\/17\/2024\/10\/IMG_3239.jpg\",\"datePublished\":\"2024-10-15T13:53:54+00:00\",\"dateModified\":\"2024-11-01T18:23:48+00:00\",\"breadcrumb\":{\"@id\":\"https:\/\/www.manaus.am.gov.br\/semasc\/prefeitura-de-manaus-assina-termo-de-compromisso-com-o-governo-federal-para-qualificar-acoes-voltadas-a-populacao-em-situacao-de-rua\/#breadcrumb\"},\"inLanguage\":\"pt-BR\",\"potentialAction\":[{\"@type\":\"ReadAction\",\"target\":[\"https:\/\/www.manaus.am.gov.br\/semasc\/prefeitura-de-manaus-assina-termo-de-compromisso-com-o-governo-federal-para-qualificar-acoes-voltadas-a-populacao-em-situacao-de-rua\/\"]}]},{\"@type\":\"ImageObject\",\"inLanguage\":\"pt-BR\",\"@id\":\"https:\/\/www.manaus.am.gov.br\/semasc\/prefeitura-de-manaus-assina-termo-de-compromisso-com-o-governo-federal-para-qualificar-acoes-voltadas-a-populacao-em-situacao-de-rua\/#primaryimage\",\"url\":\"https:\/\/www.manaus.am.gov.br\/semasc\/wp-content\/uploads\/sites\/17\/2024\/10\/IMG_3239.jpg\",\"contentUrl\":\"https:\/\/www.manaus.am.gov.br\/semasc\/wp-content\/uploads\/sites\/17\/2024\/10\/IMG_3239.jpg\",\"width\":2592,\"height\":1728},{\"@type\":\"BreadcrumbList\",\"@id\":\"https:\/\/www.manaus.am.gov.br\/semasc\/prefeitura-de-manaus-assina-termo-de-compromisso-com-o-governo-federal-para-qualificar-acoes-voltadas-a-populacao-em-situacao-de-rua\/#breadcrumb\",\"itemListElement\":[{\"@type\":\"ListItem\",\"position\":1,\"name\":\"Home\",\"item\":\"https:\/\/www.manaus.am.gov.br\/semasc\/\"},{\"@type\":\"ListItem\",\"position\":2,\"name\":\"Prefeitura de Manaus assina Termo de Compromisso com o governo federal para qualificar a\u00e7\u00f5es voltadas \u00e0 popula\u00e7\u00e3o em situa\u00e7\u00e3o de rua\"}]},{\"@type\":\"WebSite\",\"@id\":\"https:\/\/www.manaus.am.gov.br\/semasc\/#website\",\"url\":\"https:\/\/www.manaus.am.gov.br\/semasc\/\",\"name\":\"SEMASC\",\"description\":\"Secretaria Municipal da Mulher, Assist\u00eancia Social e Cidadania.\",\"publisher\":{\"@id\":\"https:\/\/www.manaus.am.gov.br\/semasc\/#organization\"},\"alternateName\":\"Secretaria Municipal da Mulher, Assist\u00eancia Social e Cidadania\",\"potentialAction\":[{\"@type\":\"SearchAction\",\"target\":{\"@type\":\"EntryPoint\",\"urlTemplate\":\"https:\/\/www.manaus.am.gov.br\/semasc\/?s={search_term_string}\"},\"query-input\":\"required name=search_term_string\"}],\"inLanguage\":\"pt-BR\"},{\"@type\":\"Organization\",\"@id\":\"https:\/\/www.manaus.am.gov.br\/semasc\/#organization\",\"name\":\"Prefeitura de Manaus\",\"alternateName\":\"Prefeitura Municipal de Manaus\",\"url\":\"https:\/\/www.manaus.am.gov.br\/semasc\/\",\"logo\":{\"@type\":\"ImageObject\",\"inLanguage\":\"pt-BR\",\"@id\":\"https:\/\/www.manaus.am.gov.br\/semasc\/#\/schema\/logo\/image\/\",\"url\":\"https:\/\/www.manaus.am.gov.br\/semasc\/wp-content\/uploads\/sites\/17\/2024\/07\/favicon.png\",\"contentUrl\":\"https:\/\/www.manaus.am.gov.br\/semasc\/wp-content\/uploads\/sites\/17\/2024\/07\/favicon.png\",\"width\":300,\"height\":300,\"caption\":\"Prefeitura de Manaus\"},\"image\":{\"@id\":\"https:\/\/www.manaus.am.gov.br\/semasc\/#\/schema\/logo\/image\/\"},\"sameAs\":[\"https:\/\/www.facebook.com\/semascmanaus\",\"https:\/\/www.instagram.com\/semascmanaus\/\"]},{\"@type\":\"Person\",\"@id\":\"https:\/\/www.manaus.am.gov.br\/semasc\/#\/schema\/person\/68c6a77f3dcf3f40a0d6e6ad5076718c\",\"name\":\"leofierro\",\"image\":{\"@type\":\"ImageObject\",\"inLanguage\":\"pt-BR\",\"@id\":\"https:\/\/www.manaus.am.gov.br\/semasc\/#\/schema\/person\/image\/\",\"url\":\"https:\/\/secure.gravatar.com\/avatar\/30d8783eede7767036ae574037a3f2de?s=96&d=mm&r=g\",\"contentUrl\":\"https:\/\/secure.gravatar.com\/avatar\/30d8783eede7767036ae574037a3f2de?s=96&d=mm&r=g\",\"caption\":\"leofierro\"}}]}<\/script>\n<!-- \/ Yoast SEO plugin. -->","yoast_head_json":{"title":"Prefeitura de Manaus assina Termo de Compromisso com o governo federal para qualificar a\u00e7\u00f5es voltadas \u00e0 popula\u00e7\u00e3o em situa\u00e7\u00e3o de rua - SEMASC","robots":{"index":"noindex","follow":"follow"},"og_locale":"pt_BR","og_type":"article","og_title":"Prefeitura de Manaus assina Termo de Compromisso com o governo federal para qualificar a\u00e7\u00f5es voltadas \u00e0 popula\u00e7\u00e3o em situa\u00e7\u00e3o de rua - SEMASC","og_url":"https:\/\/www.manaus.am.gov.br\/semasc\/prefeitura-de-manaus-assina-termo-de-compromisso-com-o-governo-federal-para-qualificar-acoes-voltadas-a-populacao-em-situacao-de-rua\/","og_site_name":"SEMASC","article_publisher":"https:\/\/www.facebook.com\/semascmanaus","article_published_time":"2024-10-15T13:53:54+00:00","article_modified_time":"2024-11-01T18:23:48+00:00","og_image":[{"width":1024,"height":683,"url":"https:\/\/www.manaus.am.gov.br\/semasc\/wp-content\/uploads\/sites\/17\/2024\/10\/IMG_3239-1024x683.jpg","type":"image\/jpeg"}],"author":"leofierro","twitter_card":"summary_large_image","twitter_misc":{"Written by":"leofierro","Est. reading time":"3 minutos"},"schema":{"@context":"https:\/\/schema.org","@graph":[{"@type":"Article","@id":"https:\/\/www.manaus.am.gov.br\/semasc\/prefeitura-de-manaus-assina-termo-de-compromisso-com-o-governo-federal-para-qualificar-acoes-voltadas-a-populacao-em-situacao-de-rua\/#article","isPartOf":{"@id":"https:\/\/www.manaus.am.gov.br\/semasc\/prefeitura-de-manaus-assina-termo-de-compromisso-com-o-governo-federal-para-qualificar-acoes-voltadas-a-populacao-em-situacao-de-rua\/"},"author":{"name":"leofierro","@id":"https:\/\/www.manaus.am.gov.br\/semasc\/#\/schema\/person\/68c6a77f3dcf3f40a0d6e6ad5076718c"},"headline":"Prefeitura de Manaus assina Termo de Compromisso com o governo federal para qualificar a\u00e7\u00f5es voltadas \u00e0 popula\u00e7\u00e3o em situa\u00e7\u00e3o de rua","datePublished":"2024-10-15T13:53:54+00:00","dateModified":"2024-11-01T18:23:48+00:00","mainEntityOfPage":{"@id":"https:\/\/www.manaus.am.gov.br\/semasc\/prefeitura-de-manaus-assina-termo-de-compromisso-com-o-governo-federal-para-qualificar-acoes-voltadas-a-populacao-em-situacao-de-rua\/"},"wordCount":553,"publisher":{"@id":"https:\/\/www.manaus.am.gov.br\/semasc\/#organization"},"image":{"@id":"https:\/\/www.manaus.am.gov.br\/semasc\/prefeitura-de-manaus-assina-termo-de-compromisso-com-o-governo-federal-para-qualificar-acoes-voltadas-a-populacao-em-situacao-de-rua\/#primaryimage"},"thumbnailUrl":"https:\/\/www.manaus.am.gov.br\/semasc\/wp-content\/uploads\/sites\/17\/2024\/10\/IMG_3239.jpg","keywords":["MDHC","prefeitura de manaus","Semasc"],"articleSection":["Assist\u00eancia Social"],"inLanguage":"pt-BR"},{"@type":"WebPage","@id":"https:\/\/www.manaus.am.gov.br\/semasc\/prefeitura-de-manaus-assina-termo-de-compromisso-com-o-governo-federal-para-qualificar-acoes-voltadas-a-populacao-em-situacao-de-rua\/","url":"https:\/\/www.manaus.am.gov.br\/semasc\/prefeitura-de-manaus-assina-termo-de-compromisso-com-o-governo-federal-para-qualificar-acoes-voltadas-a-populacao-em-situacao-de-rua\/","name":"Prefeitura de Manaus assina Termo de Compromisso com o governo federal para qualificar a\u00e7\u00f5es voltadas \u00e0 popula\u00e7\u00e3o em situa\u00e7\u00e3o de rua - SEMASC","isPartOf":{"@id":"https:\/\/www.manaus.am.gov.br\/semasc\/#website"},"primaryImageOfPage":{"@id":"https:\/\/www.manaus.am.gov.br\/semasc\/prefeitura-de-manaus-assina-termo-de-compromisso-com-o-governo-federal-para-qualificar-acoes-voltadas-a-populacao-em-situacao-de-rua\/#primaryimage"},"image":{"@id":"https:\/\/www.manaus.am.gov.br\/semasc\/prefeitura-de-manaus-assina-termo-de-compromisso-com-o-governo-federal-para-qualificar-acoes-voltadas-a-populacao-em-situacao-de-rua\/#primaryimage"},"thumbnailUrl":"https:\/\/www.manaus.am.gov.br\/semasc\/wp-content\/uploads\/sites\/17\/2024\/10\/IMG_3239.jpg","datePublished":"2024-10-15T13:53:54+00:00","dateModified":"2024-11-01T18:23:48+00:00","breadcrumb":{"@id":"https:\/\/www.manaus.am.gov.br\/semasc\/prefeitura-de-manaus-assina-termo-de-compromisso-com-o-governo-federal-para-qualificar-acoes-voltadas-a-populacao-em-situacao-de-rua\/#breadcrumb"},"inLanguage":"pt-BR","potentialAction":[{"@type":"ReadAction","target":["https:\/\/www.manaus.am.gov.br\/semasc\/prefeitura-de-manaus-assina-termo-de-compromisso-com-o-governo-federal-para-qualificar-acoes-voltadas-a-populacao-em-situacao-de-rua\/"]}]},{"@type":"ImageObject","inLanguage":"pt-BR","@id":"https:\/\/www.manaus.am.gov.br\/semasc\/prefeitura-de-manaus-assina-termo-de-compromisso-com-o-governo-federal-para-qualificar-acoes-voltadas-a-populacao-em-situacao-de-rua\/#primaryimage","url":"https:\/\/www.manaus.am.gov.br\/semasc\/wp-content\/uploads\/sites\/17\/2024\/10\/IMG_3239.jpg","contentUrl":"https:\/\/www.manaus.am.gov.br\/semasc\/wp-content\/uploads\/sites\/17\/2024\/10\/IMG_3239.jpg","width":2592,"height":1728},{"@type":"BreadcrumbList","@id":"https:\/\/www.manaus.am.gov.br\/semasc\/prefeitura-de-manaus-assina-termo-de-compromisso-com-o-governo-federal-para-qualificar-acoes-voltadas-a-populacao-em-situacao-de-rua\/#breadcrumb","itemListElement":[{"@type":"ListItem","position":1,"name":"Home","item":"https:\/\/www.manaus.am.gov.br\/semasc\/"},{"@type":"ListItem","position":2,"name":"Prefeitura de Manaus assina Termo de Compromisso com o governo federal para qualificar a\u00e7\u00f5es voltadas \u00e0 popula\u00e7\u00e3o em situa\u00e7\u00e3o de rua"}]},{"@type":"WebSite","@id":"https:\/\/www.manaus.am.gov.br\/semasc\/#website","url":"https:\/\/www.manaus.am.gov.br\/semasc\/","name":"SEMASC","description":"Secretaria Municipal da Mulher, Assist\u00eancia Social e Cidadania.","publisher":{"@id":"https:\/\/www.manaus.am.gov.br\/semasc\/#organization"},"alternateName":"Secretaria Municipal da Mulher, Assist\u00eancia Social e Cidadania","potentialAction":[{"@type":"SearchAction","target":{"@type":"EntryPoint","urlTemplate":"https:\/\/www.manaus.am.gov.br\/semasc\/?s={search_term_string}"},"query-input":"required name=search_term_string"}],"inLanguage":"pt-BR"},{"@type":"Organization","@id":"https:\/\/www.manaus.am.gov.br\/semasc\/#organization","name":"Prefeitura de Manaus","alternateName":"Prefeitura Municipal de Manaus","url":"https:\/\/www.manaus.am.gov.br\/semasc\/","logo":{"@type":"ImageObject","inLanguage":"pt-BR","@id":"https:\/\/www.manaus.am.gov.br\/semasc\/#\/schema\/logo\/image\/","url":"https:\/\/www.manaus.am.gov.br\/semasc\/wp-content\/uploads\/sites\/17\/2024\/07\/favicon.png","contentUrl":"https:\/\/www.manaus.am.gov.br\/semasc\/wp-content\/uploads\/sites\/17\/2024\/07\/favicon.png","width":300,"height":300,"caption":"Prefeitura de Manaus"},"image":{"@id":"https:\/\/www.manaus.am.gov.br\/semasc\/#\/schema\/logo\/image\/"},"sameAs":["https:\/\/www.facebook.com\/semascmanaus","https:\/\/www.instagram.com\/semascmanaus\/"]},{"@type":"Person","@id":"https:\/\/www.manaus.am.gov.br\/semasc\/#\/schema\/person\/68c6a77f3dcf3f40a0d6e6ad5076718c","name":"leofierro","image":{"@type":"ImageObject","inLanguage":"pt-BR","@id":"https:\/\/www.manaus.am.gov.br\/semasc\/#\/schema\/person\/image\/","url":"https:\/\/secure.gravatar.com\/avatar\/30d8783eede7767036ae574037a3f2de?s=96&d=mm&r=g","contentUrl":"https:\/\/secure.gravatar.com\/avatar\/30d8783eede7767036ae574037a3f2de?s=96&d=mm&r=g","caption":"leofierro"}}]}},"_links":{"self":[{"href":"https:\/\/www.manaus.am.gov.br\/semasc\/wp-json\/wp\/v2\/posts\/210831"}],"collection":[{"href":"https:\/\/www.manaus.am.gov.br\/semasc\/wp-json\/wp\/v2\/posts"}],"about":[{"href":"https:\/\/www.manaus.am.gov.br\/semasc\/wp-json\/wp\/v2\/types\/post"}],"author":[{"embeddable":true,"href":"https:\/\/www.manaus.am.gov.br\/semasc\/wp-json\/wp\/v2\/users\/56"}],"replies":[{"embeddable":true,"href":"https:\/\/www.manaus.am.gov.br\/semasc\/wp-json\/wp\/v2\/comments?post=210831"}],"version-history":[{"count":1,"href":"https:\/\/www.manaus.am.gov.br\/semasc\/wp-json\/wp\/v2\/posts\/210831\/revisions"}],"predecessor-version":[{"id":210833,"href":"https:\/\/www.manaus.am.gov.br\/semasc\/wp-json\/wp\/v2\/posts\/210831\/revisions\/210833"}],"wp:featuredmedia":[{"embeddable":true,"href":"https:\/\/www.manaus.am.gov.br\/semasc\/wp-json\/wp\/v2\/media\/210832"}],"wp:attachment":[{"href":"https:\/\/www.manaus.am.gov.br\/semasc\/wp-json\/wp\/v2\/media?parent=210831"}],"wp:term":[{"taxonomy":"category","embeddable":true,"href":"https:\/\/www.manaus.am.gov.br\/semasc\/wp-json\/wp\/v2\/categories?post=210831"},{"taxonomy":"post_tag","embeddable":true,"href":"https:\/\/www.manaus.am.gov.br\/semasc\/wp-json\/wp\/v2\/tags?post=210831"}],"curies":[{"name":"wp","href":"https:\/\/api.w.org\/{rel}","templated":true}]}}